{"id":843,"date":"2022-02-19T16:41:57","date_gmt":"2022-02-19T16:41:57","guid":{"rendered":"https:\/\/www.imovelp.com.br\/blog\/?p=843"},"modified":"2023-10-31T19:54:02","modified_gmt":"2023-10-31T22:54:02","slug":"dados-e-curiosidades-do-bairro-vila-alice-santo-andre-sp","status":"publish","type":"post","link":"https:\/\/www.imovelp.com.br\/blog\/dados-e-curiosidades-do-bairro-vila-alice-santo-andre-sp\/","title":{"rendered":"Dados e curiosidades do Bairro Vila Alice &#8211; Santo Andr\u00e9\/SP"},"content":{"rendered":"\n<figure class=\"wp-block-image size-large\"><img decoding=\"async\" src=\"https:\/\/www.imovelp.com.br\/blog\/wp-content\/uploads\/2022\/02\/Captura-de-Tela-2022-02-19-a\u0300s-13.41.21-1024x547.png\" alt=\"\" class=\"wp-image-848\"\/><\/figure>\n\n\n\n<p>Pequeno e charmoso bairro localizado entre o Jardim Bela Vista, a Vila Bastos, a Vila Guiomar e a Vila Valparaiso, a Vila Alice se destaca pela posi\u00e7\u00e3o privilegiada, pelos muitos conjuntos de pequenos pr\u00e9dios de at\u00e9 3 andares e por possuir uma das mais tradicionais escolas de samba da cidade, a Mocidade Fant\u00e1stica de Vila Alice, oficialmente fundada em 1980, mas que j\u00e1 existia muito antes disso.<\/p>\n\n\n\n<p>Bairro pacato, predominantemente residencial, muito arborizado, com muitas pra\u00e7as e muitos moradores de longa data.<\/p>\n\n\n\n<p>A regi\u00e3o sofreu muitas melhorias entre o final da d\u00e9cada de 80 e o in\u00edcio da d\u00e9cada de 90, como a canaliza\u00e7\u00e3o do C\u00f3rrego do Cemit\u00e9rio e o asfaltamento das poucas ruas e travessas que ainda eram de terra batida.<\/p>\n\n\n\n<p>Bairro com um pequeno com\u00e9rcio local e duas feiras livres nas proximidades, \u00e9 bastante procurado por aqueles que querem morar com uma boa localiza\u00e7\u00e3o e a um custo mais acess\u00edvel do que os bairros mais nobres, como o bairro Jardim, por exemplo.<\/p>\n\n\n\n<div class=\"wp-block-columns alignwide is-layout-flex wp-container-4 wp-block-columns-is-layout-flex\">\n<div class=\"wp-block-column is-layout-flow wp-block-column-is-layout-flow\" style=\"flex-basis:100%\">\n<iframe loading=\"lazy\" src=\"https:\/\/imoveldoproprietario.com.br\/carrossel-blog\/todos\/todos\/sp\/santo-andre\/vila-alice\/de-0-a-0\/0\/0\/0\/0\/1\/0\/1\/todas\" title=\"description\" width=\"100%\" height=\"560\"><\/iframe>\n\n\n\n<div class=\"wp-block-columns alignwide is-layout-flex wp-container-2 wp-block-columns-is-layout-flex\">\n<div class=\"wp-block-column is-layout-flow wp-block-column-is-layout-flow\" style=\"flex-basis:100%\">\n<script async=\"\" src=\"https:\/\/pagead2.googlesyndication.com\/pagead\/js\/adsbygoogle.js?client=ca-pub-7076656487617186\" crossorigin=\"anonymous\"><\/script>\n<!-- 600x50 footer das postagens do blog -->\n<ins class=\"adsbygoogle\" style=\"display:inline-block;width:600px;height:50px\" data-ad-client=\"ca-pub-7076656487617186\" data-ad-slot=\"8803560819\"><\/ins>\n<script>\n     (adsbygoogle = window.adsbygoogle || []).push({});\n<\/script>\n<\/div>\n<\/div>\n<\/div>\n<\/div>\n\n\n\n<p><\/p>\n","protected":false},"excerpt":{"rendered":"<p>Pequeno e charmoso bairro localizado entre o Jardim Bela Vista, a Vila Bastos, a Vila Guiomar e a Vila Valparaiso, a Vila Alice se destaca pela posi\u00e7\u00e3o privilegiada, pelos muitos&hellip; <\/p>\n","protected":false},"author":2,"featured_media":0,"comment_status":"open","ping_status":"open","sticky":false,"template":"","format":"standard","meta":{"footnotes":""},"categories":[8],"tags":[],"yoast_head":"<!-- This site is optimized with the Yoast SEO plugin v21.5 - https:\/\/yoast.com\/wordpress\/plugins\/seo\/ -->\n<title>Dados e curiosidades do Bairro Vila Alice - Santo Andr\u00e9\/SP - Jornal Im\u00f3velp<\/title>\n<meta name=\"robots\" content=\"index, follow, max-snippet:-1, max-image-preview:large, max-video-preview:-1\" \/>\n<link rel=\"canonical\" href=\"https:\/\/www.imovelp.com.br\/blog\/dados-e-curiosidades-do-bairro-vila-alice-santo-andre-sp\/\" \/>\n<meta property=\"og:locale\" content=\"en_US\" \/>\n<meta property=\"og:type\" content=\"article\" \/>\n<meta property=\"og:title\" content=\"Dados e curiosidades do Bairro Vila Alice - Santo Andr\u00e9\/SP - Jornal Im\u00f3velp\" \/>\n<meta property=\"og:description\" content=\"Pequeno e charmoso bairro localizado entre o Jardim Bela Vista, a Vila Bastos, a Vila Guiomar e a Vila Valparaiso, a Vila Alice se destaca pela posi\u00e7\u00e3o privilegiada, pelos muitos&hellip;\" \/>\n<meta property=\"og:url\" content=\"https:\/\/www.imovelp.com.br\/blog\/dados-e-curiosidades-do-bairro-vila-alice-santo-andre-sp\/\" \/>\n<meta property=\"og:site_name\" content=\"Jornal Im\u00f3velp\" \/>\n<meta property=\"article:published_time\" content=\"2022-02-19T16:41:57+00:00\" \/>\n<meta property=\"article:modified_time\" content=\"2023-10-31T22:54:02+00:00\" \/>\n<meta name=\"author\" content=\"Marcos Monteiro\" \/>\n<meta name=\"twitter:card\" content=\"summary_large_image\" \/>\n<meta name=\"twitter:label1\" content=\"Written by\" \/>\n\t<meta name=\"twitter:data1\" content=\"Marcos Monteiro\" \/>\n\t<meta name=\"twitter:label2\" content=\"Est. reading time\" \/>\n\t<meta name=\"twitter:data2\" content=\"1 minute\" \/>\n<script type=\"application\/ld+json\" class=\"yoast-schema-graph\">{\"@context\":\"https:\/\/schema.org\",\"@graph\":[{\"@type\":\"WebPage\",\"@id\":\"https:\/\/www.imovelp.com.br\/blog\/dados-e-curiosidades-do-bairro-vila-alice-santo-andre-sp\/\",\"url\":\"https:\/\/www.imovelp.com.br\/blog\/dados-e-curiosidades-do-bairro-vila-alice-santo-andre-sp\/\",\"name\":\"Dados e curiosidades do Bairro Vila Alice - Santo Andr\u00e9\/SP - Jornal Im\u00f3velp\",\"isPartOf\":{\"@id\":\"https:\/\/www.imovelp.com.br\/blog\/#website\"},\"datePublished\":\"2022-02-19T16:41:57+00:00\",\"dateModified\":\"2023-10-31T22:54:02+00:00\",\"author\":{\"@id\":\"https:\/\/www.imovelp.com.br\/blog\/#\/schema\/person\/8fb1cc29840aba4154ec6a52e70be40a\"},\"breadcrumb\":{\"@id\":\"https:\/\/www.imovelp.com.br\/blog\/dados-e-curiosidades-do-bairro-vila-alice-santo-andre-sp\/#breadcrumb\"},\"inLanguage\":\"en-US\",\"potentialAction\":[{\"@type\":\"ReadAction\",\"target\":[\"https:\/\/www.imovelp.com.br\/blog\/dados-e-curiosidades-do-bairro-vila-alice-santo-andre-sp\/\"]}]},{\"@type\":\"BreadcrumbList\",\"@id\":\"https:\/\/www.imovelp.com.br\/blog\/dados-e-curiosidades-do-bairro-vila-alice-santo-andre-sp\/#breadcrumb\",\"itemListElement\":[{\"@type\":\"ListItem\",\"position\":1,\"name\":\"Home\",\"item\":\"https:\/\/www.imovelp.com.br\/blog\/\"},{\"@type\":\"ListItem\",\"position\":2,\"name\":\"Dados e curiosidades do Bairro Vila Alice &#8211; Santo Andr\u00e9\/SP\"}]},{\"@type\":\"WebSite\",\"@id\":\"https:\/\/www.imovelp.com.br\/blog\/#website\",\"url\":\"https:\/\/www.imovelp.com.br\/blog\/\",\"name\":\"Jornal Im\u00f3velp\",\"description\":\"Portal de Not\u00edcias do Corretor de Im\u00f3veis\",\"potentialAction\":[{\"@type\":\"SearchAction\",\"target\":{\"@type\":\"EntryPoint\",\"urlTemplate\":\"https:\/\/www.imovelp.com.br\/blog\/?s={search_term_string}\"},\"query-input\":\"required name=search_term_string\"}],\"inLanguage\":\"en-US\"},{\"@type\":\"Person\",\"@id\":\"https:\/\/www.imovelp.com.br\/blog\/#\/schema\/person\/8fb1cc29840aba4154ec6a52e70be40a\",\"name\":\"Marcos Monteiro\",\"image\":{\"@type\":\"ImageObject\",\"inLanguage\":\"en-US\",\"@id\":\"https:\/\/www.imovelp.com.br\/blog\/#\/schema\/person\/image\/\",\"url\":\"https:\/\/secure.gravatar.com\/avatar\/da25bf23c2e75965766176dcd3fc7564?s=96&d=mm&r=g\",\"contentUrl\":\"https:\/\/secure.gravatar.com\/avatar\/da25bf23c2e75965766176dcd3fc7564?s=96&d=mm&r=g\",\"caption\":\"Marcos Monteiro\"},\"url\":\"https:\/\/www.imovelp.com.br\/blog\/author\/redacao-imovelp\/\"}]}<\/script>\n<!-- \/ Yoast SEO plugin. -->","yoast_head_json":{"title":"Dados e curiosidades do Bairro Vila Alice - Santo Andr\u00e9\/SP - Jornal Im\u00f3velp","robots":{"index":"index","follow":"follow","max-snippet":"max-snippet:-1","max-image-preview":"max-image-preview:large","max-video-preview":"max-video-preview:-1"},"canonical":"https:\/\/www.imovelp.com.br\/blog\/dados-e-curiosidades-do-bairro-vila-alice-santo-andre-sp\/","og_locale":"en_US","og_type":"article","og_title":"Dados e curiosidades do Bairro Vila Alice - Santo Andr\u00e9\/SP - Jornal Im\u00f3velp","og_description":"Pequeno e charmoso bairro localizado entre o Jardim Bela Vista, a Vila Bastos, a Vila Guiomar e a Vila Valparaiso, a Vila Alice se destaca pela posi\u00e7\u00e3o privilegiada, pelos muitos&hellip;","og_url":"https:\/\/www.imovelp.com.br\/blog\/dados-e-curiosidades-do-bairro-vila-alice-santo-andre-sp\/","og_site_name":"Jornal Im\u00f3velp","article_published_time":"2022-02-19T16:41:57+00:00","article_modified_time":"2023-10-31T22:54:02+00:00","author":"Marcos Monteiro","twitter_card":"summary_large_image","twitter_misc":{"Written by":"Marcos Monteiro","Est. reading time":"1 minute"},"schema":{"@context":"https:\/\/schema.org","@graph":[{"@type":"WebPage","@id":"https:\/\/www.imovelp.com.br\/blog\/dados-e-curiosidades-do-bairro-vila-alice-santo-andre-sp\/","url":"https:\/\/www.imovelp.com.br\/blog\/dados-e-curiosidades-do-bairro-vila-alice-santo-andre-sp\/","name":"Dados e curiosidades do Bairro Vila Alice - Santo Andr\u00e9\/SP - Jornal Im\u00f3velp","isPartOf":{"@id":"https:\/\/www.imovelp.com.br\/blog\/#website"},"datePublished":"2022-02-19T16:41:57+00:00","dateModified":"2023-10-31T22:54:02+00:00","author":{"@id":"https:\/\/www.imovelp.com.br\/blog\/#\/schema\/person\/8fb1cc29840aba4154ec6a52e70be40a"},"breadcrumb":{"@id":"https:\/\/www.imovelp.com.br\/blog\/dados-e-curiosidades-do-bairro-vila-alice-santo-andre-sp\/#breadcrumb"},"inLanguage":"en-US","potentialAction":[{"@type":"ReadAction","target":["https:\/\/www.imovelp.com.br\/blog\/dados-e-curiosidades-do-bairro-vila-alice-santo-andre-sp\/"]}]},{"@type":"BreadcrumbList","@id":"https:\/\/www.imovelp.com.br\/blog\/dados-e-curiosidades-do-bairro-vila-alice-santo-andre-sp\/#breadcrumb","itemListElement":[{"@type":"ListItem","position":1,"name":"Home","item":"https:\/\/www.imovelp.com.br\/blog\/"},{"@type":"ListItem","position":2,"name":"Dados e curiosidades do Bairro Vila Alice &#8211; Santo Andr\u00e9\/SP"}]},{"@type":"WebSite","@id":"https:\/\/www.imovelp.com.br\/blog\/#website","url":"https:\/\/www.imovelp.com.br\/blog\/","name":"Jornal Im\u00f3velp","description":"Portal de Not\u00edcias do Corretor de Im\u00f3veis","potentialAction":[{"@type":"SearchAction","target":{"@type":"EntryPoint","urlTemplate":"https:\/\/www.imovelp.com.br\/blog\/?s={search_term_string}"},"query-input":"required name=search_term_string"}],"inLanguage":"en-US"},{"@type":"Person","@id":"https:\/\/www.imovelp.com.br\/blog\/#\/schema\/person\/8fb1cc29840aba4154ec6a52e70be40a","name":"Marcos Monteiro","image":{"@type":"ImageObject","inLanguage":"en-US","@id":"https:\/\/www.imovelp.com.br\/blog\/#\/schema\/person\/image\/","url":"https:\/\/secure.gravatar.com\/avatar\/da25bf23c2e75965766176dcd3fc7564?s=96&d=mm&r=g","contentUrl":"https:\/\/secure.gravatar.com\/avatar\/da25bf23c2e75965766176dcd3fc7564?s=96&d=mm&r=g","caption":"Marcos Monteiro"},"url":"https:\/\/www.imovelp.com.br\/blog\/author\/redacao-imovelp\/"}]}},"_links":{"self":[{"href":"https:\/\/www.imovelp.com.br\/blog\/wp-json\/wp\/v2\/posts\/843"}],"collection":[{"href":"https:\/\/www.imovelp.com.br\/blog\/wp-json\/wp\/v2\/posts"}],"about":[{"href":"https:\/\/www.imovelp.com.br\/blog\/wp-json\/wp\/v2\/types\/post"}],"author":[{"embeddable":true,"href":"https:\/\/www.imovelp.com.br\/blog\/wp-json\/wp\/v2\/users\/2"}],"replies":[{"embeddable":true,"href":"https:\/\/www.imovelp.com.br\/blog\/wp-json\/wp\/v2\/comments?post=843"}],"version-history":[{"count":15,"href":"https:\/\/www.imovelp.com.br\/blog\/wp-json\/wp\/v2\/posts\/843\/revisions"}],"predecessor-version":[{"id":1614,"href":"https:\/\/www.imovelp.com.br\/blog\/wp-json\/wp\/v2\/posts\/843\/revisions\/1614"}],"wp:attachment":[{"href":"https:\/\/www.imovelp.com.br\/blog\/wp-json\/wp\/v2\/media?parent=843"}],"wp:term":[{"taxonomy":"category","embeddable":true,"href":"https:\/\/www.imovelp.com.br\/blog\/wp-json\/wp\/v2\/categories?post=843"},{"taxonomy":"post_tag","embeddable":true,"href":"https:\/\/www.imovelp.com.br\/blog\/wp-json\/wp\/v2\/tags?post=843"}],"curies":[{"name":"wp","href":"https:\/\/api.w.org\/{rel}","templated":true}]}}