{"id":789,"date":"2022-01-23T23:17:33","date_gmt":"2022-01-23T23:17:33","guid":{"rendered":"https:\/\/www.imovelp.com.br\/blog\/?p=789"},"modified":"2022-07-19T23:59:07","modified_gmt":"2022-07-19T23:59:07","slug":"etapas-para-vender-seu-imovel-mais-rapido","status":"publish","type":"post","link":"https:\/\/www.imovelp.com.br\/blog\/etapas-para-vender-seu-imovel-mais-rapido\/","title":{"rendered":"Etapas para vender seu im\u00f3vel mais r\u00e1pido"},"content":{"rendered":"<div class=\"style-268 style-local-789-c1 position-relative\" data-colibri-id=\"789-c1\">\n<div id=\"initial-content\" class=\"h-section h-section-global-spacing d-flex align-items-lg-center align-items-md-center align-items-center style-269 style-local-789-c2 position-relative\" data-colibri-component=\"section\" data-colibri-id=\"789-c2\">\n<div class=\"h-section-grid-container h-section-boxed-container\">\n<div class=\"h-row-container gutters-row-lg-2 gutters-row-md-2 gutters-row-0 gutters-row-v-lg-2 gutters-row-v-md-2 gutters-row-v-2 style-270 style-local-789-c3 position-relative\" data-colibri-id=\"789-c3\">\n<div class=\"h-row justify-content-lg-center justify-content-md-center justify-content-center align-items-lg-stretch align-items-md-stretch align-items-stretch gutters-col-lg-2 gutters-col-md-2 gutters-col-0 gutters-col-v-lg-2 gutters-col-v-md-2 gutters-col-v-2\">\n<div class=\"h-column h-column-container d-flex h-col-lg-auto h-col-md-auto h-col-auto style-271-outer style-local-789-c4-outer\">\n<div class=\"d-flex h-flex-basis h-column__inner h-px-lg-2 h-px-md-2 h-px-2 v-inner-lg-2 v-inner-md-2 v-inner-2 style-271 style-local-789-c4 position-relative\" data-colibri-id=\"789-c4\">\n<div class=\"w-100 h-y-container h-column__content h-column__v-align flex-basis-100 align-self-lg-start align-self-md-start align-self-start\">\n<div class=\"style-272 style-local-789-c5 position-relative h-element\" data-colibri-id=\"789-c5\">\n<div>&nbsp;<\/div>\n<\/div>\n<\/div>\n<\/div>\n<\/div>\n<\/div>\n<\/div>\n<\/div>\n<\/div>\n<\/div>\n\n\n<p><strong>Avalia\u00e7\u00e3o:<\/strong> Procure anunciar no pre\u00e7o justo, de mercado. Uma das causas na demora na venda \u00e9 o pre\u00e7o acima do mercado. (pesquisas apontam at\u00e9 16 meses em m\u00e9dia). Se for <a href=\"https:\/\/www.chavesnamao.com.br\/apartamentos-a-venda\/sp-sao-paulo\/\" target=\"_blank\" rel=\"noreferrer noopener\">apartamento<\/a> h\u00e1 formas mais f\u00e1ceis de comparar,                       verifique os \u00faltimos valores de unidades vendidas no mesmo condom\u00ednio, e atuais an\u00fancios.&nbsp;<\/p>\n\n\n\n<p>Uma dica \u00e9 entrar em um site de apartamentos por exemplo em S\u00e3o Paulo que a regi\u00e3o que voc\u00ea tem o seu im\u00f3vel, fa\u00e7a uma lista de tudo que o seu im\u00f3vel  possui e das coisas que \u00e9 importante para quem vai comprar, fa\u00e7a uma busca no site e compare os valores do aluguel, a diferen\u00e7a de uma bairro para outro, o custo do IPTU e se tem tudo que voc\u00ea colocou na sua lista, assim voc\u00ea consegue avaliar melhor e colocar um pre\u00e7o justo no seu im\u00f3vel e valorizar o que ele tem.<\/p>\n\n\n\n<p>Se for outros tipos de im\u00f3veis procure encontrar informa\u00e7\u00f5es de venda de im\u00f3veis similares na mesma regi\u00e3o e consulte alguns corretores especialistas.<\/p>\n\n\n\n<p><strong>Prepara\u00e7\u00e3o:<\/strong> A primeira impress\u00e3o \u00e9 tudo!&nbsp; Preparar seu im\u00f3vel \u00e9 fundamental para uma venda mais r\u00e1pida e efetiva.<\/p>\n\n\n\n<ol><li><em>Documenta\u00e7\u00e3o. <\/em>Antes de mais nada saber se seu im\u00f3vel est\u00e1 com a documenta\u00e7\u00e3o apta para venda \u00e9 fundamental. S\u00e3o certid\u00f5es relacionadas ao im\u00f3vel e aos propriet\u00e1rios. Verifique sua matr\u00edcula e a lista de certid\u00f5es. Voc\u00ea encontra\n                        essa lista ou o servi\u00e7o de \u201cSelo Im\u00f3vel Legal\u201d no Im\u00f3velP:\n                        <a href=\"https:\/\/www.imovelp.com.br\/analise-documental\" target=\"_blank\" rel=\"noreferrer noopener\">https:\/\/www.imovelp.com.br\/analise-documental&nbsp;&nbsp;&nbsp;&nbsp;<\/a>\n                      <\/li><li><em>Estrutura do im\u00f3vel<\/em>. Fa\u00e7a uma revis\u00e3o em pintura, hidr\u00e1ulica, caixilharia&nbsp; e ilumina\u00e7\u00e3o. Invista um pouco em melhorar aspectos de poss\u00edveis infiltra\u00e7\u00f5es, rachaduras e pinturas velhas. D\u00ea vida ao seu im\u00f3vel.&nbsp;<\/li><li><em>Estrutura de embienta\u00e7\u00e3o.<\/em> Hoje h\u00e1 recursos de profissionais em home staging que s\u00e3o especialistas em decora\u00e7\u00e3o e arquitetura. Eles ajudam desde uma ambienta\u00e7\u00e3o com mob\u00edlias existentes, at\u00e9 a cria\u00e7\u00e3o de cen\u00e1rios de mob\u00edlia\n                        ilustrativa para im\u00f3veis desocupados.<\/li><li><em>Fotografia e v\u00eddeo.<\/em> Mais de 85% das vendas imobili\u00e1rias come\u00e7am pela busca na web! Preparado o im\u00f3vel, uma foto profissional e um v\u00eddeo s\u00e3o fundamentais para voc\u00ea destacar seu produto no mercado. Voc\u00ea pode chamar alguma\n                        imobili\u00e1ria de bairro ou de alguma grande plataforma para fazer isso, normalmente \u00e9 um servi\u00e7o gratuito, contudo a foto ser\u00e1 utilizada com marca d&#8217;\u00e1gua de quem a produziu. Voc\u00ea pode agora ter sua pr\u00f3pria foto &amp; v\u00eddeo. Contrate\n                        o servi\u00e7o do Im\u00f3velP de foto &amp; v\u00eddeo, esse material \u00e9 sem marca d&#8217;\u00e1gua e lhe permite distribuir para quem quiser.&nbsp;\n                        <a href=\"https:\/\/www.imovelp.com.br\/fotos-profissionais\" target=\"_blank\" rel=\"noreferrer noopener\">https:\/\/www.imovelp.com.br\/fotos-profissionais &nbsp; &nbsp; <\/a>&nbsp;&nbsp;&nbsp;&nbsp;&nbsp;&nbsp;<\/li><\/ol>\n\n\n\n<div class=\"wp-block-image\"><figure class=\"aligncenter size-large is-resized\"><img decoding=\"async\" loading=\"lazy\" src=\"https:\/\/www.imovelp.com.br\/blog\/wp-content\/uploads\/2022\/01\/image.png\" alt=\"\" class=\"wp-image-790\" width=\"355\" height=\"216\"\/><\/figure><\/div>\n\n\n\n<p><strong>Distribui\u00e7\u00e3o:<\/strong> At\u00e9 agora voc\u00ea definiu o pre\u00e7o, verificou a documenta\u00e7\u00e3o, arrumou a estrutura do im\u00f3vel, caprichou na arruma\u00e7\u00e3o e parte decorativa, fez fotos e v\u00eddeos profissionais que est\u00e3o em suas m\u00e3os.&nbsp;<\/p>\n\n\n\n<p>Hora de montar a estrat\u00e9gia de distribui\u00e7\u00e3o. Voc\u00ea tem um produto e quer vender. Ent\u00e3o quanto mais vitrines seu produto estiver, melhor!<\/p>\n\n\n\n<p>Voc\u00ea pode buscar indica\u00e7\u00f5es de plataformas digitais, imobili\u00e1rias e corretores entre amigos e vizinhos, fazer uma lista e entrar em contato um a um. Voc\u00ea tamb\u00e9m pode usufruir o servi\u00e7o gratuito de distribui\u00e7\u00e3o no Im\u00f3velP. S\u00e3o as maiores\n                      imobili\u00e1rias digitais, classificados online e corretores e imobili\u00e1rias especializadas. Ali voc\u00ea pode cadastrar uma \u00fanica vez seu im\u00f3vel, definir sua estrat\u00e9gia de distribui\u00e7\u00e3o e para onde deseja encaminhar seu im\u00f3vel e esperar o\n                      contato daqueles que lhe ajudar\u00e3o:\n                      <a href=\"https:\/\/www.imovelp.com.br\/\" target=\"_blank\" rel=\"noreferrer noopener\">https:\/\/www.imovelp.com.br\/<\/a>\n                    <\/p>\n\n\n\n<p>O Im\u00f3velP atua no Brasil todo e j\u00e1 divulga mais de 45.000 im\u00f3veis, com mais de 11.000 corretores cadastrados. \u00c9 a plataforma que ajuda propriet\u00e1rios a preparar e a encurtar o tempo de comercializa\u00e7\u00e3o de seus im\u00f3veis e ajuda os corretores\n                      a captar im\u00f3veis de forma descomplicada. &nbsp;\u00c9 corretor? Conhe\u00e7a a maior e melhor plataforma de capta\u00e7\u00e3o online do Brasil:\n                      <a href=\"https:\/\/www.imovelp.com.br\/planos-para-corretores\" target=\"_blank\" rel=\"noreferrer noopener\">https:\/\/www.imovelp.com.br\/planos-para-corretores <\/a>\n                    <\/p>\n\n\n\n<p><\/p>\n\n\n\n<p>: &nbsp;<\/p>\n","protected":false},"excerpt":{"rendered":"<p>&nbsp; Avalia\u00e7\u00e3o: Procure anunciar no pre\u00e7o justo, de mercado. Uma das causas na demora na venda \u00e9 o pre\u00e7o acima do mercado. (pesquisas apontam at\u00e9 16 meses em m\u00e9dia). Se&hellip; <\/p>\n","protected":false},"author":2,"featured_media":0,"comment_status":"open","ping_status":"open","sticky":false,"template":"","format":"standard","meta":{"footnotes":""},"categories":[],"tags":[],"yoast_head":"<!-- This site is optimized with the Yoast SEO plugin v21.5 - https:\/\/yoast.com\/wordpress\/plugins\/seo\/ -->\n<title>Etapas para vender seu im\u00f3vel mais r\u00e1pido - Jornal Im\u00f3velp<\/title>\n<meta name=\"robots\" content=\"index, follow, max-snippet:-1, max-image-preview:large, max-video-preview:-1\" \/>\n<link rel=\"canonical\" href=\"https:\/\/www.imovelp.com.br\/blog\/etapas-para-vender-seu-imovel-mais-rapido\/\" \/>\n<meta property=\"og:locale\" content=\"en_US\" \/>\n<meta property=\"og:type\" content=\"article\" \/>\n<meta property=\"og:title\" content=\"Etapas para vender seu im\u00f3vel mais r\u00e1pido - Jornal Im\u00f3velp\" \/>\n<meta property=\"og:description\" content=\"&nbsp; Avalia\u00e7\u00e3o: Procure anunciar no pre\u00e7o justo, de mercado. Uma das causas na demora na venda \u00e9 o pre\u00e7o acima do mercado. (pesquisas apontam at\u00e9 16 meses em m\u00e9dia). Se&hellip;\" \/>\n<meta property=\"og:url\" content=\"https:\/\/www.imovelp.com.br\/blog\/etapas-para-vender-seu-imovel-mais-rapido\/\" \/>\n<meta property=\"og:site_name\" content=\"Jornal Im\u00f3velp\" \/>\n<meta property=\"article:published_time\" content=\"2022-01-23T23:17:33+00:00\" \/>\n<meta property=\"article:modified_time\" content=\"2022-07-19T23:59:07+00:00\" \/>\n<meta property=\"og:image\" content=\"https:\/\/www.imovelp.com.br\/blog\/wp-content\/uploads\/2022\/01\/image.png\" \/>\n<meta name=\"author\" content=\"Marcos Monteiro\" \/>\n<meta name=\"twitter:card\" content=\"summary_large_image\" \/>\n<meta name=\"twitter:label1\" content=\"Written by\" \/>\n\t<meta name=\"twitter:data1\" content=\"Marcos Monteiro\" \/>\n\t<meta name=\"twitter:label2\" content=\"Est. reading time\" \/>\n\t<meta name=\"twitter:data2\" content=\"4 minutes\" \/>\n<script type=\"application\/ld+json\" class=\"yoast-schema-graph\">{\"@context\":\"https:\/\/schema.org\",\"@graph\":[{\"@type\":\"WebPage\",\"@id\":\"https:\/\/www.imovelp.com.br\/blog\/etapas-para-vender-seu-imovel-mais-rapido\/\",\"url\":\"https:\/\/www.imovelp.com.br\/blog\/etapas-para-vender-seu-imovel-mais-rapido\/\",\"name\":\"Etapas para vender seu im\u00f3vel mais r\u00e1pido - Jornal Im\u00f3velp\",\"isPartOf\":{\"@id\":\"https:\/\/www.imovelp.com.br\/blog\/#website\"},\"datePublished\":\"2022-01-23T23:17:33+00:00\",\"dateModified\":\"2022-07-19T23:59:07+00:00\",\"author\":{\"@id\":\"https:\/\/www.imovelp.com.br\/blog\/#\/schema\/person\/8fb1cc29840aba4154ec6a52e70be40a\"},\"breadcrumb\":{\"@id\":\"https:\/\/www.imovelp.com.br\/blog\/etapas-para-vender-seu-imovel-mais-rapido\/#breadcrumb\"},\"inLanguage\":\"en-US\",\"potentialAction\":[{\"@type\":\"ReadAction\",\"target\":[\"https:\/\/www.imovelp.com.br\/blog\/etapas-para-vender-seu-imovel-mais-rapido\/\"]}]},{\"@type\":\"BreadcrumbList\",\"@id\":\"https:\/\/www.imovelp.com.br\/blog\/etapas-para-vender-seu-imovel-mais-rapido\/#breadcrumb\",\"itemListElement\":[{\"@type\":\"ListItem\",\"position\":1,\"name\":\"Home\",\"item\":\"https:\/\/www.imovelp.com.br\/blog\/\"},{\"@type\":\"ListItem\",\"position\":2,\"name\":\"Etapas para vender seu im\u00f3vel mais r\u00e1pido\"}]},{\"@type\":\"WebSite\",\"@id\":\"https:\/\/www.imovelp.com.br\/blog\/#website\",\"url\":\"https:\/\/www.imovelp.com.br\/blog\/\",\"name\":\"Jornal Im\u00f3velp\",\"description\":\"Portal de Not\u00edcias do Corretor de Im\u00f3veis\",\"potentialAction\":[{\"@type\":\"SearchAction\",\"target\":{\"@type\":\"EntryPoint\",\"urlTemplate\":\"https:\/\/www.imovelp.com.br\/blog\/?s={search_term_string}\"},\"query-input\":\"required name=search_term_string\"}],\"inLanguage\":\"en-US\"},{\"@type\":\"Person\",\"@id\":\"https:\/\/www.imovelp.com.br\/blog\/#\/schema\/person\/8fb1cc29840aba4154ec6a52e70be40a\",\"name\":\"Marcos Monteiro\",\"image\":{\"@type\":\"ImageObject\",\"inLanguage\":\"en-US\",\"@id\":\"https:\/\/www.imovelp.com.br\/blog\/#\/schema\/person\/image\/\",\"url\":\"https:\/\/secure.gravatar.com\/avatar\/da25bf23c2e75965766176dcd3fc7564?s=96&d=mm&r=g\",\"contentUrl\":\"https:\/\/secure.gravatar.com\/avatar\/da25bf23c2e75965766176dcd3fc7564?s=96&d=mm&r=g\",\"caption\":\"Marcos Monteiro\"},\"url\":\"https:\/\/www.imovelp.com.br\/blog\/author\/redacao-imovelp\/\"}]}<\/script>\n<!-- \/ Yoast SEO plugin. -->","yoast_head_json":{"title":"Etapas para vender seu im\u00f3vel mais r\u00e1pido - Jornal Im\u00f3velp","robots":{"index":"index","follow":"follow","max-snippet":"max-snippet:-1","max-image-preview":"max-image-preview:large","max-video-preview":"max-video-preview:-1"},"canonical":"https:\/\/www.imovelp.com.br\/blog\/etapas-para-vender-seu-imovel-mais-rapido\/","og_locale":"en_US","og_type":"article","og_title":"Etapas para vender seu im\u00f3vel mais r\u00e1pido - Jornal Im\u00f3velp","og_description":"&nbsp; Avalia\u00e7\u00e3o: Procure anunciar no pre\u00e7o justo, de mercado. Uma das causas na demora na venda \u00e9 o pre\u00e7o acima do mercado. (pesquisas apontam at\u00e9 16 meses em m\u00e9dia). Se&hellip;","og_url":"https:\/\/www.imovelp.com.br\/blog\/etapas-para-vender-seu-imovel-mais-rapido\/","og_site_name":"Jornal Im\u00f3velp","article_published_time":"2022-01-23T23:17:33+00:00","article_modified_time":"2022-07-19T23:59:07+00:00","og_image":[{"url":"https:\/\/www.imovelp.com.br\/blog\/wp-content\/uploads\/2022\/01\/image.png"}],"author":"Marcos Monteiro","twitter_card":"summary_large_image","twitter_misc":{"Written by":"Marcos Monteiro","Est. reading time":"4 minutes"},"schema":{"@context":"https:\/\/schema.org","@graph":[{"@type":"WebPage","@id":"https:\/\/www.imovelp.com.br\/blog\/etapas-para-vender-seu-imovel-mais-rapido\/","url":"https:\/\/www.imovelp.com.br\/blog\/etapas-para-vender-seu-imovel-mais-rapido\/","name":"Etapas para vender seu im\u00f3vel mais r\u00e1pido - Jornal Im\u00f3velp","isPartOf":{"@id":"https:\/\/www.imovelp.com.br\/blog\/#website"},"datePublished":"2022-01-23T23:17:33+00:00","dateModified":"2022-07-19T23:59:07+00:00","author":{"@id":"https:\/\/www.imovelp.com.br\/blog\/#\/schema\/person\/8fb1cc29840aba4154ec6a52e70be40a"},"breadcrumb":{"@id":"https:\/\/www.imovelp.com.br\/blog\/etapas-para-vender-seu-imovel-mais-rapido\/#breadcrumb"},"inLanguage":"en-US","potentialAction":[{"@type":"ReadAction","target":["https:\/\/www.imovelp.com.br\/blog\/etapas-para-vender-seu-imovel-mais-rapido\/"]}]},{"@type":"BreadcrumbList","@id":"https:\/\/www.imovelp.com.br\/blog\/etapas-para-vender-seu-imovel-mais-rapido\/#breadcrumb","itemListElement":[{"@type":"ListItem","position":1,"name":"Home","item":"https:\/\/www.imovelp.com.br\/blog\/"},{"@type":"ListItem","position":2,"name":"Etapas para vender seu im\u00f3vel mais r\u00e1pido"}]},{"@type":"WebSite","@id":"https:\/\/www.imovelp.com.br\/blog\/#website","url":"https:\/\/www.imovelp.com.br\/blog\/","name":"Jornal Im\u00f3velp","description":"Portal de Not\u00edcias do Corretor de Im\u00f3veis","potentialAction":[{"@type":"SearchAction","target":{"@type":"EntryPoint","urlTemplate":"https:\/\/www.imovelp.com.br\/blog\/?s={search_term_string}"},"query-input":"required name=search_term_string"}],"inLanguage":"en-US"},{"@type":"Person","@id":"https:\/\/www.imovelp.com.br\/blog\/#\/schema\/person\/8fb1cc29840aba4154ec6a52e70be40a","name":"Marcos Monteiro","image":{"@type":"ImageObject","inLanguage":"en-US","@id":"https:\/\/www.imovelp.com.br\/blog\/#\/schema\/person\/image\/","url":"https:\/\/secure.gravatar.com\/avatar\/da25bf23c2e75965766176dcd3fc7564?s=96&d=mm&r=g","contentUrl":"https:\/\/secure.gravatar.com\/avatar\/da25bf23c2e75965766176dcd3fc7564?s=96&d=mm&r=g","caption":"Marcos Monteiro"},"url":"https:\/\/www.imovelp.com.br\/blog\/author\/redacao-imovelp\/"}]}},"_links":{"self":[{"href":"https:\/\/www.imovelp.com.br\/blog\/wp-json\/wp\/v2\/posts\/789"}],"collection":[{"href":"https:\/\/www.imovelp.com.br\/blog\/wp-json\/wp\/v2\/posts"}],"about":[{"href":"https:\/\/www.imovelp.com.br\/blog\/wp-json\/wp\/v2\/types\/post"}],"author":[{"embeddable":true,"href":"https:\/\/www.imovelp.com.br\/blog\/wp-json\/wp\/v2\/users\/2"}],"replies":[{"embeddable":true,"href":"https:\/\/www.imovelp.com.br\/blog\/wp-json\/wp\/v2\/comments?post=789"}],"version-history":[{"count":17,"href":"https:\/\/www.imovelp.com.br\/blog\/wp-json\/wp\/v2\/posts\/789\/revisions"}],"predecessor-version":[{"id":1274,"href":"https:\/\/www.imovelp.com.br\/blog\/wp-json\/wp\/v2\/posts\/789\/revisions\/1274"}],"wp:attachment":[{"href":"https:\/\/www.imovelp.com.br\/blog\/wp-json\/wp\/v2\/media?parent=789"}],"wp:term":[{"taxonomy":"category","embeddable":true,"href":"https:\/\/www.imovelp.com.br\/blog\/wp-json\/wp\/v2\/categories?post=789"},{"taxonomy":"post_tag","embeddable":true,"href":"https:\/\/www.imovelp.com.br\/blog\/wp-json\/wp\/v2\/tags?post=789"}],"curies":[{"name":"wp","href":"https:\/\/api.w.org\/{rel}","templated":true}]}}