{"id":722,"date":"2021-04-29T20:49:49","date_gmt":"2021-04-29T20:49:49","guid":{"rendered":"https:\/\/www.imoveldoproprietario.com.br\/blog\/?p=722"},"modified":"2023-10-26T15:58:36","modified_gmt":"2023-10-26T18:58:36","slug":"dados-e-curiosidades-do-bairro-mooca-sp","status":"publish","type":"post","link":"https:\/\/www.imovelp.com.br\/blog\/dados-e-curiosidades-do-bairro-mooca-sp\/","title":{"rendered":"Dados e curiosidades do Bairro da Mooca\/SP"},"content":{"rendered":"\n<p><strong>Dados do Bairro da Mooca:<\/strong>&nbsp;\u00e9 um bairro do munic\u00edpio de S\u00e3o Paulo, situado na zona leste. Ele est\u00e1 no Distrito hom\u00f4nimo, tem \u00e1rea de 7,70 km2. A popula\u00e7\u00e3o \u00e9 de 75.724(2010), e sua densidade demogr\u00e1fica \u00e9 de 9.834 Hab\/Km2, segundo os dados da Prefeitura de S\u00e3o Paulo.<\/p>\n\n\n\n<div class=\"wp-block-group\"><div class=\"wp-block-group__inner-container is-layout-flow wp-block-group-is-layout-flow\">\n<div class=\"wp-block-image is-style-default\"><figure class=\"aligncenter size-large is-resized\"><img decoding=\"async\" loading=\"lazy\" src=\"https:\/\/www.imoveldoproprietario.com.br\/blog\/wp-content\/uploads\/2021\/04\/Mooca-edited.jpg\" alt=\"\" class=\"wp-image-724\" width=\"350\" height=\"202\"\/><figcaption>Bairro Mooca<\/figcaption><\/figure><\/div>\n<\/div><\/div>\n\n\n\n<p id=\"block-f23957be-e7c1-4643-9030-d15caced61b1\"><strong>Curiosidades do Bairro da Mooca:&nbsp;<\/strong>A Mooca tem um&nbsp;<strong>alto IDH<\/strong>, com 0,909. O IDH \u00e9 um indicador que &nbsp;estuda quest\u00f5es como riqueza, alfabetiza\u00e7\u00e3o, educa\u00e7\u00e3o, esperan\u00e7a de vida, natalidade, dentre outras. Quanto mais pr\u00f3ximo de zero, menor \u00e9 o indicador.<\/p>\n\n\n\n<p><strong>O&nbsp;bairro mais querido da regi\u00e3o leste<\/strong>. Muito conhecida por suas ra\u00edzes italianas, a Mooca \u00e9 um bairro que, at\u00e9 hoje, carrega em suas ruas, com\u00e9rcio e restaurantes uma forte influ\u00eancia da cultura e tradi\u00e7\u00f5es da It\u00e1lia, tornando-se um bairro \u00fanico. \u00c9 tamb\u00e9m um dos bairros que mais atraem lan\u00e7amentos imobili\u00e1rios. S\u00e3o destinados a um publico de classe m\u00e9dia alta e alta. <\/p>\n\n\n\n<p>Viver na Mooca tem suas peculiaridades e costumes, como o sotaque t\u00edpico mooqu\u00eas : Express\u00f5es como &#8216;um chops e dois pastel&#8217;, &#8216;orra meu&#8217; e &#8216;belo&#8217; tornaram-se sin\u00f4nimos do&nbsp;sotaque&nbsp;paulistano. Al\u00e9m disso, inspiraram sambas cl\u00e1ssicos, como &#8220;Tiro ao \u00c1lvaro&#8221; e &#8220;Samba do Arnesto&#8221;, de Adoniran Barbosa. O &#8216;mooqu\u00eas&#8217; n\u00e3o usa muito o plural, pois \u00e9 uma mistura de italiano com portugu\u00eas.    <\/p>\n\n\n\n<p>Algumas das principais vias do bairro s\u00e3o: <strong>Avenida Paes de Barros<\/strong>, em homenagem a Rafael Aguiar Paes de Barros, fundador em 1875 do Hip\u00f3dromo Paulista, onde mais tarde, no ano de 1871, passa-se a ser chamado de Jockey Club de S\u00e3o Paulo contru\u00eddo em terras de sua propriedade. <\/p>\n\n\n\n<p>A rua <strong>Javari<\/strong>, onde se encontra o est\u00e1dio do Clube Atl\u00e9tico Juventus, conhecido como est\u00e1dio da rua Javari, com capacidade atual para 4.000 torcedores, mas que no passado suportou at\u00e9 15.000 pessoas. Rua do <strong>Orat\u00f3rio<\/strong>, inicialmente denominada Estrada do Orat\u00f3rio, que tem sua extens\u00e3o de cerca de 3.700 metros, ligando a Mooca \u00e0 Vila Prudente e rua <strong>Ana Neri <\/strong>(1814-1880) que foi a pioneira da enfermagem no Brasil e prestou servi\u00e7os volunt\u00e1rios nos hospitais militares durante a Guerra do Paraguai.<\/p>\n\n\n\n<p>A Mooca tamb\u00e9m tem excelentes op\u00f5es na \u00e1rea da educa\u00e7\u00e3o. Tem bons col\u00e9gios privados em primeiro e segundo graus, al\u00e9m da Universidade S\u00e3o Judas Tadeu, uma grande refer\u00eancia com mais de 37.000 alunos<\/p>\n\n\n\n<div class=\"wp-block-image is-style-default\"><figure class=\"aligncenter size-large is-resized\"><img decoding=\"async\" loading=\"lazy\" src=\"https:\/\/www.imoveldoproprietario.com.br\/blog\/wp-content\/uploads\/2021\/04\/Theatro_Municipal_Mooca-1024x711.jpg\" alt=\"\" class=\"wp-image-728\" width=\"330\" height=\"228\"\/><figcaption><strong>Teatro Municipal Arthur de Azevedo<\/strong><\/figcaption><\/figure><\/div>\n\n\n\n<p>Em lazer, destacam-se o  <strong>Clube Juventus<\/strong>, inaugurado em 1924 e, reinaugurado em 1962, o clube \u00e9 sede do time do cora\u00e7\u00e3o da Mooca, o Juventus, e tamb\u00e9m recebe em seu grande sal\u00e3o de festas, muitos eventos que acontecem no bairro . Outra atra\u00e7\u00e3o \u00e9 o <strong>Teatro Municipal Arthur de Azevedo<\/strong>, inaugurado em 1952 e reformado em 2015. Sua homenagem \u00e9 para Arthur de Azevedo, poeta, jornailsta e dramaturgo brasileiro. <\/p>\n\n\n\n<p><strong>Voc\u00ea \u00e9 propriet\u00e1rio de um im\u00f3vel na Mooca?&nbsp;<\/strong>Venda ou alugue mais r\u00e1pido pelo&nbsp;<a href=\"https:\/\/www.imoveldoproprietario.com.br\/\">Im\u00f3vel do Propriet\u00e1rio<\/a>. Atr\u00e1ves de um \u00fanico an\u00fancio, ele poder\u00e1 ser conectado automaticamente a mais de 15 sites e corretores especializados. Al\u00e9m disso voc\u00ea pode contratar alguns servi\u00e7os para lhe ajudar na divulga\u00e7\u00e3o do seu im\u00f3vel: an\u00e1lise pr\u00e9via documental com aplica\u00e7\u00e3o do Selo Im\u00f3vel Legal no seu an\u00fancio e fotos profissionais que ser\u00e3o destaque nos in\u00fameros classificados e sites publicados. Gostou? N\u00e3o perca tempo e anuncie. \u00c9 Gr\u00e1tis!<\/p>\n\n\n\n<div class=\"wp-block-columns alignwide is-layout-flex wp-container-3 wp-block-columns-is-layout-flex\">\n<div class=\"wp-block-column is-layout-flow wp-block-column-is-layout-flow\" style=\"flex-basis:100%\">\n<iframe loading=\"lazy\" src=\"https:\/\/www.imovelp.com.br\/carrossel-blog\/todos\/todos\/sp\/sao-paulo\/mooca\/de-0-a-0\/0\/0\/0\/1\/0\/100\" title=\"description\" width=\"100%\" height=\"560\"><\/iframe>\n<\/div>\n<\/div>\n\n\n\n<p><\/p>\n","protected":false},"excerpt":{"rendered":"<p>Dados do Bairro da Mooca:&nbsp;\u00e9 um bairro do munic\u00edpio de S\u00e3o Paulo, situado na zona leste. Ele est\u00e1 no Distrito hom\u00f4nimo, tem \u00e1rea de 7,70 km2. A popula\u00e7\u00e3o \u00e9 de&hellip; <\/p>\n","protected":false},"author":2,"featured_media":0,"comment_status":"open","ping_status":"open","sticky":false,"template":"","format":"standard","meta":{"footnotes":""},"categories":[8],"tags":[],"yoast_head":"<!-- This site is optimized with the Yoast SEO plugin v21.5 - https:\/\/yoast.com\/wordpress\/plugins\/seo\/ -->\n<title>Dados e curiosidades do Bairro da Mooca\/SP - Jornal Im\u00f3velp<\/title>\n<meta name=\"robots\" content=\"index, follow, max-snippet:-1, max-image-preview:large, max-video-preview:-1\" \/>\n<link rel=\"canonical\" href=\"https:\/\/www.imovelp.com.br\/blog\/dados-e-curiosidades-do-bairro-mooca-sp\/\" \/>\n<meta property=\"og:locale\" content=\"en_US\" \/>\n<meta property=\"og:type\" content=\"article\" \/>\n<meta property=\"og:title\" content=\"Dados e curiosidades do Bairro da Mooca\/SP - Jornal Im\u00f3velp\" \/>\n<meta property=\"og:description\" content=\"Dados do Bairro da Mooca:&nbsp;\u00e9 um bairro do munic\u00edpio de S\u00e3o Paulo, situado na zona leste. Ele est\u00e1 no Distrito hom\u00f4nimo, tem \u00e1rea de 7,70 km2. A popula\u00e7\u00e3o \u00e9 de&hellip;\" \/>\n<meta property=\"og:url\" content=\"https:\/\/www.imovelp.com.br\/blog\/dados-e-curiosidades-do-bairro-mooca-sp\/\" \/>\n<meta property=\"og:site_name\" content=\"Jornal Im\u00f3velp\" \/>\n<meta property=\"article:published_time\" content=\"2021-04-29T20:49:49+00:00\" \/>\n<meta property=\"article:modified_time\" content=\"2023-10-26T18:58:36+00:00\" \/>\n<meta property=\"og:image\" content=\"https:\/\/www.imoveldoproprietario.com.br\/blog\/wp-content\/uploads\/2021\/04\/Mooca-edited.jpg\" \/>\n<meta name=\"author\" content=\"Marcos Monteiro\" \/>\n<meta name=\"twitter:card\" content=\"summary_large_image\" \/>\n<meta name=\"twitter:label1\" content=\"Written by\" \/>\n\t<meta name=\"twitter:data1\" content=\"Marcos Monteiro\" \/>\n\t<meta name=\"twitter:label2\" content=\"Est. reading time\" \/>\n\t<meta name=\"twitter:data2\" content=\"3 minutes\" \/>\n<script type=\"application\/ld+json\" class=\"yoast-schema-graph\">{\"@context\":\"https:\/\/schema.org\",\"@graph\":[{\"@type\":\"WebPage\",\"@id\":\"https:\/\/www.imovelp.com.br\/blog\/dados-e-curiosidades-do-bairro-mooca-sp\/\",\"url\":\"https:\/\/www.imovelp.com.br\/blog\/dados-e-curiosidades-do-bairro-mooca-sp\/\",\"name\":\"Dados e curiosidades do Bairro da Mooca\/SP - Jornal Im\u00f3velp\",\"isPartOf\":{\"@id\":\"https:\/\/www.imovelp.com.br\/blog\/#website\"},\"datePublished\":\"2021-04-29T20:49:49+00:00\",\"dateModified\":\"2023-10-26T18:58:36+00:00\",\"author\":{\"@id\":\"https:\/\/www.imovelp.com.br\/blog\/#\/schema\/person\/8fb1cc29840aba4154ec6a52e70be40a\"},\"breadcrumb\":{\"@id\":\"https:\/\/www.imovelp.com.br\/blog\/dados-e-curiosidades-do-bairro-mooca-sp\/#breadcrumb\"},\"inLanguage\":\"en-US\",\"potentialAction\":[{\"@type\":\"ReadAction\",\"target\":[\"https:\/\/www.imovelp.com.br\/blog\/dados-e-curiosidades-do-bairro-mooca-sp\/\"]}]},{\"@type\":\"BreadcrumbList\",\"@id\":\"https:\/\/www.imovelp.com.br\/blog\/dados-e-curiosidades-do-bairro-mooca-sp\/#breadcrumb\",\"itemListElement\":[{\"@type\":\"ListItem\",\"position\":1,\"name\":\"Home\",\"item\":\"https:\/\/www.imovelp.com.br\/blog\/\"},{\"@type\":\"ListItem\",\"position\":2,\"name\":\"Dados e curiosidades do Bairro da Mooca\/SP\"}]},{\"@type\":\"WebSite\",\"@id\":\"https:\/\/www.imovelp.com.br\/blog\/#website\",\"url\":\"https:\/\/www.imovelp.com.br\/blog\/\",\"name\":\"Jornal Im\u00f3velp\",\"description\":\"Portal de Not\u00edcias do Corretor de Im\u00f3veis\",\"potentialAction\":[{\"@type\":\"SearchAction\",\"target\":{\"@type\":\"EntryPoint\",\"urlTemplate\":\"https:\/\/www.imovelp.com.br\/blog\/?s={search_term_string}\"},\"query-input\":\"required name=search_term_string\"}],\"inLanguage\":\"en-US\"},{\"@type\":\"Person\",\"@id\":\"https:\/\/www.imovelp.com.br\/blog\/#\/schema\/person\/8fb1cc29840aba4154ec6a52e70be40a\",\"name\":\"Marcos Monteiro\",\"image\":{\"@type\":\"ImageObject\",\"inLanguage\":\"en-US\",\"@id\":\"https:\/\/www.imovelp.com.br\/blog\/#\/schema\/person\/image\/\",\"url\":\"https:\/\/secure.gravatar.com\/avatar\/da25bf23c2e75965766176dcd3fc7564?s=96&d=mm&r=g\",\"contentUrl\":\"https:\/\/secure.gravatar.com\/avatar\/da25bf23c2e75965766176dcd3fc7564?s=96&d=mm&r=g\",\"caption\":\"Marcos Monteiro\"},\"url\":\"https:\/\/www.imovelp.com.br\/blog\/author\/redacao-imovelp\/\"}]}<\/script>\n<!-- \/ Yoast SEO plugin. -->","yoast_head_json":{"title":"Dados e curiosidades do Bairro da Mooca\/SP - Jornal Im\u00f3velp","robots":{"index":"index","follow":"follow","max-snippet":"max-snippet:-1","max-image-preview":"max-image-preview:large","max-video-preview":"max-video-preview:-1"},"canonical":"https:\/\/www.imovelp.com.br\/blog\/dados-e-curiosidades-do-bairro-mooca-sp\/","og_locale":"en_US","og_type":"article","og_title":"Dados e curiosidades do Bairro da Mooca\/SP - Jornal Im\u00f3velp","og_description":"Dados do Bairro da Mooca:&nbsp;\u00e9 um bairro do munic\u00edpio de S\u00e3o Paulo, situado na zona leste. Ele est\u00e1 no Distrito hom\u00f4nimo, tem \u00e1rea de 7,70 km2. A popula\u00e7\u00e3o \u00e9 de&hellip;","og_url":"https:\/\/www.imovelp.com.br\/blog\/dados-e-curiosidades-do-bairro-mooca-sp\/","og_site_name":"Jornal Im\u00f3velp","article_published_time":"2021-04-29T20:49:49+00:00","article_modified_time":"2023-10-26T18:58:36+00:00","og_image":[{"url":"https:\/\/www.imoveldoproprietario.com.br\/blog\/wp-content\/uploads\/2021\/04\/Mooca-edited.jpg"}],"author":"Marcos Monteiro","twitter_card":"summary_large_image","twitter_misc":{"Written by":"Marcos Monteiro","Est. reading time":"3 minutes"},"schema":{"@context":"https:\/\/schema.org","@graph":[{"@type":"WebPage","@id":"https:\/\/www.imovelp.com.br\/blog\/dados-e-curiosidades-do-bairro-mooca-sp\/","url":"https:\/\/www.imovelp.com.br\/blog\/dados-e-curiosidades-do-bairro-mooca-sp\/","name":"Dados e curiosidades do Bairro da Mooca\/SP - Jornal Im\u00f3velp","isPartOf":{"@id":"https:\/\/www.imovelp.com.br\/blog\/#website"},"datePublished":"2021-04-29T20:49:49+00:00","dateModified":"2023-10-26T18:58:36+00:00","author":{"@id":"https:\/\/www.imovelp.com.br\/blog\/#\/schema\/person\/8fb1cc29840aba4154ec6a52e70be40a"},"breadcrumb":{"@id":"https:\/\/www.imovelp.com.br\/blog\/dados-e-curiosidades-do-bairro-mooca-sp\/#breadcrumb"},"inLanguage":"en-US","potentialAction":[{"@type":"ReadAction","target":["https:\/\/www.imovelp.com.br\/blog\/dados-e-curiosidades-do-bairro-mooca-sp\/"]}]},{"@type":"BreadcrumbList","@id":"https:\/\/www.imovelp.com.br\/blog\/dados-e-curiosidades-do-bairro-mooca-sp\/#breadcrumb","itemListElement":[{"@type":"ListItem","position":1,"name":"Home","item":"https:\/\/www.imovelp.com.br\/blog\/"},{"@type":"ListItem","position":2,"name":"Dados e curiosidades do Bairro da Mooca\/SP"}]},{"@type":"WebSite","@id":"https:\/\/www.imovelp.com.br\/blog\/#website","url":"https:\/\/www.imovelp.com.br\/blog\/","name":"Jornal Im\u00f3velp","description":"Portal de Not\u00edcias do Corretor de Im\u00f3veis","potentialAction":[{"@type":"SearchAction","target":{"@type":"EntryPoint","urlTemplate":"https:\/\/www.imovelp.com.br\/blog\/?s={search_term_string}"},"query-input":"required name=search_term_string"}],"inLanguage":"en-US"},{"@type":"Person","@id":"https:\/\/www.imovelp.com.br\/blog\/#\/schema\/person\/8fb1cc29840aba4154ec6a52e70be40a","name":"Marcos Monteiro","image":{"@type":"ImageObject","inLanguage":"en-US","@id":"https:\/\/www.imovelp.com.br\/blog\/#\/schema\/person\/image\/","url":"https:\/\/secure.gravatar.com\/avatar\/da25bf23c2e75965766176dcd3fc7564?s=96&d=mm&r=g","contentUrl":"https:\/\/secure.gravatar.com\/avatar\/da25bf23c2e75965766176dcd3fc7564?s=96&d=mm&r=g","caption":"Marcos Monteiro"},"url":"https:\/\/www.imovelp.com.br\/blog\/author\/redacao-imovelp\/"}]}},"_links":{"self":[{"href":"https:\/\/www.imovelp.com.br\/blog\/wp-json\/wp\/v2\/posts\/722"}],"collection":[{"href":"https:\/\/www.imovelp.com.br\/blog\/wp-json\/wp\/v2\/posts"}],"about":[{"href":"https:\/\/www.imovelp.com.br\/blog\/wp-json\/wp\/v2\/types\/post"}],"author":[{"embeddable":true,"href":"https:\/\/www.imovelp.com.br\/blog\/wp-json\/wp\/v2\/users\/2"}],"replies":[{"embeddable":true,"href":"https:\/\/www.imovelp.com.br\/blog\/wp-json\/wp\/v2\/comments?post=722"}],"version-history":[{"count":7,"href":"https:\/\/www.imovelp.com.br\/blog\/wp-json\/wp\/v2\/posts\/722\/revisions"}],"predecessor-version":[{"id":1555,"href":"https:\/\/www.imovelp.com.br\/blog\/wp-json\/wp\/v2\/posts\/722\/revisions\/1555"}],"wp:attachment":[{"href":"https:\/\/www.imovelp.com.br\/blog\/wp-json\/wp\/v2\/media?parent=722"}],"wp:term":[{"taxonomy":"category","embeddable":true,"href":"https:\/\/www.imovelp.com.br\/blog\/wp-json\/wp\/v2\/categories?post=722"},{"taxonomy":"post_tag","embeddable":true,"href":"https:\/\/www.imovelp.com.br\/blog\/wp-json\/wp\/v2\/tags?post=722"}],"curies":[{"name":"wp","href":"https:\/\/api.w.org\/{rel}","templated":true}]}}