{"id":661,"date":"2021-04-21T15:45:26","date_gmt":"2021-04-21T15:45:26","guid":{"rendered":"https:\/\/www.imoveldoproprietario.com.br\/blog\/?p=661"},"modified":"2023-10-26T15:58:37","modified_gmt":"2023-10-26T18:58:37","slug":"dados-e-curiosidades-do-bairro-alto-de-pinheiros-sp","status":"publish","type":"post","link":"https:\/\/www.imovelp.com.br\/blog\/dados-e-curiosidades-do-bairro-alto-de-pinheiros-sp\/","title":{"rendered":"Dados e curiosidades do Bairro Alto de Pinheiros\/SP"},"content":{"rendered":"\n<p><strong>Dados do Bairro Alto de Pinheiros :<\/strong>&nbsp;Alto de Pinheiros \u00e9 um bairro do munic\u00edpio de S\u00e3o Paulo, situado na zona oeste. Ele pertence ao Distrito de Pinheiros, tem \u00e1rea de 7,70 km2. A popula\u00e7\u00e3o \u00e9 de 43.117 (2010) e sua densidade demogr\u00e1fica \u00e9 de 5.600 Hab\/Km2, segundo dados do site da Prefeitura de SP.<\/p>\n\n\n\n<div class=\"wp-block-image\"><figure class=\"aligncenter size-medium\"><img decoding=\"async\" src=\"https:\/\/www.imoveldoproprietario.com.br\/blog\/wp-content\/uploads\/2021\/04\/Bairro-Alto-de-Pinheiros-300x155.gif\" alt=\"\" class=\"wp-image-662\"\/><figcaption>Bairro Alto de Pinheiros<\/figcaption><\/figure><\/div>\n\n\n\n<p><strong>Curiosidades do Bairro Alto de Pinheiros :<\/strong> \u00e9 um dos bairros planejados e desenvolvidos pela Cia City&nbsp;&#8220;<em>City of S\u00e3o Paulo Improvements and Freehold Land Company Limited<\/em>&#8221; empresa loteadora de alguns dos principais bairros de S\u00e3o Paulo, que iniciou suas atividades em 1912, seguindo o modelo ingl\u00eas de concep\u00e7\u00e3o. Suas principais caracter\u00edsticas s\u00e3o o uso exclusivamente residencial unifamiliar, ruas sinuosas adaptadas \u00e0 topografia, grandes lotes, recuos obrigat\u00f3rios, arboriza\u00e7\u00e3o e ajardinamento de \u00e1reas livres bem como normas para execu\u00e7\u00e3o de passeios. <\/p>\n\n\n\n<p>O primeiro arruamento ocorreu em 1926, que hoje \u00e9 atual <strong>Av. Pedroso de Morais, <\/strong>e que muda de nome para<strong> <strong>Av. Prof. Fonseca Rodrigues<\/strong> <\/strong>ap\u00f3s a <strong>Pra\u00e7a Panamericana<\/strong>, sendo a principal via do bairro.<\/p>\n\n\n\n<p>\u00c9 uma das regi\u00e3o  mais arborizadas de S\u00e3o Paulo, com um dos principais parques, o<strong> Parque Villa Lobos , <\/strong>com \u00e1rea de lazer de 732 mil m2 e 53 pra\u00e7as, sendo a mais importante a <strong>Pra\u00e7a Panamericana<\/strong> e a mais charmosa a <strong>Pra\u00e7a P\u00f4r do Sol<\/strong> , onde \u00e9 poss\u00edvel contemplar um maravilhoso cen\u00e1rio nos fins de tarde de c\u00e9u aberto que a faz lotar de visitantes do pr\u00f3prio bairro e de regi\u00f5es mais distantes.   <\/p>\n\n\n\n<div class=\"wp-block-image\"><figure class=\"aligncenter size-medium\"><img decoding=\"async\" src=\"https:\/\/www.imoveldoproprietario.com.br\/blog\/wp-content\/uploads\/2021\/04\/praca-por-do-sol-1-768x414-1-300x162.jpg\" alt=\"Pra\u00e7a P\u00f4r do Sol\" class=\"wp-image-665\"\/><figcaption>Cr\u00e9ditos: Divulga\u00e7\u00e3o<\/figcaption><\/figure><\/div>\n\n\n\n<p>A arquitetura do bairro segue padr\u00f5es europeus com enorme quantidade de casas e poucos pr\u00e9dios. O alto padr\u00e3o construtivo das resid\u00eancias reflete predomin\u00e2ncia de moradia das classes m\u00e9dia alta e alta, o que o torna um bairro muito procurado e valorizado. <\/p>\n\n\n\n<p>O <strong>Shopping Villa Lobos<\/strong> inaugurado em 2000, com projeto arquitet\u00f4nico arrojado e difereciado que provilegia a ilumina\u00e7\u00e3o natural, tornou-se refer\u00eancia de encontro para compras e gastronomia. Ali est\u00e3o mais de 220 lojas e 1500 vagas de estacionamento.<\/p>\n\n\n\n<p>Na \u00e1rea da educa\u00e7\u00e3o o bairro oferece excelentes escolas como Santa Cruz, Vera Cruz, Santa Clara, Rainha da Paz,  Col\u00e9gio Palmares, entre outras.           <\/p>\n\n\n\n<p><strong>Voc\u00ea \u00e9 propriet\u00e1rio de um im\u00f3vel em Alto de Pinheiros?&nbsp;<\/strong>Venda ou alugue mais r\u00e1pido pelo&nbsp;<a href=\"https:\/\/www.imoveldoproprietario.com.br\/\">Im\u00f3vel do Propriet\u00e1rio<\/a>. Atr\u00e1ves de um \u00fanico an\u00fancio, ele poder\u00e1 ser conectado automaticamente a mais de 15 sites e corretores especializados. Al\u00e9m disso voc\u00ea pode contratar alguns servi\u00e7os para lhe ajudar na divulga\u00e7\u00e3o do seu im\u00f3vel: an\u00e1lise pr\u00e9via documental com aplica\u00e7\u00e3o do Selo Im\u00f3vel Legal no seu an\u00fancio e fotos profissionais que ser\u00e3o destaque nos in\u00fameros classificados e sites publicados. Gostou? N\u00e3o perca tempo e anuncie. \u00c9 Gr\u00e1tis!<\/p>\n\n\n\n<div class=\"wp-block-columns alignwide is-layout-flex wp-container-2 wp-block-columns-is-layout-flex\">\n<div class=\"wp-block-column is-layout-flow wp-block-column-is-layout-flow\" style=\"flex-basis:100%\">\n<iframe loading=\"lazy\" src=\"https:\/\/www.imovelp.com.br\/carrossel-blog\/todos\/todos\/sp\/sao-paulo\/alto-de-pinheiros\/de-0-a-0\/0\/0\/0\/1\/0\/100\" title=\"description\" width=\"100%\" height=\"560\"><\/iframe>\n<\/div>\n<\/div>\n\n\n\n<p><\/p>\n","protected":false},"excerpt":{"rendered":"<p>Dados do Bairro Alto de Pinheiros :&nbsp;Alto de Pinheiros \u00e9 um bairro do munic\u00edpio de S\u00e3o Paulo, situado na zona oeste. Ele pertence ao Distrito de Pinheiros, tem \u00e1rea de&hellip; <\/p>\n","protected":false},"author":2,"featured_media":0,"comment_status":"open","ping_status":"open","sticky":false,"template":"","format":"standard","meta":{"footnotes":""},"categories":[8],"tags":[],"yoast_head":"<!-- This site is optimized with the Yoast SEO plugin v21.5 - https:\/\/yoast.com\/wordpress\/plugins\/seo\/ -->\n<title>Dados e curiosidades do Bairro Alto de Pinheiros\/SP - Jornal Im\u00f3velp<\/title>\n<meta name=\"robots\" content=\"index, follow, max-snippet:-1, max-image-preview:large, max-video-preview:-1\" \/>\n<link rel=\"canonical\" href=\"https:\/\/www.imovelp.com.br\/blog\/dados-e-curiosidades-do-bairro-alto-de-pinheiros-sp\/\" \/>\n<meta property=\"og:locale\" content=\"en_US\" \/>\n<meta property=\"og:type\" content=\"article\" \/>\n<meta property=\"og:title\" content=\"Dados e curiosidades do Bairro Alto de Pinheiros\/SP - Jornal Im\u00f3velp\" \/>\n<meta property=\"og:description\" content=\"Dados do Bairro Alto de Pinheiros :&nbsp;Alto de Pinheiros \u00e9 um bairro do munic\u00edpio de S\u00e3o Paulo, situado na zona oeste. Ele pertence ao Distrito de Pinheiros, tem \u00e1rea de&hellip;\" \/>\n<meta property=\"og:url\" content=\"https:\/\/www.imovelp.com.br\/blog\/dados-e-curiosidades-do-bairro-alto-de-pinheiros-sp\/\" \/>\n<meta property=\"og:site_name\" content=\"Jornal Im\u00f3velp\" \/>\n<meta property=\"article:published_time\" content=\"2021-04-21T15:45:26+00:00\" \/>\n<meta property=\"article:modified_time\" content=\"2023-10-26T18:58:37+00:00\" \/>\n<meta property=\"og:image\" content=\"https:\/\/www.imoveldoproprietario.com.br\/blog\/wp-content\/uploads\/2021\/04\/Bairro-Alto-de-Pinheiros-300x155.gif\" \/>\n<meta name=\"author\" content=\"Marcos Monteiro\" \/>\n<meta name=\"twitter:card\" content=\"summary_large_image\" \/>\n<meta name=\"twitter:label1\" content=\"Written by\" \/>\n\t<meta name=\"twitter:data1\" content=\"Marcos Monteiro\" \/>\n\t<meta name=\"twitter:label2\" content=\"Est. reading time\" \/>\n\t<meta name=\"twitter:data2\" content=\"2 minutes\" \/>\n<script type=\"application\/ld+json\" class=\"yoast-schema-graph\">{\"@context\":\"https:\/\/schema.org\",\"@graph\":[{\"@type\":\"WebPage\",\"@id\":\"https:\/\/www.imovelp.com.br\/blog\/dados-e-curiosidades-do-bairro-alto-de-pinheiros-sp\/\",\"url\":\"https:\/\/www.imovelp.com.br\/blog\/dados-e-curiosidades-do-bairro-alto-de-pinheiros-sp\/\",\"name\":\"Dados e curiosidades do Bairro Alto de Pinheiros\/SP - Jornal Im\u00f3velp\",\"isPartOf\":{\"@id\":\"https:\/\/www.imovelp.com.br\/blog\/#website\"},\"datePublished\":\"2021-04-21T15:45:26+00:00\",\"dateModified\":\"2023-10-26T18:58:37+00:00\",\"author\":{\"@id\":\"https:\/\/www.imovelp.com.br\/blog\/#\/schema\/person\/8fb1cc29840aba4154ec6a52e70be40a\"},\"breadcrumb\":{\"@id\":\"https:\/\/www.imovelp.com.br\/blog\/dados-e-curiosidades-do-bairro-alto-de-pinheiros-sp\/#breadcrumb\"},\"inLanguage\":\"en-US\",\"potentialAction\":[{\"@type\":\"ReadAction\",\"target\":[\"https:\/\/www.imovelp.com.br\/blog\/dados-e-curiosidades-do-bairro-alto-de-pinheiros-sp\/\"]}]},{\"@type\":\"BreadcrumbList\",\"@id\":\"https:\/\/www.imovelp.com.br\/blog\/dados-e-curiosidades-do-bairro-alto-de-pinheiros-sp\/#breadcrumb\",\"itemListElement\":[{\"@type\":\"ListItem\",\"position\":1,\"name\":\"Home\",\"item\":\"https:\/\/www.imovelp.com.br\/blog\/\"},{\"@type\":\"ListItem\",\"position\":2,\"name\":\"Dados e curiosidades do Bairro Alto de Pinheiros\/SP\"}]},{\"@type\":\"WebSite\",\"@id\":\"https:\/\/www.imovelp.com.br\/blog\/#website\",\"url\":\"https:\/\/www.imovelp.com.br\/blog\/\",\"name\":\"Jornal Im\u00f3velp\",\"description\":\"Portal de Not\u00edcias do Corretor de Im\u00f3veis\",\"potentialAction\":[{\"@type\":\"SearchAction\",\"target\":{\"@type\":\"EntryPoint\",\"urlTemplate\":\"https:\/\/www.imovelp.com.br\/blog\/?s={search_term_string}\"},\"query-input\":\"required name=search_term_string\"}],\"inLanguage\":\"en-US\"},{\"@type\":\"Person\",\"@id\":\"https:\/\/www.imovelp.com.br\/blog\/#\/schema\/person\/8fb1cc29840aba4154ec6a52e70be40a\",\"name\":\"Marcos Monteiro\",\"image\":{\"@type\":\"ImageObject\",\"inLanguage\":\"en-US\",\"@id\":\"https:\/\/www.imovelp.com.br\/blog\/#\/schema\/person\/image\/\",\"url\":\"https:\/\/secure.gravatar.com\/avatar\/da25bf23c2e75965766176dcd3fc7564?s=96&d=mm&r=g\",\"contentUrl\":\"https:\/\/secure.gravatar.com\/avatar\/da25bf23c2e75965766176dcd3fc7564?s=96&d=mm&r=g\",\"caption\":\"Marcos Monteiro\"},\"url\":\"https:\/\/www.imovelp.com.br\/blog\/author\/redacao-imovelp\/\"}]}<\/script>\n<!-- \/ Yoast SEO plugin. -->","yoast_head_json":{"title":"Dados e curiosidades do Bairro Alto de Pinheiros\/SP - Jornal Im\u00f3velp","robots":{"index":"index","follow":"follow","max-snippet":"max-snippet:-1","max-image-preview":"max-image-preview:large","max-video-preview":"max-video-preview:-1"},"canonical":"https:\/\/www.imovelp.com.br\/blog\/dados-e-curiosidades-do-bairro-alto-de-pinheiros-sp\/","og_locale":"en_US","og_type":"article","og_title":"Dados e curiosidades do Bairro Alto de Pinheiros\/SP - Jornal Im\u00f3velp","og_description":"Dados do Bairro Alto de Pinheiros :&nbsp;Alto de Pinheiros \u00e9 um bairro do munic\u00edpio de S\u00e3o Paulo, situado na zona oeste. Ele pertence ao Distrito de Pinheiros, tem \u00e1rea de&hellip;","og_url":"https:\/\/www.imovelp.com.br\/blog\/dados-e-curiosidades-do-bairro-alto-de-pinheiros-sp\/","og_site_name":"Jornal Im\u00f3velp","article_published_time":"2021-04-21T15:45:26+00:00","article_modified_time":"2023-10-26T18:58:37+00:00","og_image":[{"url":"https:\/\/www.imoveldoproprietario.com.br\/blog\/wp-content\/uploads\/2021\/04\/Bairro-Alto-de-Pinheiros-300x155.gif"}],"author":"Marcos Monteiro","twitter_card":"summary_large_image","twitter_misc":{"Written by":"Marcos Monteiro","Est. reading time":"2 minutes"},"schema":{"@context":"https:\/\/schema.org","@graph":[{"@type":"WebPage","@id":"https:\/\/www.imovelp.com.br\/blog\/dados-e-curiosidades-do-bairro-alto-de-pinheiros-sp\/","url":"https:\/\/www.imovelp.com.br\/blog\/dados-e-curiosidades-do-bairro-alto-de-pinheiros-sp\/","name":"Dados e curiosidades do Bairro Alto de Pinheiros\/SP - Jornal Im\u00f3velp","isPartOf":{"@id":"https:\/\/www.imovelp.com.br\/blog\/#website"},"datePublished":"2021-04-21T15:45:26+00:00","dateModified":"2023-10-26T18:58:37+00:00","author":{"@id":"https:\/\/www.imovelp.com.br\/blog\/#\/schema\/person\/8fb1cc29840aba4154ec6a52e70be40a"},"breadcrumb":{"@id":"https:\/\/www.imovelp.com.br\/blog\/dados-e-curiosidades-do-bairro-alto-de-pinheiros-sp\/#breadcrumb"},"inLanguage":"en-US","potentialAction":[{"@type":"ReadAction","target":["https:\/\/www.imovelp.com.br\/blog\/dados-e-curiosidades-do-bairro-alto-de-pinheiros-sp\/"]}]},{"@type":"BreadcrumbList","@id":"https:\/\/www.imovelp.com.br\/blog\/dados-e-curiosidades-do-bairro-alto-de-pinheiros-sp\/#breadcrumb","itemListElement":[{"@type":"ListItem","position":1,"name":"Home","item":"https:\/\/www.imovelp.com.br\/blog\/"},{"@type":"ListItem","position":2,"name":"Dados e curiosidades do Bairro Alto de Pinheiros\/SP"}]},{"@type":"WebSite","@id":"https:\/\/www.imovelp.com.br\/blog\/#website","url":"https:\/\/www.imovelp.com.br\/blog\/","name":"Jornal Im\u00f3velp","description":"Portal de Not\u00edcias do Corretor de Im\u00f3veis","potentialAction":[{"@type":"SearchAction","target":{"@type":"EntryPoint","urlTemplate":"https:\/\/www.imovelp.com.br\/blog\/?s={search_term_string}"},"query-input":"required name=search_term_string"}],"inLanguage":"en-US"},{"@type":"Person","@id":"https:\/\/www.imovelp.com.br\/blog\/#\/schema\/person\/8fb1cc29840aba4154ec6a52e70be40a","name":"Marcos Monteiro","image":{"@type":"ImageObject","inLanguage":"en-US","@id":"https:\/\/www.imovelp.com.br\/blog\/#\/schema\/person\/image\/","url":"https:\/\/secure.gravatar.com\/avatar\/da25bf23c2e75965766176dcd3fc7564?s=96&d=mm&r=g","contentUrl":"https:\/\/secure.gravatar.com\/avatar\/da25bf23c2e75965766176dcd3fc7564?s=96&d=mm&r=g","caption":"Marcos Monteiro"},"url":"https:\/\/www.imovelp.com.br\/blog\/author\/redacao-imovelp\/"}]}},"_links":{"self":[{"href":"https:\/\/www.imovelp.com.br\/blog\/wp-json\/wp\/v2\/posts\/661"}],"collection":[{"href":"https:\/\/www.imovelp.com.br\/blog\/wp-json\/wp\/v2\/posts"}],"about":[{"href":"https:\/\/www.imovelp.com.br\/blog\/wp-json\/wp\/v2\/types\/post"}],"author":[{"embeddable":true,"href":"https:\/\/www.imovelp.com.br\/blog\/wp-json\/wp\/v2\/users\/2"}],"replies":[{"embeddable":true,"href":"https:\/\/www.imovelp.com.br\/blog\/wp-json\/wp\/v2\/comments?post=661"}],"version-history":[{"count":9,"href":"https:\/\/www.imovelp.com.br\/blog\/wp-json\/wp\/v2\/posts\/661\/revisions"}],"predecessor-version":[{"id":1556,"href":"https:\/\/www.imovelp.com.br\/blog\/wp-json\/wp\/v2\/posts\/661\/revisions\/1556"}],"wp:attachment":[{"href":"https:\/\/www.imovelp.com.br\/blog\/wp-json\/wp\/v2\/media?parent=661"}],"wp:term":[{"taxonomy":"category","embeddable":true,"href":"https:\/\/www.imovelp.com.br\/blog\/wp-json\/wp\/v2\/categories?post=661"},{"taxonomy":"post_tag","embeddable":true,"href":"https:\/\/www.imovelp.com.br\/blog\/wp-json\/wp\/v2\/tags?post=661"}],"curies":[{"name":"wp","href":"https:\/\/api.w.org\/{rel}","templated":true}]}}