{"id":649,"date":"2021-04-12T23:37:35","date_gmt":"2021-04-12T23:37:35","guid":{"rendered":"https:\/\/www.imoveldoproprietario.com.br\/blog\/?p=649"},"modified":"2023-10-26T15:58:38","modified_gmt":"2023-10-26T18:58:38","slug":"dados-e-curiosidades-do-bairro-perdizes-sp","status":"publish","type":"post","link":"https:\/\/www.imovelp.com.br\/blog\/dados-e-curiosidades-do-bairro-perdizes-sp\/","title":{"rendered":"Dados e curiosidades do Bairro Perdizes\/SP"},"content":{"rendered":"\n<p id=\"block-db91af4e-8c1c-4910-8648-082505e75abc\"><strong>Dados do Bairro de Perdizes:<\/strong>&nbsp;Perdizes \u00e9 um bairro do munic\u00edpio de S\u00e3o Paulo, situado na zona oeste. Ele est\u00e1 no Distrito da Lapa, tem \u00e1rea de 6,10 km2. A popula\u00e7\u00e3o \u00e9 de 111.161(2010), e sua densidade demogr\u00e1fica \u00e9 de 18.223 Hab\/Km2, segundo os dados da Prefeitura de S\u00e3o Paulo.<\/p>\n\n\n\n<div class=\"wp-block-image is-style-default\"><figure class=\"aligncenter size-medium\"><img decoding=\"async\" src=\"https:\/\/www.imoveldoproprietario.com.br\/blog\/wp-content\/uploads\/2021\/04\/Bairro-Perdizes-300x172.gif\" alt=\"\" class=\"wp-image-674\"\/><\/figure><\/div>\n\n\n\n<p id=\"block-f23957be-e7c1-4643-9030-d15caced61b1\"><strong>Curiosidades do Bairro de Perdizes : <\/strong>Perdizes tem um <strong>alto IDH<\/strong>, com 0,957, o terceiro colocado nesse ranking na cidade. O IDH \u00e9 um indicador que &nbsp;estuda quest\u00f5es como riqueza, alfabetiza\u00e7\u00e3o, educa\u00e7\u00e3o, esperan\u00e7a de vida, natalidade, dentre outras. Quanto mais pr\u00f3ximo de zero, menor \u00e9 o indicador.<\/p>\n\n\n\n<p>Perdizes surgiu em 1850, oriundo de uma grande ch\u00e1cara de Joaquim Alves, um vendedor de garapa, que criava perdizes no seu quintal (o local \u00e9 perto de onde hoje \u00e9 o largo Padre P\u00e9ricles). Anos mais tarde a propriedade foi vendida e loteada. No entanto a express\u00e3o \u201cquintal das perdizes\u201d passou a denominar o bairro. A partir de 1905 o crescimento se instalou, e na d\u00e9cada de 1940 o bairro se consolidou.<\/p>\n\n\n\n<p>Perdizes \u00e9 o <strong>bairro mais populoso da regi\u00e3o oeste<\/strong>. \u00c9 tamb\u00e9m um dos bairros que mais atraem lan\u00e7amentos imobili\u00e1rios. S\u00e3o destinados a um publico de classe m\u00e9dia alta e alta.<\/p>\n\n\n\n<p>O p\u00fablico que escolhe Perdizes para morar \u00e9 atra\u00eddo por sua localiza\u00e7\u00e3o privilegiada, pr\u00f3xima ao centro, \u00e0 avenida Paulista e a grandes corredores. Por meio da marginal do rio Tiet\u00ea, do elevado Costa e Silva (Minhoc\u00e3o) e de avenidas como Sumar\u00e9, Pacaembu e Francisco Matarazzo \u00e9 poss\u00edvel chegas \u00e0s mais diversas regi\u00f5es da cidade com facilidade.<\/p>\n\n\n\n<p>As ruas Cardoso de Almeida e Turia\u00e7u s\u00e3o fartas no com\u00e9rcio local, em lojas, farm\u00e1cias, ag\u00eancias banc\u00e1rias e supermercados.<\/p>\n\n\n\n<p>Perdizes tamb\u00e9m tem excelentes op\u00f5es na \u00e1rea da educa\u00e7\u00e3o. Tem bons col\u00e9gios privados em primeiro e segundo graus, como Pent\u00e1gono, S\u00e3o Domingos e Santa Marcelina, al\u00e9m da PUC &#8211; Pontifica Universidade Cat\u00f3lica.<\/p>\n\n\n\n<p>Em lazer, destacam-se o Teatro Tuca, a Sociedade Esportiva Palmeiras com seu est\u00e1dio Allianz Parque, o Museu Contempor\u00e2neo das Inven\u00e7\u00f5es&nbsp;e o Parque da \u00c1gua Branca, um dos principais parques da cidade com seus mais de 136 mil metros quadrados de \u00e1rea, com belas exposi\u00e7\u00f5es al\u00e9m de uma grande variedade de animais. <\/p>\n\n\n\n<div class=\"wp-block-image is-style-default\"><figure class=\"aligncenter size-medium\"><img decoding=\"async\" src=\"https:\/\/www.imoveldoproprietario.com.br\/blog\/wp-content\/uploads\/2021\/04\/original-20d12b2da7db789bd9b44411fc8350b9_foto-perdizes_movingimoveis-300x150.jpeg\" alt=\"\" class=\"wp-image-672\"\/><figcaption>Cr\u00e9dito: blog Moving Im\u00f3veis  <\/figcaption><\/figure><\/div>\n\n\n\n<p id=\"block-f23957be-e7c1-4643-9030-d15caced61b1\"><strong>Voc\u00ea \u00e9 propriet\u00e1rio de um im\u00f3vel em Perdizes?&nbsp;<\/strong>Venda ou alugue mais r\u00e1pido pelo&nbsp;<a href=\"https:\/\/www.imoveldoproprietario.com.br\/\">Im\u00f3vel do Propriet\u00e1rio<\/a>. Atr\u00e1ves de um \u00fanico an\u00fancio, ele poder\u00e1 ser conectado automaticamente a mais de 15 sites e corretores especializados. Al\u00e9m disso voc\u00ea pode contratar alguns servi\u00e7os para lhe ajudar na divulga\u00e7\u00e3o do seu im\u00f3vel: an\u00e1lise pr\u00e9via documental com aplica\u00e7\u00e3o do Selo Im\u00f3vel Legal no seu an\u00fancio e fotos profissionais que ser\u00e3o destaque nos in\u00fameros classificados e sites publicados. Gostou? N\u00e3o perca tempo e anuncie. \u00c9 Gr\u00e1tis!<\/p>\n\n\n\n<iframe loading=\"lazy\" src=\"https:\/\/imoveldoproprietario.com.br\/carrossel-blog\/todos\/todos\/sp\/sao-paulo\/perdizes\/de-0-a-0\/0\/0\/0\/1\/0\/100\" title=\"description\" width=\"100%\" height=\"560\"><\/iframe>\n","protected":false},"excerpt":{"rendered":"<p>Dados do Bairro de Perdizes:&nbsp;Perdizes \u00e9 um bairro do munic\u00edpio de S\u00e3o Paulo, situado na zona oeste. Ele est\u00e1 no Distrito da Lapa, tem \u00e1rea de 6,10 km2. A popula\u00e7\u00e3o&hellip; <\/p>\n","protected":false},"author":2,"featured_media":0,"comment_status":"open","ping_status":"open","sticky":false,"template":"","format":"standard","meta":{"footnotes":""},"categories":[8],"tags":[],"yoast_head":"<!-- This site is optimized with the Yoast SEO plugin v21.5 - https:\/\/yoast.com\/wordpress\/plugins\/seo\/ -->\n<title>Dados e curiosidades do Bairro Perdizes\/SP - Jornal Im\u00f3velp<\/title>\n<meta name=\"robots\" content=\"index, follow, max-snippet:-1, max-image-preview:large, max-video-preview:-1\" \/>\n<link rel=\"canonical\" href=\"https:\/\/www.imovelp.com.br\/blog\/dados-e-curiosidades-do-bairro-perdizes-sp\/\" \/>\n<meta property=\"og:locale\" content=\"en_US\" \/>\n<meta property=\"og:type\" content=\"article\" \/>\n<meta property=\"og:title\" content=\"Dados e curiosidades do Bairro Perdizes\/SP - Jornal Im\u00f3velp\" \/>\n<meta property=\"og:description\" content=\"Dados do Bairro de Perdizes:&nbsp;Perdizes \u00e9 um bairro do munic\u00edpio de S\u00e3o Paulo, situado na zona oeste. Ele est\u00e1 no Distrito da Lapa, tem \u00e1rea de 6,10 km2. A popula\u00e7\u00e3o&hellip;\" \/>\n<meta property=\"og:url\" content=\"https:\/\/www.imovelp.com.br\/blog\/dados-e-curiosidades-do-bairro-perdizes-sp\/\" \/>\n<meta property=\"og:site_name\" content=\"Jornal Im\u00f3velp\" \/>\n<meta property=\"article:published_time\" content=\"2021-04-12T23:37:35+00:00\" \/>\n<meta property=\"article:modified_time\" content=\"2023-10-26T18:58:38+00:00\" \/>\n<meta property=\"og:image\" content=\"https:\/\/www.imoveldoproprietario.com.br\/blog\/wp-content\/uploads\/2021\/04\/Bairro-Perdizes-300x172.gif\" \/>\n<meta name=\"author\" content=\"Marcos Monteiro\" \/>\n<meta name=\"twitter:card\" content=\"summary_large_image\" \/>\n<meta name=\"twitter:label1\" content=\"Written by\" \/>\n\t<meta name=\"twitter:data1\" content=\"Marcos Monteiro\" \/>\n\t<meta name=\"twitter:label2\" content=\"Est. reading time\" \/>\n\t<meta name=\"twitter:data2\" content=\"2 minutes\" \/>\n<script type=\"application\/ld+json\" class=\"yoast-schema-graph\">{\"@context\":\"https:\/\/schema.org\",\"@graph\":[{\"@type\":\"WebPage\",\"@id\":\"https:\/\/www.imovelp.com.br\/blog\/dados-e-curiosidades-do-bairro-perdizes-sp\/\",\"url\":\"https:\/\/www.imovelp.com.br\/blog\/dados-e-curiosidades-do-bairro-perdizes-sp\/\",\"name\":\"Dados e curiosidades do Bairro Perdizes\/SP - Jornal Im\u00f3velp\",\"isPartOf\":{\"@id\":\"https:\/\/www.imovelp.com.br\/blog\/#website\"},\"datePublished\":\"2021-04-12T23:37:35+00:00\",\"dateModified\":\"2023-10-26T18:58:38+00:00\",\"author\":{\"@id\":\"https:\/\/www.imovelp.com.br\/blog\/#\/schema\/person\/8fb1cc29840aba4154ec6a52e70be40a\"},\"breadcrumb\":{\"@id\":\"https:\/\/www.imovelp.com.br\/blog\/dados-e-curiosidades-do-bairro-perdizes-sp\/#breadcrumb\"},\"inLanguage\":\"en-US\",\"potentialAction\":[{\"@type\":\"ReadAction\",\"target\":[\"https:\/\/www.imovelp.com.br\/blog\/dados-e-curiosidades-do-bairro-perdizes-sp\/\"]}]},{\"@type\":\"BreadcrumbList\",\"@id\":\"https:\/\/www.imovelp.com.br\/blog\/dados-e-curiosidades-do-bairro-perdizes-sp\/#breadcrumb\",\"itemListElement\":[{\"@type\":\"ListItem\",\"position\":1,\"name\":\"Home\",\"item\":\"https:\/\/www.imovelp.com.br\/blog\/\"},{\"@type\":\"ListItem\",\"position\":2,\"name\":\"Dados e curiosidades do Bairro Perdizes\/SP\"}]},{\"@type\":\"WebSite\",\"@id\":\"https:\/\/www.imovelp.com.br\/blog\/#website\",\"url\":\"https:\/\/www.imovelp.com.br\/blog\/\",\"name\":\"Jornal Im\u00f3velp\",\"description\":\"Portal de Not\u00edcias do Corretor de Im\u00f3veis\",\"potentialAction\":[{\"@type\":\"SearchAction\",\"target\":{\"@type\":\"EntryPoint\",\"urlTemplate\":\"https:\/\/www.imovelp.com.br\/blog\/?s={search_term_string}\"},\"query-input\":\"required name=search_term_string\"}],\"inLanguage\":\"en-US\"},{\"@type\":\"Person\",\"@id\":\"https:\/\/www.imovelp.com.br\/blog\/#\/schema\/person\/8fb1cc29840aba4154ec6a52e70be40a\",\"name\":\"Marcos Monteiro\",\"image\":{\"@type\":\"ImageObject\",\"inLanguage\":\"en-US\",\"@id\":\"https:\/\/www.imovelp.com.br\/blog\/#\/schema\/person\/image\/\",\"url\":\"https:\/\/secure.gravatar.com\/avatar\/da25bf23c2e75965766176dcd3fc7564?s=96&d=mm&r=g\",\"contentUrl\":\"https:\/\/secure.gravatar.com\/avatar\/da25bf23c2e75965766176dcd3fc7564?s=96&d=mm&r=g\",\"caption\":\"Marcos Monteiro\"},\"url\":\"https:\/\/www.imovelp.com.br\/blog\/author\/redacao-imovelp\/\"}]}<\/script>\n<!-- \/ Yoast SEO plugin. -->","yoast_head_json":{"title":"Dados e curiosidades do Bairro Perdizes\/SP - Jornal Im\u00f3velp","robots":{"index":"index","follow":"follow","max-snippet":"max-snippet:-1","max-image-preview":"max-image-preview:large","max-video-preview":"max-video-preview:-1"},"canonical":"https:\/\/www.imovelp.com.br\/blog\/dados-e-curiosidades-do-bairro-perdizes-sp\/","og_locale":"en_US","og_type":"article","og_title":"Dados e curiosidades do Bairro Perdizes\/SP - Jornal Im\u00f3velp","og_description":"Dados do Bairro de Perdizes:&nbsp;Perdizes \u00e9 um bairro do munic\u00edpio de S\u00e3o Paulo, situado na zona oeste. Ele est\u00e1 no Distrito da Lapa, tem \u00e1rea de 6,10 km2. A popula\u00e7\u00e3o&hellip;","og_url":"https:\/\/www.imovelp.com.br\/blog\/dados-e-curiosidades-do-bairro-perdizes-sp\/","og_site_name":"Jornal Im\u00f3velp","article_published_time":"2021-04-12T23:37:35+00:00","article_modified_time":"2023-10-26T18:58:38+00:00","og_image":[{"url":"https:\/\/www.imoveldoproprietario.com.br\/blog\/wp-content\/uploads\/2021\/04\/Bairro-Perdizes-300x172.gif"}],"author":"Marcos Monteiro","twitter_card":"summary_large_image","twitter_misc":{"Written by":"Marcos Monteiro","Est. reading time":"2 minutes"},"schema":{"@context":"https:\/\/schema.org","@graph":[{"@type":"WebPage","@id":"https:\/\/www.imovelp.com.br\/blog\/dados-e-curiosidades-do-bairro-perdizes-sp\/","url":"https:\/\/www.imovelp.com.br\/blog\/dados-e-curiosidades-do-bairro-perdizes-sp\/","name":"Dados e curiosidades do Bairro Perdizes\/SP - Jornal Im\u00f3velp","isPartOf":{"@id":"https:\/\/www.imovelp.com.br\/blog\/#website"},"datePublished":"2021-04-12T23:37:35+00:00","dateModified":"2023-10-26T18:58:38+00:00","author":{"@id":"https:\/\/www.imovelp.com.br\/blog\/#\/schema\/person\/8fb1cc29840aba4154ec6a52e70be40a"},"breadcrumb":{"@id":"https:\/\/www.imovelp.com.br\/blog\/dados-e-curiosidades-do-bairro-perdizes-sp\/#breadcrumb"},"inLanguage":"en-US","potentialAction":[{"@type":"ReadAction","target":["https:\/\/www.imovelp.com.br\/blog\/dados-e-curiosidades-do-bairro-perdizes-sp\/"]}]},{"@type":"BreadcrumbList","@id":"https:\/\/www.imovelp.com.br\/blog\/dados-e-curiosidades-do-bairro-perdizes-sp\/#breadcrumb","itemListElement":[{"@type":"ListItem","position":1,"name":"Home","item":"https:\/\/www.imovelp.com.br\/blog\/"},{"@type":"ListItem","position":2,"name":"Dados e curiosidades do Bairro Perdizes\/SP"}]},{"@type":"WebSite","@id":"https:\/\/www.imovelp.com.br\/blog\/#website","url":"https:\/\/www.imovelp.com.br\/blog\/","name":"Jornal Im\u00f3velp","description":"Portal de Not\u00edcias do Corretor de Im\u00f3veis","potentialAction":[{"@type":"SearchAction","target":{"@type":"EntryPoint","urlTemplate":"https:\/\/www.imovelp.com.br\/blog\/?s={search_term_string}"},"query-input":"required name=search_term_string"}],"inLanguage":"en-US"},{"@type":"Person","@id":"https:\/\/www.imovelp.com.br\/blog\/#\/schema\/person\/8fb1cc29840aba4154ec6a52e70be40a","name":"Marcos Monteiro","image":{"@type":"ImageObject","inLanguage":"en-US","@id":"https:\/\/www.imovelp.com.br\/blog\/#\/schema\/person\/image\/","url":"https:\/\/secure.gravatar.com\/avatar\/da25bf23c2e75965766176dcd3fc7564?s=96&d=mm&r=g","contentUrl":"https:\/\/secure.gravatar.com\/avatar\/da25bf23c2e75965766176dcd3fc7564?s=96&d=mm&r=g","caption":"Marcos Monteiro"},"url":"https:\/\/www.imovelp.com.br\/blog\/author\/redacao-imovelp\/"}]}},"_links":{"self":[{"href":"https:\/\/www.imovelp.com.br\/blog\/wp-json\/wp\/v2\/posts\/649"}],"collection":[{"href":"https:\/\/www.imovelp.com.br\/blog\/wp-json\/wp\/v2\/posts"}],"about":[{"href":"https:\/\/www.imovelp.com.br\/blog\/wp-json\/wp\/v2\/types\/post"}],"author":[{"embeddable":true,"href":"https:\/\/www.imovelp.com.br\/blog\/wp-json\/wp\/v2\/users\/2"}],"replies":[{"embeddable":true,"href":"https:\/\/www.imovelp.com.br\/blog\/wp-json\/wp\/v2\/comments?post=649"}],"version-history":[{"count":15,"href":"https:\/\/www.imovelp.com.br\/blog\/wp-json\/wp\/v2\/posts\/649\/revisions"}],"predecessor-version":[{"id":1035,"href":"https:\/\/www.imovelp.com.br\/blog\/wp-json\/wp\/v2\/posts\/649\/revisions\/1035"}],"wp:attachment":[{"href":"https:\/\/www.imovelp.com.br\/blog\/wp-json\/wp\/v2\/media?parent=649"}],"wp:term":[{"taxonomy":"category","embeddable":true,"href":"https:\/\/www.imovelp.com.br\/blog\/wp-json\/wp\/v2\/categories?post=649"},{"taxonomy":"post_tag","embeddable":true,"href":"https:\/\/www.imovelp.com.br\/blog\/wp-json\/wp\/v2\/tags?post=649"}],"curies":[{"name":"wp","href":"https:\/\/api.w.org\/{rel}","templated":true}]}}