{"id":573,"date":"2021-03-17T18:25:48","date_gmt":"2021-03-17T18:25:48","guid":{"rendered":"https:\/\/www.imoveldoproprietario.com.br\/blog\/?p=573"},"modified":"2021-03-18T14:05:29","modified_gmt":"2021-03-18T14:05:29","slug":"quanto-vale-a-casa-do-projota-exbbb21","status":"publish","type":"post","link":"https:\/\/www.imovelp.com.br\/blog\/quanto-vale-a-casa-do-projota-exbbb21\/","title":{"rendered":"Quanto vale a casa do Projota, exBBB21 ?"},"content":{"rendered":"\n<p>Rapper do BBB21, Projota tem casa avaliada em <strong>R$ 3,2 milh\u00f5es<\/strong>. <\/p>\n\n\n\n<p>Projota ou simplesmente Jos\u00e9 Tiago Sabino Pereira. Nascido em 1986 na Zona Norte de S\u00e3o Paulo, o rapper come\u00e7ou a cantar e a compor&nbsp;a partir dos seus 11 anos. Seu primeiro nome art\u00edstico foi &#8220;JT&#8221;, mas como existiam muitos com o mesmo pseud\u00f4nimo, decidiu por &#8220;Projota. O nome &#8220;Projota&#8221; \u00e9 a jun\u00e7\u00e3o de &#8220;pro&#8221; profissionalismo e &#8220;Jota&#8221;, inicial do seu primeiro nome.  Entre seus v\u00e1rios hits conhecidos pelo p\u00fablico, destacam-se: <strong>Mulher, Ela S\u00f3 Quer Paz e Muleque da Vila.  <\/strong><\/p>\n\n\n\n<p>Em 2006, Projota ingressou pela primeira vez em uma&nbsp; batalha de MC.  Conseguiu vencer por quatro vezes a&nbsp;<em>Batalha do Santa Cruz<\/em>, tr\u00eas a&nbsp;<em>Rinha dos MCs<\/em>&nbsp;e chegou \u00e0 final da&nbsp;<em>Liga dos MCs<\/em>&nbsp;de 2007, o evento mais tradicional do estilo no pa\u00eds. No in\u00edcio de 2010, em parceria com DJ Ca\u00edque, Projota lan\u00e7ou na internet um novo som, chamado&nbsp;<em>&#8220;Pelo Amor&#8221;<\/em>, que alcan\u00e7ou o primeiro lugar no MySpaceBrasil. Em 2014, lan\u00e7ou seu primeiro \u00e1lbum Foco, For\u00e7a e F\u00e9.&nbsp;Em 2016, foi lan\u00e7ado seu primeiro DVD&nbsp;<em>3Fs<\/em>, Seu segundo \u00e1lbum foi lan\u00e7ado em 2017 e recebeu certificado de disco de ouro pelas 40 mil c\u00f3pias vendidas. Em 2019, lan\u00e7ou o \u00e1lbum&nbsp;<em>Tributo dos Sonhadores,<\/em>&nbsp;que recebeu certificado de disco de ouro pelas 40 mil c\u00f3pias vendidas<\/p>\n\n\n\n<p>O mais novo eliminado do BBB21 agora poder\u00e1 curtir sua mans\u00e3o na Granja Viana, em Cotia\/SP avaliada em cerca de <strong>R$ 3,2 milh\u00f5es<\/strong> segundo reportagem da revista \u201cCasa Vogue\u201d.  Esse espetacular im\u00f3vel tem 530 m\u00b2 de \u00e1rea total, 555 m\u00b2 de \u00e1rea \u00fatil, seis banheiros e tr\u00eas su\u00edtes, el\u00e9m de atrativos como sala de jogos, est\u00fadio, academia, \u00e1rea gourmet, jardim vertical, piscina e um mirante com hidromassagem para seis pessoas de acordo com mat\u00e9ria publicada.<\/p>\n\n\n\n<p class=\"has-text-align-left\">Gostou da ideia de morar na Granja Viana?  Procure um im\u00f3vel em nossa <a aria-label=\"undefined (opens in a new tab)\" href=\"https:\/\/www.imoveldoproprietario.com.br\/busca-de-imoveis\/venda\/todos\/todos\/todos\/todos\/de-0-a-0\/0\/0\/0\/0\" target=\"_blank\" rel=\"noreferrer noopener\">Busca.<\/a> Selecionamos para voc\u00ea uma<a href=\"https:\/\/www.imoveldoproprietario.com.br\/imovel\/428f-casa-em-condominio-cotia-granja-viana-rua-sagitariorua-sagitario\"> Casa<\/a> mais do que espetacular: 4 su\u00edtes, 6 banheiros, piscina, 3 vagas para autom\u00f3veis em 750 m2 de \u00e1rea \u00fatil e 1.500 m2 de terreno.<strong>      <\/strong>  <img decoding=\"async\" class=\"wp-image-589\" style=\"width: 400px;\" src=\"https:\/\/www.imoveldoproprietario.com.br\/blog\/wp-content\/uploads\/2021\/03\/foto-casa-granja-viana.jpg\" alt=\"\"><\/p>\n\n\n\n<p><\/p>\n","protected":false},"excerpt":{"rendered":"<p>Quanto vale a casa do rapper Projota?<\/p>\n","protected":false},"author":2,"featured_media":0,"comment_status":"open","ping_status":"open","sticky":false,"template":"","format":"standard","meta":{"footnotes":""},"categories":[],"tags":[],"yoast_head":"<!-- This site is optimized with the Yoast SEO plugin v21.5 - https:\/\/yoast.com\/wordpress\/plugins\/seo\/ -->\n<title>Quanto vale a casa do Projota, exBBB21 ? - Jornal Im\u00f3velp<\/title>\n<meta name=\"robots\" content=\"index, follow, max-snippet:-1, max-image-preview:large, max-video-preview:-1\" \/>\n<link rel=\"canonical\" href=\"https:\/\/www.imovelp.com.br\/blog\/quanto-vale-a-casa-do-projota-exbbb21\/\" \/>\n<meta property=\"og:locale\" content=\"en_US\" \/>\n<meta property=\"og:type\" content=\"article\" \/>\n<meta property=\"og:title\" content=\"Quanto vale a casa do Projota, exBBB21 ? - Jornal Im\u00f3velp\" \/>\n<meta property=\"og:description\" content=\"Quanto vale a casa do rapper Projota?\" \/>\n<meta property=\"og:url\" content=\"https:\/\/www.imovelp.com.br\/blog\/quanto-vale-a-casa-do-projota-exbbb21\/\" \/>\n<meta property=\"og:site_name\" content=\"Jornal Im\u00f3velp\" \/>\n<meta property=\"article:published_time\" content=\"2021-03-17T18:25:48+00:00\" \/>\n<meta property=\"article:modified_time\" content=\"2021-03-18T14:05:29+00:00\" \/>\n<meta property=\"og:image\" content=\"https:\/\/www.imoveldoproprietario.com.br\/blog\/wp-content\/uploads\/2021\/03\/foto-casa-granja-viana.jpg\" \/>\n<meta name=\"author\" content=\"Marcos Monteiro\" \/>\n<meta name=\"twitter:card\" content=\"summary_large_image\" \/>\n<meta name=\"twitter:label1\" content=\"Written by\" \/>\n\t<meta name=\"twitter:data1\" content=\"Marcos Monteiro\" \/>\n\t<meta name=\"twitter:label2\" content=\"Est. reading time\" \/>\n\t<meta name=\"twitter:data2\" content=\"2 minutes\" \/>\n<script type=\"application\/ld+json\" class=\"yoast-schema-graph\">{\"@context\":\"https:\/\/schema.org\",\"@graph\":[{\"@type\":\"WebPage\",\"@id\":\"https:\/\/www.imovelp.com.br\/blog\/quanto-vale-a-casa-do-projota-exbbb21\/\",\"url\":\"https:\/\/www.imovelp.com.br\/blog\/quanto-vale-a-casa-do-projota-exbbb21\/\",\"name\":\"Quanto vale a casa do Projota, exBBB21 ? - Jornal Im\u00f3velp\",\"isPartOf\":{\"@id\":\"https:\/\/www.imovelp.com.br\/blog\/#website\"},\"datePublished\":\"2021-03-17T18:25:48+00:00\",\"dateModified\":\"2021-03-18T14:05:29+00:00\",\"author\":{\"@id\":\"https:\/\/www.imovelp.com.br\/blog\/#\/schema\/person\/8fb1cc29840aba4154ec6a52e70be40a\"},\"breadcrumb\":{\"@id\":\"https:\/\/www.imovelp.com.br\/blog\/quanto-vale-a-casa-do-projota-exbbb21\/#breadcrumb\"},\"inLanguage\":\"en-US\",\"potentialAction\":[{\"@type\":\"ReadAction\",\"target\":[\"https:\/\/www.imovelp.com.br\/blog\/quanto-vale-a-casa-do-projota-exbbb21\/\"]}]},{\"@type\":\"BreadcrumbList\",\"@id\":\"https:\/\/www.imovelp.com.br\/blog\/quanto-vale-a-casa-do-projota-exbbb21\/#breadcrumb\",\"itemListElement\":[{\"@type\":\"ListItem\",\"position\":1,\"name\":\"Home\",\"item\":\"https:\/\/www.imovelp.com.br\/blog\/\"},{\"@type\":\"ListItem\",\"position\":2,\"name\":\"Quanto vale a casa do Projota, exBBB21 ?\"}]},{\"@type\":\"WebSite\",\"@id\":\"https:\/\/www.imovelp.com.br\/blog\/#website\",\"url\":\"https:\/\/www.imovelp.com.br\/blog\/\",\"name\":\"Jornal Im\u00f3velp\",\"description\":\"Portal de Not\u00edcias do Corretor de Im\u00f3veis\",\"potentialAction\":[{\"@type\":\"SearchAction\",\"target\":{\"@type\":\"EntryPoint\",\"urlTemplate\":\"https:\/\/www.imovelp.com.br\/blog\/?s={search_term_string}\"},\"query-input\":\"required name=search_term_string\"}],\"inLanguage\":\"en-US\"},{\"@type\":\"Person\",\"@id\":\"https:\/\/www.imovelp.com.br\/blog\/#\/schema\/person\/8fb1cc29840aba4154ec6a52e70be40a\",\"name\":\"Marcos Monteiro\",\"image\":{\"@type\":\"ImageObject\",\"inLanguage\":\"en-US\",\"@id\":\"https:\/\/www.imovelp.com.br\/blog\/#\/schema\/person\/image\/\",\"url\":\"https:\/\/secure.gravatar.com\/avatar\/da25bf23c2e75965766176dcd3fc7564?s=96&d=mm&r=g\",\"contentUrl\":\"https:\/\/secure.gravatar.com\/avatar\/da25bf23c2e75965766176dcd3fc7564?s=96&d=mm&r=g\",\"caption\":\"Marcos Monteiro\"},\"url\":\"https:\/\/www.imovelp.com.br\/blog\/author\/redacao-imovelp\/\"}]}<\/script>\n<!-- \/ Yoast SEO plugin. -->","yoast_head_json":{"title":"Quanto vale a casa do Projota, exBBB21 ? - Jornal Im\u00f3velp","robots":{"index":"index","follow":"follow","max-snippet":"max-snippet:-1","max-image-preview":"max-image-preview:large","max-video-preview":"max-video-preview:-1"},"canonical":"https:\/\/www.imovelp.com.br\/blog\/quanto-vale-a-casa-do-projota-exbbb21\/","og_locale":"en_US","og_type":"article","og_title":"Quanto vale a casa do Projota, exBBB21 ? - Jornal Im\u00f3velp","og_description":"Quanto vale a casa do rapper Projota?","og_url":"https:\/\/www.imovelp.com.br\/blog\/quanto-vale-a-casa-do-projota-exbbb21\/","og_site_name":"Jornal Im\u00f3velp","article_published_time":"2021-03-17T18:25:48+00:00","article_modified_time":"2021-03-18T14:05:29+00:00","og_image":[{"url":"https:\/\/www.imoveldoproprietario.com.br\/blog\/wp-content\/uploads\/2021\/03\/foto-casa-granja-viana.jpg"}],"author":"Marcos Monteiro","twitter_card":"summary_large_image","twitter_misc":{"Written by":"Marcos Monteiro","Est. reading time":"2 minutes"},"schema":{"@context":"https:\/\/schema.org","@graph":[{"@type":"WebPage","@id":"https:\/\/www.imovelp.com.br\/blog\/quanto-vale-a-casa-do-projota-exbbb21\/","url":"https:\/\/www.imovelp.com.br\/blog\/quanto-vale-a-casa-do-projota-exbbb21\/","name":"Quanto vale a casa do Projota, exBBB21 ? - Jornal Im\u00f3velp","isPartOf":{"@id":"https:\/\/www.imovelp.com.br\/blog\/#website"},"datePublished":"2021-03-17T18:25:48+00:00","dateModified":"2021-03-18T14:05:29+00:00","author":{"@id":"https:\/\/www.imovelp.com.br\/blog\/#\/schema\/person\/8fb1cc29840aba4154ec6a52e70be40a"},"breadcrumb":{"@id":"https:\/\/www.imovelp.com.br\/blog\/quanto-vale-a-casa-do-projota-exbbb21\/#breadcrumb"},"inLanguage":"en-US","potentialAction":[{"@type":"ReadAction","target":["https:\/\/www.imovelp.com.br\/blog\/quanto-vale-a-casa-do-projota-exbbb21\/"]}]},{"@type":"BreadcrumbList","@id":"https:\/\/www.imovelp.com.br\/blog\/quanto-vale-a-casa-do-projota-exbbb21\/#breadcrumb","itemListElement":[{"@type":"ListItem","position":1,"name":"Home","item":"https:\/\/www.imovelp.com.br\/blog\/"},{"@type":"ListItem","position":2,"name":"Quanto vale a casa do Projota, exBBB21 ?"}]},{"@type":"WebSite","@id":"https:\/\/www.imovelp.com.br\/blog\/#website","url":"https:\/\/www.imovelp.com.br\/blog\/","name":"Jornal Im\u00f3velp","description":"Portal de Not\u00edcias do Corretor de Im\u00f3veis","potentialAction":[{"@type":"SearchAction","target":{"@type":"EntryPoint","urlTemplate":"https:\/\/www.imovelp.com.br\/blog\/?s={search_term_string}"},"query-input":"required name=search_term_string"}],"inLanguage":"en-US"},{"@type":"Person","@id":"https:\/\/www.imovelp.com.br\/blog\/#\/schema\/person\/8fb1cc29840aba4154ec6a52e70be40a","name":"Marcos Monteiro","image":{"@type":"ImageObject","inLanguage":"en-US","@id":"https:\/\/www.imovelp.com.br\/blog\/#\/schema\/person\/image\/","url":"https:\/\/secure.gravatar.com\/avatar\/da25bf23c2e75965766176dcd3fc7564?s=96&d=mm&r=g","contentUrl":"https:\/\/secure.gravatar.com\/avatar\/da25bf23c2e75965766176dcd3fc7564?s=96&d=mm&r=g","caption":"Marcos Monteiro"},"url":"https:\/\/www.imovelp.com.br\/blog\/author\/redacao-imovelp\/"}]}},"_links":{"self":[{"href":"https:\/\/www.imovelp.com.br\/blog\/wp-json\/wp\/v2\/posts\/573"}],"collection":[{"href":"https:\/\/www.imovelp.com.br\/blog\/wp-json\/wp\/v2\/posts"}],"about":[{"href":"https:\/\/www.imovelp.com.br\/blog\/wp-json\/wp\/v2\/types\/post"}],"author":[{"embeddable":true,"href":"https:\/\/www.imovelp.com.br\/blog\/wp-json\/wp\/v2\/users\/2"}],"replies":[{"embeddable":true,"href":"https:\/\/www.imovelp.com.br\/blog\/wp-json\/wp\/v2\/comments?post=573"}],"version-history":[{"count":16,"href":"https:\/\/www.imovelp.com.br\/blog\/wp-json\/wp\/v2\/posts\/573\/revisions"}],"predecessor-version":[{"id":601,"href":"https:\/\/www.imovelp.com.br\/blog\/wp-json\/wp\/v2\/posts\/573\/revisions\/601"}],"wp:attachment":[{"href":"https:\/\/www.imovelp.com.br\/blog\/wp-json\/wp\/v2\/media?parent=573"}],"wp:term":[{"taxonomy":"category","embeddable":true,"href":"https:\/\/www.imovelp.com.br\/blog\/wp-json\/wp\/v2\/categories?post=573"},{"taxonomy":"post_tag","embeddable":true,"href":"https:\/\/www.imovelp.com.br\/blog\/wp-json\/wp\/v2\/tags?post=573"}],"curies":[{"name":"wp","href":"https:\/\/api.w.org\/{rel}","templated":true}]}}