{"id":562,"date":"2021-03-17T16:32:17","date_gmt":"2021-03-17T16:32:17","guid":{"rendered":"https:\/\/www.imoveldoproprietario.com.br\/blog\/?p=562"},"modified":"2023-10-26T15:58:40","modified_gmt":"2023-10-26T18:58:40","slug":"dados-e-curiosidades-do-bairro-santana-sp","status":"publish","type":"post","link":"https:\/\/www.imovelp.com.br\/blog\/dados-e-curiosidades-do-bairro-santana-sp\/","title":{"rendered":"Dados e curiosidades do Bairro Santana\/SP"},"content":{"rendered":"\n<p><strong>Dados do Bairro Santana :<\/strong>&nbsp;Santana  \u00e9 um bairro do munic\u00edpio de S\u00e3o Paulo, situado na zona norte. Ele est\u00e1 no Distrito hom\u00f4nimo, tem \u00e1rea de 12,6 km2. A popula\u00e7\u00e3o \u00e9 de 118.797(2010) e sua densidade demogr\u00e1fica \u00e9 de 9.428 Hab\/Km2.<\/p>\n\n\n\n<div class=\"wp-block-image\"><figure class=\"aligncenter size-medium\"><img decoding=\"async\" src=\"https:\/\/www.imoveldoproprietario.com.br\/blog\/wp-content\/uploads\/2021\/03\/Santana-mapa-1-300x145.gif\" alt=\"Bairro Santana\/SP\" class=\"wp-image-565\"\/><figcaption>Bairro Santana\/SP<\/figcaption><\/figure><\/div>\n\n\n\n<p><strong>Curiosidades do Bairro Santana :<\/strong> A origem do bairro foi a&nbsp;<strong>Fazenda de Sant\u2019Ana,<\/strong>&nbsp;fundada pela Companhia de Jesus.  O nome da fazenda era uma homenagem a&nbsp;<strong>Santa Ana<\/strong>, m\u00e3e de Nossa Senhora e&nbsp;av\u00f3 de Jesus. Seus limites eram a partir das imedia\u00e7\u00f5es do&nbsp;Jardim da Luz, seguindo o&nbsp;Rio Guar\u00e9 (atual Tiet\u00ea)&nbsp;e terminando aproximadamente em&nbsp;Mairipor\u00e3. Ali foram estabelecidos alguns centros de planta\u00e7\u00e3o e cria\u00e7\u00e3o de animais e uma capela com a imagem de<strong>&nbsp;<\/strong>Sant\u2019Ana<strong>.<\/strong> Em 1673, tornou-se a fazenda mais importante do&nbsp;Col\u00e9gio de S\u00e3o Paulo.  Em 1821 a sede da fazenda era conhecida como&nbsp;Solar dos Andradas. Foi ali que&nbsp;Jos\u00e9 Bonif\u00e1cio de Andrada e Silva&nbsp;teria redigido&nbsp;manifesto paulista que ajudou na declara\u00e7\u00e3o do Dia do Fico&nbsp; \u2013 ato pol\u00edtico do imperador&nbsp;Dom Pedro I&nbsp;realizado no&nbsp;dia 9 de janeiro de 1822 &nbsp;que antecedeu a independ\u00eancia do Brasil em 7 de setembro do mesmo ano.<\/p>\n\n\n\n<p>Entre as principais vias de acesso encontram-se: <strong>Avenida Cruzeiro do Sul<\/strong>, que tem tr\u00eas esta\u00e7\u00f5es de metr\u00f4, al\u00e9m de muitas lojas, shopping, col\u00e9gios, museus e a Biblioteca de S\u00e3o Paulo. <strong>Rua Volunt\u00e1rios da P\u00e1tria<\/strong>, em homenagem aos soldados brasileiros que lutaram na guerra da Tr\u00edplice Alian\u00e7a ( Guerra do Paraguai) . \u00c9 uma das ruas mais importantes da Zona Norte que come\u00e7a na marginal Tiet\u00ea e vai at\u00e9 o Manadaqui. <strong>Avenida Braz Leme e  Avenida Engenheiro Caetano \u00c1lvares<\/strong> que re\u00fane diversos bares e restaurantes. <\/p>\n\n\n\n<div class=\"wp-block-image is-style-default\"><figure class=\"aligncenter size-medium\"><img decoding=\"async\" src=\"https:\/\/www.imoveldoproprietario.com.br\/blog\/wp-content\/uploads\/2021\/03\/29_fm__bairro-santana_site-tecnisa-300x225.jpg\" alt=\"\" class=\"wp-image-692\"\/><figcaption>Avenida Braz Leme &#8211; cr\u00e9dito Tecnisa <\/figcaption><\/figure><\/div>\n\n\n\n<p>Alguns dos principais pontos em destaques de Santana s\u00e3o: <strong>Parque da Juventude ,<\/strong>&nbsp;inaugurado em 2003, que substituiu o Complexo Penitenci\u00e1rio Carandiru por uma \u00e1rea de lazer e entretenimento ao ar livre. Possui ampla \u00e1rea verde, instala\u00e7\u00f5es para pr\u00e1ticas de esporte, \u00e1reas de lazer e entretenimento para pessoas de todas as idades, espa\u00e7o canino e espa\u00e7o aberto para shows e eventos. O espa\u00e7o abriga a Biblioteca de S\u00e3o Paulo, com mais de 35 mil t\u00edtulos. <strong>Aeroporto Campo de Marte, <\/strong>que opera exclusivamente com&nbsp;a avia\u00e7\u00e3o geral, taxi a\u00e9reo e executiva. Ali est\u00e1 sediado o&nbsp;Aeroclube de S\u00e3o Paulo,uma das mais antigas escolas de avia\u00e7\u00e3o civil em funcionamento no Brasil. <strong>Samb\u00f3dromo do Anhembi,<\/strong>  projetado pelo renomado&nbsp;arquiteto Oscar Niemeyer, foi inaugurado em 1991. Possui 530 metros de comprimento e 14 metros de largura. Conta com um piso de concreto estrutural antialagamento, e tem capacidade para aproximadamente 30.000 pessoas em suas arquibancadas e camarotes. <strong>Pal\u00e1cio das Conven\u00e7\u00f5es do Anhembi,<\/strong> complexo cultural-comercial localizado na Avenida Olavo Fontoura.&nbsp;S\u00e3o 400 mil metros quadrados de \u00e1rea total.  Ali ocorrem 30% dos eventos que acontecem no Brasil. Seus espa\u00e7os recebem mais de mil eventos por ano, dos mais diversos g\u00eaneros e portes. Estima-se que circulam, pelo Anhembi, mais de 10 milh\u00f5es de pessoas\/ano<\/p>\n\n\n\n<p><strong>Voc\u00ea \u00e9 propriet\u00e1rio de um im\u00f3vel em Pinheiros?&nbsp;<\/strong>Venda ou alugue mais r\u00e1pido pelo&nbsp;<a href=\"https:\/\/www.imoveldoproprietario.com.br\/\">Im\u00f3vel do Propriet\u00e1rio<\/a>. Atr\u00e1ves de um \u00fanico an\u00fancio, ele poder\u00e1 ser conectado automaticamente a mais de 15 sites e corretores especializados. Al\u00e9m disso voc\u00ea pode contratar alguns servi\u00e7os para lhe ajudar na divulga\u00e7\u00e3o do seu im\u00f3vel: an\u00e1lise pr\u00e9via documental com aplica\u00e7\u00e3o do Selo Im\u00f3vel Legal no seu an\u00fancio e fotos profissionais que ser\u00e3o destaque nos in\u00fameros classificados e sites publicados. Gostou? N\u00e3o perca tempo e anuncie. \u00c9 Gr\u00e1tis!<\/p>\n\n\n\n<div class=\"wp-block-columns alignwide is-layout-flex wp-container-2 wp-block-columns-is-layout-flex\">\n<div class=\"wp-block-column is-layout-flow wp-block-column-is-layout-flow\" style=\"flex-basis:100%\">\n<iframe loading=\"lazy\" src=\"https:\/\/imoveldoproprietario.com.br\/carrossel-blog\/todos\/todos\/sp\/sao-paulo\/santana\/de-0-a-0\/0\/0\/0\/1\/0\/100\" title=\"description\" width=\"100%\" height=\"560\"><\/iframe>\n<\/div>\n<\/div>\n","protected":false},"excerpt":{"rendered":"<p>Dados do Bairro Santana :&nbsp;Santana \u00e9 um bairro do munic\u00edpio de S\u00e3o Paulo, situado na zona norte. Ele est\u00e1 no Distrito hom\u00f4nimo, tem \u00e1rea de 12,6 km2. A popula\u00e7\u00e3o \u00e9&hellip; <\/p>\n","protected":false},"author":2,"featured_media":0,"comment_status":"open","ping_status":"open","sticky":false,"template":"","format":"standard","meta":{"footnotes":""},"categories":[8],"tags":[],"yoast_head":"<!-- This site is optimized with the Yoast SEO plugin v21.5 - https:\/\/yoast.com\/wordpress\/plugins\/seo\/ -->\n<title>Dados e curiosidades do Bairro Santana\/SP - Jornal Im\u00f3velp<\/title>\n<meta name=\"robots\" content=\"index, follow, max-snippet:-1, max-image-preview:large, max-video-preview:-1\" \/>\n<link rel=\"canonical\" href=\"https:\/\/www.imovelp.com.br\/blog\/dados-e-curiosidades-do-bairro-santana-sp\/\" \/>\n<meta property=\"og:locale\" content=\"en_US\" \/>\n<meta property=\"og:type\" content=\"article\" \/>\n<meta property=\"og:title\" content=\"Dados e curiosidades do Bairro Santana\/SP - Jornal Im\u00f3velp\" \/>\n<meta property=\"og:description\" content=\"Dados do Bairro Santana :&nbsp;Santana \u00e9 um bairro do munic\u00edpio de S\u00e3o Paulo, situado na zona norte. Ele est\u00e1 no Distrito hom\u00f4nimo, tem \u00e1rea de 12,6 km2. A popula\u00e7\u00e3o \u00e9&hellip;\" \/>\n<meta property=\"og:url\" content=\"https:\/\/www.imovelp.com.br\/blog\/dados-e-curiosidades-do-bairro-santana-sp\/\" \/>\n<meta property=\"og:site_name\" content=\"Jornal Im\u00f3velp\" \/>\n<meta property=\"article:published_time\" content=\"2021-03-17T16:32:17+00:00\" \/>\n<meta property=\"article:modified_time\" content=\"2023-10-26T18:58:40+00:00\" \/>\n<meta property=\"og:image\" content=\"https:\/\/www.imoveldoproprietario.com.br\/blog\/wp-content\/uploads\/2021\/03\/Santana-mapa-1-300x145.gif\" \/>\n<meta name=\"author\" content=\"Marcos Monteiro\" \/>\n<meta name=\"twitter:card\" content=\"summary_large_image\" \/>\n<meta name=\"twitter:label1\" content=\"Written by\" \/>\n\t<meta name=\"twitter:data1\" content=\"Marcos Monteiro\" \/>\n\t<meta name=\"twitter:label2\" content=\"Est. reading time\" \/>\n\t<meta name=\"twitter:data2\" content=\"3 minutes\" \/>\n<script type=\"application\/ld+json\" class=\"yoast-schema-graph\">{\"@context\":\"https:\/\/schema.org\",\"@graph\":[{\"@type\":\"WebPage\",\"@id\":\"https:\/\/www.imovelp.com.br\/blog\/dados-e-curiosidades-do-bairro-santana-sp\/\",\"url\":\"https:\/\/www.imovelp.com.br\/blog\/dados-e-curiosidades-do-bairro-santana-sp\/\",\"name\":\"Dados e curiosidades do Bairro Santana\/SP - Jornal Im\u00f3velp\",\"isPartOf\":{\"@id\":\"https:\/\/www.imovelp.com.br\/blog\/#website\"},\"datePublished\":\"2021-03-17T16:32:17+00:00\",\"dateModified\":\"2023-10-26T18:58:40+00:00\",\"author\":{\"@id\":\"https:\/\/www.imovelp.com.br\/blog\/#\/schema\/person\/8fb1cc29840aba4154ec6a52e70be40a\"},\"breadcrumb\":{\"@id\":\"https:\/\/www.imovelp.com.br\/blog\/dados-e-curiosidades-do-bairro-santana-sp\/#breadcrumb\"},\"inLanguage\":\"en-US\",\"potentialAction\":[{\"@type\":\"ReadAction\",\"target\":[\"https:\/\/www.imovelp.com.br\/blog\/dados-e-curiosidades-do-bairro-santana-sp\/\"]}]},{\"@type\":\"BreadcrumbList\",\"@id\":\"https:\/\/www.imovelp.com.br\/blog\/dados-e-curiosidades-do-bairro-santana-sp\/#breadcrumb\",\"itemListElement\":[{\"@type\":\"ListItem\",\"position\":1,\"name\":\"Home\",\"item\":\"https:\/\/www.imovelp.com.br\/blog\/\"},{\"@type\":\"ListItem\",\"position\":2,\"name\":\"Dados e curiosidades do Bairro Santana\/SP\"}]},{\"@type\":\"WebSite\",\"@id\":\"https:\/\/www.imovelp.com.br\/blog\/#website\",\"url\":\"https:\/\/www.imovelp.com.br\/blog\/\",\"name\":\"Jornal Im\u00f3velp\",\"description\":\"Portal de Not\u00edcias do Corretor de Im\u00f3veis\",\"potentialAction\":[{\"@type\":\"SearchAction\",\"target\":{\"@type\":\"EntryPoint\",\"urlTemplate\":\"https:\/\/www.imovelp.com.br\/blog\/?s={search_term_string}\"},\"query-input\":\"required name=search_term_string\"}],\"inLanguage\":\"en-US\"},{\"@type\":\"Person\",\"@id\":\"https:\/\/www.imovelp.com.br\/blog\/#\/schema\/person\/8fb1cc29840aba4154ec6a52e70be40a\",\"name\":\"Marcos Monteiro\",\"image\":{\"@type\":\"ImageObject\",\"inLanguage\":\"en-US\",\"@id\":\"https:\/\/www.imovelp.com.br\/blog\/#\/schema\/person\/image\/\",\"url\":\"https:\/\/secure.gravatar.com\/avatar\/da25bf23c2e75965766176dcd3fc7564?s=96&d=mm&r=g\",\"contentUrl\":\"https:\/\/secure.gravatar.com\/avatar\/da25bf23c2e75965766176dcd3fc7564?s=96&d=mm&r=g\",\"caption\":\"Marcos Monteiro\"},\"url\":\"https:\/\/www.imovelp.com.br\/blog\/author\/redacao-imovelp\/\"}]}<\/script>\n<!-- \/ Yoast SEO plugin. -->","yoast_head_json":{"title":"Dados e curiosidades do Bairro Santana\/SP - Jornal Im\u00f3velp","robots":{"index":"index","follow":"follow","max-snippet":"max-snippet:-1","max-image-preview":"max-image-preview:large","max-video-preview":"max-video-preview:-1"},"canonical":"https:\/\/www.imovelp.com.br\/blog\/dados-e-curiosidades-do-bairro-santana-sp\/","og_locale":"en_US","og_type":"article","og_title":"Dados e curiosidades do Bairro Santana\/SP - Jornal Im\u00f3velp","og_description":"Dados do Bairro Santana :&nbsp;Santana \u00e9 um bairro do munic\u00edpio de S\u00e3o Paulo, situado na zona norte. Ele est\u00e1 no Distrito hom\u00f4nimo, tem \u00e1rea de 12,6 km2. A popula\u00e7\u00e3o \u00e9&hellip;","og_url":"https:\/\/www.imovelp.com.br\/blog\/dados-e-curiosidades-do-bairro-santana-sp\/","og_site_name":"Jornal Im\u00f3velp","article_published_time":"2021-03-17T16:32:17+00:00","article_modified_time":"2023-10-26T18:58:40+00:00","og_image":[{"url":"https:\/\/www.imoveldoproprietario.com.br\/blog\/wp-content\/uploads\/2021\/03\/Santana-mapa-1-300x145.gif"}],"author":"Marcos Monteiro","twitter_card":"summary_large_image","twitter_misc":{"Written by":"Marcos Monteiro","Est. reading time":"3 minutes"},"schema":{"@context":"https:\/\/schema.org","@graph":[{"@type":"WebPage","@id":"https:\/\/www.imovelp.com.br\/blog\/dados-e-curiosidades-do-bairro-santana-sp\/","url":"https:\/\/www.imovelp.com.br\/blog\/dados-e-curiosidades-do-bairro-santana-sp\/","name":"Dados e curiosidades do Bairro Santana\/SP - Jornal Im\u00f3velp","isPartOf":{"@id":"https:\/\/www.imovelp.com.br\/blog\/#website"},"datePublished":"2021-03-17T16:32:17+00:00","dateModified":"2023-10-26T18:58:40+00:00","author":{"@id":"https:\/\/www.imovelp.com.br\/blog\/#\/schema\/person\/8fb1cc29840aba4154ec6a52e70be40a"},"breadcrumb":{"@id":"https:\/\/www.imovelp.com.br\/blog\/dados-e-curiosidades-do-bairro-santana-sp\/#breadcrumb"},"inLanguage":"en-US","potentialAction":[{"@type":"ReadAction","target":["https:\/\/www.imovelp.com.br\/blog\/dados-e-curiosidades-do-bairro-santana-sp\/"]}]},{"@type":"BreadcrumbList","@id":"https:\/\/www.imovelp.com.br\/blog\/dados-e-curiosidades-do-bairro-santana-sp\/#breadcrumb","itemListElement":[{"@type":"ListItem","position":1,"name":"Home","item":"https:\/\/www.imovelp.com.br\/blog\/"},{"@type":"ListItem","position":2,"name":"Dados e curiosidades do Bairro Santana\/SP"}]},{"@type":"WebSite","@id":"https:\/\/www.imovelp.com.br\/blog\/#website","url":"https:\/\/www.imovelp.com.br\/blog\/","name":"Jornal Im\u00f3velp","description":"Portal de Not\u00edcias do Corretor de Im\u00f3veis","potentialAction":[{"@type":"SearchAction","target":{"@type":"EntryPoint","urlTemplate":"https:\/\/www.imovelp.com.br\/blog\/?s={search_term_string}"},"query-input":"required name=search_term_string"}],"inLanguage":"en-US"},{"@type":"Person","@id":"https:\/\/www.imovelp.com.br\/blog\/#\/schema\/person\/8fb1cc29840aba4154ec6a52e70be40a","name":"Marcos Monteiro","image":{"@type":"ImageObject","inLanguage":"en-US","@id":"https:\/\/www.imovelp.com.br\/blog\/#\/schema\/person\/image\/","url":"https:\/\/secure.gravatar.com\/avatar\/da25bf23c2e75965766176dcd3fc7564?s=96&d=mm&r=g","contentUrl":"https:\/\/secure.gravatar.com\/avatar\/da25bf23c2e75965766176dcd3fc7564?s=96&d=mm&r=g","caption":"Marcos Monteiro"},"url":"https:\/\/www.imovelp.com.br\/blog\/author\/redacao-imovelp\/"}]}},"_links":{"self":[{"href":"https:\/\/www.imovelp.com.br\/blog\/wp-json\/wp\/v2\/posts\/562"}],"collection":[{"href":"https:\/\/www.imovelp.com.br\/blog\/wp-json\/wp\/v2\/posts"}],"about":[{"href":"https:\/\/www.imovelp.com.br\/blog\/wp-json\/wp\/v2\/types\/post"}],"author":[{"embeddable":true,"href":"https:\/\/www.imovelp.com.br\/blog\/wp-json\/wp\/v2\/users\/2"}],"replies":[{"embeddable":true,"href":"https:\/\/www.imovelp.com.br\/blog\/wp-json\/wp\/v2\/comments?post=562"}],"version-history":[{"count":12,"href":"https:\/\/www.imovelp.com.br\/blog\/wp-json\/wp\/v2\/posts\/562\/revisions"}],"predecessor-version":[{"id":1558,"href":"https:\/\/www.imovelp.com.br\/blog\/wp-json\/wp\/v2\/posts\/562\/revisions\/1558"}],"wp:attachment":[{"href":"https:\/\/www.imovelp.com.br\/blog\/wp-json\/wp\/v2\/media?parent=562"}],"wp:term":[{"taxonomy":"category","embeddable":true,"href":"https:\/\/www.imovelp.com.br\/blog\/wp-json\/wp\/v2\/categories?post=562"},{"taxonomy":"post_tag","embeddable":true,"href":"https:\/\/www.imovelp.com.br\/blog\/wp-json\/wp\/v2\/tags?post=562"}],"curies":[{"name":"wp","href":"https:\/\/api.w.org\/{rel}","templated":true}]}}