{"id":528,"date":"2021-03-14T14:49:21","date_gmt":"2021-03-14T14:49:21","guid":{"rendered":"https:\/\/www.imoveldoproprietario.com.br\/blog\/?p=528"},"modified":"2023-10-26T15:58:44","modified_gmt":"2023-10-26T18:58:44","slug":"dados-e-curiosidades-do-bairro-pinheiros-sp","status":"publish","type":"post","link":"https:\/\/www.imovelp.com.br\/blog\/dados-e-curiosidades-do-bairro-pinheiros-sp\/","title":{"rendered":"Dados e curiosidades do Bairro Pinheiros\/SP"},"content":{"rendered":"\n<p><strong>Dados do Bairro Pinheiros :<\/strong>&nbsp;Pinheiros \u00e9 um bairro do munic\u00edpio de S\u00e3o Paulo, situado na zona oeste. Tem ampla cobertura dos transportes p\u00fablicos, principalmente com a presen\u00e7a da Esta\u00e7\u00e3o Pinheiros que \u00e9 um intercambiador de transportes de S\u00e3o Paulo em que confluem a Linha 4\u2013Amarela do Metr\u00f4, a Linha 9\u2013Esmeralda da CPTM e um terminal urbano. Ele est\u00e1 no Distrito hom\u00f4nimo, tem \u00e1rea de 8 km2. A popula\u00e7\u00e3o \u00e9 de 65.364 (2010) e sua densidade demogr\u00e1fica \u00e9 de 8.171 Hab\/Km2).<\/p>\n\n\n\n<div class=\"wp-block-image is-style-default\"><figure class=\"aligncenter size-medium\"><img decoding=\"async\" src=\"https:\/\/www.imoveldoproprietario.com.br\/blog\/wp-content\/uploads\/2021\/03\/Pinheiros-mapa-300x180.gif\" alt=\"Bairro Pinheiros\/SP\" class=\"wp-image-529\"\/><figcaption>Bairro Pinheiros\/SP<\/figcaption><\/figure><\/div>\n\n\n\n<p><strong>Curiosidades do Bairro Pinheiros :<\/strong><\/p>\n\n\n\n<p>Considerado por muitos o bairro mais antigo da metr\u00f3pole, ele nasceu ao longo do rio Pinheiros.<\/p>\n\n\n\n<p>A semente do bairro que conhecemos hoje surgiu em 1562 quando, ap\u00f3s fracassarem no grande ataque a S\u00e3o Paulo, os \u00edndios deixaram Piratininga e se estabeleceram onde, hoje, est\u00e1 o Largo da Batata. &nbsp;Vale a curiosidade que os \u00edndios s\u00f3 desistiram de retomar as terras depois que os portugueses ergueram o forte de Embua\u00e7ava, \u00e0s margens do Rio Tiet\u00ea, perto da foz do Rio Pinheiros.<\/p>\n\n\n\n<p>Alguns dos principais pontos em destaques de Pinheiros s\u00e3o: <strong> Instituto Tomie Ohtake<\/strong>,  o legado da artista nipo-brasileira Tomie Ohtake est\u00e1 no seu instituto dedicado \u00e0 arte, arquitetura e design. Desde a sua funda\u00e7\u00e3o em 2001, o Instituto Tomie Ohtake j\u00e1 recebeu mostras de artistas como Joan Mir\u00f3, Pablo Picasso e Frida Kahlo. O pr\u00e9dio \u00e9 sensacional com a fachada pintada pela pr\u00f3pria Tomie. <strong>Pra\u00e7a Benedito Calixto, <\/strong>tem feirinha local aos s\u00e1bados pela manh\u00e3 e \u00e9 recheada de lojas bacanas, m\u00fasica boa e barracas que vendem comida de todos os tipos. <strong>Pra\u00e7a do P\u00f4r do Sol, <\/strong>\u00e9 a Pra\u00e7a Coronel Cust\u00f3dio Fernandes Pinheiro e \u00e9 um lugar especial para apreciar o p\u00f4r do sol.  Sua \u00e1rea \u00e9 de aproximadamente 31.000 m\u00b2 e h\u00e1 inten\u00e7\u00e3o da Prefeitura de S\u00e3o Paulo em transform\u00e1-la num parque municipal. Com a mudan\u00e7a, ela deixaria de ser administrada pela Subprefeitura de Pinheiros e ficaria aos cuidados da Secretaria Municipal do Verde e do Meio Ambiente. <strong>Shoppings Iguatemi e Eldorado<\/strong>, o shopping Iguatemi foi o primeiro shopping constru\u00eddo no pa\u00eds, o empreendimento consolidou-se com um importante polo de consumo, lazer e entretenimento, foi inaugurado em 1966 num terreno de 41.098m2 e tem um total de 302 lojas. O shopping Eldorado foi inaugurado em 1981, o terceiro shopping em S\u00e3o Paulo, e tem 304 lojas. Desde ent\u00e3o vem realizando investimentos para oferecer um ambiente agrad\u00e1vel e op\u00e7\u00f5es variadas aos seus clientes, como a academia Bodytech, a maior academia indoor da Am\u00e9rica Latina e que ocupa uma \u00e1rea de 9 mil m\u00b2.  <strong>Mercado Municipal de Pinherios<\/strong>, foi inaugurado em 1910 e, naquela \u00e9poca, era conhecido como \u201cMercado dos Caipiras\u201c, por agrupar comerciantes e produtores do interior do estado. O pr\u00e9dio original foi derrubado algumas d\u00e9cadas depois, por conta da constru\u00e7\u00e3o da Avenida Brigadeiro Faria Lima. J\u00e1 o pr\u00e9dio novo, no endere\u00e7o atual, s\u00f3 abriu as portas em 1971,<strong> Largo da Batata<\/strong>, lugar que deu origem ao bairro, abrigava o Mercado Municipal de Pinheiros e um entreposto onde imigrantes japoneses vendiam batatas. Passou por diversas obras de revitaliza\u00e7\u00e3o recentemente, onde foram encontrados cerca de 20 mil objetos considerados achados arqueol\u00f3gicos, dentre eles est\u00e3o: lou\u00e7as, porcelanas, garrafas de vinho e u\u00edsque importados e cerveja holandesa do s\u00e9culo 19, <strong>Rua Teodoro Sampaio<\/strong>, principal corredor comercial do bairro de Pinheiros, existe desde finais do s\u00e9culo XIX e fazia parte do loteamento Vila Cerqueira C\u00e9sar. Seu primeiro nome foi Pedro Vicente. Come\u00e7ava na Rua Arruda Alvim &nbsp;e terminava nas proximidades da Rua Joaquim Antunes. O novo nome s\u00f3 seria oficializado em 24 de agosto de 1916 e homenageou&nbsp;o engenheiro, ge\u00f3grafo, historiador e pol\u00edtico baiano Teodoro Fernandes Sampaio (1855-1937), filho de uma escrava e de um padre. Posteriormente, a sua extens\u00e3o foi aumentada para os atuais 3 quil\u00f4metros, come\u00e7ando na Avenida Dr. Arnaldo e terminando na Rua Fern\u00e3o Dias. A Teodoro Sampaio tem uma esta\u00e7\u00e3o da Linha 2-Verde do Metr\u00f4 numa das pontas (Cl\u00ednicas) e uma da Linha 4-Amarela na outra (Faria Lima).<\/p>\n\n\n\n<div class=\"wp-block-image is-style-default\"><figure class=\"aligncenter size-medium\"><img decoding=\"async\" src=\"https:\/\/www.imoveldoproprietario.com.br\/blog\/wp-content\/uploads\/2021\/03\/242624-pinheiros-em-sao-paulo-entenda-por-que-morar-la_agulha-no-celeiro-300x203.jpg\" alt=\"\" class=\"wp-image-705\"\/><figcaption>Cr\u00e9dito: blog Agulha no Celeiro<\/figcaption><\/figure><\/div>\n\n\n\n<p><strong>Voc\u00ea \u00e9 propriet\u00e1rio de um im\u00f3vel em Pinheiros?&nbsp;<\/strong>Venda ou alugue mais r\u00e1pido pelo&nbsp;<a href=\"https:\/\/www.imoveldoproprietario.com.br\/\">Im\u00f3vel do Propriet\u00e1rio<\/a>. Atr\u00e1ves de um \u00fanico an\u00fancio, ele poder\u00e1 ser conectado automaticamente a mais de 15 sites e corretores especializados. Al\u00e9m disso voc\u00ea pode contratar alguns servi\u00e7os para lhe ajudar na divulga\u00e7\u00e3o do seu im\u00f3vel: an\u00e1lise pr\u00e9via documental com aplica\u00e7\u00e3o do Selo Im\u00f3vel Legal no seu an\u00fancio e fotos profissionais que ser\u00e3o destaque nos in\u00fameros classificados e sites publicados. Gostou? N\u00e3o perca tempo e anuncie. \u00c9 Gr\u00e1tis!<\/p>\n\n\n\n<iframe loading=\"lazy\" src=\"https:\/\/imoveldoproprietario.com.br\/carrossel-blog\/todos\/todos\/sp\/sao-paulo\/pinheiros\/de-0-a-0\/0\/0\/0\/1\/0\/100\" title=\"description\" width=\"100%\" height=\"560\"><\/iframe>\n","protected":false},"excerpt":{"rendered":"<p>Dados do Bairro Pinheiros :&nbsp;Pinheiros \u00e9 um bairro do munic\u00edpio de S\u00e3o Paulo, situado na zona oeste. Tem ampla cobertura dos transportes p\u00fablicos, principalmente com a presen\u00e7a da Esta\u00e7\u00e3o Pinheiros&hellip; <\/p>\n","protected":false},"author":2,"featured_media":0,"comment_status":"open","ping_status":"open","sticky":false,"template":"","format":"standard","meta":{"footnotes":""},"categories":[8],"tags":[],"yoast_head":"<!-- This site is optimized with the Yoast SEO plugin v21.5 - https:\/\/yoast.com\/wordpress\/plugins\/seo\/ -->\n<title>Dados e curiosidades do Bairro Pinheiros\/SP - Jornal Im\u00f3velp<\/title>\n<meta name=\"robots\" content=\"index, follow, max-snippet:-1, max-image-preview:large, max-video-preview:-1\" \/>\n<link rel=\"canonical\" href=\"https:\/\/www.imovelp.com.br\/blog\/dados-e-curiosidades-do-bairro-pinheiros-sp\/\" \/>\n<meta property=\"og:locale\" content=\"en_US\" \/>\n<meta property=\"og:type\" content=\"article\" \/>\n<meta property=\"og:title\" content=\"Dados e curiosidades do Bairro Pinheiros\/SP - Jornal Im\u00f3velp\" \/>\n<meta property=\"og:description\" content=\"Dados do Bairro Pinheiros :&nbsp;Pinheiros \u00e9 um bairro do munic\u00edpio de S\u00e3o Paulo, situado na zona oeste. Tem ampla cobertura dos transportes p\u00fablicos, principalmente com a presen\u00e7a da Esta\u00e7\u00e3o Pinheiros&hellip;\" \/>\n<meta property=\"og:url\" content=\"https:\/\/www.imovelp.com.br\/blog\/dados-e-curiosidades-do-bairro-pinheiros-sp\/\" \/>\n<meta property=\"og:site_name\" content=\"Jornal Im\u00f3velp\" \/>\n<meta property=\"article:published_time\" content=\"2021-03-14T14:49:21+00:00\" \/>\n<meta property=\"article:modified_time\" content=\"2023-10-26T18:58:44+00:00\" \/>\n<meta property=\"og:image\" content=\"https:\/\/www.imoveldoproprietario.com.br\/blog\/wp-content\/uploads\/2021\/03\/Pinheiros-mapa-300x180.gif\" \/>\n<meta name=\"author\" content=\"Marcos Monteiro\" \/>\n<meta name=\"twitter:card\" content=\"summary_large_image\" \/>\n<meta name=\"twitter:label1\" content=\"Written by\" \/>\n\t<meta name=\"twitter:data1\" content=\"Marcos Monteiro\" \/>\n\t<meta name=\"twitter:label2\" content=\"Est. reading time\" \/>\n\t<meta name=\"twitter:data2\" content=\"4 minutes\" \/>\n<script type=\"application\/ld+json\" class=\"yoast-schema-graph\">{\"@context\":\"https:\/\/schema.org\",\"@graph\":[{\"@type\":\"WebPage\",\"@id\":\"https:\/\/www.imovelp.com.br\/blog\/dados-e-curiosidades-do-bairro-pinheiros-sp\/\",\"url\":\"https:\/\/www.imovelp.com.br\/blog\/dados-e-curiosidades-do-bairro-pinheiros-sp\/\",\"name\":\"Dados e curiosidades do Bairro Pinheiros\/SP - Jornal Im\u00f3velp\",\"isPartOf\":{\"@id\":\"https:\/\/www.imovelp.com.br\/blog\/#website\"},\"datePublished\":\"2021-03-14T14:49:21+00:00\",\"dateModified\":\"2023-10-26T18:58:44+00:00\",\"author\":{\"@id\":\"https:\/\/www.imovelp.com.br\/blog\/#\/schema\/person\/8fb1cc29840aba4154ec6a52e70be40a\"},\"breadcrumb\":{\"@id\":\"https:\/\/www.imovelp.com.br\/blog\/dados-e-curiosidades-do-bairro-pinheiros-sp\/#breadcrumb\"},\"inLanguage\":\"en-US\",\"potentialAction\":[{\"@type\":\"ReadAction\",\"target\":[\"https:\/\/www.imovelp.com.br\/blog\/dados-e-curiosidades-do-bairro-pinheiros-sp\/\"]}]},{\"@type\":\"BreadcrumbList\",\"@id\":\"https:\/\/www.imovelp.com.br\/blog\/dados-e-curiosidades-do-bairro-pinheiros-sp\/#breadcrumb\",\"itemListElement\":[{\"@type\":\"ListItem\",\"position\":1,\"name\":\"Home\",\"item\":\"https:\/\/www.imovelp.com.br\/blog\/\"},{\"@type\":\"ListItem\",\"position\":2,\"name\":\"Dados e curiosidades do Bairro Pinheiros\/SP\"}]},{\"@type\":\"WebSite\",\"@id\":\"https:\/\/www.imovelp.com.br\/blog\/#website\",\"url\":\"https:\/\/www.imovelp.com.br\/blog\/\",\"name\":\"Jornal Im\u00f3velp\",\"description\":\"Portal de Not\u00edcias do Corretor de Im\u00f3veis\",\"potentialAction\":[{\"@type\":\"SearchAction\",\"target\":{\"@type\":\"EntryPoint\",\"urlTemplate\":\"https:\/\/www.imovelp.com.br\/blog\/?s={search_term_string}\"},\"query-input\":\"required name=search_term_string\"}],\"inLanguage\":\"en-US\"},{\"@type\":\"Person\",\"@id\":\"https:\/\/www.imovelp.com.br\/blog\/#\/schema\/person\/8fb1cc29840aba4154ec6a52e70be40a\",\"name\":\"Marcos Monteiro\",\"image\":{\"@type\":\"ImageObject\",\"inLanguage\":\"en-US\",\"@id\":\"https:\/\/www.imovelp.com.br\/blog\/#\/schema\/person\/image\/\",\"url\":\"https:\/\/secure.gravatar.com\/avatar\/da25bf23c2e75965766176dcd3fc7564?s=96&d=mm&r=g\",\"contentUrl\":\"https:\/\/secure.gravatar.com\/avatar\/da25bf23c2e75965766176dcd3fc7564?s=96&d=mm&r=g\",\"caption\":\"Marcos Monteiro\"},\"url\":\"https:\/\/www.imovelp.com.br\/blog\/author\/redacao-imovelp\/\"}]}<\/script>\n<!-- \/ Yoast SEO plugin. -->","yoast_head_json":{"title":"Dados e curiosidades do Bairro Pinheiros\/SP - Jornal Im\u00f3velp","robots":{"index":"index","follow":"follow","max-snippet":"max-snippet:-1","max-image-preview":"max-image-preview:large","max-video-preview":"max-video-preview:-1"},"canonical":"https:\/\/www.imovelp.com.br\/blog\/dados-e-curiosidades-do-bairro-pinheiros-sp\/","og_locale":"en_US","og_type":"article","og_title":"Dados e curiosidades do Bairro Pinheiros\/SP - Jornal Im\u00f3velp","og_description":"Dados do Bairro Pinheiros :&nbsp;Pinheiros \u00e9 um bairro do munic\u00edpio de S\u00e3o Paulo, situado na zona oeste. Tem ampla cobertura dos transportes p\u00fablicos, principalmente com a presen\u00e7a da Esta\u00e7\u00e3o Pinheiros&hellip;","og_url":"https:\/\/www.imovelp.com.br\/blog\/dados-e-curiosidades-do-bairro-pinheiros-sp\/","og_site_name":"Jornal Im\u00f3velp","article_published_time":"2021-03-14T14:49:21+00:00","article_modified_time":"2023-10-26T18:58:44+00:00","og_image":[{"url":"https:\/\/www.imoveldoproprietario.com.br\/blog\/wp-content\/uploads\/2021\/03\/Pinheiros-mapa-300x180.gif"}],"author":"Marcos Monteiro","twitter_card":"summary_large_image","twitter_misc":{"Written by":"Marcos Monteiro","Est. reading time":"4 minutes"},"schema":{"@context":"https:\/\/schema.org","@graph":[{"@type":"WebPage","@id":"https:\/\/www.imovelp.com.br\/blog\/dados-e-curiosidades-do-bairro-pinheiros-sp\/","url":"https:\/\/www.imovelp.com.br\/blog\/dados-e-curiosidades-do-bairro-pinheiros-sp\/","name":"Dados e curiosidades do Bairro Pinheiros\/SP - Jornal Im\u00f3velp","isPartOf":{"@id":"https:\/\/www.imovelp.com.br\/blog\/#website"},"datePublished":"2021-03-14T14:49:21+00:00","dateModified":"2023-10-26T18:58:44+00:00","author":{"@id":"https:\/\/www.imovelp.com.br\/blog\/#\/schema\/person\/8fb1cc29840aba4154ec6a52e70be40a"},"breadcrumb":{"@id":"https:\/\/www.imovelp.com.br\/blog\/dados-e-curiosidades-do-bairro-pinheiros-sp\/#breadcrumb"},"inLanguage":"en-US","potentialAction":[{"@type":"ReadAction","target":["https:\/\/www.imovelp.com.br\/blog\/dados-e-curiosidades-do-bairro-pinheiros-sp\/"]}]},{"@type":"BreadcrumbList","@id":"https:\/\/www.imovelp.com.br\/blog\/dados-e-curiosidades-do-bairro-pinheiros-sp\/#breadcrumb","itemListElement":[{"@type":"ListItem","position":1,"name":"Home","item":"https:\/\/www.imovelp.com.br\/blog\/"},{"@type":"ListItem","position":2,"name":"Dados e curiosidades do Bairro Pinheiros\/SP"}]},{"@type":"WebSite","@id":"https:\/\/www.imovelp.com.br\/blog\/#website","url":"https:\/\/www.imovelp.com.br\/blog\/","name":"Jornal Im\u00f3velp","description":"Portal de Not\u00edcias do Corretor de Im\u00f3veis","potentialAction":[{"@type":"SearchAction","target":{"@type":"EntryPoint","urlTemplate":"https:\/\/www.imovelp.com.br\/blog\/?s={search_term_string}"},"query-input":"required name=search_term_string"}],"inLanguage":"en-US"},{"@type":"Person","@id":"https:\/\/www.imovelp.com.br\/blog\/#\/schema\/person\/8fb1cc29840aba4154ec6a52e70be40a","name":"Marcos Monteiro","image":{"@type":"ImageObject","inLanguage":"en-US","@id":"https:\/\/www.imovelp.com.br\/blog\/#\/schema\/person\/image\/","url":"https:\/\/secure.gravatar.com\/avatar\/da25bf23c2e75965766176dcd3fc7564?s=96&d=mm&r=g","contentUrl":"https:\/\/secure.gravatar.com\/avatar\/da25bf23c2e75965766176dcd3fc7564?s=96&d=mm&r=g","caption":"Marcos Monteiro"},"url":"https:\/\/www.imovelp.com.br\/blog\/author\/redacao-imovelp\/"}]}},"_links":{"self":[{"href":"https:\/\/www.imovelp.com.br\/blog\/wp-json\/wp\/v2\/posts\/528"}],"collection":[{"href":"https:\/\/www.imovelp.com.br\/blog\/wp-json\/wp\/v2\/posts"}],"about":[{"href":"https:\/\/www.imovelp.com.br\/blog\/wp-json\/wp\/v2\/types\/post"}],"author":[{"embeddable":true,"href":"https:\/\/www.imovelp.com.br\/blog\/wp-json\/wp\/v2\/users\/2"}],"replies":[{"embeddable":true,"href":"https:\/\/www.imovelp.com.br\/blog\/wp-json\/wp\/v2\/comments?post=528"}],"version-history":[{"count":12,"href":"https:\/\/www.imovelp.com.br\/blog\/wp-json\/wp\/v2\/posts\/528\/revisions"}],"predecessor-version":[{"id":1040,"href":"https:\/\/www.imovelp.com.br\/blog\/wp-json\/wp\/v2\/posts\/528\/revisions\/1040"}],"wp:attachment":[{"href":"https:\/\/www.imovelp.com.br\/blog\/wp-json\/wp\/v2\/media?parent=528"}],"wp:term":[{"taxonomy":"category","embeddable":true,"href":"https:\/\/www.imovelp.com.br\/blog\/wp-json\/wp\/v2\/categories?post=528"},{"taxonomy":"post_tag","embeddable":true,"href":"https:\/\/www.imovelp.com.br\/blog\/wp-json\/wp\/v2\/tags?post=528"}],"curies":[{"name":"wp","href":"https:\/\/api.w.org\/{rel}","templated":true}]}}