{"id":401,"date":"2020-07-07T16:07:37","date_gmt":"2020-07-07T16:07:37","guid":{"rendered":"https:\/\/www.imoveldoproprietario.com.br\/blog\/?p=401"},"modified":"2020-07-07T20:26:33","modified_gmt":"2020-07-07T20:26:33","slug":"especialistas-mostram-como-usar-tapetes-sem-se-preocupar-com-manchas-ou-acumulo-de-po","status":"publish","type":"post","link":"https:\/\/www.imovelp.com.br\/blog\/especialistas-mostram-como-usar-tapetes-sem-se-preocupar-com-manchas-ou-acumulo-de-po\/","title":{"rendered":"Especialistas mostram como usar tapetes sem se preocupar com as manchas ou ac\u00famulo de p\u00f3"},"content":{"rendered":"\n<h2 class=\"wp-block-heading\"><em>Veja as tend\u00eancias da decora\u00e7\u00e3o e anote dicas para manter tapetes e carpetes limpos e conservados<\/em><\/h2>\n\n\n\n<div class=\"wp-block-image\"><figure class=\"alignright size-large\"><img decoding=\"async\" src=\"https:\/\/www.imoveldoproprietario.com.br\/blog\/wp-content\/uploads\/2020\/07\/Tapete-1.jpg\" alt=\"\" class=\"wp-image-405\"\/><figcaption>Foto Divulga\u00e7\u00e3o<\/figcaption><\/figure><\/div>\n\n\n\n<p>Com a chegada do inverno, a casa pede um clima mais aconchegante e acolhedor. Para compor essa decora\u00e7\u00e3o prop\u00edcia \u00e0s noites regadas a pipoca e bons filmes, nada melhor do que tapetes felpudos e macios.<\/p>\n\n\n\n<p>Na decora\u00e7\u00e3o, n\u00e3o existem mais regras, mas h\u00e1 truques que nunca falham. Quando se tem um ambiente grande, o tapete ajuda a delimitar o espa\u00e7o. Os claros s\u00e3o um convite \u00e0 sujeira aparente, mas cores mais escuras d\u00e3o um clima aconchegante ao ambiente e ainda camuflam as marcas de pegadas das visitas. Tecidos quentes, pesados e luxuosos, como veludo, pele, camur\u00e7a, pelo, malha, flanela, l\u00e3, chenille e tweed, s\u00e3o agrad\u00e1veis ao toque e ajudam a deixar os c\u00f4modos mais charmosos e confort\u00e1veis.<\/p>\n\n\n\n<p>Embora pare\u00e7a algo bastante ultrapassado, tamb\u00e9m os carpetes podem ser op\u00e7\u00e3o para quem quer modernizar. Os de fios sint\u00e9ticos s\u00e3o muito utilizados em home theaters e escrit\u00f3rios, pois s\u00e3o antial\u00e9rgicos e protegidos contra o fogo. Feiras dedicadas ao lar mostraram neste ano como se pode brincar com a ilus\u00e3o de \u00f3tica. Entre as novidades, foram expostos carpetes que imitam piso de pedras.<\/p>\n\n\n\n<div class=\"wp-block-image\"><figure class=\"alignleft size-large\"><img decoding=\"async\" src=\"https:\/\/www.imoveldoproprietario.com.br\/blog\/wp-content\/uploads\/2020\/07\/Tapete2.jpg\" alt=\"\" class=\"wp-image-406\"\/><figcaption>Foto Divulga\u00e7\u00e3o<\/figcaption><\/figure><\/div>\n\n\n\n<p>O&nbsp;corredor&nbsp;\u00e9 apenas uma&nbsp;passagem, mas pode somar muitos pontos a favor da decora\u00e7\u00e3o&nbsp;da casa. J\u00e1 que n\u00e3o \u00e9 um ambiente onde as pessoas ficam por muito tempo, pode-se abusar das cores, at\u00e9 mesmo as escuras. Embora os tapetes n\u00e3o sejam muito indicados para o local devido ao risco de acidentes, se o comprimento da pe\u00e7a for do tamanho do&nbsp;corredor, o resultado se torna interessante e seguro. O arquiteto Diogo Monteiro d\u00e1 mais uma dica: \u201ctrabalhar com focos de luz no ch\u00e3o quebra a monotonia do lugar e evidencia o piso\u201d.<\/p>\n\n\n\n<div class=\"wp-block-image\"><figure class=\"aligncenter size-large\"><img decoding=\"async\" src=\"https:\/\/www.imoveldoproprietario.com.br\/blog\/wp-content\/uploads\/2020\/07\/Tapete3.jpg\" alt=\"\" class=\"wp-image-407\"\/><figcaption>Foto Divulga\u00e7\u00e3o<br><\/figcaption><\/figure><\/div>\n\n\n\n<p>M\u00e1rcia Bergmann, s\u00f3cia da Avanti Tapetes, alerta para alguns cuidados especiais para conservar o seu tapete novinho por mais tempo. \u201cN\u00e3o se deve escov\u00e1-lo, porque uma cerda dura pode danificar o produto. N\u00e3o recomendo tamb\u00e9m limpeza a vapor, porque a alta temperatura pode danificar o material, mesmo quando feita por uma empresa especializada.\u201d Outro ponto importante da conserva\u00e7\u00e3o \u00e9 evitar que a sujeira chegue ao tapete, limpando bem os p\u00e9s antes de entrar em casa ou mesmo tirando os sapatos antes de pisar nele.<\/p>\n\n\n\n<p>H\u00e1 tamb\u00e9m os moradores que reclamem que os tapetes ficam marcados pelos m\u00f3veis e mancham quando cai alguma bebida ou comida. Por isso, separamos algumas dicas que podem ajud\u00e1-los a n\u00e3o se desesperar, caso isso aconte\u00e7a.<\/p>\n\n\n\n<p>Ao derramar l\u00edquidos, tente absorver tudo com um pequeno pano \u00famido, mas sem ficar esfregando. Um pouco (pouco mesmo, duas gotas em m\u00e9dia) de detergente neutro j\u00e1 dilu\u00eddo em \u00e1gua com um pano completa todo o processo de limpeza. \u201cAs manchas devem ser removidas quando ainda \u00famidas. Pode ser usado um pano branco \u00famido bem torcido. Depois, o tapete pode ser seco com aux\u00edlio de um ventilador\u201d,&nbsp;sugere o arquiteto Leonardo de Magalh\u00e3es Pinto.<\/p>\n\n\n\n<div class=\"wp-block-image\"><figure class=\"aligncenter size-large\"><img decoding=\"async\" src=\"https:\/\/www.imoveldoproprietario.com.br\/blog\/wp-content\/uploads\/2020\/07\/Tapete-4.jpg\" alt=\"\" class=\"wp-image-408\"\/><figcaption>Foto Divulga\u00e7\u00e3o<\/figcaption><\/figure><\/div>\n\n\n\n<p>J\u00e1 quando houver queimaduras de cigarro, por exemplo, as pontas do material n\u00e3o devem ser cortadas, para n\u00e3o aumentar o estrago. O indicado \u00e9 lixar o local com uma lixa fina de parede. Se cair chiclete, \u00e9 aconselhado usar gelo para endurec\u00ea-lo e assim tornar mais f\u00e1cil a sua retirada.<\/p>\n\n\n\n<p>Para quem reclama que os m\u00f3veis deixam marcas, Marcelo Maksoud esclarece que o grau de resili\u00eancia (capacidade que o filamento tem de voltar ao lugar) varia de acordo com a qualidade do fio. Ou seja, as melhores pe\u00e7as t\u00eam alta capacidade de voltar \u00e0 posi\u00e7\u00e3o original, mesmo depois de um longo tempo sendo pressionados<\/p>\n\n\n\n<p><em>Com informa\u00e7\u00f5es de:&nbsp;Extra.globo.com, Rep\u00f3rter Di\u00e1rio, Jornal Extra, O Globo, ZAP Im\u00f3veis, Mogi News<\/em><\/p>\n","protected":false},"excerpt":{"rendered":"<p>Veja as tend\u00eancias da decora\u00e7\u00e3o e anote dicas para manter tapetes e carpetes limpos e conservados Com a chegada do inverno, a casa pede um clima mais aconchegante e acolhedor.&hellip; <\/p>\n","protected":false},"author":2,"featured_media":0,"comment_status":"open","ping_status":"open","sticky":false,"template":"","format":"standard","meta":{"footnotes":""},"categories":[],"tags":[],"yoast_head":"<!-- This site is optimized with the Yoast SEO plugin v21.5 - https:\/\/yoast.com\/wordpress\/plugins\/seo\/ -->\n<title>Especialistas mostram como usar tapetes sem se preocupar com as manchas ou ac\u00famulo de p\u00f3 - Jornal Im\u00f3velp<\/title>\n<meta name=\"robots\" content=\"index, follow, max-snippet:-1, max-image-preview:large, max-video-preview:-1\" \/>\n<link rel=\"canonical\" href=\"https:\/\/www.imovelp.com.br\/blog\/especialistas-mostram-como-usar-tapetes-sem-se-preocupar-com-manchas-ou-acumulo-de-po\/\" \/>\n<meta property=\"og:locale\" content=\"en_US\" \/>\n<meta property=\"og:type\" content=\"article\" \/>\n<meta property=\"og:title\" content=\"Especialistas mostram como usar tapetes sem se preocupar com as manchas ou ac\u00famulo de p\u00f3 - Jornal Im\u00f3velp\" \/>\n<meta property=\"og:description\" content=\"Veja as tend\u00eancias da decora\u00e7\u00e3o e anote dicas para manter tapetes e carpetes limpos e conservados Com a chegada do inverno, a casa pede um clima mais aconchegante e acolhedor.&hellip;\" \/>\n<meta property=\"og:url\" content=\"https:\/\/www.imovelp.com.br\/blog\/especialistas-mostram-como-usar-tapetes-sem-se-preocupar-com-manchas-ou-acumulo-de-po\/\" \/>\n<meta property=\"og:site_name\" content=\"Jornal Im\u00f3velp\" \/>\n<meta property=\"article:published_time\" content=\"2020-07-07T16:07:37+00:00\" \/>\n<meta property=\"article:modified_time\" content=\"2020-07-07T20:26:33+00:00\" \/>\n<meta property=\"og:image\" content=\"https:\/\/www.imoveldoproprietario.com.br\/blog\/wp-content\/uploads\/2020\/07\/Tapete-1.jpg\" \/>\n<meta name=\"author\" content=\"Marcos Monteiro\" \/>\n<meta name=\"twitter:card\" content=\"summary_large_image\" \/>\n<meta name=\"twitter:label1\" content=\"Written by\" \/>\n\t<meta name=\"twitter:data1\" content=\"Marcos Monteiro\" \/>\n\t<meta name=\"twitter:label2\" content=\"Est. reading time\" \/>\n\t<meta name=\"twitter:data2\" content=\"3 minutes\" \/>\n<script type=\"application\/ld+json\" class=\"yoast-schema-graph\">{\"@context\":\"https:\/\/schema.org\",\"@graph\":[{\"@type\":\"WebPage\",\"@id\":\"https:\/\/www.imovelp.com.br\/blog\/especialistas-mostram-como-usar-tapetes-sem-se-preocupar-com-manchas-ou-acumulo-de-po\/\",\"url\":\"https:\/\/www.imovelp.com.br\/blog\/especialistas-mostram-como-usar-tapetes-sem-se-preocupar-com-manchas-ou-acumulo-de-po\/\",\"name\":\"Especialistas mostram como usar tapetes sem se preocupar com as manchas ou ac\u00famulo de p\u00f3 - Jornal Im\u00f3velp\",\"isPartOf\":{\"@id\":\"https:\/\/www.imovelp.com.br\/blog\/#website\"},\"datePublished\":\"2020-07-07T16:07:37+00:00\",\"dateModified\":\"2020-07-07T20:26:33+00:00\",\"author\":{\"@id\":\"https:\/\/www.imovelp.com.br\/blog\/#\/schema\/person\/8fb1cc29840aba4154ec6a52e70be40a\"},\"breadcrumb\":{\"@id\":\"https:\/\/www.imovelp.com.br\/blog\/especialistas-mostram-como-usar-tapetes-sem-se-preocupar-com-manchas-ou-acumulo-de-po\/#breadcrumb\"},\"inLanguage\":\"en-US\",\"potentialAction\":[{\"@type\":\"ReadAction\",\"target\":[\"https:\/\/www.imovelp.com.br\/blog\/especialistas-mostram-como-usar-tapetes-sem-se-preocupar-com-manchas-ou-acumulo-de-po\/\"]}]},{\"@type\":\"BreadcrumbList\",\"@id\":\"https:\/\/www.imovelp.com.br\/blog\/especialistas-mostram-como-usar-tapetes-sem-se-preocupar-com-manchas-ou-acumulo-de-po\/#breadcrumb\",\"itemListElement\":[{\"@type\":\"ListItem\",\"position\":1,\"name\":\"Home\",\"item\":\"https:\/\/www.imovelp.com.br\/blog\/\"},{\"@type\":\"ListItem\",\"position\":2,\"name\":\"Especialistas mostram como usar tapetes sem se preocupar com as manchas ou ac\u00famulo de p\u00f3\"}]},{\"@type\":\"WebSite\",\"@id\":\"https:\/\/www.imovelp.com.br\/blog\/#website\",\"url\":\"https:\/\/www.imovelp.com.br\/blog\/\",\"name\":\"Jornal Im\u00f3velp\",\"description\":\"Portal de Not\u00edcias do Corretor de Im\u00f3veis\",\"potentialAction\":[{\"@type\":\"SearchAction\",\"target\":{\"@type\":\"EntryPoint\",\"urlTemplate\":\"https:\/\/www.imovelp.com.br\/blog\/?s={search_term_string}\"},\"query-input\":\"required name=search_term_string\"}],\"inLanguage\":\"en-US\"},{\"@type\":\"Person\",\"@id\":\"https:\/\/www.imovelp.com.br\/blog\/#\/schema\/person\/8fb1cc29840aba4154ec6a52e70be40a\",\"name\":\"Marcos Monteiro\",\"image\":{\"@type\":\"ImageObject\",\"inLanguage\":\"en-US\",\"@id\":\"https:\/\/www.imovelp.com.br\/blog\/#\/schema\/person\/image\/\",\"url\":\"https:\/\/secure.gravatar.com\/avatar\/da25bf23c2e75965766176dcd3fc7564?s=96&d=mm&r=g\",\"contentUrl\":\"https:\/\/secure.gravatar.com\/avatar\/da25bf23c2e75965766176dcd3fc7564?s=96&d=mm&r=g\",\"caption\":\"Marcos Monteiro\"},\"url\":\"https:\/\/www.imovelp.com.br\/blog\/author\/redacao-imovelp\/\"}]}<\/script>\n<!-- \/ Yoast SEO plugin. -->","yoast_head_json":{"title":"Especialistas mostram como usar tapetes sem se preocupar com as manchas ou ac\u00famulo de p\u00f3 - Jornal Im\u00f3velp","robots":{"index":"index","follow":"follow","max-snippet":"max-snippet:-1","max-image-preview":"max-image-preview:large","max-video-preview":"max-video-preview:-1"},"canonical":"https:\/\/www.imovelp.com.br\/blog\/especialistas-mostram-como-usar-tapetes-sem-se-preocupar-com-manchas-ou-acumulo-de-po\/","og_locale":"en_US","og_type":"article","og_title":"Especialistas mostram como usar tapetes sem se preocupar com as manchas ou ac\u00famulo de p\u00f3 - Jornal Im\u00f3velp","og_description":"Veja as tend\u00eancias da decora\u00e7\u00e3o e anote dicas para manter tapetes e carpetes limpos e conservados Com a chegada do inverno, a casa pede um clima mais aconchegante e acolhedor.&hellip;","og_url":"https:\/\/www.imovelp.com.br\/blog\/especialistas-mostram-como-usar-tapetes-sem-se-preocupar-com-manchas-ou-acumulo-de-po\/","og_site_name":"Jornal Im\u00f3velp","article_published_time":"2020-07-07T16:07:37+00:00","article_modified_time":"2020-07-07T20:26:33+00:00","og_image":[{"url":"https:\/\/www.imoveldoproprietario.com.br\/blog\/wp-content\/uploads\/2020\/07\/Tapete-1.jpg"}],"author":"Marcos Monteiro","twitter_card":"summary_large_image","twitter_misc":{"Written by":"Marcos Monteiro","Est. reading time":"3 minutes"},"schema":{"@context":"https:\/\/schema.org","@graph":[{"@type":"WebPage","@id":"https:\/\/www.imovelp.com.br\/blog\/especialistas-mostram-como-usar-tapetes-sem-se-preocupar-com-manchas-ou-acumulo-de-po\/","url":"https:\/\/www.imovelp.com.br\/blog\/especialistas-mostram-como-usar-tapetes-sem-se-preocupar-com-manchas-ou-acumulo-de-po\/","name":"Especialistas mostram como usar tapetes sem se preocupar com as manchas ou ac\u00famulo de p\u00f3 - Jornal Im\u00f3velp","isPartOf":{"@id":"https:\/\/www.imovelp.com.br\/blog\/#website"},"datePublished":"2020-07-07T16:07:37+00:00","dateModified":"2020-07-07T20:26:33+00:00","author":{"@id":"https:\/\/www.imovelp.com.br\/blog\/#\/schema\/person\/8fb1cc29840aba4154ec6a52e70be40a"},"breadcrumb":{"@id":"https:\/\/www.imovelp.com.br\/blog\/especialistas-mostram-como-usar-tapetes-sem-se-preocupar-com-manchas-ou-acumulo-de-po\/#breadcrumb"},"inLanguage":"en-US","potentialAction":[{"@type":"ReadAction","target":["https:\/\/www.imovelp.com.br\/blog\/especialistas-mostram-como-usar-tapetes-sem-se-preocupar-com-manchas-ou-acumulo-de-po\/"]}]},{"@type":"BreadcrumbList","@id":"https:\/\/www.imovelp.com.br\/blog\/especialistas-mostram-como-usar-tapetes-sem-se-preocupar-com-manchas-ou-acumulo-de-po\/#breadcrumb","itemListElement":[{"@type":"ListItem","position":1,"name":"Home","item":"https:\/\/www.imovelp.com.br\/blog\/"},{"@type":"ListItem","position":2,"name":"Especialistas mostram como usar tapetes sem se preocupar com as manchas ou ac\u00famulo de p\u00f3"}]},{"@type":"WebSite","@id":"https:\/\/www.imovelp.com.br\/blog\/#website","url":"https:\/\/www.imovelp.com.br\/blog\/","name":"Jornal Im\u00f3velp","description":"Portal de Not\u00edcias do Corretor de Im\u00f3veis","potentialAction":[{"@type":"SearchAction","target":{"@type":"EntryPoint","urlTemplate":"https:\/\/www.imovelp.com.br\/blog\/?s={search_term_string}"},"query-input":"required name=search_term_string"}],"inLanguage":"en-US"},{"@type":"Person","@id":"https:\/\/www.imovelp.com.br\/blog\/#\/schema\/person\/8fb1cc29840aba4154ec6a52e70be40a","name":"Marcos Monteiro","image":{"@type":"ImageObject","inLanguage":"en-US","@id":"https:\/\/www.imovelp.com.br\/blog\/#\/schema\/person\/image\/","url":"https:\/\/secure.gravatar.com\/avatar\/da25bf23c2e75965766176dcd3fc7564?s=96&d=mm&r=g","contentUrl":"https:\/\/secure.gravatar.com\/avatar\/da25bf23c2e75965766176dcd3fc7564?s=96&d=mm&r=g","caption":"Marcos Monteiro"},"url":"https:\/\/www.imovelp.com.br\/blog\/author\/redacao-imovelp\/"}]}},"_links":{"self":[{"href":"https:\/\/www.imovelp.com.br\/blog\/wp-json\/wp\/v2\/posts\/401"}],"collection":[{"href":"https:\/\/www.imovelp.com.br\/blog\/wp-json\/wp\/v2\/posts"}],"about":[{"href":"https:\/\/www.imovelp.com.br\/blog\/wp-json\/wp\/v2\/types\/post"}],"author":[{"embeddable":true,"href":"https:\/\/www.imovelp.com.br\/blog\/wp-json\/wp\/v2\/users\/2"}],"replies":[{"embeddable":true,"href":"https:\/\/www.imovelp.com.br\/blog\/wp-json\/wp\/v2\/comments?post=401"}],"version-history":[{"count":6,"href":"https:\/\/www.imovelp.com.br\/blog\/wp-json\/wp\/v2\/posts\/401\/revisions"}],"predecessor-version":[{"id":467,"href":"https:\/\/www.imovelp.com.br\/blog\/wp-json\/wp\/v2\/posts\/401\/revisions\/467"}],"wp:attachment":[{"href":"https:\/\/www.imovelp.com.br\/blog\/wp-json\/wp\/v2\/media?parent=401"}],"wp:term":[{"taxonomy":"category","embeddable":true,"href":"https:\/\/www.imovelp.com.br\/blog\/wp-json\/wp\/v2\/categories?post=401"},{"taxonomy":"post_tag","embeddable":true,"href":"https:\/\/www.imovelp.com.br\/blog\/wp-json\/wp\/v2\/tags?post=401"}],"curies":[{"name":"wp","href":"https:\/\/api.w.org\/{rel}","templated":true}]}}