{"id":2792,"date":"2026-09-04T23:32:43","date_gmt":"2026-09-05T02:32:43","guid":{"rendered":"https:\/\/www.imovelp.com.br\/blog\/secovi-sp-reune-sabesp-enel-e-comgas-para-apresentar-avancos-em-portais-digitais-para-administradoras-e-imobiliarias\/"},"modified":"2026-09-04T23:32:43","modified_gmt":"2026-09-05T02:32:43","slug":"secovi-sp-reune-sabesp-enel-e-comgas-para-apresentar-avancos-em-portais-digitais-para-administradoras-e-imobiliarias","status":"publish","type":"post","link":"https:\/\/www.imovelp.com.br\/blog\/secovi-sp-reune-sabesp-enel-e-comgas-para-apresentar-avancos-em-portais-digitais-para-administradoras-e-imobiliarias\/","title":{"rendered":"Secovi-SP re\u00fane Sabesp, Enel e Comg\u00e1s para apresentar avan\u00e7os em portais digitais para administradoras e imobili\u00e1rias"},"content":{"rendered":"<p> <br \/>\n<\/p>\n<div>\n<p dir=\"ltr\"><img loading=\"lazy\" decoding=\"async\" class=\"alignnone size-full wp-image-94557\" src=\"https:\/\/secovi.com.br\/wp-content\/uploads\/2026\/09\/20260903_195914-scaled.jpg\" alt=\"\" width=\"2560\" height=\"1441\" srcset=\"https:\/\/secovi.com.br\/wp-content\/uploads\/2026\/09\/20260903_195914-scaled.jpg 2560w, https:\/\/secovi.com.br\/wp-content\/uploads\/2026\/09\/20260903_195914-1280x721.jpg 1280w, https:\/\/secovi.com.br\/wp-content\/uploads\/2026\/09\/20260903_195914-980x552.jpg 980w, https:\/\/secovi.com.br\/wp-content\/uploads\/2026\/09\/20260903_195914-480x270.jpg 480w\" sizes=\"(min-width: 0px) and (max-width: 480px) 480px, (min-width: 481px) and (max-width: 980px) 980px, (min-width: 981px) and (max-width: 1280px) 1280px, (min-width: 1281px) 2560px, 100vw\"\/><\/p>\n<p>O Secovi-SP realizou, na noite de 3 de setembro, mais uma edi\u00e7\u00e3o do Condo Meeting, evento que reuniu representantes de Sabesp, Enel e Comg\u00e1s para apresentar ao mercado imobili\u00e1rio condominial os avan\u00e7os obtidos por um grupo de trabalho criado pela entidade h\u00e1 cerca de dois anos com o objetivo de aproximar as concession\u00e1rias de \u00e1gua, energia e g\u00e1s das administradoras de im\u00f3veis e de condom\u00ednios. O encontro contou com apoio da AABIC e reuniu p\u00fablico expressivo.<\/p>\n<p dir=\"ltr\">A abertura ficou a cargo de Moira Toledo, vice-presidente de Administra\u00e7\u00e3o Imobili\u00e1ria e Condom\u00ednios do Secovi-SP, que destacou o car\u00e1ter in\u00e9dito da iniciativa. Segundo ela, o Secovi-SP foi a primeira entidade a reunir as tr\u00eas concession\u00e1rias numa mesma mesa de trabalho para discutir solu\u00e7\u00f5es conjuntas, processo que envolveu discuss\u00f5es jur\u00eddicas, de LGPD, de tecnologia e de gest\u00e3o de acesso. \u201cFizemos um convite para a Sabesp, para a Comg\u00e1s e para a Enel para que nos reun\u00edssemos todos numa sala e come\u00e7\u00e1ssemos a pensar solu\u00e7\u00f5es e estrat\u00e9gias para facilitar o trabalho deles e das administradoras, tanto de im\u00f3veis quanto de condom\u00ednios\u201d, afirmou.<\/p>\n<p dir=\"ltr\">Moira explicou que o evento marca a apresenta\u00e7\u00e3o de um primeiro resultado concreto desse trabalho, mas que o processo segue em constru\u00e7\u00e3o, com entregas previstas para 2027 e 2028. \u201c\u00c9 um trabalho que n\u00e3o termina hoje, voc\u00eas v\u00e3o ver apenas uma parte disso hoje. Ele est\u00e1 em processo de melhoria cont\u00ednua\u201d, disse.<\/p>\n<p dir=\"ltr\">Representando a AABIC, Juliana Almeida, diretora de Produtos, Servi\u00e7os e Tecnologia da entidade, agradeceu ao Secovi-SP por viabilizar a articula\u00e7\u00e3o entre as tr\u00eas concession\u00e1rias, processo que classificou como \u00e1rduo. \u201cFoi dif\u00edcil, foi \u00e1rduo. Estamos h\u00e1 cerca de dois anos trabalhando nisso. S\u00e3o pessoas de diretoria, tivemos reuni\u00f5es com a diretoria, com o operacional, com TI, com o jur\u00eddico, para conseguirmos montar a melhor estrutura para atender tanto o lado das imobili\u00e1rias quanto o das administradoras\u201d, relatou. Juliana destacou ainda que o trabalho envolveu pilotos com administradoras e imobili\u00e1rias e intenso benchmarking entre as pr\u00f3prias concession\u00e1rias.<\/p>\n<p dir=\"ltr\">Stephanie Matsuda, diretora de vice-presid\u00eancia de Gest\u00e3o Patrimonial e Loca\u00e7\u00e3o do Secovi-SP, apresentou o hist\u00f3rico da iniciativa, que segundo ela remonta a per\u00edodo anterior \u00e0 pandemia. Ela explicou que o grupo nasceu da necessidade de unificar as demandas do setor imobili\u00e1rio junto \u00e0s concession\u00e1rias por meio do Secovi-SP. \u201cA ideia era unificar as dores do nosso setor atrav\u00e9s da casa do mercado imobili\u00e1rio, que \u00e9 o Secovi S\u00e3o Paulo. Foram v\u00e1rias reuni\u00f5es ao longo desses tr\u00eas, quatro anos, tratando das dores das administradoras de condom\u00ednios e das administradoras de loca\u00e7\u00e3o, pensando na opera\u00e7\u00e3o e no dia a dia\u201d, afirmou. Stephanie destacou que o resultado apresentado \u00e9 uma primeira vers\u00e3o e que a expectativa \u00e9 que o modelo desenvolvido em S\u00e3o Paulo possa, no futuro, servir de refer\u00eancia para concession\u00e1rias de outras regi\u00f5es do pa\u00eds.<\/p>\n<p dir=\"ltr\">Poliana Lopes, gerente de Jornadas de Atendimento da Sabesp, apresentou a trajet\u00f3ria da companhia na estrutura\u00e7\u00e3o de canais dedicados ao setor imobili\u00e1rio, que partiu de um atendimento por e-mail at\u00e9 o atual site Sabesp F\u00e1cil, dispon\u00edvel na p\u00e1gina da concession\u00e1ria, na aba destinada a imobili\u00e1rias. \u201cHoje a gente n\u00e3o vai lan\u00e7ar o nosso portal. A Sabesp est\u00e1 passando por um momento de transforma\u00e7\u00e3o muito grande. Completamos recentemente um ano de desestatiza\u00e7\u00e3o e, nesse per\u00edodo, viemos trazendo uma transforma\u00e7\u00e3o digital bastante grande para a empresa\u201d, afirmou.<\/p>\n<p dir=\"ltr\">Segundo Poliana, o Sabesp F\u00e1cil oferece hoje sete servi\u00e7os, entre eles mudan\u00e7a e encerramento de titularidade, cadastro por unidade de consumo, cadastro de representante legal, desligamento, revis\u00e3o de contas e termo de ocorr\u00eancia de irregularidade, com previs\u00e3o de inclus\u00e3o, ainda naquela semana, de solicita\u00e7\u00e3o de segunda via de conta. A executiva apresentou ainda um prot\u00f3tipo do novo portal, em desenvolvimento, com previs\u00e3o de lan\u00e7amento no primeiro trimestre de 2027. \u201cA ideia \u00e9 que a gente tenha login por imobili\u00e1ria e por administradora, com gest\u00e3o de acessos, consulta em lote da carteira, servi\u00e7os automatizados e valida\u00e7\u00e3o documental, tudo em um modelo digitalizado\u201d, explicou. Poliana informou que a Sabesp atende hoje 377 munic\u00edpios, com cerca de 30 milh\u00f5es de clientes abastecidos com \u00e1gua e 27 milh\u00f5es atendidos com coleta de esgoto.<\/p>\n<p dir=\"ltr\">Representando a Enel S\u00e3o Paulo, Fabiana Passos, respons\u00e1vel pela opera\u00e7\u00e3o comercial de clientes de varejo da distribuidora, apresentou a \u00e1rea criada especificamente para atendimento ao setor imobili\u00e1rio. \u201cCuido da opera\u00e7\u00e3o comercial de clientes de varejo da Enel S\u00e3o Paulo, que envolve processos como ressarcimento, atendimento via WhatsApp, equipe de back office e, agora, tamb\u00e9m a \u00e1rea de M\u00faltiplas Unidades Consumidoras, que tem grande aproxima\u00e7\u00e3o com o setor imobili\u00e1rio\u201d, explicou. Fabiana detalhou que a estrutura de atendimento dedicada \u00e9 composta por executivas especializadas em diferentes perfis de clientes, incluindo uma profissional voltada especificamente a condom\u00ednios e administradoras, e afirmou que a equipe deve ser ampliada no pr\u00f3ximo ano em raz\u00e3o do crescimento da demanda.<\/p>\n<p dir=\"ltr\">Anderson Donato, respons\u00e1vel pelo relacionamento da \u00e1rea de contas estrat\u00e9gicas da Enel, detalhou as funcionalidades do portal imobili\u00e1rio da distribuidora. \u201cN\u00e3o pensem que voc\u00eas n\u00e3o est\u00e3o sendo vistos dentro da Enel. Se surgir algum lan\u00e7amento novo, alguma novidade relacionada \u00e0 implanta\u00e7\u00e3o do portal, eu sou o primeiro a levantar a m\u00e3o e perguntar se o meu portal vai ter vez\u201d, afirmou. Segundo ele, o sistema permite consulta de d\u00e9bitos, emiss\u00e3o de segunda via de faturas, solicita\u00e7\u00e3o de transfer\u00eancia de titularidade para pessoa f\u00edsica e acompanhamento de solicita\u00e7\u00f5es realizadas por qualquer canal de atendimento da companhia, al\u00e9m de contar com uma funcionalidade de gest\u00e3o de usu\u00e1rios, pouco conhecida pelas imobili\u00e1rias, que permite a cria\u00e7\u00e3o de acessos individuais para colaboradores a partir de um cadastro principal. Sobre a transfer\u00eancia de titularidade para pessoa jur\u00eddica, ainda n\u00e3o dispon\u00edvel no portal, disse: \u201cVoc\u00eas n\u00e3o v\u00e3o precisar mais ir at\u00e9 as lojas de atendimento at\u00e9 que a gente consiga subir tamb\u00e9m a transfer\u00eancia de titularidade pessoa jur\u00eddica para o portal imobili\u00e1rio. Isso j\u00e1 est\u00e1 em andamento, com previs\u00e3o para o primeiro semestre de 2027.\u201d Anderson destacou ainda a disponibiliza\u00e7\u00e3o de atendimento por videoconfer\u00eancia para d\u00favidas relacionadas ao cadastro, al\u00e9m da atua\u00e7\u00e3o de executivas de relacionamento tamb\u00e9m para visitas presenciais. A companhia atende hoje 8,3 milh\u00f5es de unidades consumidoras em 24 munic\u00edpios.<\/p>\n<p dir=\"ltr\">J\u00e9ssica Marques, da \u00e1rea de Gest\u00e3o de Clientes da Comg\u00e1s, e Vin\u00edcius Barbosa, da \u00e1rea de marketing da companhia, apresentaram a evolu\u00e7\u00e3o do portal de administradoras da concession\u00e1ria. \u201cH\u00e1 154 anos contribu\u00edmos para a infraestrutura e para o desenvolvimento das cidades do estado de S\u00e3o Paulo. A Comg\u00e1s \u00e9 a maior plataforma de distribui\u00e7\u00e3o de g\u00e1s natural e biometano da Am\u00e9rica Latina\u201d, afirmou Vin\u00edcius.<\/p>\n<p dir=\"ltr\">J\u00e9ssica explicou a origem do novo portal: \u201cL\u00e1 no in\u00edcio de 2023 entendemos qual era a grande dor da administradora e do s\u00edndico na gest\u00e3o do condom\u00ednio e no pagamento das faturas. Fizemos uma pesquisa com 21 administradoras, que apontou o cadastro do condom\u00ednio como a principal dificuldade de acesso ao portal.\u201d Segundo os executivos, o novo modelo substituiu o login individual por condom\u00ednio por uma autentica\u00e7\u00e3o \u00fanica pelo CNPJ da administradora, incorporou envio de documenta\u00e7\u00e3o em lote e substituiu a aprova\u00e7\u00e3o manual por an\u00e1lise automatizada com intelig\u00eancia artificial, que tamb\u00e9m informa o motivo de eventuais reprova\u00e7\u00f5es de documentos.<\/p>\n<p dir=\"ltr\">De acordo com os dados apresentados, o portal de administradoras da Comg\u00e1s j\u00e1 registra mais de 40 mil acessos por m\u00eas, 48 administradoras cadastradas e ativas, mais de tr\u00eas mil condom\u00ednios sob gest\u00e3o e dez mil contas-contrato administradas pelo canal. A companhia tamb\u00e9m anunciou o lan\u00e7amento, na ter\u00e7a-feira anterior ao evento, de um novo m\u00f3dulo do Comg\u00e1s Virtual voltado a imobili\u00e1rias, com sistema de concess\u00e3o m\u00fatua de acesso entre propriet\u00e1rio ou locat\u00e1rio e a imobili\u00e1ria respons\u00e1vel pela gest\u00e3o do im\u00f3vel. A gest\u00e3o de usu\u00e1rios dentro do portal de administradoras est\u00e1 prevista para o primeiro semestre de 2027. A Comg\u00e1s atende hoje 96 munic\u00edpios de sua \u00e1rea de concess\u00e3o, com 2,8 milh\u00f5es de clientes e cerca de 24 mil quil\u00f4metros de rede instalada.<\/p>\n<p dir=\"ltr\">Adriano Sartori, vice-presidente de Gest\u00e3o Patrimonial e Loca\u00e7\u00e3o do Secovi-SP, tamb\u00e9m discursou durante o evento, destacando que as conversas com as concession\u00e1rias come\u00e7aram ainda durante a pandemia e reconhecendo o avan\u00e7o obtido. \u201cN\u00e3o tenho d\u00favida de que \u00e9 um ganha-ganha para todo mundo. Este \u00e9 um trabalho de anos. Parab\u00e9ns a todos, parab\u00e9ns \u00e0s concession\u00e1rias\u201d, afirmou.<\/p>\n<p dir=\"ltr\">O debate reuniu representantes das tr\u00eas concession\u00e1rias e respondeu d\u00favidas do p\u00fablico. D\u00e9bitos existentes n\u00e3o impedem a transfer\u00eancia de titularidade, desde que apresentado novo contrato de loca\u00e7\u00e3o ou de compra e venda, ficando o d\u00e9bito anterior sob responsabilidade do titular anterior, e tamb\u00e9m \u00e9 poss\u00edvel reverter a titularidade ao propriet\u00e1rio ao fim de uma loca\u00e7\u00e3o, mediante comprova\u00e7\u00e3o como o termo de sa\u00edda do im\u00f3vel. As tr\u00eas concession\u00e1rias confirmaram, ainda, a exig\u00eancia de procura\u00e7\u00e3o para atua\u00e7\u00e3o de administradoras junto a condom\u00ednios, em raz\u00e3o da LGPD. Sobre cadastro e transfer\u00eancias em lote, a Comg\u00e1s j\u00e1 oferece o recurso para condom\u00ednios, com extens\u00e3o a imobili\u00e1rias prevista para o primeiro semestre de 2027, mesmo prazo estimado pela Enel para consultas e trocas de titularidade em lote, enquanto a Sabesp ainda opera de forma manual, estudando o uso de intelig\u00eancia artificial para essa finalidade. O atendimento presencial segue mantido pelas tr\u00eas empresas, com a Enel limitando a quantidade de senhas e servi\u00e7os por atendimento em loja e a Comg\u00e1s preservando suas quatro unidades f\u00edsicas, em Campinas, S\u00e3o Jos\u00e9 dos Campos, Santos e no Br\u00e1s. Por fim, apenas a Sabesp confirmou plano de incorporar reconhecimento facial ao novo portal, recurso j\u00e1 usado em atendimentos por WhatsApp para pessoa f\u00edsica, enquanto Enel e Comg\u00e1s afirmaram n\u00e3o contar com essa funcionalidade no momento.<\/p>\n<p dir=\"ltr\">Ao final do debate, Moira Toledo refor\u00e7ou o compromisso do grupo de trabalho em seguir aprimorando os canais de relacionamento entre concession\u00e1rias e mercado imobili\u00e1rio, com base na troca de informa\u00e7\u00f5es e no acompanhamento cont\u00ednuo das demandas do setor.<\/p>\n<div class=\"et_post_video\"><a data-flickr-embed=\"true\" href=\"https:\/\/www.flickr.com\/photos\/secovi-sp\/albums\/72177720335475439\/\" title=\"Condo Meeting - Concession\u00e1rias em Foco | 03\/09\/2026 by Secovi S\u00e3o Paulo, on Flickr\"><img decoding=\"async\" loading=\"lazy\" src=\"https:\/\/live.staticflickr.com\/65535\/55507969630_c8872b7ed3_b.jpg\" width=\"800\" height=\"600\" alt=\"WhatsApp Image 2026-09-04 at 09.25.47\"\/><\/a><\/div>\n<\/p><\/div>\n<p><script>\n  !function(f,b,e,v,n,t,s)\n  {if(f.fbq)return;n=f.fbq=function(){n.callMethod?\n  n.callMethod.apply(n,arguments):n.queue.push(arguments)};\n  if(!f._fbq)f._fbq=n;n.push=n;n.loaded=!0;n.version='2.0';\n  n.queue=[];t=b.createElement(e);t.async=!0;\n  t.src=v;s=b.getElementsByTagName(e)[0];\n  s.parentNode.insertBefore(t,s)}(window, document,'script',\n  'https:\/\/connect.facebook.net\/en_US\/fbevents.js');\n  fbq('init', '780597760435075');\n  fbq('track', 'PageView');\n<\/script><br \/>\n<br \/><br \/>\n<br \/>Fonte:<a href=\"https:\/\/secovi.com.br\/secovi-sp-reune-sabesp-enel-e-comgas-para-apresentar-avancos-em-portais-digitais-para-administradoras-e-imobiliarias\/\">Secovi <\/a><\/p>\n","protected":false},"excerpt":{"rendered":"<p>O Secovi-SP realizou, na noite de 3 de setembro, mais uma edi\u00e7\u00e3o do Condo Meeting, evento que reuniu representantes de Sabesp, Enel e Comg\u00e1s para apresentar ao mercado imobili\u00e1rio condominial&hellip; <\/p>\n","protected":false},"author":2,"featured_media":2793,"comment_status":"open","ping_status":"open","sticky":false,"template":"","format":"standard","meta":{"footnotes":""},"categories":[5,7],"tags":[],"yoast_head":"<!-- This site is optimized with the Yoast SEO plugin v21.5 - https:\/\/yoast.com\/wordpress\/plugins\/seo\/ -->\n<title>Secovi-SP re\u00fane Sabesp, Enel e Comg\u00e1s para apresentar avan\u00e7os em portais digitais para administradoras e imobili\u00e1rias - Jornal Im\u00f3velp<\/title>\n<meta name=\"robots\" content=\"index, follow, max-snippet:-1, max-image-preview:large, max-video-preview:-1\" \/>\n<link rel=\"canonical\" href=\"https:\/\/www.imovelp.com.br\/blog\/secovi-sp-reune-sabesp-enel-e-comgas-para-apresentar-avancos-em-portais-digitais-para-administradoras-e-imobiliarias\/\" \/>\n<meta property=\"og:locale\" content=\"en_US\" \/>\n<meta property=\"og:type\" content=\"article\" \/>\n<meta property=\"og:title\" content=\"Secovi-SP re\u00fane Sabesp, Enel e Comg\u00e1s para apresentar avan\u00e7os em portais digitais para administradoras e imobili\u00e1rias - Jornal Im\u00f3velp\" \/>\n<meta property=\"og:description\" content=\"O Secovi-SP realizou, na noite de 3 de setembro, mais uma edi\u00e7\u00e3o do Condo Meeting, evento que reuniu representantes de Sabesp, Enel e Comg\u00e1s para apresentar ao mercado imobili\u00e1rio condominial&hellip;\" \/>\n<meta property=\"og:url\" content=\"https:\/\/www.imovelp.com.br\/blog\/secovi-sp-reune-sabesp-enel-e-comgas-para-apresentar-avancos-em-portais-digitais-para-administradoras-e-imobiliarias\/\" \/>\n<meta property=\"og:site_name\" content=\"Jornal Im\u00f3velp\" \/>\n<meta property=\"article:published_time\" content=\"2026-09-05T02:32:43+00:00\" \/>\n<meta property=\"og:image\" content=\"https:\/\/secovi.com.br\/wp-content\/uploads\/2026\/09\/20260903_195914-scaled.jpg\" \/>\n<meta name=\"author\" content=\"Marcos Monteiro\" \/>\n<meta name=\"twitter:card\" content=\"summary_large_image\" \/>\n<meta name=\"twitter:label1\" content=\"Written by\" \/>\n\t<meta name=\"twitter:data1\" content=\"Marcos Monteiro\" \/>\n\t<meta name=\"twitter:label2\" content=\"Est. reading time\" \/>\n\t<meta name=\"twitter:data2\" content=\"9 minutes\" \/>\n<script type=\"application\/ld+json\" class=\"yoast-schema-graph\">{\"@context\":\"https:\/\/schema.org\",\"@graph\":[{\"@type\":\"WebPage\",\"@id\":\"https:\/\/www.imovelp.com.br\/blog\/secovi-sp-reune-sabesp-enel-e-comgas-para-apresentar-avancos-em-portais-digitais-para-administradoras-e-imobiliarias\/\",\"url\":\"https:\/\/www.imovelp.com.br\/blog\/secovi-sp-reune-sabesp-enel-e-comgas-para-apresentar-avancos-em-portais-digitais-para-administradoras-e-imobiliarias\/\",\"name\":\"Secovi-SP re\u00fane Sabesp, Enel e Comg\u00e1s para apresentar avan\u00e7os em portais digitais para administradoras e imobili\u00e1rias - Jornal Im\u00f3velp\",\"isPartOf\":{\"@id\":\"https:\/\/www.imovelp.com.br\/blog\/#website\"},\"datePublished\":\"2026-09-05T02:32:43+00:00\",\"dateModified\":\"2026-09-05T02:32:43+00:00\",\"author\":{\"@id\":\"https:\/\/www.imovelp.com.br\/blog\/#\/schema\/person\/8fb1cc29840aba4154ec6a52e70be40a\"},\"breadcrumb\":{\"@id\":\"https:\/\/www.imovelp.com.br\/blog\/secovi-sp-reune-sabesp-enel-e-comgas-para-apresentar-avancos-em-portais-digitais-para-administradoras-e-imobiliarias\/#breadcrumb\"},\"inLanguage\":\"en-US\",\"potentialAction\":[{\"@type\":\"ReadAction\",\"target\":[\"https:\/\/www.imovelp.com.br\/blog\/secovi-sp-reune-sabesp-enel-e-comgas-para-apresentar-avancos-em-portais-digitais-para-administradoras-e-imobiliarias\/\"]}]},{\"@type\":\"BreadcrumbList\",\"@id\":\"https:\/\/www.imovelp.com.br\/blog\/secovi-sp-reune-sabesp-enel-e-comgas-para-apresentar-avancos-em-portais-digitais-para-administradoras-e-imobiliarias\/#breadcrumb\",\"itemListElement\":[{\"@type\":\"ListItem\",\"position\":1,\"name\":\"Home\",\"item\":\"https:\/\/www.imovelp.com.br\/blog\/\"},{\"@type\":\"ListItem\",\"position\":2,\"name\":\"Secovi-SP re\u00fane Sabesp, Enel e Comg\u00e1s para apresentar avan\u00e7os em portais digitais para administradoras e imobili\u00e1rias\"}]},{\"@type\":\"WebSite\",\"@id\":\"https:\/\/www.imovelp.com.br\/blog\/#website\",\"url\":\"https:\/\/www.imovelp.com.br\/blog\/\",\"name\":\"Jornal Im\u00f3velp\",\"description\":\"Portal de Not\u00edcias do Corretor de Im\u00f3veis\",\"potentialAction\":[{\"@type\":\"SearchAction\",\"target\":{\"@type\":\"EntryPoint\",\"urlTemplate\":\"https:\/\/www.imovelp.com.br\/blog\/?s={search_term_string}\"},\"query-input\":\"required name=search_term_string\"}],\"inLanguage\":\"en-US\"},{\"@type\":\"Person\",\"@id\":\"https:\/\/www.imovelp.com.br\/blog\/#\/schema\/person\/8fb1cc29840aba4154ec6a52e70be40a\",\"name\":\"Marcos Monteiro\",\"image\":{\"@type\":\"ImageObject\",\"inLanguage\":\"en-US\",\"@id\":\"https:\/\/www.imovelp.com.br\/blog\/#\/schema\/person\/image\/\",\"url\":\"https:\/\/secure.gravatar.com\/avatar\/da25bf23c2e75965766176dcd3fc7564?s=96&d=mm&r=g\",\"contentUrl\":\"https:\/\/secure.gravatar.com\/avatar\/da25bf23c2e75965766176dcd3fc7564?s=96&d=mm&r=g\",\"caption\":\"Marcos Monteiro\"},\"url\":\"https:\/\/www.imovelp.com.br\/blog\/author\/redacao-imovelp\/\"}]}<\/script>\n<!-- \/ Yoast SEO plugin. -->","yoast_head_json":{"title":"Secovi-SP re\u00fane Sabesp, Enel e Comg\u00e1s para apresentar avan\u00e7os em portais digitais para administradoras e imobili\u00e1rias - Jornal Im\u00f3velp","robots":{"index":"index","follow":"follow","max-snippet":"max-snippet:-1","max-image-preview":"max-image-preview:large","max-video-preview":"max-video-preview:-1"},"canonical":"https:\/\/www.imovelp.com.br\/blog\/secovi-sp-reune-sabesp-enel-e-comgas-para-apresentar-avancos-em-portais-digitais-para-administradoras-e-imobiliarias\/","og_locale":"en_US","og_type":"article","og_title":"Secovi-SP re\u00fane Sabesp, Enel e Comg\u00e1s para apresentar avan\u00e7os em portais digitais para administradoras e imobili\u00e1rias - Jornal Im\u00f3velp","og_description":"O Secovi-SP realizou, na noite de 3 de setembro, mais uma edi\u00e7\u00e3o do Condo Meeting, evento que reuniu representantes de Sabesp, Enel e Comg\u00e1s para apresentar ao mercado imobili\u00e1rio condominial&hellip;","og_url":"https:\/\/www.imovelp.com.br\/blog\/secovi-sp-reune-sabesp-enel-e-comgas-para-apresentar-avancos-em-portais-digitais-para-administradoras-e-imobiliarias\/","og_site_name":"Jornal Im\u00f3velp","article_published_time":"2026-09-05T02:32:43+00:00","og_image":[{"url":"https:\/\/secovi.com.br\/wp-content\/uploads\/2026\/09\/20260903_195914-scaled.jpg"}],"author":"Marcos Monteiro","twitter_card":"summary_large_image","twitter_misc":{"Written by":"Marcos Monteiro","Est. reading time":"9 minutes"},"schema":{"@context":"https:\/\/schema.org","@graph":[{"@type":"WebPage","@id":"https:\/\/www.imovelp.com.br\/blog\/secovi-sp-reune-sabesp-enel-e-comgas-para-apresentar-avancos-em-portais-digitais-para-administradoras-e-imobiliarias\/","url":"https:\/\/www.imovelp.com.br\/blog\/secovi-sp-reune-sabesp-enel-e-comgas-para-apresentar-avancos-em-portais-digitais-para-administradoras-e-imobiliarias\/","name":"Secovi-SP re\u00fane Sabesp, Enel e Comg\u00e1s para apresentar avan\u00e7os em portais digitais para administradoras e imobili\u00e1rias - Jornal Im\u00f3velp","isPartOf":{"@id":"https:\/\/www.imovelp.com.br\/blog\/#website"},"datePublished":"2026-09-05T02:32:43+00:00","dateModified":"2026-09-05T02:32:43+00:00","author":{"@id":"https:\/\/www.imovelp.com.br\/blog\/#\/schema\/person\/8fb1cc29840aba4154ec6a52e70be40a"},"breadcrumb":{"@id":"https:\/\/www.imovelp.com.br\/blog\/secovi-sp-reune-sabesp-enel-e-comgas-para-apresentar-avancos-em-portais-digitais-para-administradoras-e-imobiliarias\/#breadcrumb"},"inLanguage":"en-US","potentialAction":[{"@type":"ReadAction","target":["https:\/\/www.imovelp.com.br\/blog\/secovi-sp-reune-sabesp-enel-e-comgas-para-apresentar-avancos-em-portais-digitais-para-administradoras-e-imobiliarias\/"]}]},{"@type":"BreadcrumbList","@id":"https:\/\/www.imovelp.com.br\/blog\/secovi-sp-reune-sabesp-enel-e-comgas-para-apresentar-avancos-em-portais-digitais-para-administradoras-e-imobiliarias\/#breadcrumb","itemListElement":[{"@type":"ListItem","position":1,"name":"Home","item":"https:\/\/www.imovelp.com.br\/blog\/"},{"@type":"ListItem","position":2,"name":"Secovi-SP re\u00fane Sabesp, Enel e Comg\u00e1s para apresentar avan\u00e7os em portais digitais para administradoras e imobili\u00e1rias"}]},{"@type":"WebSite","@id":"https:\/\/www.imovelp.com.br\/blog\/#website","url":"https:\/\/www.imovelp.com.br\/blog\/","name":"Jornal Im\u00f3velp","description":"Portal de Not\u00edcias do Corretor de Im\u00f3veis","potentialAction":[{"@type":"SearchAction","target":{"@type":"EntryPoint","urlTemplate":"https:\/\/www.imovelp.com.br\/blog\/?s={search_term_string}"},"query-input":"required name=search_term_string"}],"inLanguage":"en-US"},{"@type":"Person","@id":"https:\/\/www.imovelp.com.br\/blog\/#\/schema\/person\/8fb1cc29840aba4154ec6a52e70be40a","name":"Marcos Monteiro","image":{"@type":"ImageObject","inLanguage":"en-US","@id":"https:\/\/www.imovelp.com.br\/blog\/#\/schema\/person\/image\/","url":"https:\/\/secure.gravatar.com\/avatar\/da25bf23c2e75965766176dcd3fc7564?s=96&d=mm&r=g","contentUrl":"https:\/\/secure.gravatar.com\/avatar\/da25bf23c2e75965766176dcd3fc7564?s=96&d=mm&r=g","caption":"Marcos Monteiro"},"url":"https:\/\/www.imovelp.com.br\/blog\/author\/redacao-imovelp\/"}]}},"_links":{"self":[{"href":"https:\/\/www.imovelp.com.br\/blog\/wp-json\/wp\/v2\/posts\/2792"}],"collection":[{"href":"https:\/\/www.imovelp.com.br\/blog\/wp-json\/wp\/v2\/posts"}],"about":[{"href":"https:\/\/www.imovelp.com.br\/blog\/wp-json\/wp\/v2\/types\/post"}],"author":[{"embeddable":true,"href":"https:\/\/www.imovelp.com.br\/blog\/wp-json\/wp\/v2\/users\/2"}],"replies":[{"embeddable":true,"href":"https:\/\/www.imovelp.com.br\/blog\/wp-json\/wp\/v2\/comments?post=2792"}],"version-history":[{"count":0,"href":"https:\/\/www.imovelp.com.br\/blog\/wp-json\/wp\/v2\/posts\/2792\/revisions"}],"wp:featuredmedia":[{"embeddable":true,"href":"https:\/\/www.imovelp.com.br\/blog\/wp-json\/wp\/v2\/media\/2793"}],"wp:attachment":[{"href":"https:\/\/www.imovelp.com.br\/blog\/wp-json\/wp\/v2\/media?parent=2792"}],"wp:term":[{"taxonomy":"category","embeddable":true,"href":"https:\/\/www.imovelp.com.br\/blog\/wp-json\/wp\/v2\/categories?post=2792"},{"taxonomy":"post_tag","embeddable":true,"href":"https:\/\/www.imovelp.com.br\/blog\/wp-json\/wp\/v2\/tags?post=2792"}],"curies":[{"name":"wp","href":"https:\/\/api.w.org\/{rel}","templated":true}]}}