{"id":2731,"date":"2026-04-29T18:47:25","date_gmt":"2026-04-29T21:47:25","guid":{"rendered":"https:\/\/www.imovelp.com.br\/blog\/condo-meeting-jundiai-debate-a-aplicacao-da-nbr-16-280\/"},"modified":"2026-04-29T18:47:25","modified_gmt":"2026-04-29T21:47:25","slug":"condo-meeting-jundiai-debate-a-aplicacao-da-nbr-16-280","status":"publish","type":"post","link":"https:\/\/www.imovelp.com.br\/blog\/condo-meeting-jundiai-debate-a-aplicacao-da-nbr-16-280\/","title":{"rendered":"Condo-Meeting Jundia\u00ed debate a aplica\u00e7\u00e3o da NBR 16.280"},"content":{"rendered":"<p> <br \/>\n<\/p>\n<div>\n<p><img loading=\"lazy\" decoding=\"async\" class=\"wp-image-84640 alignright\" src=\"https:\/\/secovi.com.br\/wp-content\/uploads\/2026\/04\/1777395218-4390753486e1d3a33f11534ea42bc1ab0dbf7.jpg\" alt=\"\" width=\"512\" height=\"288\"\/>A sede da Associa\u00e7\u00e3o dos Engenheiros de Jundia\u00ed (AEJ) foi palco, na \u00faltima segunda-feira (27), de um debate essencial para o setor imobili\u00e1rio e de constru\u00e7\u00e3o civil: o Condo-Meeting Jundia\u00ed. Com o tema \u201cResponsabilidade T\u00e9cnica e Civil nas Reformas em Condom\u00ednios \u2013 Aplica\u00e7\u00e3o da NBR 16.280\u201d, o evento reuniu especialistas, s\u00edndicos e profissionais da \u00e1rea para discutir os impactos legais e t\u00e9cnicos das interven\u00e7\u00f5es em edifica\u00e7\u00f5es.<\/p>\n<p>Promovido pela PROEMPI (Associa\u00e7\u00e3o das Empresas e Profissionais do Setor Imobili\u00e1rio de Jundia\u00ed e Regi\u00e3o), representante do SECOVI-SP para Jundia\u00ed e Regi\u00e3o, e a AEJ, o encontro foi coordenado por Cesar Picolo, Vice-presidente de Administra\u00e7\u00e3o de Condom\u00ednios da PROEMPI. O evento destacou que reformas exigem muito mais do que uma boa execu\u00e7\u00e3o: demandam conformidade rigorosa para evitar preju\u00edzos financeiros e conflitos judiciais.<\/p>\n<p>Promover e acompanhar discuss\u00f5es como esta \u00e9 fundamental para oferecer aos associados e profissionais que atuam no mercado imobili\u00e1rio e da constru\u00e7\u00e3o civil, solu\u00e7\u00f5es que unam efici\u00eancia operacional \u00e0 seguran\u00e7a jur\u00eddica. \u201cA gest\u00e3o profissional de um condom\u00ednio ou empresa passa, obrigatoriamente, pelo entendimento de que o controle t\u00e9cnico \u00e9 a melhor ferramenta contra custos invis\u00edveis e riscos estruturais\u201d, comentou o vice-presidente da PROEMPI, C\u00e9sar Picolo, que conduziu o evento.<\/p>\n<p>O Desembargador Jos\u00e9 Luiz Gavi\u00e3o de Almeida (TJ-SP) abriu as discuss\u00f5es abordando a responsabilidade civil no descumprimento de regras. Baseado no C\u00f3digo Civil, ele alertou que a omiss\u00e3o pode gerar consequ\u00eancias graves. Um dos pontos centrais foi o Artigo 618, que estabelece a responsabilidade do construtor pela solidez e seguran\u00e7a da obra por cinco anos, independentemente de culpa. \u201cPara quest\u00f5es est\u00e9ticas ou menores, a responsabilidade depende da comprova\u00e7\u00e3o de culpa, conforme o Artigo 186\u201d, alertou o desembargador.<\/p>\n<p>Complementando a vis\u00e3o jur\u00eddica com a t\u00e9cnica, o engenheiro e perito judicial Jos\u00e9 Carlos Gavi\u00e3o de Almeida explicou a necessidade vital do planejamento. Ele relembrou o hist\u00f3rico da NBR 16.280, que desde 2014 regula as reformas em edifica\u00e7\u00f5es e passou por sua mais recente atualiza\u00e7\u00e3o em 2024. \u201cReformas mal planejadas comprometem a estrutura e aumentam o risco de acidentes. A norma existe para garantir seguran\u00e7a e organiza\u00e7\u00e3o, definindo procedimentos claros para propriet\u00e1rios, s\u00edndicos e engenheiros\u201d, destacou.<\/p>\n<p><img loading=\"lazy\" decoding=\"async\" class=\"wp-image-84641 alignleft\" src=\"https:\/\/secovi.com.br\/wp-content\/uploads\/2026\/04\/924030.jpg\" alt=\"\" width=\"668\" height=\"376\"\/>A engenheira e perita Livia Curzio Ferreira de Castro detalhou as obriga\u00e7\u00f5es de cada elo da corrente. Ao propriet\u00e1rio cabe a apresenta\u00e7\u00e3o de documentos; ao s\u00edndico, a an\u00e1lise e aprova\u00e7\u00e3o da conformidade; e ao Respons\u00e1vel T\u00e9cnico, a elabora\u00e7\u00e3o do plano de reforma e a emiss\u00e3o da ART\/RRT.<\/p>\n<p>L\u00edvia ressaltou a import\u00e2ncia do fluxo de fiscaliza\u00e7\u00e3o: ao identificar irregularidades, a administra\u00e7\u00e3o deve ser comunicada via relat\u00f3rio t\u00e9cnico para que a notifica\u00e7\u00e3o formal seja realizada, garantindo o acompanhamento at\u00e9 a regulariza\u00e7\u00e3o. A s\u00edntese final refor\u00e7ou que o dom\u00ednio global das reformas \u00e9 essencial para a estabilidade do pr\u00e9dio e para uma gest\u00e3o condominial de alta performance.<\/p>\n<p>Ao final do painel, a PROEMPI homenageou os palestrantes e promoveu um momento de integra\u00e7\u00e3o entre os participantes, incluindo o sorteio de brindes.<\/p>\n<\/p><\/div>\n<p><script>\n  !function(f,b,e,v,n,t,s)\n  {if(f.fbq)return;n=f.fbq=function(){n.callMethod?\n  n.callMethod.apply(n,arguments):n.queue.push(arguments)};\n  if(!f._fbq)f._fbq=n;n.push=n;n.loaded=!0;n.version='2.0';\n  n.queue=[];t=b.createElement(e);t.async=!0;\n  t.src=v;s=b.getElementsByTagName(e)[0];\n  s.parentNode.insertBefore(t,s)}(window, document,'script',\n  'https:\/\/connect.facebook.net\/en_US\/fbevents.js');\n  fbq('init', '780597760435075');\n  fbq('track', 'PageView');\n<\/script><br \/>\n<br \/><br \/>\n<br \/>Fonte:<a href=\"https:\/\/secovi.com.br\/condo-meeting-jundiai-debate-a-aplicacao-da-nbr-16-280\/\">Secovi <\/a><\/p>\n","protected":false},"excerpt":{"rendered":"<p>A sede da Associa\u00e7\u00e3o dos Engenheiros de Jundia\u00ed (AEJ) foi palco, na \u00faltima segunda-feira (27), de um debate essencial para o setor imobili\u00e1rio e de constru\u00e7\u00e3o civil: o Condo-Meeting Jundia\u00ed.&hellip; <\/p>\n","protected":false},"author":2,"featured_media":2732,"comment_status":"open","ping_status":"open","sticky":false,"template":"","format":"standard","meta":{"footnotes":""},"categories":[5,7],"tags":[],"yoast_head":"<!-- This site is optimized with the Yoast SEO plugin v21.5 - https:\/\/yoast.com\/wordpress\/plugins\/seo\/ -->\n<title>Condo-Meeting Jundia\u00ed debate a aplica\u00e7\u00e3o da NBR 16.280 - Jornal Im\u00f3velp<\/title>\n<meta name=\"robots\" content=\"index, follow, max-snippet:-1, max-image-preview:large, max-video-preview:-1\" \/>\n<link rel=\"canonical\" href=\"https:\/\/www.imovelp.com.br\/blog\/condo-meeting-jundiai-debate-a-aplicacao-da-nbr-16-280\/\" \/>\n<meta property=\"og:locale\" content=\"en_US\" \/>\n<meta property=\"og:type\" content=\"article\" \/>\n<meta property=\"og:title\" content=\"Condo-Meeting Jundia\u00ed debate a aplica\u00e7\u00e3o da NBR 16.280 - Jornal Im\u00f3velp\" \/>\n<meta property=\"og:description\" content=\"A sede da Associa\u00e7\u00e3o dos Engenheiros de Jundia\u00ed (AEJ) foi palco, na \u00faltima segunda-feira (27), de um debate essencial para o setor imobili\u00e1rio e de constru\u00e7\u00e3o civil: o Condo-Meeting Jundia\u00ed.&hellip;\" \/>\n<meta property=\"og:url\" content=\"https:\/\/www.imovelp.com.br\/blog\/condo-meeting-jundiai-debate-a-aplicacao-da-nbr-16-280\/\" \/>\n<meta property=\"og:site_name\" content=\"Jornal Im\u00f3velp\" \/>\n<meta property=\"article:published_time\" content=\"2026-04-29T21:47:25+00:00\" \/>\n<meta property=\"og:image\" content=\"https:\/\/secovi.com.br\/wp-content\/uploads\/2026\/04\/1777395218-4390753486e1d3a33f11534ea42bc1ab0dbf7.jpg\" \/>\n<meta name=\"author\" content=\"Marcos Monteiro\" \/>\n<meta name=\"twitter:card\" content=\"summary_large_image\" \/>\n<meta name=\"twitter:label1\" content=\"Written by\" \/>\n\t<meta name=\"twitter:data1\" content=\"Marcos Monteiro\" \/>\n\t<meta name=\"twitter:label2\" content=\"Est. reading time\" \/>\n\t<meta name=\"twitter:data2\" content=\"3 minutes\" \/>\n<script type=\"application\/ld+json\" class=\"yoast-schema-graph\">{\"@context\":\"https:\/\/schema.org\",\"@graph\":[{\"@type\":\"WebPage\",\"@id\":\"https:\/\/www.imovelp.com.br\/blog\/condo-meeting-jundiai-debate-a-aplicacao-da-nbr-16-280\/\",\"url\":\"https:\/\/www.imovelp.com.br\/blog\/condo-meeting-jundiai-debate-a-aplicacao-da-nbr-16-280\/\",\"name\":\"Condo-Meeting Jundia\u00ed debate a aplica\u00e7\u00e3o da NBR 16.280 - Jornal Im\u00f3velp\",\"isPartOf\":{\"@id\":\"https:\/\/www.imovelp.com.br\/blog\/#website\"},\"datePublished\":\"2026-04-29T21:47:25+00:00\",\"dateModified\":\"2026-04-29T21:47:25+00:00\",\"author\":{\"@id\":\"https:\/\/www.imovelp.com.br\/blog\/#\/schema\/person\/8fb1cc29840aba4154ec6a52e70be40a\"},\"breadcrumb\":{\"@id\":\"https:\/\/www.imovelp.com.br\/blog\/condo-meeting-jundiai-debate-a-aplicacao-da-nbr-16-280\/#breadcrumb\"},\"inLanguage\":\"en-US\",\"potentialAction\":[{\"@type\":\"ReadAction\",\"target\":[\"https:\/\/www.imovelp.com.br\/blog\/condo-meeting-jundiai-debate-a-aplicacao-da-nbr-16-280\/\"]}]},{\"@type\":\"BreadcrumbList\",\"@id\":\"https:\/\/www.imovelp.com.br\/blog\/condo-meeting-jundiai-debate-a-aplicacao-da-nbr-16-280\/#breadcrumb\",\"itemListElement\":[{\"@type\":\"ListItem\",\"position\":1,\"name\":\"Home\",\"item\":\"https:\/\/www.imovelp.com.br\/blog\/\"},{\"@type\":\"ListItem\",\"position\":2,\"name\":\"Condo-Meeting Jundia\u00ed debate a aplica\u00e7\u00e3o da NBR 16.280\"}]},{\"@type\":\"WebSite\",\"@id\":\"https:\/\/www.imovelp.com.br\/blog\/#website\",\"url\":\"https:\/\/www.imovelp.com.br\/blog\/\",\"name\":\"Jornal Im\u00f3velp\",\"description\":\"Portal de Not\u00edcias do Corretor de Im\u00f3veis\",\"potentialAction\":[{\"@type\":\"SearchAction\",\"target\":{\"@type\":\"EntryPoint\",\"urlTemplate\":\"https:\/\/www.imovelp.com.br\/blog\/?s={search_term_string}\"},\"query-input\":\"required name=search_term_string\"}],\"inLanguage\":\"en-US\"},{\"@type\":\"Person\",\"@id\":\"https:\/\/www.imovelp.com.br\/blog\/#\/schema\/person\/8fb1cc29840aba4154ec6a52e70be40a\",\"name\":\"Marcos Monteiro\",\"image\":{\"@type\":\"ImageObject\",\"inLanguage\":\"en-US\",\"@id\":\"https:\/\/www.imovelp.com.br\/blog\/#\/schema\/person\/image\/\",\"url\":\"https:\/\/secure.gravatar.com\/avatar\/da25bf23c2e75965766176dcd3fc7564?s=96&d=mm&r=g\",\"contentUrl\":\"https:\/\/secure.gravatar.com\/avatar\/da25bf23c2e75965766176dcd3fc7564?s=96&d=mm&r=g\",\"caption\":\"Marcos Monteiro\"},\"url\":\"https:\/\/www.imovelp.com.br\/blog\/author\/redacao-imovelp\/\"}]}<\/script>\n<!-- \/ Yoast SEO plugin. -->","yoast_head_json":{"title":"Condo-Meeting Jundia\u00ed debate a aplica\u00e7\u00e3o da NBR 16.280 - Jornal Im\u00f3velp","robots":{"index":"index","follow":"follow","max-snippet":"max-snippet:-1","max-image-preview":"max-image-preview:large","max-video-preview":"max-video-preview:-1"},"canonical":"https:\/\/www.imovelp.com.br\/blog\/condo-meeting-jundiai-debate-a-aplicacao-da-nbr-16-280\/","og_locale":"en_US","og_type":"article","og_title":"Condo-Meeting Jundia\u00ed debate a aplica\u00e7\u00e3o da NBR 16.280 - Jornal Im\u00f3velp","og_description":"A sede da Associa\u00e7\u00e3o dos Engenheiros de Jundia\u00ed (AEJ) foi palco, na \u00faltima segunda-feira (27), de um debate essencial para o setor imobili\u00e1rio e de constru\u00e7\u00e3o civil: o Condo-Meeting Jundia\u00ed.&hellip;","og_url":"https:\/\/www.imovelp.com.br\/blog\/condo-meeting-jundiai-debate-a-aplicacao-da-nbr-16-280\/","og_site_name":"Jornal Im\u00f3velp","article_published_time":"2026-04-29T21:47:25+00:00","og_image":[{"url":"https:\/\/secovi.com.br\/wp-content\/uploads\/2026\/04\/1777395218-4390753486e1d3a33f11534ea42bc1ab0dbf7.jpg"}],"author":"Marcos Monteiro","twitter_card":"summary_large_image","twitter_misc":{"Written by":"Marcos Monteiro","Est. reading time":"3 minutes"},"schema":{"@context":"https:\/\/schema.org","@graph":[{"@type":"WebPage","@id":"https:\/\/www.imovelp.com.br\/blog\/condo-meeting-jundiai-debate-a-aplicacao-da-nbr-16-280\/","url":"https:\/\/www.imovelp.com.br\/blog\/condo-meeting-jundiai-debate-a-aplicacao-da-nbr-16-280\/","name":"Condo-Meeting Jundia\u00ed debate a aplica\u00e7\u00e3o da NBR 16.280 - Jornal Im\u00f3velp","isPartOf":{"@id":"https:\/\/www.imovelp.com.br\/blog\/#website"},"datePublished":"2026-04-29T21:47:25+00:00","dateModified":"2026-04-29T21:47:25+00:00","author":{"@id":"https:\/\/www.imovelp.com.br\/blog\/#\/schema\/person\/8fb1cc29840aba4154ec6a52e70be40a"},"breadcrumb":{"@id":"https:\/\/www.imovelp.com.br\/blog\/condo-meeting-jundiai-debate-a-aplicacao-da-nbr-16-280\/#breadcrumb"},"inLanguage":"en-US","potentialAction":[{"@type":"ReadAction","target":["https:\/\/www.imovelp.com.br\/blog\/condo-meeting-jundiai-debate-a-aplicacao-da-nbr-16-280\/"]}]},{"@type":"BreadcrumbList","@id":"https:\/\/www.imovelp.com.br\/blog\/condo-meeting-jundiai-debate-a-aplicacao-da-nbr-16-280\/#breadcrumb","itemListElement":[{"@type":"ListItem","position":1,"name":"Home","item":"https:\/\/www.imovelp.com.br\/blog\/"},{"@type":"ListItem","position":2,"name":"Condo-Meeting Jundia\u00ed debate a aplica\u00e7\u00e3o da NBR 16.280"}]},{"@type":"WebSite","@id":"https:\/\/www.imovelp.com.br\/blog\/#website","url":"https:\/\/www.imovelp.com.br\/blog\/","name":"Jornal Im\u00f3velp","description":"Portal de Not\u00edcias do Corretor de Im\u00f3veis","potentialAction":[{"@type":"SearchAction","target":{"@type":"EntryPoint","urlTemplate":"https:\/\/www.imovelp.com.br\/blog\/?s={search_term_string}"},"query-input":"required name=search_term_string"}],"inLanguage":"en-US"},{"@type":"Person","@id":"https:\/\/www.imovelp.com.br\/blog\/#\/schema\/person\/8fb1cc29840aba4154ec6a52e70be40a","name":"Marcos Monteiro","image":{"@type":"ImageObject","inLanguage":"en-US","@id":"https:\/\/www.imovelp.com.br\/blog\/#\/schema\/person\/image\/","url":"https:\/\/secure.gravatar.com\/avatar\/da25bf23c2e75965766176dcd3fc7564?s=96&d=mm&r=g","contentUrl":"https:\/\/secure.gravatar.com\/avatar\/da25bf23c2e75965766176dcd3fc7564?s=96&d=mm&r=g","caption":"Marcos Monteiro"},"url":"https:\/\/www.imovelp.com.br\/blog\/author\/redacao-imovelp\/"}]}},"_links":{"self":[{"href":"https:\/\/www.imovelp.com.br\/blog\/wp-json\/wp\/v2\/posts\/2731"}],"collection":[{"href":"https:\/\/www.imovelp.com.br\/blog\/wp-json\/wp\/v2\/posts"}],"about":[{"href":"https:\/\/www.imovelp.com.br\/blog\/wp-json\/wp\/v2\/types\/post"}],"author":[{"embeddable":true,"href":"https:\/\/www.imovelp.com.br\/blog\/wp-json\/wp\/v2\/users\/2"}],"replies":[{"embeddable":true,"href":"https:\/\/www.imovelp.com.br\/blog\/wp-json\/wp\/v2\/comments?post=2731"}],"version-history":[{"count":0,"href":"https:\/\/www.imovelp.com.br\/blog\/wp-json\/wp\/v2\/posts\/2731\/revisions"}],"wp:featuredmedia":[{"embeddable":true,"href":"https:\/\/www.imovelp.com.br\/blog\/wp-json\/wp\/v2\/media\/2732"}],"wp:attachment":[{"href":"https:\/\/www.imovelp.com.br\/blog\/wp-json\/wp\/v2\/media?parent=2731"}],"wp:term":[{"taxonomy":"category","embeddable":true,"href":"https:\/\/www.imovelp.com.br\/blog\/wp-json\/wp\/v2\/categories?post=2731"},{"taxonomy":"post_tag","embeddable":true,"href":"https:\/\/www.imovelp.com.br\/blog\/wp-json\/wp\/v2\/tags?post=2731"}],"curies":[{"name":"wp","href":"https:\/\/api.w.org\/{rel}","templated":true}]}}