{"id":2729,"date":"2026-04-27T18:45:21","date_gmt":"2026-04-27T21:45:21","guid":{"rendered":"https:\/\/www.imovelp.com.br\/blog\/nucleo-de-altos-temas-do-secovi-sp-recebe-gilberto-kassab-e-ronaldo-caiado\/"},"modified":"2026-04-27T18:45:21","modified_gmt":"2026-04-27T21:45:21","slug":"nucleo-de-altos-temas-do-secovi-sp-recebe-gilberto-kassab-e-ronaldo-caiado","status":"publish","type":"post","link":"https:\/\/www.imovelp.com.br\/blog\/nucleo-de-altos-temas-do-secovi-sp-recebe-gilberto-kassab-e-ronaldo-caiado\/","title":{"rendered":"N\u00facleo de Altos Temas do Secovi-SP recebe Gilberto Kassab e Ronaldo Caiado"},"content":{"rendered":"<p> <br \/>\n<\/p>\n<div>\n<p>O Presidente Nacional do PSD, Gilberto Kassab e o pr\u00e9-candidato \u00e0 Presid\u00eancia da Rep\u00fablica e ex-governador de Goi\u00e1s, Ronaldo Caiado, participaram nesta segunda-feira (13), da reuni\u00e3o do Secovi-SP do N\u00facleo de Altos Temas (NAT), realizada na sede da entidade, com a presen\u00e7a de lideran\u00e7as empresariais, de entidades de classe e autoridades p\u00fablicas.<\/p>\n<p>Recebido por Flavio Amary, Coordenador do NAT e presidente da Fiabci-Brasil, e Jorge Cury Neto, Presidente do Secovi-SP, o encontro discutiu os caminhos do pa\u00eds e os desafios do mercado imobili\u00e1rio.<\/p>\n<p>\u201cO mercado imobili\u00e1rio \u00e9 um dos segmentos mais importantes para o nosso pa\u00eds. E quero refor\u00e7ar os recentes movimentos da Prefeitura e c\u00e2mara municipal, que atuaram no apoio ao setor para derrubar a liminar de suspens\u00e3o dos alvar\u00e1s, o que demonstra a necessidade do mercado se manter firme e mais unido\u201d, pontuou, o Presidente do Secovi-SP, Jorge Cury.<\/p>\n<p>Na sequ\u00eancia, Gilberto Kassab relembrou sua trajet\u00f3ria como engenheiro e sua associa\u00e7\u00e3o ao Secovi-SP em 1984, ressaltando a presen\u00e7a dos ex-presidentes da entidade, Romeu Chap Chap e Jo\u00e3o Crestana.<\/p>\n<p>Logo depois, Ronaldo Caiado enfatizou a import\u00e2ncia da seguran\u00e7a no direito de propriedade, um dos maiores desafios do setor imobili\u00e1rio. \u201cEsta pauta acompanha minha trajet\u00f3ria pol\u00edtica h\u00e1 mais de quarenta anos, \u00e9 um assunto que tivemos \u00eaxito durante minha gest\u00e3o no governo de Goi\u00e1s e que ter\u00e1 aten\u00e7\u00e3o em n\u00edvel nacional\u201d, refor\u00e7ou. Caiado tamb\u00e9m recordou o aprendizado e o acolhimento recebido pelo Secovi-SP, ao longo de suas gest\u00f5es. \u201cEsta entidade sempre esteve de portas abertas para debater e compartilhar conhecimento. Se hoje, o estado de Goi\u00e1s um dos estados mais prop\u00edcios para o desenvolvimento urbano, \u00e9 por conta deste ensinamento\u201d, completou.<\/p>\n<p>Dentre outras autoridades e lideran\u00e7as empresariais, prestigiaram o encontro Rodrigo Goulart, Secret\u00e1rio Municipal de Desenvolvimento Econ\u00f4mico e do Trabalho de Governo, Ant\u00f4nio Ramalho, Presidente do Sindicato dos Trabalhadores nas ind\u00fastrias da Constru\u00e7\u00e3o Civil de S\u00e3o Paulo, Renato Correia, Presidente da CBIC, entre outros.<\/p>\n<p>Sobre o Secovi-SP N\u00facleo de Altos Temas \u2013 Institu\u00eddo em 2008, pelo ex-presidente Romeu Chap Chap, o NAT re\u00fane lideran\u00e7as empresariais, institucionais e personalidades de diferentes \u00e1reas da vida nacional para somar vis\u00f5es e contribuir com o desenvolvimento do Brasil. Agora sob coordena\u00e7\u00e3o do tamb\u00e9m ex-presidente Flavio Amary, o Secovi-SP NAT retoma suas atividades como f\u00f3rum multidisciplinar dedicado \u00e0 an\u00e1lise de quest\u00f5es de interesse nacional.<\/p>\n<p><img loading=\"lazy\" decoding=\"async\" class=\"aligncenter size-full wp-image-83972\" src=\"https:\/\/secovi.com.br\/wp-content\/uploads\/2026\/04\/20260414-4.jpg\" alt=\"\" width=\"1087\" height=\"334\" srcset=\"https:\/\/secovi.com.br\/wp-content\/uploads\/2026\/04\/20260414-4.jpg 1087w, https:\/\/secovi.com.br\/wp-content\/uploads\/2026\/04\/20260414-4-980x301.jpg 980w, https:\/\/secovi.com.br\/wp-content\/uploads\/2026\/04\/20260414-4-480x147.jpg 480w\" sizes=\"(min-width: 0px) and (max-width: 480px) 480px, (min-width: 481px) and (max-width: 980px) 980px, (min-width: 981px) 1087px, 100vw\"\/><\/p>\n<\/p><\/div>\n<p><script>\n  !function(f,b,e,v,n,t,s)\n  {if(f.fbq)return;n=f.fbq=function(){n.callMethod?\n  n.callMethod.apply(n,arguments):n.queue.push(arguments)};\n  if(!f._fbq)f._fbq=n;n.push=n;n.loaded=!0;n.version='2.0';\n  n.queue=[];t=b.createElement(e);t.async=!0;\n  t.src=v;s=b.getElementsByTagName(e)[0];\n  s.parentNode.insertBefore(t,s)}(window, document,'script',\n  'https:\/\/connect.facebook.net\/en_US\/fbevents.js');\n  fbq('init', '780597760435075');\n  fbq('track', 'PageView');\n<\/script><br \/>\n<br \/><br \/>\n<br \/>Fonte:<a href=\"https:\/\/secovi.com.br\/nucleo-de-altos-temas-do-secovi-sp-recebe-gilberto-kassab-e-ronaldo-caiado\/\">Secovi <\/a><\/p>\n","protected":false},"excerpt":{"rendered":"<p>O Presidente Nacional do PSD, Gilberto Kassab e o pr\u00e9-candidato \u00e0 Presid\u00eancia da Rep\u00fablica e ex-governador de Goi\u00e1s, Ronaldo Caiado, participaram nesta segunda-feira (13), da reuni\u00e3o do Secovi-SP do N\u00facleo&hellip; <\/p>\n","protected":false},"author":2,"featured_media":2730,"comment_status":"open","ping_status":"open","sticky":false,"template":"","format":"standard","meta":{"footnotes":""},"categories":[5,7],"tags":[],"yoast_head":"<!-- This site is optimized with the Yoast SEO plugin v21.5 - https:\/\/yoast.com\/wordpress\/plugins\/seo\/ -->\n<title>N\u00facleo de Altos Temas do Secovi-SP recebe Gilberto Kassab e Ronaldo Caiado - Jornal Im\u00f3velp<\/title>\n<meta name=\"robots\" content=\"index, follow, max-snippet:-1, max-image-preview:large, max-video-preview:-1\" \/>\n<link rel=\"canonical\" href=\"https:\/\/www.imovelp.com.br\/blog\/nucleo-de-altos-temas-do-secovi-sp-recebe-gilberto-kassab-e-ronaldo-caiado\/\" \/>\n<meta property=\"og:locale\" content=\"en_US\" \/>\n<meta property=\"og:type\" content=\"article\" \/>\n<meta property=\"og:title\" content=\"N\u00facleo de Altos Temas do Secovi-SP recebe Gilberto Kassab e Ronaldo Caiado - Jornal Im\u00f3velp\" \/>\n<meta property=\"og:description\" content=\"O Presidente Nacional do PSD, Gilberto Kassab e o pr\u00e9-candidato \u00e0 Presid\u00eancia da Rep\u00fablica e ex-governador de Goi\u00e1s, Ronaldo Caiado, participaram nesta segunda-feira (13), da reuni\u00e3o do Secovi-SP do N\u00facleo&hellip;\" \/>\n<meta property=\"og:url\" content=\"https:\/\/www.imovelp.com.br\/blog\/nucleo-de-altos-temas-do-secovi-sp-recebe-gilberto-kassab-e-ronaldo-caiado\/\" \/>\n<meta property=\"og:site_name\" content=\"Jornal Im\u00f3velp\" \/>\n<meta property=\"article:published_time\" content=\"2026-04-27T21:45:21+00:00\" \/>\n<meta property=\"og:image\" content=\"https:\/\/secovi.com.br\/wp-content\/uploads\/2026\/04\/20260414-4.jpg\" \/>\n<meta name=\"author\" content=\"Marcos Monteiro\" \/>\n<meta name=\"twitter:card\" content=\"summary_large_image\" \/>\n<meta name=\"twitter:label1\" content=\"Written by\" \/>\n\t<meta name=\"twitter:data1\" content=\"Marcos Monteiro\" \/>\n\t<meta name=\"twitter:label2\" content=\"Est. reading time\" \/>\n\t<meta name=\"twitter:data2\" content=\"2 minutes\" \/>\n<script type=\"application\/ld+json\" class=\"yoast-schema-graph\">{\"@context\":\"https:\/\/schema.org\",\"@graph\":[{\"@type\":\"WebPage\",\"@id\":\"https:\/\/www.imovelp.com.br\/blog\/nucleo-de-altos-temas-do-secovi-sp-recebe-gilberto-kassab-e-ronaldo-caiado\/\",\"url\":\"https:\/\/www.imovelp.com.br\/blog\/nucleo-de-altos-temas-do-secovi-sp-recebe-gilberto-kassab-e-ronaldo-caiado\/\",\"name\":\"N\u00facleo de Altos Temas do Secovi-SP recebe Gilberto Kassab e Ronaldo Caiado - Jornal Im\u00f3velp\",\"isPartOf\":{\"@id\":\"https:\/\/www.imovelp.com.br\/blog\/#website\"},\"datePublished\":\"2026-04-27T21:45:21+00:00\",\"dateModified\":\"2026-04-27T21:45:21+00:00\",\"author\":{\"@id\":\"https:\/\/www.imovelp.com.br\/blog\/#\/schema\/person\/8fb1cc29840aba4154ec6a52e70be40a\"},\"breadcrumb\":{\"@id\":\"https:\/\/www.imovelp.com.br\/blog\/nucleo-de-altos-temas-do-secovi-sp-recebe-gilberto-kassab-e-ronaldo-caiado\/#breadcrumb\"},\"inLanguage\":\"en-US\",\"potentialAction\":[{\"@type\":\"ReadAction\",\"target\":[\"https:\/\/www.imovelp.com.br\/blog\/nucleo-de-altos-temas-do-secovi-sp-recebe-gilberto-kassab-e-ronaldo-caiado\/\"]}]},{\"@type\":\"BreadcrumbList\",\"@id\":\"https:\/\/www.imovelp.com.br\/blog\/nucleo-de-altos-temas-do-secovi-sp-recebe-gilberto-kassab-e-ronaldo-caiado\/#breadcrumb\",\"itemListElement\":[{\"@type\":\"ListItem\",\"position\":1,\"name\":\"Home\",\"item\":\"https:\/\/www.imovelp.com.br\/blog\/\"},{\"@type\":\"ListItem\",\"position\":2,\"name\":\"N\u00facleo de Altos Temas do Secovi-SP recebe Gilberto Kassab e Ronaldo Caiado\"}]},{\"@type\":\"WebSite\",\"@id\":\"https:\/\/www.imovelp.com.br\/blog\/#website\",\"url\":\"https:\/\/www.imovelp.com.br\/blog\/\",\"name\":\"Jornal Im\u00f3velp\",\"description\":\"Portal de Not\u00edcias do Corretor de Im\u00f3veis\",\"potentialAction\":[{\"@type\":\"SearchAction\",\"target\":{\"@type\":\"EntryPoint\",\"urlTemplate\":\"https:\/\/www.imovelp.com.br\/blog\/?s={search_term_string}\"},\"query-input\":\"required name=search_term_string\"}],\"inLanguage\":\"en-US\"},{\"@type\":\"Person\",\"@id\":\"https:\/\/www.imovelp.com.br\/blog\/#\/schema\/person\/8fb1cc29840aba4154ec6a52e70be40a\",\"name\":\"Marcos Monteiro\",\"image\":{\"@type\":\"ImageObject\",\"inLanguage\":\"en-US\",\"@id\":\"https:\/\/www.imovelp.com.br\/blog\/#\/schema\/person\/image\/\",\"url\":\"https:\/\/secure.gravatar.com\/avatar\/da25bf23c2e75965766176dcd3fc7564?s=96&d=mm&r=g\",\"contentUrl\":\"https:\/\/secure.gravatar.com\/avatar\/da25bf23c2e75965766176dcd3fc7564?s=96&d=mm&r=g\",\"caption\":\"Marcos Monteiro\"},\"url\":\"https:\/\/www.imovelp.com.br\/blog\/author\/redacao-imovelp\/\"}]}<\/script>\n<!-- \/ Yoast SEO plugin. -->","yoast_head_json":{"title":"N\u00facleo de Altos Temas do Secovi-SP recebe Gilberto Kassab e Ronaldo Caiado - Jornal Im\u00f3velp","robots":{"index":"index","follow":"follow","max-snippet":"max-snippet:-1","max-image-preview":"max-image-preview:large","max-video-preview":"max-video-preview:-1"},"canonical":"https:\/\/www.imovelp.com.br\/blog\/nucleo-de-altos-temas-do-secovi-sp-recebe-gilberto-kassab-e-ronaldo-caiado\/","og_locale":"en_US","og_type":"article","og_title":"N\u00facleo de Altos Temas do Secovi-SP recebe Gilberto Kassab e Ronaldo Caiado - Jornal Im\u00f3velp","og_description":"O Presidente Nacional do PSD, Gilberto Kassab e o pr\u00e9-candidato \u00e0 Presid\u00eancia da Rep\u00fablica e ex-governador de Goi\u00e1s, Ronaldo Caiado, participaram nesta segunda-feira (13), da reuni\u00e3o do Secovi-SP do N\u00facleo&hellip;","og_url":"https:\/\/www.imovelp.com.br\/blog\/nucleo-de-altos-temas-do-secovi-sp-recebe-gilberto-kassab-e-ronaldo-caiado\/","og_site_name":"Jornal Im\u00f3velp","article_published_time":"2026-04-27T21:45:21+00:00","og_image":[{"url":"https:\/\/secovi.com.br\/wp-content\/uploads\/2026\/04\/20260414-4.jpg"}],"author":"Marcos Monteiro","twitter_card":"summary_large_image","twitter_misc":{"Written by":"Marcos Monteiro","Est. reading time":"2 minutes"},"schema":{"@context":"https:\/\/schema.org","@graph":[{"@type":"WebPage","@id":"https:\/\/www.imovelp.com.br\/blog\/nucleo-de-altos-temas-do-secovi-sp-recebe-gilberto-kassab-e-ronaldo-caiado\/","url":"https:\/\/www.imovelp.com.br\/blog\/nucleo-de-altos-temas-do-secovi-sp-recebe-gilberto-kassab-e-ronaldo-caiado\/","name":"N\u00facleo de Altos Temas do Secovi-SP recebe Gilberto Kassab e Ronaldo Caiado - Jornal Im\u00f3velp","isPartOf":{"@id":"https:\/\/www.imovelp.com.br\/blog\/#website"},"datePublished":"2026-04-27T21:45:21+00:00","dateModified":"2026-04-27T21:45:21+00:00","author":{"@id":"https:\/\/www.imovelp.com.br\/blog\/#\/schema\/person\/8fb1cc29840aba4154ec6a52e70be40a"},"breadcrumb":{"@id":"https:\/\/www.imovelp.com.br\/blog\/nucleo-de-altos-temas-do-secovi-sp-recebe-gilberto-kassab-e-ronaldo-caiado\/#breadcrumb"},"inLanguage":"en-US","potentialAction":[{"@type":"ReadAction","target":["https:\/\/www.imovelp.com.br\/blog\/nucleo-de-altos-temas-do-secovi-sp-recebe-gilberto-kassab-e-ronaldo-caiado\/"]}]},{"@type":"BreadcrumbList","@id":"https:\/\/www.imovelp.com.br\/blog\/nucleo-de-altos-temas-do-secovi-sp-recebe-gilberto-kassab-e-ronaldo-caiado\/#breadcrumb","itemListElement":[{"@type":"ListItem","position":1,"name":"Home","item":"https:\/\/www.imovelp.com.br\/blog\/"},{"@type":"ListItem","position":2,"name":"N\u00facleo de Altos Temas do Secovi-SP recebe Gilberto Kassab e Ronaldo Caiado"}]},{"@type":"WebSite","@id":"https:\/\/www.imovelp.com.br\/blog\/#website","url":"https:\/\/www.imovelp.com.br\/blog\/","name":"Jornal Im\u00f3velp","description":"Portal de Not\u00edcias do Corretor de Im\u00f3veis","potentialAction":[{"@type":"SearchAction","target":{"@type":"EntryPoint","urlTemplate":"https:\/\/www.imovelp.com.br\/blog\/?s={search_term_string}"},"query-input":"required name=search_term_string"}],"inLanguage":"en-US"},{"@type":"Person","@id":"https:\/\/www.imovelp.com.br\/blog\/#\/schema\/person\/8fb1cc29840aba4154ec6a52e70be40a","name":"Marcos Monteiro","image":{"@type":"ImageObject","inLanguage":"en-US","@id":"https:\/\/www.imovelp.com.br\/blog\/#\/schema\/person\/image\/","url":"https:\/\/secure.gravatar.com\/avatar\/da25bf23c2e75965766176dcd3fc7564?s=96&d=mm&r=g","contentUrl":"https:\/\/secure.gravatar.com\/avatar\/da25bf23c2e75965766176dcd3fc7564?s=96&d=mm&r=g","caption":"Marcos Monteiro"},"url":"https:\/\/www.imovelp.com.br\/blog\/author\/redacao-imovelp\/"}]}},"_links":{"self":[{"href":"https:\/\/www.imovelp.com.br\/blog\/wp-json\/wp\/v2\/posts\/2729"}],"collection":[{"href":"https:\/\/www.imovelp.com.br\/blog\/wp-json\/wp\/v2\/posts"}],"about":[{"href":"https:\/\/www.imovelp.com.br\/blog\/wp-json\/wp\/v2\/types\/post"}],"author":[{"embeddable":true,"href":"https:\/\/www.imovelp.com.br\/blog\/wp-json\/wp\/v2\/users\/2"}],"replies":[{"embeddable":true,"href":"https:\/\/www.imovelp.com.br\/blog\/wp-json\/wp\/v2\/comments?post=2729"}],"version-history":[{"count":0,"href":"https:\/\/www.imovelp.com.br\/blog\/wp-json\/wp\/v2\/posts\/2729\/revisions"}],"wp:featuredmedia":[{"embeddable":true,"href":"https:\/\/www.imovelp.com.br\/blog\/wp-json\/wp\/v2\/media\/2730"}],"wp:attachment":[{"href":"https:\/\/www.imovelp.com.br\/blog\/wp-json\/wp\/v2\/media?parent=2729"}],"wp:term":[{"taxonomy":"category","embeddable":true,"href":"https:\/\/www.imovelp.com.br\/blog\/wp-json\/wp\/v2\/categories?post=2729"},{"taxonomy":"post_tag","embeddable":true,"href":"https:\/\/www.imovelp.com.br\/blog\/wp-json\/wp\/v2\/tags?post=2729"}],"curies":[{"name":"wp","href":"https:\/\/api.w.org\/{rel}","templated":true}]}}