{"id":2727,"date":"2026-04-25T18:44:35","date_gmt":"2026-04-25T21:44:35","guid":{"rendered":"https:\/\/www.imovelp.com.br\/blog\/quem-paga-a-conta-recarga-de-veiculos-eletricos-domina-debate-em-evento-do-secovi-sp-em-sao-jose-dos-campos\/"},"modified":"2026-04-25T18:44:35","modified_gmt":"2026-04-25T21:44:35","slug":"quem-paga-a-conta-recarga-de-veiculos-eletricos-domina-debate-em-evento-do-secovi-sp-em-sao-jose-dos-campos","status":"publish","type":"post","link":"https:\/\/www.imovelp.com.br\/blog\/quem-paga-a-conta-recarga-de-veiculos-eletricos-domina-debate-em-evento-do-secovi-sp-em-sao-jose-dos-campos\/","title":{"rendered":"Quem paga a conta? Recarga de ve\u00edculos el\u00e9tricos domina debate em evento do Secovi-SP em S\u00e3o Jos\u00e9 dos Campos"},"content":{"rendered":"<p> <br \/>\n<\/p>\n<div id=\"post-84415\">\n<div class=\"entry-content\">\n<p><i>Especialistas apresentaram caminhos t\u00e9cnicos e jur\u00eddicos para adapta\u00e7\u00e3o dos condom\u00ednios\u00a0<\/i><\/p>\n<p><span style=\"font-weight: 400;\"><img loading=\"lazy\" decoding=\"async\" class=\"wp-image-84416 alignright\" src=\"https:\/\/secovi.com.br\/wp-content\/uploads\/2026\/04\/WhatsApp-Image-2026-04-24-at-07.39.36.jpeg\" alt=\"\" width=\"347\" height=\"463\"\/>Diante do avan\u00e7o da mobilidade el\u00e9trica no Brasil e da recente entrada em vigor da Lei n\u00ba 18.403\/2026, o Secovi-SP realizou, na \u00faltima quinta-feira (23), em S\u00e3o Jos\u00e9 dos Campos (SP), mais uma edi\u00e7\u00e3o regional do Condo Meeting.<\/span><\/p>\n<p><span style=\"font-weight: 400;\">Com o tema <\/span><i><span style=\"font-weight: 400;\">\u201cO futuro da mobilidade: recarga de ve\u00edculos el\u00e9tricos em condom\u00ednios\u201d<\/span><\/i><span style=\"font-weight: 400;\">, o encontro reuniu s\u00edndicos, administradoras, profissionais do setor imobili\u00e1rio e imprensa para debater os desafios pr\u00e1ticos trazidos pela nova realidade dos condom\u00ednios.<\/span><\/p>\n<p><span style=\"font-weight: 400;\">Entre os principais pontos discutidos esteve a defini\u00e7\u00e3o de responsabilidades sobre os custos da recarga \u2014 quest\u00e3o cada vez mais presente no dia a dia condominial. Embora o princ\u00edpio de que \u201cquem utiliza, paga\u201d seja amplamente aceito, especialistas destacaram que sua aplica\u00e7\u00e3o exige planejamento t\u00e9cnico, adequa\u00e7\u00e3o \u00e0s normas de seguran\u00e7a e regras claras de gest\u00e3o.<\/span><\/p>\n<p><span style=\"font-weight: 400;\">O debate contou com a participa\u00e7\u00e3o do engenheiro Paulo Rewald, diretor de Normaliza\u00e7\u00e3o do Secovi-SP, e da advogada P\u00e9rola Melissa Vianna Braga, presidente da Comiss\u00e3o de Direito Condominial da OAB S\u00e3o Jos\u00e9 dos Campos e Paraibuna. Os especialistas abordaram desde as melhores pr\u00e1ticas para implanta\u00e7\u00e3o da infraestrutura at\u00e9 os impactos da nova legisla\u00e7\u00e3o e os cuidados necess\u00e1rios para evitar riscos e conflitos entre moradores.<\/span><\/p>\n<p><span style=\"font-weight: 400;\">Realizado na Regional do Secovi-SP em S\u00e3o Jos\u00e9 dos Campos, o evento refor\u00e7ou o papel do Condo Meeting como um espa\u00e7o estrat\u00e9gico de atualiza\u00e7\u00e3o e troca de experi\u00eancias, preparando o setor para uma transforma\u00e7\u00e3o que j\u00e1 se consolida como realidade no mercado imobili\u00e1rio.<\/span><\/p>\n<\/p><\/div>\n<\/p><\/div>\n<p><script>\n  !function(f,b,e,v,n,t,s)\n  {if(f.fbq)return;n=f.fbq=function(){n.callMethod?\n  n.callMethod.apply(n,arguments):n.queue.push(arguments)};\n  if(!f._fbq)f._fbq=n;n.push=n;n.loaded=!0;n.version='2.0';\n  n.queue=[];t=b.createElement(e);t.async=!0;\n  t.src=v;s=b.getElementsByTagName(e)[0];\n  s.parentNode.insertBefore(t,s)}(window, document,'script',\n  'https:\/\/connect.facebook.net\/en_US\/fbevents.js');\n  fbq('init', '780597760435075');\n  fbq('track', 'PageView');\n<\/script><br \/>\n<br \/><br \/>\n<br \/>Fonte:<a href=\"https:\/\/secovi.com.br\/quem-paga-a-conta-recarga-de-veiculos-eletricos-domina-debate-em-evento-do-secovi-sp-em-sao-jose-dos-campos\/\">Secovi <\/a><\/p>\n","protected":false},"excerpt":{"rendered":"<p>Especialistas apresentaram caminhos t\u00e9cnicos e jur\u00eddicos para adapta\u00e7\u00e3o dos condom\u00ednios\u00a0 Diante do avan\u00e7o da mobilidade el\u00e9trica no Brasil e da recente entrada em vigor da Lei n\u00ba 18.403\/2026, o Secovi-SP&hellip; <\/p>\n","protected":false},"author":2,"featured_media":2728,"comment_status":"open","ping_status":"open","sticky":false,"template":"","format":"standard","meta":{"footnotes":""},"categories":[5,7],"tags":[],"yoast_head":"<!-- This site is optimized with the Yoast SEO plugin v21.5 - https:\/\/yoast.com\/wordpress\/plugins\/seo\/ -->\n<title>Quem paga a conta? Recarga de ve\u00edculos el\u00e9tricos domina debate em evento do Secovi-SP em S\u00e3o Jos\u00e9 dos Campos - Jornal Im\u00f3velp<\/title>\n<meta name=\"robots\" content=\"index, follow, max-snippet:-1, max-image-preview:large, max-video-preview:-1\" \/>\n<link rel=\"canonical\" href=\"https:\/\/www.imovelp.com.br\/blog\/quem-paga-a-conta-recarga-de-veiculos-eletricos-domina-debate-em-evento-do-secovi-sp-em-sao-jose-dos-campos\/\" \/>\n<meta property=\"og:locale\" content=\"en_US\" \/>\n<meta property=\"og:type\" content=\"article\" \/>\n<meta property=\"og:title\" content=\"Quem paga a conta? Recarga de ve\u00edculos el\u00e9tricos domina debate em evento do Secovi-SP em S\u00e3o Jos\u00e9 dos Campos - Jornal Im\u00f3velp\" \/>\n<meta property=\"og:description\" content=\"Especialistas apresentaram caminhos t\u00e9cnicos e jur\u00eddicos para adapta\u00e7\u00e3o dos condom\u00ednios\u00a0 Diante do avan\u00e7o da mobilidade el\u00e9trica no Brasil e da recente entrada em vigor da Lei n\u00ba 18.403\/2026, o Secovi-SP&hellip;\" \/>\n<meta property=\"og:url\" content=\"https:\/\/www.imovelp.com.br\/blog\/quem-paga-a-conta-recarga-de-veiculos-eletricos-domina-debate-em-evento-do-secovi-sp-em-sao-jose-dos-campos\/\" \/>\n<meta property=\"og:site_name\" content=\"Jornal Im\u00f3velp\" \/>\n<meta property=\"article:published_time\" content=\"2026-04-25T21:44:35+00:00\" \/>\n<meta property=\"og:image\" content=\"https:\/\/secovi.com.br\/wp-content\/uploads\/2026\/04\/WhatsApp-Image-2026-04-24-at-07.39.36.jpeg\" \/>\n<meta name=\"author\" content=\"Marcos Monteiro\" \/>\n<meta name=\"twitter:card\" content=\"summary_large_image\" \/>\n<meta name=\"twitter:label1\" content=\"Written by\" \/>\n\t<meta name=\"twitter:data1\" content=\"Marcos Monteiro\" \/>\n\t<meta name=\"twitter:label2\" content=\"Est. reading time\" \/>\n\t<meta name=\"twitter:data2\" content=\"1 minute\" \/>\n<script type=\"application\/ld+json\" class=\"yoast-schema-graph\">{\"@context\":\"https:\/\/schema.org\",\"@graph\":[{\"@type\":\"WebPage\",\"@id\":\"https:\/\/www.imovelp.com.br\/blog\/quem-paga-a-conta-recarga-de-veiculos-eletricos-domina-debate-em-evento-do-secovi-sp-em-sao-jose-dos-campos\/\",\"url\":\"https:\/\/www.imovelp.com.br\/blog\/quem-paga-a-conta-recarga-de-veiculos-eletricos-domina-debate-em-evento-do-secovi-sp-em-sao-jose-dos-campos\/\",\"name\":\"Quem paga a conta? Recarga de ve\u00edculos el\u00e9tricos domina debate em evento do Secovi-SP em S\u00e3o Jos\u00e9 dos Campos - Jornal Im\u00f3velp\",\"isPartOf\":{\"@id\":\"https:\/\/www.imovelp.com.br\/blog\/#website\"},\"datePublished\":\"2026-04-25T21:44:35+00:00\",\"dateModified\":\"2026-04-25T21:44:35+00:00\",\"author\":{\"@id\":\"https:\/\/www.imovelp.com.br\/blog\/#\/schema\/person\/8fb1cc29840aba4154ec6a52e70be40a\"},\"breadcrumb\":{\"@id\":\"https:\/\/www.imovelp.com.br\/blog\/quem-paga-a-conta-recarga-de-veiculos-eletricos-domina-debate-em-evento-do-secovi-sp-em-sao-jose-dos-campos\/#breadcrumb\"},\"inLanguage\":\"en-US\",\"potentialAction\":[{\"@type\":\"ReadAction\",\"target\":[\"https:\/\/www.imovelp.com.br\/blog\/quem-paga-a-conta-recarga-de-veiculos-eletricos-domina-debate-em-evento-do-secovi-sp-em-sao-jose-dos-campos\/\"]}]},{\"@type\":\"BreadcrumbList\",\"@id\":\"https:\/\/www.imovelp.com.br\/blog\/quem-paga-a-conta-recarga-de-veiculos-eletricos-domina-debate-em-evento-do-secovi-sp-em-sao-jose-dos-campos\/#breadcrumb\",\"itemListElement\":[{\"@type\":\"ListItem\",\"position\":1,\"name\":\"Home\",\"item\":\"https:\/\/www.imovelp.com.br\/blog\/\"},{\"@type\":\"ListItem\",\"position\":2,\"name\":\"Quem paga a conta? Recarga de ve\u00edculos el\u00e9tricos domina debate em evento do Secovi-SP em S\u00e3o Jos\u00e9 dos Campos\"}]},{\"@type\":\"WebSite\",\"@id\":\"https:\/\/www.imovelp.com.br\/blog\/#website\",\"url\":\"https:\/\/www.imovelp.com.br\/blog\/\",\"name\":\"Jornal Im\u00f3velp\",\"description\":\"Portal de Not\u00edcias do Corretor de Im\u00f3veis\",\"potentialAction\":[{\"@type\":\"SearchAction\",\"target\":{\"@type\":\"EntryPoint\",\"urlTemplate\":\"https:\/\/www.imovelp.com.br\/blog\/?s={search_term_string}\"},\"query-input\":\"required name=search_term_string\"}],\"inLanguage\":\"en-US\"},{\"@type\":\"Person\",\"@id\":\"https:\/\/www.imovelp.com.br\/blog\/#\/schema\/person\/8fb1cc29840aba4154ec6a52e70be40a\",\"name\":\"Marcos Monteiro\",\"image\":{\"@type\":\"ImageObject\",\"inLanguage\":\"en-US\",\"@id\":\"https:\/\/www.imovelp.com.br\/blog\/#\/schema\/person\/image\/\",\"url\":\"https:\/\/secure.gravatar.com\/avatar\/da25bf23c2e75965766176dcd3fc7564?s=96&d=mm&r=g\",\"contentUrl\":\"https:\/\/secure.gravatar.com\/avatar\/da25bf23c2e75965766176dcd3fc7564?s=96&d=mm&r=g\",\"caption\":\"Marcos Monteiro\"},\"url\":\"https:\/\/www.imovelp.com.br\/blog\/author\/redacao-imovelp\/\"}]}<\/script>\n<!-- \/ Yoast SEO plugin. -->","yoast_head_json":{"title":"Quem paga a conta? Recarga de ve\u00edculos el\u00e9tricos domina debate em evento do Secovi-SP em S\u00e3o Jos\u00e9 dos Campos - Jornal Im\u00f3velp","robots":{"index":"index","follow":"follow","max-snippet":"max-snippet:-1","max-image-preview":"max-image-preview:large","max-video-preview":"max-video-preview:-1"},"canonical":"https:\/\/www.imovelp.com.br\/blog\/quem-paga-a-conta-recarga-de-veiculos-eletricos-domina-debate-em-evento-do-secovi-sp-em-sao-jose-dos-campos\/","og_locale":"en_US","og_type":"article","og_title":"Quem paga a conta? Recarga de ve\u00edculos el\u00e9tricos domina debate em evento do Secovi-SP em S\u00e3o Jos\u00e9 dos Campos - Jornal Im\u00f3velp","og_description":"Especialistas apresentaram caminhos t\u00e9cnicos e jur\u00eddicos para adapta\u00e7\u00e3o dos condom\u00ednios\u00a0 Diante do avan\u00e7o da mobilidade el\u00e9trica no Brasil e da recente entrada em vigor da Lei n\u00ba 18.403\/2026, o Secovi-SP&hellip;","og_url":"https:\/\/www.imovelp.com.br\/blog\/quem-paga-a-conta-recarga-de-veiculos-eletricos-domina-debate-em-evento-do-secovi-sp-em-sao-jose-dos-campos\/","og_site_name":"Jornal Im\u00f3velp","article_published_time":"2026-04-25T21:44:35+00:00","og_image":[{"url":"https:\/\/secovi.com.br\/wp-content\/uploads\/2026\/04\/WhatsApp-Image-2026-04-24-at-07.39.36.jpeg"}],"author":"Marcos Monteiro","twitter_card":"summary_large_image","twitter_misc":{"Written by":"Marcos Monteiro","Est. reading time":"1 minute"},"schema":{"@context":"https:\/\/schema.org","@graph":[{"@type":"WebPage","@id":"https:\/\/www.imovelp.com.br\/blog\/quem-paga-a-conta-recarga-de-veiculos-eletricos-domina-debate-em-evento-do-secovi-sp-em-sao-jose-dos-campos\/","url":"https:\/\/www.imovelp.com.br\/blog\/quem-paga-a-conta-recarga-de-veiculos-eletricos-domina-debate-em-evento-do-secovi-sp-em-sao-jose-dos-campos\/","name":"Quem paga a conta? Recarga de ve\u00edculos el\u00e9tricos domina debate em evento do Secovi-SP em S\u00e3o Jos\u00e9 dos Campos - Jornal Im\u00f3velp","isPartOf":{"@id":"https:\/\/www.imovelp.com.br\/blog\/#website"},"datePublished":"2026-04-25T21:44:35+00:00","dateModified":"2026-04-25T21:44:35+00:00","author":{"@id":"https:\/\/www.imovelp.com.br\/blog\/#\/schema\/person\/8fb1cc29840aba4154ec6a52e70be40a"},"breadcrumb":{"@id":"https:\/\/www.imovelp.com.br\/blog\/quem-paga-a-conta-recarga-de-veiculos-eletricos-domina-debate-em-evento-do-secovi-sp-em-sao-jose-dos-campos\/#breadcrumb"},"inLanguage":"en-US","potentialAction":[{"@type":"ReadAction","target":["https:\/\/www.imovelp.com.br\/blog\/quem-paga-a-conta-recarga-de-veiculos-eletricos-domina-debate-em-evento-do-secovi-sp-em-sao-jose-dos-campos\/"]}]},{"@type":"BreadcrumbList","@id":"https:\/\/www.imovelp.com.br\/blog\/quem-paga-a-conta-recarga-de-veiculos-eletricos-domina-debate-em-evento-do-secovi-sp-em-sao-jose-dos-campos\/#breadcrumb","itemListElement":[{"@type":"ListItem","position":1,"name":"Home","item":"https:\/\/www.imovelp.com.br\/blog\/"},{"@type":"ListItem","position":2,"name":"Quem paga a conta? Recarga de ve\u00edculos el\u00e9tricos domina debate em evento do Secovi-SP em S\u00e3o Jos\u00e9 dos Campos"}]},{"@type":"WebSite","@id":"https:\/\/www.imovelp.com.br\/blog\/#website","url":"https:\/\/www.imovelp.com.br\/blog\/","name":"Jornal Im\u00f3velp","description":"Portal de Not\u00edcias do Corretor de Im\u00f3veis","potentialAction":[{"@type":"SearchAction","target":{"@type":"EntryPoint","urlTemplate":"https:\/\/www.imovelp.com.br\/blog\/?s={search_term_string}"},"query-input":"required name=search_term_string"}],"inLanguage":"en-US"},{"@type":"Person","@id":"https:\/\/www.imovelp.com.br\/blog\/#\/schema\/person\/8fb1cc29840aba4154ec6a52e70be40a","name":"Marcos Monteiro","image":{"@type":"ImageObject","inLanguage":"en-US","@id":"https:\/\/www.imovelp.com.br\/blog\/#\/schema\/person\/image\/","url":"https:\/\/secure.gravatar.com\/avatar\/da25bf23c2e75965766176dcd3fc7564?s=96&d=mm&r=g","contentUrl":"https:\/\/secure.gravatar.com\/avatar\/da25bf23c2e75965766176dcd3fc7564?s=96&d=mm&r=g","caption":"Marcos Monteiro"},"url":"https:\/\/www.imovelp.com.br\/blog\/author\/redacao-imovelp\/"}]}},"_links":{"self":[{"href":"https:\/\/www.imovelp.com.br\/blog\/wp-json\/wp\/v2\/posts\/2727"}],"collection":[{"href":"https:\/\/www.imovelp.com.br\/blog\/wp-json\/wp\/v2\/posts"}],"about":[{"href":"https:\/\/www.imovelp.com.br\/blog\/wp-json\/wp\/v2\/types\/post"}],"author":[{"embeddable":true,"href":"https:\/\/www.imovelp.com.br\/blog\/wp-json\/wp\/v2\/users\/2"}],"replies":[{"embeddable":true,"href":"https:\/\/www.imovelp.com.br\/blog\/wp-json\/wp\/v2\/comments?post=2727"}],"version-history":[{"count":0,"href":"https:\/\/www.imovelp.com.br\/blog\/wp-json\/wp\/v2\/posts\/2727\/revisions"}],"wp:featuredmedia":[{"embeddable":true,"href":"https:\/\/www.imovelp.com.br\/blog\/wp-json\/wp\/v2\/media\/2728"}],"wp:attachment":[{"href":"https:\/\/www.imovelp.com.br\/blog\/wp-json\/wp\/v2\/media?parent=2727"}],"wp:term":[{"taxonomy":"category","embeddable":true,"href":"https:\/\/www.imovelp.com.br\/blog\/wp-json\/wp\/v2\/categories?post=2727"},{"taxonomy":"post_tag","embeddable":true,"href":"https:\/\/www.imovelp.com.br\/blog\/wp-json\/wp\/v2\/tags?post=2727"}],"curies":[{"name":"wp","href":"https:\/\/api.w.org\/{rel}","templated":true}]}}