{"id":2725,"date":"2026-04-23T18:42:52","date_gmt":"2026-04-23T21:42:52","guid":{"rendered":"https:\/\/www.imovelp.com.br\/blog\/encontro-secovi-sp-em-piracicaba-apresenta-balanco-do-mercado-imobiliario-de-2025\/"},"modified":"2026-04-23T18:42:52","modified_gmt":"2026-04-23T21:42:52","slug":"encontro-secovi-sp-em-piracicaba-apresenta-balanco-do-mercado-imobiliario-de-2025","status":"publish","type":"post","link":"https:\/\/www.imovelp.com.br\/blog\/encontro-secovi-sp-em-piracicaba-apresenta-balanco-do-mercado-imobiliario-de-2025\/","title":{"rendered":"Encontro Secovi-SP em Piracicaba apresenta balan\u00e7o do mercado imobili\u00e1rio de 2025"},"content":{"rendered":"<p> <br \/>\n<\/p>\n<div>\n<p><img loading=\"lazy\" decoding=\"async\" class=\" wp-image-83977 alignleft\" src=\"https:\/\/secovi.com.br\/wp-content\/uploads\/2026\/04\/20260414-piracicaba.jpeg\" alt=\"\" width=\"404\" height=\"337\"\/>Com expressiva participa\u00e7\u00e3o do setor, o Encontro de Imobili\u00e1rias de Piracicaba, realizado na \u00faltima quinta-feira, 9\/4, reuniu 185 profissionais. O evento foi palco para a apresenta\u00e7\u00e3o do Estudo Secovi-SP do Mercado Imobili\u00e1rio, que detalhou os indicadores estrat\u00e9gicos consolidados de 2025 e ofereceu um panorama aprofundado para incorporadores, loteadores, corretores e demais autoridades presentes.<\/p>\n<p>A abertura do encontro, precedida por um momento de networking e welcome-coffee, contou com a condu\u00e7\u00e3o de Angelo Frias Neto, representante do Secovi-SP em Piracicaba. Em sua fala, destacou a relev\u00e2ncia de se basear em m\u00e9tricas precisas e seguras para orientar as tomadas de decis\u00e3o dos players locais em um cen\u00e1rio competitivo.<\/p>\n<p>Na mesma linha, Frederico Marcondes Cesar, vice-presidente do Interior do Sindicato, deu as boas-vindas ao p\u00fablico e refor\u00e7ou o compromisso cont\u00ednuo do Secovi-SP em descentralizar o conhecimento, integrando as diferentes regi\u00f5es e fomentando o desenvolvimento imobili\u00e1rio em todo o Estado de S\u00e3o Paulo.<\/p>\n<p>O aprofundamento do estudo ficou a cargo de Guilherme Werner, s\u00f3cio-consultor da Brain Intelig\u00eancia Estrat\u00e9gica. Durante sua exposi\u00e7\u00e3o, o especialista detalhou o comportamento do mercado da cidade ao longo de 2025, tra\u00e7ando um diagn\u00f3stico claro sobre o volume de lan\u00e7amentos e vendas, a velocidade de absor\u00e7\u00e3o do estoque e a evolu\u00e7\u00e3o do valor do metro quadrado na cidade.<\/p>\n<p>Para complementar a vis\u00e3o regional com o contexto macroecon\u00f4mico, Celso Petrucci, diretor de Economia do Secovi-SP, tra\u00e7ou um panorama da economia nacional. Ele explicou de que forma os indicadores macroecon\u00f4micos e o cen\u00e1rio atual impactam diretamente a din\u00e2mica de financiamentos, o poder de compra e a viabilidade de novos projetos no interior paulista.<\/p>\n<\/p><\/div>\n<p><script>\n  !function(f,b,e,v,n,t,s)\n  {if(f.fbq)return;n=f.fbq=function(){n.callMethod?\n  n.callMethod.apply(n,arguments):n.queue.push(arguments)};\n  if(!f._fbq)f._fbq=n;n.push=n;n.loaded=!0;n.version='2.0';\n  n.queue=[];t=b.createElement(e);t.async=!0;\n  t.src=v;s=b.getElementsByTagName(e)[0];\n  s.parentNode.insertBefore(t,s)}(window, document,'script',\n  'https:\/\/connect.facebook.net\/en_US\/fbevents.js');\n  fbq('init', '780597760435075');\n  fbq('track', 'PageView');\n<\/script><br \/>\n<br \/><br \/>\n<br \/>Fonte:<a href=\"https:\/\/secovi.com.br\/encontro-secovi-sp-em-piracicaba-apresenta-balanco-do-mercado-imobiliario-de-2025\/\">Secovi <\/a><\/p>\n","protected":false},"excerpt":{"rendered":"<p>Com expressiva participa\u00e7\u00e3o do setor, o Encontro de Imobili\u00e1rias de Piracicaba, realizado na \u00faltima quinta-feira, 9\/4, reuniu 185 profissionais. O evento foi palco para a apresenta\u00e7\u00e3o do Estudo Secovi-SP do&hellip; <\/p>\n","protected":false},"author":2,"featured_media":2726,"comment_status":"open","ping_status":"open","sticky":false,"template":"","format":"standard","meta":{"footnotes":""},"categories":[5,7],"tags":[],"yoast_head":"<!-- This site is optimized with the Yoast SEO plugin v21.5 - https:\/\/yoast.com\/wordpress\/plugins\/seo\/ -->\n<title>Encontro Secovi-SP em Piracicaba apresenta balan\u00e7o do mercado imobili\u00e1rio de 2025 - Jornal Im\u00f3velp<\/title>\n<meta name=\"robots\" content=\"index, follow, max-snippet:-1, max-image-preview:large, max-video-preview:-1\" \/>\n<link rel=\"canonical\" href=\"https:\/\/www.imovelp.com.br\/blog\/encontro-secovi-sp-em-piracicaba-apresenta-balanco-do-mercado-imobiliario-de-2025\/\" \/>\n<meta property=\"og:locale\" content=\"en_US\" \/>\n<meta property=\"og:type\" content=\"article\" \/>\n<meta property=\"og:title\" content=\"Encontro Secovi-SP em Piracicaba apresenta balan\u00e7o do mercado imobili\u00e1rio de 2025 - Jornal Im\u00f3velp\" \/>\n<meta property=\"og:description\" content=\"Com expressiva participa\u00e7\u00e3o do setor, o Encontro de Imobili\u00e1rias de Piracicaba, realizado na \u00faltima quinta-feira, 9\/4, reuniu 185 profissionais. O evento foi palco para a apresenta\u00e7\u00e3o do Estudo Secovi-SP do&hellip;\" \/>\n<meta property=\"og:url\" content=\"https:\/\/www.imovelp.com.br\/blog\/encontro-secovi-sp-em-piracicaba-apresenta-balanco-do-mercado-imobiliario-de-2025\/\" \/>\n<meta property=\"og:site_name\" content=\"Jornal Im\u00f3velp\" \/>\n<meta property=\"article:published_time\" content=\"2026-04-23T21:42:52+00:00\" \/>\n<meta property=\"og:image\" content=\"https:\/\/secovi.com.br\/wp-content\/uploads\/2026\/04\/20260414-piracicaba.jpeg\" \/>\n<meta name=\"author\" content=\"Marcos Monteiro\" \/>\n<meta name=\"twitter:card\" content=\"summary_large_image\" \/>\n<meta name=\"twitter:label1\" content=\"Written by\" \/>\n\t<meta name=\"twitter:data1\" content=\"Marcos Monteiro\" \/>\n\t<meta name=\"twitter:label2\" content=\"Est. reading time\" \/>\n\t<meta name=\"twitter:data2\" content=\"1 minute\" \/>\n<script type=\"application\/ld+json\" class=\"yoast-schema-graph\">{\"@context\":\"https:\/\/schema.org\",\"@graph\":[{\"@type\":\"WebPage\",\"@id\":\"https:\/\/www.imovelp.com.br\/blog\/encontro-secovi-sp-em-piracicaba-apresenta-balanco-do-mercado-imobiliario-de-2025\/\",\"url\":\"https:\/\/www.imovelp.com.br\/blog\/encontro-secovi-sp-em-piracicaba-apresenta-balanco-do-mercado-imobiliario-de-2025\/\",\"name\":\"Encontro Secovi-SP em Piracicaba apresenta balan\u00e7o do mercado imobili\u00e1rio de 2025 - Jornal Im\u00f3velp\",\"isPartOf\":{\"@id\":\"https:\/\/www.imovelp.com.br\/blog\/#website\"},\"datePublished\":\"2026-04-23T21:42:52+00:00\",\"dateModified\":\"2026-04-23T21:42:52+00:00\",\"author\":{\"@id\":\"https:\/\/www.imovelp.com.br\/blog\/#\/schema\/person\/8fb1cc29840aba4154ec6a52e70be40a\"},\"breadcrumb\":{\"@id\":\"https:\/\/www.imovelp.com.br\/blog\/encontro-secovi-sp-em-piracicaba-apresenta-balanco-do-mercado-imobiliario-de-2025\/#breadcrumb\"},\"inLanguage\":\"en-US\",\"potentialAction\":[{\"@type\":\"ReadAction\",\"target\":[\"https:\/\/www.imovelp.com.br\/blog\/encontro-secovi-sp-em-piracicaba-apresenta-balanco-do-mercado-imobiliario-de-2025\/\"]}]},{\"@type\":\"BreadcrumbList\",\"@id\":\"https:\/\/www.imovelp.com.br\/blog\/encontro-secovi-sp-em-piracicaba-apresenta-balanco-do-mercado-imobiliario-de-2025\/#breadcrumb\",\"itemListElement\":[{\"@type\":\"ListItem\",\"position\":1,\"name\":\"Home\",\"item\":\"https:\/\/www.imovelp.com.br\/blog\/\"},{\"@type\":\"ListItem\",\"position\":2,\"name\":\"Encontro Secovi-SP em Piracicaba apresenta balan\u00e7o do mercado imobili\u00e1rio de 2025\"}]},{\"@type\":\"WebSite\",\"@id\":\"https:\/\/www.imovelp.com.br\/blog\/#website\",\"url\":\"https:\/\/www.imovelp.com.br\/blog\/\",\"name\":\"Jornal Im\u00f3velp\",\"description\":\"Portal de Not\u00edcias do Corretor de Im\u00f3veis\",\"potentialAction\":[{\"@type\":\"SearchAction\",\"target\":{\"@type\":\"EntryPoint\",\"urlTemplate\":\"https:\/\/www.imovelp.com.br\/blog\/?s={search_term_string}\"},\"query-input\":\"required name=search_term_string\"}],\"inLanguage\":\"en-US\"},{\"@type\":\"Person\",\"@id\":\"https:\/\/www.imovelp.com.br\/blog\/#\/schema\/person\/8fb1cc29840aba4154ec6a52e70be40a\",\"name\":\"Marcos Monteiro\",\"image\":{\"@type\":\"ImageObject\",\"inLanguage\":\"en-US\",\"@id\":\"https:\/\/www.imovelp.com.br\/blog\/#\/schema\/person\/image\/\",\"url\":\"https:\/\/secure.gravatar.com\/avatar\/da25bf23c2e75965766176dcd3fc7564?s=96&d=mm&r=g\",\"contentUrl\":\"https:\/\/secure.gravatar.com\/avatar\/da25bf23c2e75965766176dcd3fc7564?s=96&d=mm&r=g\",\"caption\":\"Marcos Monteiro\"},\"url\":\"https:\/\/www.imovelp.com.br\/blog\/author\/redacao-imovelp\/\"}]}<\/script>\n<!-- \/ Yoast SEO plugin. -->","yoast_head_json":{"title":"Encontro Secovi-SP em Piracicaba apresenta balan\u00e7o do mercado imobili\u00e1rio de 2025 - Jornal Im\u00f3velp","robots":{"index":"index","follow":"follow","max-snippet":"max-snippet:-1","max-image-preview":"max-image-preview:large","max-video-preview":"max-video-preview:-1"},"canonical":"https:\/\/www.imovelp.com.br\/blog\/encontro-secovi-sp-em-piracicaba-apresenta-balanco-do-mercado-imobiliario-de-2025\/","og_locale":"en_US","og_type":"article","og_title":"Encontro Secovi-SP em Piracicaba apresenta balan\u00e7o do mercado imobili\u00e1rio de 2025 - Jornal Im\u00f3velp","og_description":"Com expressiva participa\u00e7\u00e3o do setor, o Encontro de Imobili\u00e1rias de Piracicaba, realizado na \u00faltima quinta-feira, 9\/4, reuniu 185 profissionais. O evento foi palco para a apresenta\u00e7\u00e3o do Estudo Secovi-SP do&hellip;","og_url":"https:\/\/www.imovelp.com.br\/blog\/encontro-secovi-sp-em-piracicaba-apresenta-balanco-do-mercado-imobiliario-de-2025\/","og_site_name":"Jornal Im\u00f3velp","article_published_time":"2026-04-23T21:42:52+00:00","og_image":[{"url":"https:\/\/secovi.com.br\/wp-content\/uploads\/2026\/04\/20260414-piracicaba.jpeg"}],"author":"Marcos Monteiro","twitter_card":"summary_large_image","twitter_misc":{"Written by":"Marcos Monteiro","Est. reading time":"1 minute"},"schema":{"@context":"https:\/\/schema.org","@graph":[{"@type":"WebPage","@id":"https:\/\/www.imovelp.com.br\/blog\/encontro-secovi-sp-em-piracicaba-apresenta-balanco-do-mercado-imobiliario-de-2025\/","url":"https:\/\/www.imovelp.com.br\/blog\/encontro-secovi-sp-em-piracicaba-apresenta-balanco-do-mercado-imobiliario-de-2025\/","name":"Encontro Secovi-SP em Piracicaba apresenta balan\u00e7o do mercado imobili\u00e1rio de 2025 - Jornal Im\u00f3velp","isPartOf":{"@id":"https:\/\/www.imovelp.com.br\/blog\/#website"},"datePublished":"2026-04-23T21:42:52+00:00","dateModified":"2026-04-23T21:42:52+00:00","author":{"@id":"https:\/\/www.imovelp.com.br\/blog\/#\/schema\/person\/8fb1cc29840aba4154ec6a52e70be40a"},"breadcrumb":{"@id":"https:\/\/www.imovelp.com.br\/blog\/encontro-secovi-sp-em-piracicaba-apresenta-balanco-do-mercado-imobiliario-de-2025\/#breadcrumb"},"inLanguage":"en-US","potentialAction":[{"@type":"ReadAction","target":["https:\/\/www.imovelp.com.br\/blog\/encontro-secovi-sp-em-piracicaba-apresenta-balanco-do-mercado-imobiliario-de-2025\/"]}]},{"@type":"BreadcrumbList","@id":"https:\/\/www.imovelp.com.br\/blog\/encontro-secovi-sp-em-piracicaba-apresenta-balanco-do-mercado-imobiliario-de-2025\/#breadcrumb","itemListElement":[{"@type":"ListItem","position":1,"name":"Home","item":"https:\/\/www.imovelp.com.br\/blog\/"},{"@type":"ListItem","position":2,"name":"Encontro Secovi-SP em Piracicaba apresenta balan\u00e7o do mercado imobili\u00e1rio de 2025"}]},{"@type":"WebSite","@id":"https:\/\/www.imovelp.com.br\/blog\/#website","url":"https:\/\/www.imovelp.com.br\/blog\/","name":"Jornal Im\u00f3velp","description":"Portal de Not\u00edcias do Corretor de Im\u00f3veis","potentialAction":[{"@type":"SearchAction","target":{"@type":"EntryPoint","urlTemplate":"https:\/\/www.imovelp.com.br\/blog\/?s={search_term_string}"},"query-input":"required name=search_term_string"}],"inLanguage":"en-US"},{"@type":"Person","@id":"https:\/\/www.imovelp.com.br\/blog\/#\/schema\/person\/8fb1cc29840aba4154ec6a52e70be40a","name":"Marcos Monteiro","image":{"@type":"ImageObject","inLanguage":"en-US","@id":"https:\/\/www.imovelp.com.br\/blog\/#\/schema\/person\/image\/","url":"https:\/\/secure.gravatar.com\/avatar\/da25bf23c2e75965766176dcd3fc7564?s=96&d=mm&r=g","contentUrl":"https:\/\/secure.gravatar.com\/avatar\/da25bf23c2e75965766176dcd3fc7564?s=96&d=mm&r=g","caption":"Marcos Monteiro"},"url":"https:\/\/www.imovelp.com.br\/blog\/author\/redacao-imovelp\/"}]}},"_links":{"self":[{"href":"https:\/\/www.imovelp.com.br\/blog\/wp-json\/wp\/v2\/posts\/2725"}],"collection":[{"href":"https:\/\/www.imovelp.com.br\/blog\/wp-json\/wp\/v2\/posts"}],"about":[{"href":"https:\/\/www.imovelp.com.br\/blog\/wp-json\/wp\/v2\/types\/post"}],"author":[{"embeddable":true,"href":"https:\/\/www.imovelp.com.br\/blog\/wp-json\/wp\/v2\/users\/2"}],"replies":[{"embeddable":true,"href":"https:\/\/www.imovelp.com.br\/blog\/wp-json\/wp\/v2\/comments?post=2725"}],"version-history":[{"count":0,"href":"https:\/\/www.imovelp.com.br\/blog\/wp-json\/wp\/v2\/posts\/2725\/revisions"}],"wp:featuredmedia":[{"embeddable":true,"href":"https:\/\/www.imovelp.com.br\/blog\/wp-json\/wp\/v2\/media\/2726"}],"wp:attachment":[{"href":"https:\/\/www.imovelp.com.br\/blog\/wp-json\/wp\/v2\/media?parent=2725"}],"wp:term":[{"taxonomy":"category","embeddable":true,"href":"https:\/\/www.imovelp.com.br\/blog\/wp-json\/wp\/v2\/categories?post=2725"},{"taxonomy":"post_tag","embeddable":true,"href":"https:\/\/www.imovelp.com.br\/blog\/wp-json\/wp\/v2\/tags?post=2725"}],"curies":[{"name":"wp","href":"https:\/\/api.w.org\/{rel}","templated":true}]}}