{"id":2689,"date":"2026-03-16T18:10:24","date_gmt":"2026-03-16T21:10:24","guid":{"rendered":"https:\/\/www.imovelp.com.br\/blog\/secovi-sp-projeta-aquecimento-do-mercado-imobiliario-em-bauru-com-reducao-da-taxa-selic-e-foco-na-habitacao-economica\/"},"modified":"2026-03-16T18:10:24","modified_gmt":"2026-03-16T21:10:24","slug":"secovi-sp-projeta-aquecimento-do-mercado-imobiliario-em-bauru-com-reducao-da-taxa-selic-e-foco-na-habitacao-economica","status":"publish","type":"post","link":"https:\/\/www.imovelp.com.br\/blog\/secovi-sp-projeta-aquecimento-do-mercado-imobiliario-em-bauru-com-reducao-da-taxa-selic-e-foco-na-habitacao-economica\/","title":{"rendered":"Secovi-SP projeta aquecimento do mercado imobili\u00e1rio em Bauru com redu\u00e7\u00e3o da taxa Selic e foco na habita\u00e7\u00e3o econ\u00f4mica"},"content":{"rendered":"<p> <br \/>\n<\/p>\n<div>\n<p data-path-to-node=\"2\"><em>Diretor regional Bruno Pegorin Netto analisa o cen\u00e1rio para 2026 e destaca que o segmento econ\u00f4mico responde por at\u00e9 75% das vendas na cidade<\/em><\/p>\n<p><img loading=\"lazy\" decoding=\"async\" class=\"wp-image-81058 alignright\" src=\"https:\/\/secovi.com.br\/wp-content\/uploads\/2026\/02\/cverwewqf3.png\" alt=\"\" width=\"473\" height=\"287\"\/>O mercado imobili\u00e1rio de Bauru e regi\u00e3o inicia o ano de 2026 com perspectivas otimistas, impulsionadas pela sinaliza\u00e7\u00e3o de queda da taxa Selic. Em participa\u00e7\u00e3o no Programa Cidade 360 \u2014 uma produ\u00e7\u00e3o conjunta do Jornal da Cidade\/JCNET e da r\u00e1dio 96FM \u2014, o diretor da Regional do Secovi-SP em Bauru, Bruno Pegorin Netto, destacou que a expectativa de juros menores j\u00e1 reflete sensivelmente nas condi\u00e7\u00f5es oferecidas pelas institui\u00e7\u00f5es financeiras, incentivando a retomada de projetos e decis\u00f5es de compra.<\/p>\n<p data-path-to-node=\"3\">Para ele, o setor funciona de forma interligada e lenta em sua resposta aos est\u00edmulos, comparando a din\u00e2mica setorial \u00e0 navega\u00e7\u00e3o de grande porte. \u201cManobrar o mercado imobili\u00e1rio \u00e9 como se manobrar um grande transatl\u00e2ntico; tudo o que voc\u00ea coloca para circular no universo imobili\u00e1rio \u00e9 positivo, desde a busca pelo primeiro im\u00f3vel at\u00e9 o investimento para renda\u201d, afirma o diretor.<\/p>\n<p data-path-to-node=\"4\">A queda projetada da Selic para o patamar de 12,5% ao final do ano \u00e9 vista como um facilitador essencial para o or\u00e7amento das fam\u00edlias, j\u00e1 que taxas elevadas costumam comprometer a capacidade de financiamento. \u201cA Selic abaixo dos dois d\u00edgitos \u00e9 o cen\u00e1rio perfeito para o universo imobili\u00e1rio, mas essa queda j\u00e1 ajuda muito. A parcela nominal diminui e o im\u00f3vel volta a entrar dentro do or\u00e7amento familiar\u201d, observa.<\/p>\n<p data-path-to-node=\"5\">A Pesquisa do Mercado Imobili\u00e1rio do Secovi-SP aponta que o segmento econ\u00f4mico \u2014 inserido no programa Minha Casa, Minha Vida \u2014 continua sendo o motor das vendas em Bauru. Atualmente, esse perfil de im\u00f3vel representa entre 70% e 75% das unidades comercializadas na cidade, com valores m\u00e9dios em torno de R$ 205 mil.<\/p>\n<p data-path-to-node=\"6\">A liquidez deste mercado \u00e9 refor\u00e7ada por programas habitacionais e subs\u00eddios que garantem juros atrativos, mesmo em cen\u00e1rios de instabilidade. O estoque atual \u00e9 considerado saud\u00e1vel, mas o esvaziamento das \u201cprateleiras\u201d com a melhora do cen\u00e1rio econ\u00f4mico deve exigir uma nova tra\u00e7\u00e3o de lan\u00e7amentos para atender \u00e0 demanda crescente.<\/p>\n<p data-path-to-node=\"7\">Apesar do otimismo econ\u00f4mico, o setor enfrenta gargalos burocr\u00e1ticos significativos que impactam o pre\u00e7o final das unidades. A demora nos processos de aprova\u00e7\u00e3o de projetos e diretrizes \u00e9 apontada como o principal obst\u00e1culo para o desenvolvimento urbano c\u00e9lere em Bauru.<\/p>\n<p data-path-to-node=\"8\">Segundo o diretor regional, a efici\u00eancia p\u00fablica \u00e9 fundamental para a competitividade da cidade. \u201cO maior concorrente do mercado imobili\u00e1rio de Bauru \u00e9 o processo de aprova\u00e7\u00e3o. O trabalho que se perde ao longo do tempo custa caro e isso reflete l\u00e1 na unidade final para a popula\u00e7\u00e3o\u201d, ressalta Bruno. A entidade acompanha de perto a revis\u00e3o do Plano Diretor, visando garantir que a nova legisla\u00e7\u00e3o ofere\u00e7a clareza t\u00e9cnica e seguran\u00e7a jur\u00eddica para os empreendedores.<\/p>\n<p data-path-to-node=\"9\">Al\u00e9m dos indicadores de mercado, o Secovi-SP Bauru promove no dia 27 de fevereiro um encontro t\u00e9cnico focado na responsabilidade social. O objetivo \u00e9 orientar contribuintes e empresas sobre a destina\u00e7\u00e3o de parte do Imposto de Renda (IR) para entidades assistenciais locais.<\/p>\n<p data-path-to-node=\"10\">Bauru possui um potencial de destina\u00e7\u00e3o de R$ 38 milh\u00f5es anuais, mas apenas uma pequena fra\u00e7\u00e3o desse valor tem sido aproveitada. \u201cN\u00e3o \u00e9 uma doa\u00e7\u00e3o; o imposto j\u00e1 \u00e9 devido. A pessoa apenas escolhe quem vai receber, permitindo que uma parcela do recurso fique em Bauru para projetos sociais em vez de ser distribu\u00edda integralmente pelo governo federal\u201d, finaliza.<\/p>\n<p>Acesse a \u00edntegra do <a href=\"https:\/\/www.youtube.com\/watch?v=s5KMR-_CZcQ\">programa<\/a>.<\/p>\n<\/p><\/div>\n<p><script>\n  !function(f,b,e,v,n,t,s)\n  {if(f.fbq)return;n=f.fbq=function(){n.callMethod?\n  n.callMethod.apply(n,arguments):n.queue.push(arguments)};\n  if(!f._fbq)f._fbq=n;n.push=n;n.loaded=!0;n.version='2.0';\n  n.queue=[];t=b.createElement(e);t.async=!0;\n  t.src=v;s=b.getElementsByTagName(e)[0];\n  s.parentNode.insertBefore(t,s)}(window, document,'script',\n  'https:\/\/connect.facebook.net\/en_US\/fbevents.js');\n  fbq('init', '780597760435075');\n  fbq('track', 'PageView');\n<\/script><br \/>\n<br \/><br \/>\n<br \/>Fonte:<a href=\"https:\/\/secovi.com.br\/secovi-sp-projeta-aquecimento-do-mercado-imobiliario-em-bauru-com-reducao-da-taxa-selic-e-foco-na-habitacao-economica\/\">Secovi <\/a><\/p>\n","protected":false},"excerpt":{"rendered":"<p>Diretor regional Bruno Pegorin Netto analisa o cen\u00e1rio para 2026 e destaca que o segmento econ\u00f4mico responde por at\u00e9 75% das vendas na cidade O mercado imobili\u00e1rio de Bauru e&hellip; <\/p>\n","protected":false},"author":2,"featured_media":2690,"comment_status":"open","ping_status":"open","sticky":false,"template":"","format":"standard","meta":{"footnotes":""},"categories":[5,7],"tags":[],"yoast_head":"<!-- This site is optimized with the Yoast SEO plugin v21.5 - https:\/\/yoast.com\/wordpress\/plugins\/seo\/ -->\n<title>Secovi-SP projeta aquecimento do mercado imobili\u00e1rio em Bauru com redu\u00e7\u00e3o da taxa Selic e foco na habita\u00e7\u00e3o econ\u00f4mica - Jornal Im\u00f3velp<\/title>\n<meta name=\"robots\" content=\"index, follow, max-snippet:-1, max-image-preview:large, max-video-preview:-1\" \/>\n<link rel=\"canonical\" href=\"https:\/\/www.imovelp.com.br\/blog\/secovi-sp-projeta-aquecimento-do-mercado-imobiliario-em-bauru-com-reducao-da-taxa-selic-e-foco-na-habitacao-economica\/\" \/>\n<meta property=\"og:locale\" content=\"en_US\" \/>\n<meta property=\"og:type\" content=\"article\" \/>\n<meta property=\"og:title\" content=\"Secovi-SP projeta aquecimento do mercado imobili\u00e1rio em Bauru com redu\u00e7\u00e3o da taxa Selic e foco na habita\u00e7\u00e3o econ\u00f4mica - Jornal Im\u00f3velp\" \/>\n<meta property=\"og:description\" content=\"Diretor regional Bruno Pegorin Netto analisa o cen\u00e1rio para 2026 e destaca que o segmento econ\u00f4mico responde por at\u00e9 75% das vendas na cidade O mercado imobili\u00e1rio de Bauru e&hellip;\" \/>\n<meta property=\"og:url\" content=\"https:\/\/www.imovelp.com.br\/blog\/secovi-sp-projeta-aquecimento-do-mercado-imobiliario-em-bauru-com-reducao-da-taxa-selic-e-foco-na-habitacao-economica\/\" \/>\n<meta property=\"og:site_name\" content=\"Jornal Im\u00f3velp\" \/>\n<meta property=\"article:published_time\" content=\"2026-03-16T21:10:24+00:00\" \/>\n<meta property=\"og:image\" content=\"https:\/\/secovi.com.br\/wp-content\/uploads\/2026\/02\/cverwewqf3.png\" \/>\n<meta name=\"author\" content=\"Marcos Monteiro\" \/>\n<meta name=\"twitter:card\" content=\"summary_large_image\" \/>\n<meta name=\"twitter:label1\" content=\"Written by\" \/>\n\t<meta name=\"twitter:data1\" content=\"Marcos Monteiro\" \/>\n\t<meta name=\"twitter:label2\" content=\"Est. reading time\" \/>\n\t<meta name=\"twitter:data2\" content=\"3 minutes\" \/>\n<script type=\"application\/ld+json\" class=\"yoast-schema-graph\">{\"@context\":\"https:\/\/schema.org\",\"@graph\":[{\"@type\":\"WebPage\",\"@id\":\"https:\/\/www.imovelp.com.br\/blog\/secovi-sp-projeta-aquecimento-do-mercado-imobiliario-em-bauru-com-reducao-da-taxa-selic-e-foco-na-habitacao-economica\/\",\"url\":\"https:\/\/www.imovelp.com.br\/blog\/secovi-sp-projeta-aquecimento-do-mercado-imobiliario-em-bauru-com-reducao-da-taxa-selic-e-foco-na-habitacao-economica\/\",\"name\":\"Secovi-SP projeta aquecimento do mercado imobili\u00e1rio em Bauru com redu\u00e7\u00e3o da taxa Selic e foco na habita\u00e7\u00e3o econ\u00f4mica - Jornal Im\u00f3velp\",\"isPartOf\":{\"@id\":\"https:\/\/www.imovelp.com.br\/blog\/#website\"},\"datePublished\":\"2026-03-16T21:10:24+00:00\",\"dateModified\":\"2026-03-16T21:10:24+00:00\",\"author\":{\"@id\":\"https:\/\/www.imovelp.com.br\/blog\/#\/schema\/person\/8fb1cc29840aba4154ec6a52e70be40a\"},\"breadcrumb\":{\"@id\":\"https:\/\/www.imovelp.com.br\/blog\/secovi-sp-projeta-aquecimento-do-mercado-imobiliario-em-bauru-com-reducao-da-taxa-selic-e-foco-na-habitacao-economica\/#breadcrumb\"},\"inLanguage\":\"en-US\",\"potentialAction\":[{\"@type\":\"ReadAction\",\"target\":[\"https:\/\/www.imovelp.com.br\/blog\/secovi-sp-projeta-aquecimento-do-mercado-imobiliario-em-bauru-com-reducao-da-taxa-selic-e-foco-na-habitacao-economica\/\"]}]},{\"@type\":\"BreadcrumbList\",\"@id\":\"https:\/\/www.imovelp.com.br\/blog\/secovi-sp-projeta-aquecimento-do-mercado-imobiliario-em-bauru-com-reducao-da-taxa-selic-e-foco-na-habitacao-economica\/#breadcrumb\",\"itemListElement\":[{\"@type\":\"ListItem\",\"position\":1,\"name\":\"Home\",\"item\":\"https:\/\/www.imovelp.com.br\/blog\/\"},{\"@type\":\"ListItem\",\"position\":2,\"name\":\"Secovi-SP projeta aquecimento do mercado imobili\u00e1rio em Bauru com redu\u00e7\u00e3o da taxa Selic e foco na habita\u00e7\u00e3o econ\u00f4mica\"}]},{\"@type\":\"WebSite\",\"@id\":\"https:\/\/www.imovelp.com.br\/blog\/#website\",\"url\":\"https:\/\/www.imovelp.com.br\/blog\/\",\"name\":\"Jornal Im\u00f3velp\",\"description\":\"Portal de Not\u00edcias do Corretor de Im\u00f3veis\",\"potentialAction\":[{\"@type\":\"SearchAction\",\"target\":{\"@type\":\"EntryPoint\",\"urlTemplate\":\"https:\/\/www.imovelp.com.br\/blog\/?s={search_term_string}\"},\"query-input\":\"required name=search_term_string\"}],\"inLanguage\":\"en-US\"},{\"@type\":\"Person\",\"@id\":\"https:\/\/www.imovelp.com.br\/blog\/#\/schema\/person\/8fb1cc29840aba4154ec6a52e70be40a\",\"name\":\"Marcos Monteiro\",\"image\":{\"@type\":\"ImageObject\",\"inLanguage\":\"en-US\",\"@id\":\"https:\/\/www.imovelp.com.br\/blog\/#\/schema\/person\/image\/\",\"url\":\"https:\/\/secure.gravatar.com\/avatar\/da25bf23c2e75965766176dcd3fc7564?s=96&d=mm&r=g\",\"contentUrl\":\"https:\/\/secure.gravatar.com\/avatar\/da25bf23c2e75965766176dcd3fc7564?s=96&d=mm&r=g\",\"caption\":\"Marcos Monteiro\"},\"url\":\"https:\/\/www.imovelp.com.br\/blog\/author\/redacao-imovelp\/\"}]}<\/script>\n<!-- \/ Yoast SEO plugin. -->","yoast_head_json":{"title":"Secovi-SP projeta aquecimento do mercado imobili\u00e1rio em Bauru com redu\u00e7\u00e3o da taxa Selic e foco na habita\u00e7\u00e3o econ\u00f4mica - Jornal Im\u00f3velp","robots":{"index":"index","follow":"follow","max-snippet":"max-snippet:-1","max-image-preview":"max-image-preview:large","max-video-preview":"max-video-preview:-1"},"canonical":"https:\/\/www.imovelp.com.br\/blog\/secovi-sp-projeta-aquecimento-do-mercado-imobiliario-em-bauru-com-reducao-da-taxa-selic-e-foco-na-habitacao-economica\/","og_locale":"en_US","og_type":"article","og_title":"Secovi-SP projeta aquecimento do mercado imobili\u00e1rio em Bauru com redu\u00e7\u00e3o da taxa Selic e foco na habita\u00e7\u00e3o econ\u00f4mica - Jornal Im\u00f3velp","og_description":"Diretor regional Bruno Pegorin Netto analisa o cen\u00e1rio para 2026 e destaca que o segmento econ\u00f4mico responde por at\u00e9 75% das vendas na cidade O mercado imobili\u00e1rio de Bauru e&hellip;","og_url":"https:\/\/www.imovelp.com.br\/blog\/secovi-sp-projeta-aquecimento-do-mercado-imobiliario-em-bauru-com-reducao-da-taxa-selic-e-foco-na-habitacao-economica\/","og_site_name":"Jornal Im\u00f3velp","article_published_time":"2026-03-16T21:10:24+00:00","og_image":[{"url":"https:\/\/secovi.com.br\/wp-content\/uploads\/2026\/02\/cverwewqf3.png"}],"author":"Marcos Monteiro","twitter_card":"summary_large_image","twitter_misc":{"Written by":"Marcos Monteiro","Est. reading time":"3 minutes"},"schema":{"@context":"https:\/\/schema.org","@graph":[{"@type":"WebPage","@id":"https:\/\/www.imovelp.com.br\/blog\/secovi-sp-projeta-aquecimento-do-mercado-imobiliario-em-bauru-com-reducao-da-taxa-selic-e-foco-na-habitacao-economica\/","url":"https:\/\/www.imovelp.com.br\/blog\/secovi-sp-projeta-aquecimento-do-mercado-imobiliario-em-bauru-com-reducao-da-taxa-selic-e-foco-na-habitacao-economica\/","name":"Secovi-SP projeta aquecimento do mercado imobili\u00e1rio em Bauru com redu\u00e7\u00e3o da taxa Selic e foco na habita\u00e7\u00e3o econ\u00f4mica - Jornal Im\u00f3velp","isPartOf":{"@id":"https:\/\/www.imovelp.com.br\/blog\/#website"},"datePublished":"2026-03-16T21:10:24+00:00","dateModified":"2026-03-16T21:10:24+00:00","author":{"@id":"https:\/\/www.imovelp.com.br\/blog\/#\/schema\/person\/8fb1cc29840aba4154ec6a52e70be40a"},"breadcrumb":{"@id":"https:\/\/www.imovelp.com.br\/blog\/secovi-sp-projeta-aquecimento-do-mercado-imobiliario-em-bauru-com-reducao-da-taxa-selic-e-foco-na-habitacao-economica\/#breadcrumb"},"inLanguage":"en-US","potentialAction":[{"@type":"ReadAction","target":["https:\/\/www.imovelp.com.br\/blog\/secovi-sp-projeta-aquecimento-do-mercado-imobiliario-em-bauru-com-reducao-da-taxa-selic-e-foco-na-habitacao-economica\/"]}]},{"@type":"BreadcrumbList","@id":"https:\/\/www.imovelp.com.br\/blog\/secovi-sp-projeta-aquecimento-do-mercado-imobiliario-em-bauru-com-reducao-da-taxa-selic-e-foco-na-habitacao-economica\/#breadcrumb","itemListElement":[{"@type":"ListItem","position":1,"name":"Home","item":"https:\/\/www.imovelp.com.br\/blog\/"},{"@type":"ListItem","position":2,"name":"Secovi-SP projeta aquecimento do mercado imobili\u00e1rio em Bauru com redu\u00e7\u00e3o da taxa Selic e foco na habita\u00e7\u00e3o econ\u00f4mica"}]},{"@type":"WebSite","@id":"https:\/\/www.imovelp.com.br\/blog\/#website","url":"https:\/\/www.imovelp.com.br\/blog\/","name":"Jornal Im\u00f3velp","description":"Portal de Not\u00edcias do Corretor de Im\u00f3veis","potentialAction":[{"@type":"SearchAction","target":{"@type":"EntryPoint","urlTemplate":"https:\/\/www.imovelp.com.br\/blog\/?s={search_term_string}"},"query-input":"required name=search_term_string"}],"inLanguage":"en-US"},{"@type":"Person","@id":"https:\/\/www.imovelp.com.br\/blog\/#\/schema\/person\/8fb1cc29840aba4154ec6a52e70be40a","name":"Marcos Monteiro","image":{"@type":"ImageObject","inLanguage":"en-US","@id":"https:\/\/www.imovelp.com.br\/blog\/#\/schema\/person\/image\/","url":"https:\/\/secure.gravatar.com\/avatar\/da25bf23c2e75965766176dcd3fc7564?s=96&d=mm&r=g","contentUrl":"https:\/\/secure.gravatar.com\/avatar\/da25bf23c2e75965766176dcd3fc7564?s=96&d=mm&r=g","caption":"Marcos Monteiro"},"url":"https:\/\/www.imovelp.com.br\/blog\/author\/redacao-imovelp\/"}]}},"_links":{"self":[{"href":"https:\/\/www.imovelp.com.br\/blog\/wp-json\/wp\/v2\/posts\/2689"}],"collection":[{"href":"https:\/\/www.imovelp.com.br\/blog\/wp-json\/wp\/v2\/posts"}],"about":[{"href":"https:\/\/www.imovelp.com.br\/blog\/wp-json\/wp\/v2\/types\/post"}],"author":[{"embeddable":true,"href":"https:\/\/www.imovelp.com.br\/blog\/wp-json\/wp\/v2\/users\/2"}],"replies":[{"embeddable":true,"href":"https:\/\/www.imovelp.com.br\/blog\/wp-json\/wp\/v2\/comments?post=2689"}],"version-history":[{"count":0,"href":"https:\/\/www.imovelp.com.br\/blog\/wp-json\/wp\/v2\/posts\/2689\/revisions"}],"wp:featuredmedia":[{"embeddable":true,"href":"https:\/\/www.imovelp.com.br\/blog\/wp-json\/wp\/v2\/media\/2690"}],"wp:attachment":[{"href":"https:\/\/www.imovelp.com.br\/blog\/wp-json\/wp\/v2\/media?parent=2689"}],"wp:term":[{"taxonomy":"category","embeddable":true,"href":"https:\/\/www.imovelp.com.br\/blog\/wp-json\/wp\/v2\/categories?post=2689"},{"taxonomy":"post_tag","embeddable":true,"href":"https:\/\/www.imovelp.com.br\/blog\/wp-json\/wp\/v2\/tags?post=2689"}],"curies":[{"name":"wp","href":"https:\/\/api.w.org\/{rel}","templated":true}]}}