{"id":2687,"date":"2026-03-14T18:07:11","date_gmt":"2026-03-14T21:07:11","guid":{"rendered":"https:\/\/www.imovelp.com.br\/blog\/o-futuro-das-cidades-brasileiras-diante-da-queda-populacional\/"},"modified":"2026-03-14T18:07:11","modified_gmt":"2026-03-14T21:07:11","slug":"o-futuro-das-cidades-brasileiras-diante-da-queda-populacional","status":"publish","type":"post","link":"https:\/\/www.imovelp.com.br\/blog\/o-futuro-das-cidades-brasileiras-diante-da-queda-populacional\/","title":{"rendered":"O futuro das cidades brasileiras diante da queda populacional"},"content":{"rendered":"<p> <br \/>\n<\/p>\n<div>\n<p><em>Tend\u00eancia afetar\u00e1 mercado imobili\u00e1rio e din\u00e2mica dos munic\u00edpios.\u00a0Demanda por educa\u00e7\u00e3o infantil deve cair, e escolas podem se tornar outros equipamentos p\u00fablicos<img fetchpriority=\"high\" decoding=\"async\" class=\"alignright\" src=\"https:\/\/secovi.com.br\/wp-content\/uploads\/2026\/03\/Coluna-Claudio-Bernardes-500x600-1.png\" width=\"293\" height=\"351\"\/><\/em><\/p>\n<p>A partir da pr\u00f3xima d\u00e9cada o Brasil deve enfrentar um fen\u00f4meno j\u00e1 vivido por diversos pa\u00edses desenvolvidos: a\u00a0diminui\u00e7\u00e3o populacional. A combina\u00e7\u00e3o de queda acentuada na taxa de fecundidade, envelhecimento acelerado e menor migra\u00e7\u00e3o interna deve transformar profundamente o funcionamento das cidades brasileiras.<\/p>\n<p>Isso deve ocorrer j\u00e1 na pr\u00f3xima d\u00e9cada, e n\u00e3o mais a partir de 2042, conforme proje\u00e7\u00f5es do IBGE (Instituto Brasileiro de Geografia e Estat\u00edstica). A an\u00e1lise, recentemente divulgada, \u00e9 do dem\u00f3grafo Jos\u00e9 Eust\u00e1quio, com base nos dados da pesquisa Estat\u00edsticas do Registro Civil.<\/p>\n<p>De acordo com esses dados, o pa\u00eds registrou uma queda recorde da natalidade em 2023 e 2024 (de 5,8%), a maior desde o in\u00edcio dos anos 1990. Isso indicaria que a fecundidade est\u00e1 caindo de forma ainda mais acentuada do que o previsto, acelerando o encolhimento da popula\u00e7\u00e3o brasileira.<\/p>\n<p>Embora esse processo apresente desafios significativos para as cidades brasileiras, tamb\u00e9m abre caminho para oportunidades in\u00e9ditas de reorganiza\u00e7\u00e3o urbana e social.<\/p>\n<p>O primeiro impacto vis\u00edvel ser\u00e1 a mudan\u00e7a na estrutura et\u00e1ria. Com menos nascimentos e aumento da propor\u00e7\u00e3o de idosos, as cidades precisar\u00e3o adaptar seus servi\u00e7os. A demanda por educa\u00e7\u00e3o infantil e ensino fundamental tende a recuar, pressionando redes municipais a redimensionar escolas, unific\u00e1-las ou convert\u00ea-las em outros equipamentos p\u00fablicos.<\/p>\n<p>Em contrapartida, crescer\u00e1 a necessidade por servi\u00e7os de sa\u00fade gerontol\u00f3gica, mobilidade acess\u00edvel e moradias adaptadas. Bairros hoje dominados por fam\u00edlias jovens podem se tornar \u00e1reas envelhecidas, exigindo novos padr\u00f5es de cuidado e proximidade de servi\u00e7os.<\/p>\n<div class=\"c-news__body\" data-news-content-text=\"\" data-disable-copy=\"\" data-continue-reading=\"\" data-continue-reading-hide-others=\".js-continue-reading-hidden\" data-age-rating=\"\">\n<p>A diminui\u00e7\u00e3o populacional tamb\u00e9m afetar\u00e1 o\u00a0mercado imobili\u00e1rio urbano<a href=\"https:\/\/www1.folha.uol.com.br\/mercado\/mercado-imobiliario\/\" target=\"\" rel=\"noopener\">.<\/a>\u00a0Cidades que vinham crescendo em ritmo acelerado poder\u00e3o enfrentar vac\u00e2ncia de im\u00f3veis, especialmente em regi\u00f5es menos valorizadas. Isso tende a reduzir pre\u00e7os e abrir espa\u00e7o para pol\u00edticas de reocupa\u00e7\u00e3o. Ao mesmo tempo, \u00e1reas centrais, historicamente pressionadas, poder\u00e3o passar por um \u201cal\u00edvio demogr\u00e1fico\u201d, favorecendo projetos de adensamento qualificado, retrofit e revitaliza\u00e7\u00e3o. Em cidades m\u00e9dias, a queda populacional pode gerar dilemas mais severos, como a diminui\u00e7\u00e3o dr\u00e1stica de adensamento em determinados bairros e retra\u00e7\u00e3o econ\u00f4mica.<\/p>\n<p>A redu\u00e7\u00e3o no n\u00famero de habitantes ter\u00e1 consequ\u00eancias no campo econ\u00f4mico, e significar\u00e1 menos for\u00e7a de trabalho dispon\u00edvel. Munic\u00edpios que dependem de setores intensivos em m\u00e3o de obra precisar\u00e3o investir em automa\u00e7\u00e3o, qualifica\u00e7\u00e3o profissional e atra\u00e7\u00e3o de novos perfis de trabalhadores, inclusive imigrantes. A competi\u00e7\u00e3o entre cidades para reter jovens ser\u00e1 cada vez mais intensa, estimulando pol\u00edticas p\u00fablicas voltadas a inova\u00e7\u00e3o, empreendedorismo e qualidade de vida. Cidades que ignorarem esse movimento podem entrar em ciclos de estagna\u00e7\u00e3o econ\u00f4mica e perda de arrecada\u00e7\u00e3o.<\/p>\n<p>A gest\u00e3o urbana ter\u00e1 de lidar com outro desafio: infraestruturas superdimensionadas. Sistemas de transporte, saneamento e equipamentos p\u00fablicos foram planejados para popula\u00e7\u00f5es em crescimento; com a retra\u00e7\u00e3o demogr\u00e1fica, parte dessa estrutura se tornar\u00e1 ociosa, impactando a viabilidade econ\u00f4mica da opera\u00e7\u00e3o. Isso exigir\u00e1 estrat\u00e9gias de racionaliza\u00e7\u00e3o, compartilhamento de custos e inova\u00e7\u00e3o na gest\u00e3o. Por outro lado, a redu\u00e7\u00e3o de press\u00e3o sobre servi\u00e7os pode melhorar a efici\u00eancia e abrir espa\u00e7o para investimentos em sustentabilidade e resili\u00eancia clim\u00e1tica.<\/p>\n<p>H\u00e1 tamb\u00e9m oportunidades. Cidades com menor popula\u00e7\u00e3o podem promover renaturaliza\u00e7\u00e3o de \u00e1reas urbanas, expans\u00e3o de parques,\u00a0corredores verdes e uso mais racional do solo.<\/p>\n<p>Em s\u00edntese, a diminui\u00e7\u00e3o populacional n\u00e3o representa necessariamente um decl\u00ednio para as cidades brasileiras, mas sim uma mudan\u00e7a de paradigma. Munic\u00edpios que reconhecerem precocemente essa transi\u00e7\u00e3o e planejarem pol\u00edticas de longo prazo ter\u00e3o condi\u00e7\u00f5es de transformar o desafio demogr\u00e1fico em oportunidade de reinven\u00e7\u00e3o urbana. As cidades no futuro ser\u00e3o menores em n\u00famero de habitantes, mas devem planejar-se para ser potencialmente mais inteligentes, eficientes e sustent\u00e1veis.<\/p>\n<p><strong><em>*Claudio Bernardes \u00e9 colunista da Folha Online.\u00a0<a href=\"https:\/\/www1.folha.uol.com.br\/colunas\/claudiobernardes\/2026\/02\/o-futuro-das-cidades-brasileiras-diante-da-queda-populacional.shtml\">Artigo publicado em 27\/02\/2026<\/a>.<\/em><\/strong><\/p>\n<p>\u00a0<\/p>\n<\/div>\n<p>\u00a0<\/p>\n<p>\u00a0<\/p>\n<p>\u00a0<\/p>\n<\/p><\/div>\n<p><script>\n  !function(f,b,e,v,n,t,s)\n  {if(f.fbq)return;n=f.fbq=function(){n.callMethod?\n  n.callMethod.apply(n,arguments):n.queue.push(arguments)};\n  if(!f._fbq)f._fbq=n;n.push=n;n.loaded=!0;n.version='2.0';\n  n.queue=[];t=b.createElement(e);t.async=!0;\n  t.src=v;s=b.getElementsByTagName(e)[0];\n  s.parentNode.insertBefore(t,s)}(window, document,'script',\n  'https:\/\/connect.facebook.net\/en_US\/fbevents.js');\n  fbq('init', '780597760435075');\n  fbq('track', 'PageView');\n<\/script><br \/>\n<br \/><br \/>\n<br \/>Fonte:<a href=\"https:\/\/secovi.com.br\/o-futuro-das-cidades-brasileiras-diante-da-queda-populacional\/\">Secovi <\/a><\/p>\n","protected":false},"excerpt":{"rendered":"<p>Tend\u00eancia afetar\u00e1 mercado imobili\u00e1rio e din\u00e2mica dos munic\u00edpios.\u00a0Demanda por educa\u00e7\u00e3o infantil deve cair, e escolas podem se tornar outros equipamentos p\u00fablicos A partir da pr\u00f3xima d\u00e9cada o Brasil deve enfrentar&hellip; <\/p>\n","protected":false},"author":2,"featured_media":2688,"comment_status":"open","ping_status":"open","sticky":false,"template":"","format":"standard","meta":{"footnotes":""},"categories":[5,7],"tags":[],"yoast_head":"<!-- This site is optimized with the Yoast SEO plugin v21.5 - https:\/\/yoast.com\/wordpress\/plugins\/seo\/ -->\n<title>O futuro das cidades brasileiras diante da queda populacional - Jornal Im\u00f3velp<\/title>\n<meta name=\"robots\" content=\"index, follow, max-snippet:-1, max-image-preview:large, max-video-preview:-1\" \/>\n<link rel=\"canonical\" href=\"https:\/\/www.imovelp.com.br\/blog\/o-futuro-das-cidades-brasileiras-diante-da-queda-populacional\/\" \/>\n<meta property=\"og:locale\" content=\"en_US\" \/>\n<meta property=\"og:type\" content=\"article\" \/>\n<meta property=\"og:title\" content=\"O futuro das cidades brasileiras diante da queda populacional - Jornal Im\u00f3velp\" \/>\n<meta property=\"og:description\" content=\"Tend\u00eancia afetar\u00e1 mercado imobili\u00e1rio e din\u00e2mica dos munic\u00edpios.\u00a0Demanda por educa\u00e7\u00e3o infantil deve cair, e escolas podem se tornar outros equipamentos p\u00fablicos A partir da pr\u00f3xima d\u00e9cada o Brasil deve enfrentar&hellip;\" \/>\n<meta property=\"og:url\" content=\"https:\/\/www.imovelp.com.br\/blog\/o-futuro-das-cidades-brasileiras-diante-da-queda-populacional\/\" \/>\n<meta property=\"og:site_name\" content=\"Jornal Im\u00f3velp\" \/>\n<meta property=\"article:published_time\" content=\"2026-03-14T21:07:11+00:00\" \/>\n<meta property=\"og:image\" content=\"https:\/\/secovi.com.br\/wp-content\/uploads\/2026\/03\/Coluna-Claudio-Bernardes-500x600-1.png\" \/>\n<meta name=\"author\" content=\"Marcos Monteiro\" \/>\n<meta name=\"twitter:card\" content=\"summary_large_image\" \/>\n<meta name=\"twitter:label1\" content=\"Written by\" \/>\n\t<meta name=\"twitter:data1\" content=\"Marcos Monteiro\" \/>\n\t<meta name=\"twitter:label2\" content=\"Est. reading time\" \/>\n\t<meta name=\"twitter:data2\" content=\"4 minutes\" \/>\n<script type=\"application\/ld+json\" class=\"yoast-schema-graph\">{\"@context\":\"https:\/\/schema.org\",\"@graph\":[{\"@type\":\"WebPage\",\"@id\":\"https:\/\/www.imovelp.com.br\/blog\/o-futuro-das-cidades-brasileiras-diante-da-queda-populacional\/\",\"url\":\"https:\/\/www.imovelp.com.br\/blog\/o-futuro-das-cidades-brasileiras-diante-da-queda-populacional\/\",\"name\":\"O futuro das cidades brasileiras diante da queda populacional - Jornal Im\u00f3velp\",\"isPartOf\":{\"@id\":\"https:\/\/www.imovelp.com.br\/blog\/#website\"},\"datePublished\":\"2026-03-14T21:07:11+00:00\",\"dateModified\":\"2026-03-14T21:07:11+00:00\",\"author\":{\"@id\":\"https:\/\/www.imovelp.com.br\/blog\/#\/schema\/person\/8fb1cc29840aba4154ec6a52e70be40a\"},\"breadcrumb\":{\"@id\":\"https:\/\/www.imovelp.com.br\/blog\/o-futuro-das-cidades-brasileiras-diante-da-queda-populacional\/#breadcrumb\"},\"inLanguage\":\"en-US\",\"potentialAction\":[{\"@type\":\"ReadAction\",\"target\":[\"https:\/\/www.imovelp.com.br\/blog\/o-futuro-das-cidades-brasileiras-diante-da-queda-populacional\/\"]}]},{\"@type\":\"BreadcrumbList\",\"@id\":\"https:\/\/www.imovelp.com.br\/blog\/o-futuro-das-cidades-brasileiras-diante-da-queda-populacional\/#breadcrumb\",\"itemListElement\":[{\"@type\":\"ListItem\",\"position\":1,\"name\":\"Home\",\"item\":\"https:\/\/www.imovelp.com.br\/blog\/\"},{\"@type\":\"ListItem\",\"position\":2,\"name\":\"O futuro das cidades brasileiras diante da queda populacional\"}]},{\"@type\":\"WebSite\",\"@id\":\"https:\/\/www.imovelp.com.br\/blog\/#website\",\"url\":\"https:\/\/www.imovelp.com.br\/blog\/\",\"name\":\"Jornal Im\u00f3velp\",\"description\":\"Portal de Not\u00edcias do Corretor de Im\u00f3veis\",\"potentialAction\":[{\"@type\":\"SearchAction\",\"target\":{\"@type\":\"EntryPoint\",\"urlTemplate\":\"https:\/\/www.imovelp.com.br\/blog\/?s={search_term_string}\"},\"query-input\":\"required name=search_term_string\"}],\"inLanguage\":\"en-US\"},{\"@type\":\"Person\",\"@id\":\"https:\/\/www.imovelp.com.br\/blog\/#\/schema\/person\/8fb1cc29840aba4154ec6a52e70be40a\",\"name\":\"Marcos Monteiro\",\"image\":{\"@type\":\"ImageObject\",\"inLanguage\":\"en-US\",\"@id\":\"https:\/\/www.imovelp.com.br\/blog\/#\/schema\/person\/image\/\",\"url\":\"https:\/\/secure.gravatar.com\/avatar\/da25bf23c2e75965766176dcd3fc7564?s=96&d=mm&r=g\",\"contentUrl\":\"https:\/\/secure.gravatar.com\/avatar\/da25bf23c2e75965766176dcd3fc7564?s=96&d=mm&r=g\",\"caption\":\"Marcos Monteiro\"},\"url\":\"https:\/\/www.imovelp.com.br\/blog\/author\/redacao-imovelp\/\"}]}<\/script>\n<!-- \/ Yoast SEO plugin. -->","yoast_head_json":{"title":"O futuro das cidades brasileiras diante da queda populacional - Jornal Im\u00f3velp","robots":{"index":"index","follow":"follow","max-snippet":"max-snippet:-1","max-image-preview":"max-image-preview:large","max-video-preview":"max-video-preview:-1"},"canonical":"https:\/\/www.imovelp.com.br\/blog\/o-futuro-das-cidades-brasileiras-diante-da-queda-populacional\/","og_locale":"en_US","og_type":"article","og_title":"O futuro das cidades brasileiras diante da queda populacional - Jornal Im\u00f3velp","og_description":"Tend\u00eancia afetar\u00e1 mercado imobili\u00e1rio e din\u00e2mica dos munic\u00edpios.\u00a0Demanda por educa\u00e7\u00e3o infantil deve cair, e escolas podem se tornar outros equipamentos p\u00fablicos A partir da pr\u00f3xima d\u00e9cada o Brasil deve enfrentar&hellip;","og_url":"https:\/\/www.imovelp.com.br\/blog\/o-futuro-das-cidades-brasileiras-diante-da-queda-populacional\/","og_site_name":"Jornal Im\u00f3velp","article_published_time":"2026-03-14T21:07:11+00:00","og_image":[{"url":"https:\/\/secovi.com.br\/wp-content\/uploads\/2026\/03\/Coluna-Claudio-Bernardes-500x600-1.png"}],"author":"Marcos Monteiro","twitter_card":"summary_large_image","twitter_misc":{"Written by":"Marcos Monteiro","Est. reading time":"4 minutes"},"schema":{"@context":"https:\/\/schema.org","@graph":[{"@type":"WebPage","@id":"https:\/\/www.imovelp.com.br\/blog\/o-futuro-das-cidades-brasileiras-diante-da-queda-populacional\/","url":"https:\/\/www.imovelp.com.br\/blog\/o-futuro-das-cidades-brasileiras-diante-da-queda-populacional\/","name":"O futuro das cidades brasileiras diante da queda populacional - Jornal Im\u00f3velp","isPartOf":{"@id":"https:\/\/www.imovelp.com.br\/blog\/#website"},"datePublished":"2026-03-14T21:07:11+00:00","dateModified":"2026-03-14T21:07:11+00:00","author":{"@id":"https:\/\/www.imovelp.com.br\/blog\/#\/schema\/person\/8fb1cc29840aba4154ec6a52e70be40a"},"breadcrumb":{"@id":"https:\/\/www.imovelp.com.br\/blog\/o-futuro-das-cidades-brasileiras-diante-da-queda-populacional\/#breadcrumb"},"inLanguage":"en-US","potentialAction":[{"@type":"ReadAction","target":["https:\/\/www.imovelp.com.br\/blog\/o-futuro-das-cidades-brasileiras-diante-da-queda-populacional\/"]}]},{"@type":"BreadcrumbList","@id":"https:\/\/www.imovelp.com.br\/blog\/o-futuro-das-cidades-brasileiras-diante-da-queda-populacional\/#breadcrumb","itemListElement":[{"@type":"ListItem","position":1,"name":"Home","item":"https:\/\/www.imovelp.com.br\/blog\/"},{"@type":"ListItem","position":2,"name":"O futuro das cidades brasileiras diante da queda populacional"}]},{"@type":"WebSite","@id":"https:\/\/www.imovelp.com.br\/blog\/#website","url":"https:\/\/www.imovelp.com.br\/blog\/","name":"Jornal Im\u00f3velp","description":"Portal de Not\u00edcias do Corretor de Im\u00f3veis","potentialAction":[{"@type":"SearchAction","target":{"@type":"EntryPoint","urlTemplate":"https:\/\/www.imovelp.com.br\/blog\/?s={search_term_string}"},"query-input":"required name=search_term_string"}],"inLanguage":"en-US"},{"@type":"Person","@id":"https:\/\/www.imovelp.com.br\/blog\/#\/schema\/person\/8fb1cc29840aba4154ec6a52e70be40a","name":"Marcos Monteiro","image":{"@type":"ImageObject","inLanguage":"en-US","@id":"https:\/\/www.imovelp.com.br\/blog\/#\/schema\/person\/image\/","url":"https:\/\/secure.gravatar.com\/avatar\/da25bf23c2e75965766176dcd3fc7564?s=96&d=mm&r=g","contentUrl":"https:\/\/secure.gravatar.com\/avatar\/da25bf23c2e75965766176dcd3fc7564?s=96&d=mm&r=g","caption":"Marcos Monteiro"},"url":"https:\/\/www.imovelp.com.br\/blog\/author\/redacao-imovelp\/"}]}},"_links":{"self":[{"href":"https:\/\/www.imovelp.com.br\/blog\/wp-json\/wp\/v2\/posts\/2687"}],"collection":[{"href":"https:\/\/www.imovelp.com.br\/blog\/wp-json\/wp\/v2\/posts"}],"about":[{"href":"https:\/\/www.imovelp.com.br\/blog\/wp-json\/wp\/v2\/types\/post"}],"author":[{"embeddable":true,"href":"https:\/\/www.imovelp.com.br\/blog\/wp-json\/wp\/v2\/users\/2"}],"replies":[{"embeddable":true,"href":"https:\/\/www.imovelp.com.br\/blog\/wp-json\/wp\/v2\/comments?post=2687"}],"version-history":[{"count":0,"href":"https:\/\/www.imovelp.com.br\/blog\/wp-json\/wp\/v2\/posts\/2687\/revisions"}],"wp:featuredmedia":[{"embeddable":true,"href":"https:\/\/www.imovelp.com.br\/blog\/wp-json\/wp\/v2\/media\/2688"}],"wp:attachment":[{"href":"https:\/\/www.imovelp.com.br\/blog\/wp-json\/wp\/v2\/media?parent=2687"}],"wp:term":[{"taxonomy":"category","embeddable":true,"href":"https:\/\/www.imovelp.com.br\/blog\/wp-json\/wp\/v2\/categories?post=2687"},{"taxonomy":"post_tag","embeddable":true,"href":"https:\/\/www.imovelp.com.br\/blog\/wp-json\/wp\/v2\/tags?post=2687"}],"curies":[{"name":"wp","href":"https:\/\/api.w.org\/{rel}","templated":true}]}}