{"id":2685,"date":"2026-03-12T18:06:24","date_gmt":"2026-03-12T21:06:24","guid":{"rendered":"https:\/\/www.imovelp.com.br\/blog\/mercado-imobiliario-bate-recorde-em-2025-com-mcmv-secovi-sp-destaca-beneficios-oferecidos\/"},"modified":"2026-03-12T18:06:24","modified_gmt":"2026-03-12T21:06:24","slug":"mercado-imobiliario-bate-recorde-em-2025-com-mcmv-secovi-sp-destaca-beneficios-oferecidos","status":"publish","type":"post","link":"https:\/\/www.imovelp.com.br\/blog\/mercado-imobiliario-bate-recorde-em-2025-com-mcmv-secovi-sp-destaca-beneficios-oferecidos\/","title":{"rendered":"Mercado imobili\u00e1rio bate recorde em 2025 com MCMV. Secovi-SP destaca benef\u00edcios oferecidos."},"content":{"rendered":"<p> <br \/>\n<\/p>\n<div>\n<p><img fetchpriority=\"high\" decoding=\"async\" class=\"wp-image-81540 alignright\" src=\"https:\/\/secovi.com.br\/wp-content\/uploads\/2026\/03\/45554554jjj.png\" alt=\"\" width=\"483\" height=\"271\"\/><\/p>\n<p>O <span class=\"hover:entity-accent entity-underline inline cursor-pointer align-baseline\"><span class=\"whitespace-normal\">Jornal da Band<\/span><\/span>, no dia 28\/2, destacou o desempenho hist\u00f3rico do mercado imobili\u00e1rio brasileiro em 2025. O setor atingiu um recorde de vendas, mesmo diante de um cen\u00e1rio de juros elevados e cr\u00e9dito mais caro. O principal motor desse crescimento, mesmo diante de um cen\u00e1rio de juros altos e cr\u00e9dito mais caro, foi o programa habitacional Minha Casa, Minha Vida, segundo especialistas e dados do setor.<\/p>\n<p>De acordo com a C\u00e2mara Brasileira da Ind\u00fastria da Constru\u00e7\u00e3o (CBIC), foram negociadas 426.260 unidades em todo o pa\u00eds ao longo de 2025, representando um aumento de 5,4% em compara\u00e7\u00e3o com o ano anterior. Esse n\u00famero consolida o per\u00edodo como o de maior volume de lan\u00e7amentos e vendas j\u00e1 registrado na hist\u00f3ria do setor.<\/p>\n<p>O aquecimento do mercado \u00e9 atribu\u00eddo em grande parte \u00e0s recentes altera\u00e7\u00f5es no programa Minha Casa, Minha Vida. As novas regras ampliaram o acesso ao financiamento, incluindo fam\u00edlias com renda mensal de at\u00e9 R$12 mil. Em paralelo, o teto para o valor dos im\u00f3veis foi elevado para R$ 500 mil, e o prazo para quita\u00e7\u00e3o da d\u00edvida foi estendido para 35 anos.<\/p>\n<p>Ely Wertheim, presidente executivo do Secovi-SP, destaca que os benef\u00edcios do programa foram cruciais para atrair compradores. Em sua an\u00e1lise, ele ressalta as vantagens oferecidas \u00e0s fam\u00edlias que se enquadram nos crit\u00e9rios do programa.<\/p>\n<p>\u201cVoc\u00ea tem uma s\u00e9rie de benef\u00edcios. Por exemplo, se for uma fam\u00edlia enquadrada, voc\u00ea tem um desconto no pre\u00e7o de R$55 mil com o fundo de garantia. E cada cidade e cada estado tamb\u00e9m complementa esse subs\u00eddio\u201d, destaca<\/p>\n<p>Os n\u00fameros confirmam a influ\u00eancia do programa: dos 453.000 im\u00f3veis lan\u00e7ados em 2025, metade pertencia ao Minha Casa, Minha Vida, somando 197.000 unidades vendidas dentro do programa. A expectativa, segundo economistas, \u00e9 que a tend\u00eancia de alta se mantenha em 2026, especialmente com a previs\u00e3o de queda na taxa de juros, o que deve estimular ainda mais o financiamento de im\u00f3veis, inclusive os de maior valor agregado.<\/p>\n<\/div>\n<p><script>\n  !function(f,b,e,v,n,t,s)\n  {if(f.fbq)return;n=f.fbq=function(){n.callMethod?\n  n.callMethod.apply(n,arguments):n.queue.push(arguments)};\n  if(!f._fbq)f._fbq=n;n.push=n;n.loaded=!0;n.version='2.0';\n  n.queue=[];t=b.createElement(e);t.async=!0;\n  t.src=v;s=b.getElementsByTagName(e)[0];\n  s.parentNode.insertBefore(t,s)}(window, document,'script',\n  'https:\/\/connect.facebook.net\/en_US\/fbevents.js');\n  fbq('init', '780597760435075');\n  fbq('track', 'PageView');\n<\/script><br \/>\n<br \/><br \/>\n<br \/>Fonte:<a href=\"https:\/\/secovi.com.br\/mercado-imobiliario-bate-recorde-em-2025-com-impulso-do-minha-casa-minha-vida-presidente-do-secovi-sp-destaca-beneficios-oferecidos\/\">Secovi <\/a><\/p>\n","protected":false},"excerpt":{"rendered":"<p>O Jornal da Band, no dia 28\/2, destacou o desempenho hist\u00f3rico do mercado imobili\u00e1rio brasileiro em 2025. O setor atingiu um recorde de vendas, mesmo diante de um cen\u00e1rio de&hellip; <\/p>\n","protected":false},"author":2,"featured_media":2686,"comment_status":"open","ping_status":"open","sticky":false,"template":"","format":"standard","meta":{"footnotes":""},"categories":[5,7],"tags":[],"yoast_head":"<!-- This site is optimized with the Yoast SEO plugin v21.5 - https:\/\/yoast.com\/wordpress\/plugins\/seo\/ -->\n<title>Mercado imobili\u00e1rio bate recorde em 2025 com MCMV. Secovi-SP destaca benef\u00edcios oferecidos. - Jornal Im\u00f3velp<\/title>\n<meta name=\"robots\" content=\"index, follow, max-snippet:-1, max-image-preview:large, max-video-preview:-1\" \/>\n<link rel=\"canonical\" href=\"https:\/\/www.imovelp.com.br\/blog\/mercado-imobiliario-bate-recorde-em-2025-com-mcmv-secovi-sp-destaca-beneficios-oferecidos\/\" \/>\n<meta property=\"og:locale\" content=\"en_US\" \/>\n<meta property=\"og:type\" content=\"article\" \/>\n<meta property=\"og:title\" content=\"Mercado imobili\u00e1rio bate recorde em 2025 com MCMV. Secovi-SP destaca benef\u00edcios oferecidos. - Jornal Im\u00f3velp\" \/>\n<meta property=\"og:description\" content=\"O Jornal da Band, no dia 28\/2, destacou o desempenho hist\u00f3rico do mercado imobili\u00e1rio brasileiro em 2025. O setor atingiu um recorde de vendas, mesmo diante de um cen\u00e1rio de&hellip;\" \/>\n<meta property=\"og:url\" content=\"https:\/\/www.imovelp.com.br\/blog\/mercado-imobiliario-bate-recorde-em-2025-com-mcmv-secovi-sp-destaca-beneficios-oferecidos\/\" \/>\n<meta property=\"og:site_name\" content=\"Jornal Im\u00f3velp\" \/>\n<meta property=\"article:published_time\" content=\"2026-03-12T21:06:24+00:00\" \/>\n<meta property=\"og:image\" content=\"https:\/\/secovi.com.br\/wp-content\/uploads\/2026\/03\/45554554jjj.png\" \/>\n<meta name=\"author\" content=\"Marcos Monteiro\" \/>\n<meta name=\"twitter:card\" content=\"summary_large_image\" \/>\n<meta name=\"twitter:label1\" content=\"Written by\" \/>\n\t<meta name=\"twitter:data1\" content=\"Marcos Monteiro\" \/>\n\t<meta name=\"twitter:label2\" content=\"Est. reading time\" \/>\n\t<meta name=\"twitter:data2\" content=\"2 minutes\" \/>\n<script type=\"application\/ld+json\" class=\"yoast-schema-graph\">{\"@context\":\"https:\/\/schema.org\",\"@graph\":[{\"@type\":\"WebPage\",\"@id\":\"https:\/\/www.imovelp.com.br\/blog\/mercado-imobiliario-bate-recorde-em-2025-com-mcmv-secovi-sp-destaca-beneficios-oferecidos\/\",\"url\":\"https:\/\/www.imovelp.com.br\/blog\/mercado-imobiliario-bate-recorde-em-2025-com-mcmv-secovi-sp-destaca-beneficios-oferecidos\/\",\"name\":\"Mercado imobili\u00e1rio bate recorde em 2025 com MCMV. Secovi-SP destaca benef\u00edcios oferecidos. - Jornal Im\u00f3velp\",\"isPartOf\":{\"@id\":\"https:\/\/www.imovelp.com.br\/blog\/#website\"},\"datePublished\":\"2026-03-12T21:06:24+00:00\",\"dateModified\":\"2026-03-12T21:06:24+00:00\",\"author\":{\"@id\":\"https:\/\/www.imovelp.com.br\/blog\/#\/schema\/person\/8fb1cc29840aba4154ec6a52e70be40a\"},\"breadcrumb\":{\"@id\":\"https:\/\/www.imovelp.com.br\/blog\/mercado-imobiliario-bate-recorde-em-2025-com-mcmv-secovi-sp-destaca-beneficios-oferecidos\/#breadcrumb\"},\"inLanguage\":\"en-US\",\"potentialAction\":[{\"@type\":\"ReadAction\",\"target\":[\"https:\/\/www.imovelp.com.br\/blog\/mercado-imobiliario-bate-recorde-em-2025-com-mcmv-secovi-sp-destaca-beneficios-oferecidos\/\"]}]},{\"@type\":\"BreadcrumbList\",\"@id\":\"https:\/\/www.imovelp.com.br\/blog\/mercado-imobiliario-bate-recorde-em-2025-com-mcmv-secovi-sp-destaca-beneficios-oferecidos\/#breadcrumb\",\"itemListElement\":[{\"@type\":\"ListItem\",\"position\":1,\"name\":\"Home\",\"item\":\"https:\/\/www.imovelp.com.br\/blog\/\"},{\"@type\":\"ListItem\",\"position\":2,\"name\":\"Mercado imobili\u00e1rio bate recorde em 2025 com MCMV. Secovi-SP destaca benef\u00edcios oferecidos.\"}]},{\"@type\":\"WebSite\",\"@id\":\"https:\/\/www.imovelp.com.br\/blog\/#website\",\"url\":\"https:\/\/www.imovelp.com.br\/blog\/\",\"name\":\"Jornal Im\u00f3velp\",\"description\":\"Portal de Not\u00edcias do Corretor de Im\u00f3veis\",\"potentialAction\":[{\"@type\":\"SearchAction\",\"target\":{\"@type\":\"EntryPoint\",\"urlTemplate\":\"https:\/\/www.imovelp.com.br\/blog\/?s={search_term_string}\"},\"query-input\":\"required name=search_term_string\"}],\"inLanguage\":\"en-US\"},{\"@type\":\"Person\",\"@id\":\"https:\/\/www.imovelp.com.br\/blog\/#\/schema\/person\/8fb1cc29840aba4154ec6a52e70be40a\",\"name\":\"Marcos Monteiro\",\"image\":{\"@type\":\"ImageObject\",\"inLanguage\":\"en-US\",\"@id\":\"https:\/\/www.imovelp.com.br\/blog\/#\/schema\/person\/image\/\",\"url\":\"https:\/\/secure.gravatar.com\/avatar\/da25bf23c2e75965766176dcd3fc7564?s=96&d=mm&r=g\",\"contentUrl\":\"https:\/\/secure.gravatar.com\/avatar\/da25bf23c2e75965766176dcd3fc7564?s=96&d=mm&r=g\",\"caption\":\"Marcos Monteiro\"},\"url\":\"https:\/\/www.imovelp.com.br\/blog\/author\/redacao-imovelp\/\"}]}<\/script>\n<!-- \/ Yoast SEO plugin. -->","yoast_head_json":{"title":"Mercado imobili\u00e1rio bate recorde em 2025 com MCMV. Secovi-SP destaca benef\u00edcios oferecidos. - Jornal Im\u00f3velp","robots":{"index":"index","follow":"follow","max-snippet":"max-snippet:-1","max-image-preview":"max-image-preview:large","max-video-preview":"max-video-preview:-1"},"canonical":"https:\/\/www.imovelp.com.br\/blog\/mercado-imobiliario-bate-recorde-em-2025-com-mcmv-secovi-sp-destaca-beneficios-oferecidos\/","og_locale":"en_US","og_type":"article","og_title":"Mercado imobili\u00e1rio bate recorde em 2025 com MCMV. Secovi-SP destaca benef\u00edcios oferecidos. - Jornal Im\u00f3velp","og_description":"O Jornal da Band, no dia 28\/2, destacou o desempenho hist\u00f3rico do mercado imobili\u00e1rio brasileiro em 2025. O setor atingiu um recorde de vendas, mesmo diante de um cen\u00e1rio de&hellip;","og_url":"https:\/\/www.imovelp.com.br\/blog\/mercado-imobiliario-bate-recorde-em-2025-com-mcmv-secovi-sp-destaca-beneficios-oferecidos\/","og_site_name":"Jornal Im\u00f3velp","article_published_time":"2026-03-12T21:06:24+00:00","og_image":[{"url":"https:\/\/secovi.com.br\/wp-content\/uploads\/2026\/03\/45554554jjj.png"}],"author":"Marcos Monteiro","twitter_card":"summary_large_image","twitter_misc":{"Written by":"Marcos Monteiro","Est. reading time":"2 minutes"},"schema":{"@context":"https:\/\/schema.org","@graph":[{"@type":"WebPage","@id":"https:\/\/www.imovelp.com.br\/blog\/mercado-imobiliario-bate-recorde-em-2025-com-mcmv-secovi-sp-destaca-beneficios-oferecidos\/","url":"https:\/\/www.imovelp.com.br\/blog\/mercado-imobiliario-bate-recorde-em-2025-com-mcmv-secovi-sp-destaca-beneficios-oferecidos\/","name":"Mercado imobili\u00e1rio bate recorde em 2025 com MCMV. Secovi-SP destaca benef\u00edcios oferecidos. - Jornal Im\u00f3velp","isPartOf":{"@id":"https:\/\/www.imovelp.com.br\/blog\/#website"},"datePublished":"2026-03-12T21:06:24+00:00","dateModified":"2026-03-12T21:06:24+00:00","author":{"@id":"https:\/\/www.imovelp.com.br\/blog\/#\/schema\/person\/8fb1cc29840aba4154ec6a52e70be40a"},"breadcrumb":{"@id":"https:\/\/www.imovelp.com.br\/blog\/mercado-imobiliario-bate-recorde-em-2025-com-mcmv-secovi-sp-destaca-beneficios-oferecidos\/#breadcrumb"},"inLanguage":"en-US","potentialAction":[{"@type":"ReadAction","target":["https:\/\/www.imovelp.com.br\/blog\/mercado-imobiliario-bate-recorde-em-2025-com-mcmv-secovi-sp-destaca-beneficios-oferecidos\/"]}]},{"@type":"BreadcrumbList","@id":"https:\/\/www.imovelp.com.br\/blog\/mercado-imobiliario-bate-recorde-em-2025-com-mcmv-secovi-sp-destaca-beneficios-oferecidos\/#breadcrumb","itemListElement":[{"@type":"ListItem","position":1,"name":"Home","item":"https:\/\/www.imovelp.com.br\/blog\/"},{"@type":"ListItem","position":2,"name":"Mercado imobili\u00e1rio bate recorde em 2025 com MCMV. Secovi-SP destaca benef\u00edcios oferecidos."}]},{"@type":"WebSite","@id":"https:\/\/www.imovelp.com.br\/blog\/#website","url":"https:\/\/www.imovelp.com.br\/blog\/","name":"Jornal Im\u00f3velp","description":"Portal de Not\u00edcias do Corretor de Im\u00f3veis","potentialAction":[{"@type":"SearchAction","target":{"@type":"EntryPoint","urlTemplate":"https:\/\/www.imovelp.com.br\/blog\/?s={search_term_string}"},"query-input":"required name=search_term_string"}],"inLanguage":"en-US"},{"@type":"Person","@id":"https:\/\/www.imovelp.com.br\/blog\/#\/schema\/person\/8fb1cc29840aba4154ec6a52e70be40a","name":"Marcos Monteiro","image":{"@type":"ImageObject","inLanguage":"en-US","@id":"https:\/\/www.imovelp.com.br\/blog\/#\/schema\/person\/image\/","url":"https:\/\/secure.gravatar.com\/avatar\/da25bf23c2e75965766176dcd3fc7564?s=96&d=mm&r=g","contentUrl":"https:\/\/secure.gravatar.com\/avatar\/da25bf23c2e75965766176dcd3fc7564?s=96&d=mm&r=g","caption":"Marcos Monteiro"},"url":"https:\/\/www.imovelp.com.br\/blog\/author\/redacao-imovelp\/"}]}},"_links":{"self":[{"href":"https:\/\/www.imovelp.com.br\/blog\/wp-json\/wp\/v2\/posts\/2685"}],"collection":[{"href":"https:\/\/www.imovelp.com.br\/blog\/wp-json\/wp\/v2\/posts"}],"about":[{"href":"https:\/\/www.imovelp.com.br\/blog\/wp-json\/wp\/v2\/types\/post"}],"author":[{"embeddable":true,"href":"https:\/\/www.imovelp.com.br\/blog\/wp-json\/wp\/v2\/users\/2"}],"replies":[{"embeddable":true,"href":"https:\/\/www.imovelp.com.br\/blog\/wp-json\/wp\/v2\/comments?post=2685"}],"version-history":[{"count":0,"href":"https:\/\/www.imovelp.com.br\/blog\/wp-json\/wp\/v2\/posts\/2685\/revisions"}],"wp:featuredmedia":[{"embeddable":true,"href":"https:\/\/www.imovelp.com.br\/blog\/wp-json\/wp\/v2\/media\/2686"}],"wp:attachment":[{"href":"https:\/\/www.imovelp.com.br\/blog\/wp-json\/wp\/v2\/media?parent=2685"}],"wp:term":[{"taxonomy":"category","embeddable":true,"href":"https:\/\/www.imovelp.com.br\/blog\/wp-json\/wp\/v2\/categories?post=2685"},{"taxonomy":"post_tag","embeddable":true,"href":"https:\/\/www.imovelp.com.br\/blog\/wp-json\/wp\/v2\/tags?post=2685"}],"curies":[{"name":"wp","href":"https:\/\/api.w.org\/{rel}","templated":true}]}}