{"id":2684,"date":"2026-03-10T18:05:33","date_gmt":"2026-03-10T21:05:33","guid":{"rendered":"https:\/\/www.imovelp.com.br\/blog\/acigabc-abre-ciclo-de-palestras-com-debate-sobre-neurodiversidade-na-pratica-condominial\/"},"modified":"2026-03-10T18:05:33","modified_gmt":"2026-03-10T21:05:33","slug":"acigabc-abre-ciclo-de-palestras-com-debate-sobre-neurodiversidade-na-pratica-condominial","status":"publish","type":"post","link":"https:\/\/www.imovelp.com.br\/blog\/acigabc-abre-ciclo-de-palestras-com-debate-sobre-neurodiversidade-na-pratica-condominial\/","title":{"rendered":"ACIGABC abre ciclo de palestras com debate sobre neurodiversidade na pr\u00e1tica condominial"},"content":{"rendered":"<p> <br \/>\n<\/p>\n<div>\n<p>No dia 4\/3, a ACIGABC realizou o 1\u00ba Ciclo de Palestras para S\u00edndicos e Administradoras de Condom\u00ednios, reunindo aproximadamente 50 participantes, entre s\u00edndicos, administradoras de condom\u00ednios e profissionais ligados \u00e0 gest\u00e3o condominial da regi\u00e3o do Grande ABC. O encontro marcou a abertura das atividades do ano voltadas \u00e0 capacita\u00e7\u00e3o e ao fortalecimento do setor condominial, proporcionando um espa\u00e7o de aprendizado, troca de experi\u00eancias e atualiza\u00e7\u00e3o profissional.<\/p>\n<p>O evento foi conduzido pela diretora Edilene Costa, que deu as boas-vindas aos participantes e destacou a import\u00e2ncia de promover debates e conte\u00fados que contribuam para uma gest\u00e3o condominial mais preparada, humana e alinhada aos desafios atuais da conviv\u00eancia em comunidade. A iniciativa refor\u00e7a o compromisso da ACIGABC em promover a\u00e7\u00f5es que incentivem o desenvolvimento profissional, o di\u00e1logo entre os gestores condominiais e a dissemina\u00e7\u00e3o de boas pr\u00e1ticas no setor.<\/p>\n<p>A programa\u00e7\u00e3o contou com a palestra da Luana Elo\u00e1, advogada, vereadora e fundadora do Instituto TEAcolher Brasil, que abordou o tema \u201cNeurodiversidade e Inclus\u00e3o na Pr\u00e1tica Condominial\u201d. A apresenta\u00e7\u00e3o trouxe reflex\u00f5es relevantes sobre a import\u00e2ncia da empatia, do respeito \u00e0s diferen\u00e7as e da inclus\u00e3o no ambiente condominial, destacando situa\u00e7\u00f5es reais do cotidiano enfrentadas por s\u00edndicos e administradoras. Durante a palestra, foram discutidos aspectos relacionados \u00e0 conviv\u00eancia em condom\u00ednios com pessoas neurodivergentes, al\u00e9m de orienta\u00e7\u00f5es sobre como lidar com essas situa\u00e7\u00f5es de forma respons\u00e1vel, equilibrada e com seguran\u00e7a jur\u00eddica. O conte\u00fado proporcionou aos participantes uma vis\u00e3o mais ampla e sens\u00edvel sobre o tema, estimulando o debate e a reflex\u00e3o sobre pr\u00e1ticas que favore\u00e7am ambientes mais inclusivos e harmoniosos dentro dos condom\u00ednios.<\/p>\n<p>O evento contou com a presen\u00e7a de representantes da diretoria da ACIGABC, refor\u00e7ando a import\u00e2ncia institucional da iniciativa. Entre os presentes esteve J\u00falio Diaz Cabricano, presidente da ACIGABC.<\/p>\n<p>O 1\u00ba Ciclo de Palestras para S\u00edndicos e Administradoras de Condom\u00ednios foi marcado por grande participa\u00e7\u00e3o e engajamento do p\u00fablico presente, consolidando-se como um importante momento de aprendizado e troca de experi\u00eancias. A ACIGABC agradece \u00e0 palestrante Luana Elo\u00e1 pela contribui\u00e7\u00e3o e compartilhamento de conhecimento, bem como aos patrocinadores e a todos os s\u00edndicos, administradoras e profissionais que participaram e colaboraram para o sucesso do encontro. A Associa\u00e7\u00e3o tamb\u00e9m registra um agradecimento especial ao apoio institucional do Secovi-SP e do SindusCon-SP, importantes entidades do setor que contribuem para o fortalecimento e desenvolvimento do mercado imobili\u00e1rio.<\/p>\n<\/p><\/div>\n<p><script>\n  !function(f,b,e,v,n,t,s)\n  {if(f.fbq)return;n=f.fbq=function(){n.callMethod?\n  n.callMethod.apply(n,arguments):n.queue.push(arguments)};\n  if(!f._fbq)f._fbq=n;n.push=n;n.loaded=!0;n.version='2.0';\n  n.queue=[];t=b.createElement(e);t.async=!0;\n  t.src=v;s=b.getElementsByTagName(e)[0];\n  s.parentNode.insertBefore(t,s)}(window, document,'script',\n  'https:\/\/connect.facebook.net\/en_US\/fbevents.js');\n  fbq('init', '780597760435075');\n  fbq('track', 'PageView');\n<\/script><br \/>\n<br \/><br \/>\n<br \/>Fonte:<a href=\"https:\/\/secovi.com.br\/acigabc-abre-ciclo-de-palestras-com-debate-sobre-neurodiversidade-na-pratica-condominial\/\">Secovi <\/a><\/p>\n","protected":false},"excerpt":{"rendered":"<p>No dia 4\/3, a ACIGABC realizou o 1\u00ba Ciclo de Palestras para S\u00edndicos e Administradoras de Condom\u00ednios, reunindo aproximadamente 50 participantes, entre s\u00edndicos, administradoras de condom\u00ednios e profissionais ligados \u00e0&hellip; <\/p>\n","protected":false},"author":2,"featured_media":0,"comment_status":"open","ping_status":"open","sticky":false,"template":"","format":"standard","meta":{"footnotes":""},"categories":[5,7],"tags":[],"yoast_head":"<!-- This site is optimized with the Yoast SEO plugin v21.5 - https:\/\/yoast.com\/wordpress\/plugins\/seo\/ -->\n<title>ACIGABC abre ciclo de palestras com debate sobre neurodiversidade na pr\u00e1tica condominial - Jornal Im\u00f3velp<\/title>\n<meta name=\"robots\" content=\"index, follow, max-snippet:-1, max-image-preview:large, max-video-preview:-1\" \/>\n<link rel=\"canonical\" href=\"https:\/\/www.imovelp.com.br\/blog\/acigabc-abre-ciclo-de-palestras-com-debate-sobre-neurodiversidade-na-pratica-condominial\/\" \/>\n<meta property=\"og:locale\" content=\"en_US\" \/>\n<meta property=\"og:type\" content=\"article\" \/>\n<meta property=\"og:title\" content=\"ACIGABC abre ciclo de palestras com debate sobre neurodiversidade na pr\u00e1tica condominial - Jornal Im\u00f3velp\" \/>\n<meta property=\"og:description\" content=\"No dia 4\/3, a ACIGABC realizou o 1\u00ba Ciclo de Palestras para S\u00edndicos e Administradoras de Condom\u00ednios, reunindo aproximadamente 50 participantes, entre s\u00edndicos, administradoras de condom\u00ednios e profissionais ligados \u00e0&hellip;\" \/>\n<meta property=\"og:url\" content=\"https:\/\/www.imovelp.com.br\/blog\/acigabc-abre-ciclo-de-palestras-com-debate-sobre-neurodiversidade-na-pratica-condominial\/\" \/>\n<meta property=\"og:site_name\" content=\"Jornal Im\u00f3velp\" \/>\n<meta property=\"article:published_time\" content=\"2026-03-10T21:05:33+00:00\" \/>\n<meta name=\"author\" content=\"Marcos Monteiro\" \/>\n<meta name=\"twitter:card\" content=\"summary_large_image\" \/>\n<meta name=\"twitter:label1\" content=\"Written by\" \/>\n\t<meta name=\"twitter:data1\" content=\"Marcos Monteiro\" \/>\n\t<meta name=\"twitter:label2\" content=\"Est. reading time\" \/>\n\t<meta name=\"twitter:data2\" content=\"2 minutes\" \/>\n<script type=\"application\/ld+json\" class=\"yoast-schema-graph\">{\"@context\":\"https:\/\/schema.org\",\"@graph\":[{\"@type\":\"WebPage\",\"@id\":\"https:\/\/www.imovelp.com.br\/blog\/acigabc-abre-ciclo-de-palestras-com-debate-sobre-neurodiversidade-na-pratica-condominial\/\",\"url\":\"https:\/\/www.imovelp.com.br\/blog\/acigabc-abre-ciclo-de-palestras-com-debate-sobre-neurodiversidade-na-pratica-condominial\/\",\"name\":\"ACIGABC abre ciclo de palestras com debate sobre neurodiversidade na pr\u00e1tica condominial - Jornal Im\u00f3velp\",\"isPartOf\":{\"@id\":\"https:\/\/www.imovelp.com.br\/blog\/#website\"},\"datePublished\":\"2026-03-10T21:05:33+00:00\",\"dateModified\":\"2026-03-10T21:05:33+00:00\",\"author\":{\"@id\":\"https:\/\/www.imovelp.com.br\/blog\/#\/schema\/person\/8fb1cc29840aba4154ec6a52e70be40a\"},\"breadcrumb\":{\"@id\":\"https:\/\/www.imovelp.com.br\/blog\/acigabc-abre-ciclo-de-palestras-com-debate-sobre-neurodiversidade-na-pratica-condominial\/#breadcrumb\"},\"inLanguage\":\"en-US\",\"potentialAction\":[{\"@type\":\"ReadAction\",\"target\":[\"https:\/\/www.imovelp.com.br\/blog\/acigabc-abre-ciclo-de-palestras-com-debate-sobre-neurodiversidade-na-pratica-condominial\/\"]}]},{\"@type\":\"BreadcrumbList\",\"@id\":\"https:\/\/www.imovelp.com.br\/blog\/acigabc-abre-ciclo-de-palestras-com-debate-sobre-neurodiversidade-na-pratica-condominial\/#breadcrumb\",\"itemListElement\":[{\"@type\":\"ListItem\",\"position\":1,\"name\":\"Home\",\"item\":\"https:\/\/www.imovelp.com.br\/blog\/\"},{\"@type\":\"ListItem\",\"position\":2,\"name\":\"ACIGABC abre ciclo de palestras com debate sobre neurodiversidade na pr\u00e1tica condominial\"}]},{\"@type\":\"WebSite\",\"@id\":\"https:\/\/www.imovelp.com.br\/blog\/#website\",\"url\":\"https:\/\/www.imovelp.com.br\/blog\/\",\"name\":\"Jornal Im\u00f3velp\",\"description\":\"Portal de Not\u00edcias do Corretor de Im\u00f3veis\",\"potentialAction\":[{\"@type\":\"SearchAction\",\"target\":{\"@type\":\"EntryPoint\",\"urlTemplate\":\"https:\/\/www.imovelp.com.br\/blog\/?s={search_term_string}\"},\"query-input\":\"required name=search_term_string\"}],\"inLanguage\":\"en-US\"},{\"@type\":\"Person\",\"@id\":\"https:\/\/www.imovelp.com.br\/blog\/#\/schema\/person\/8fb1cc29840aba4154ec6a52e70be40a\",\"name\":\"Marcos Monteiro\",\"image\":{\"@type\":\"ImageObject\",\"inLanguage\":\"en-US\",\"@id\":\"https:\/\/www.imovelp.com.br\/blog\/#\/schema\/person\/image\/\",\"url\":\"https:\/\/secure.gravatar.com\/avatar\/da25bf23c2e75965766176dcd3fc7564?s=96&d=mm&r=g\",\"contentUrl\":\"https:\/\/secure.gravatar.com\/avatar\/da25bf23c2e75965766176dcd3fc7564?s=96&d=mm&r=g\",\"caption\":\"Marcos Monteiro\"},\"url\":\"https:\/\/www.imovelp.com.br\/blog\/author\/redacao-imovelp\/\"}]}<\/script>\n<!-- \/ Yoast SEO plugin. -->","yoast_head_json":{"title":"ACIGABC abre ciclo de palestras com debate sobre neurodiversidade na pr\u00e1tica condominial - Jornal Im\u00f3velp","robots":{"index":"index","follow":"follow","max-snippet":"max-snippet:-1","max-image-preview":"max-image-preview:large","max-video-preview":"max-video-preview:-1"},"canonical":"https:\/\/www.imovelp.com.br\/blog\/acigabc-abre-ciclo-de-palestras-com-debate-sobre-neurodiversidade-na-pratica-condominial\/","og_locale":"en_US","og_type":"article","og_title":"ACIGABC abre ciclo de palestras com debate sobre neurodiversidade na pr\u00e1tica condominial - Jornal Im\u00f3velp","og_description":"No dia 4\/3, a ACIGABC realizou o 1\u00ba Ciclo de Palestras para S\u00edndicos e Administradoras de Condom\u00ednios, reunindo aproximadamente 50 participantes, entre s\u00edndicos, administradoras de condom\u00ednios e profissionais ligados \u00e0&hellip;","og_url":"https:\/\/www.imovelp.com.br\/blog\/acigabc-abre-ciclo-de-palestras-com-debate-sobre-neurodiversidade-na-pratica-condominial\/","og_site_name":"Jornal Im\u00f3velp","article_published_time":"2026-03-10T21:05:33+00:00","author":"Marcos Monteiro","twitter_card":"summary_large_image","twitter_misc":{"Written by":"Marcos Monteiro","Est. reading time":"2 minutes"},"schema":{"@context":"https:\/\/schema.org","@graph":[{"@type":"WebPage","@id":"https:\/\/www.imovelp.com.br\/blog\/acigabc-abre-ciclo-de-palestras-com-debate-sobre-neurodiversidade-na-pratica-condominial\/","url":"https:\/\/www.imovelp.com.br\/blog\/acigabc-abre-ciclo-de-palestras-com-debate-sobre-neurodiversidade-na-pratica-condominial\/","name":"ACIGABC abre ciclo de palestras com debate sobre neurodiversidade na pr\u00e1tica condominial - Jornal Im\u00f3velp","isPartOf":{"@id":"https:\/\/www.imovelp.com.br\/blog\/#website"},"datePublished":"2026-03-10T21:05:33+00:00","dateModified":"2026-03-10T21:05:33+00:00","author":{"@id":"https:\/\/www.imovelp.com.br\/blog\/#\/schema\/person\/8fb1cc29840aba4154ec6a52e70be40a"},"breadcrumb":{"@id":"https:\/\/www.imovelp.com.br\/blog\/acigabc-abre-ciclo-de-palestras-com-debate-sobre-neurodiversidade-na-pratica-condominial\/#breadcrumb"},"inLanguage":"en-US","potentialAction":[{"@type":"ReadAction","target":["https:\/\/www.imovelp.com.br\/blog\/acigabc-abre-ciclo-de-palestras-com-debate-sobre-neurodiversidade-na-pratica-condominial\/"]}]},{"@type":"BreadcrumbList","@id":"https:\/\/www.imovelp.com.br\/blog\/acigabc-abre-ciclo-de-palestras-com-debate-sobre-neurodiversidade-na-pratica-condominial\/#breadcrumb","itemListElement":[{"@type":"ListItem","position":1,"name":"Home","item":"https:\/\/www.imovelp.com.br\/blog\/"},{"@type":"ListItem","position":2,"name":"ACIGABC abre ciclo de palestras com debate sobre neurodiversidade na pr\u00e1tica condominial"}]},{"@type":"WebSite","@id":"https:\/\/www.imovelp.com.br\/blog\/#website","url":"https:\/\/www.imovelp.com.br\/blog\/","name":"Jornal Im\u00f3velp","description":"Portal de Not\u00edcias do Corretor de Im\u00f3veis","potentialAction":[{"@type":"SearchAction","target":{"@type":"EntryPoint","urlTemplate":"https:\/\/www.imovelp.com.br\/blog\/?s={search_term_string}"},"query-input":"required name=search_term_string"}],"inLanguage":"en-US"},{"@type":"Person","@id":"https:\/\/www.imovelp.com.br\/blog\/#\/schema\/person\/8fb1cc29840aba4154ec6a52e70be40a","name":"Marcos Monteiro","image":{"@type":"ImageObject","inLanguage":"en-US","@id":"https:\/\/www.imovelp.com.br\/blog\/#\/schema\/person\/image\/","url":"https:\/\/secure.gravatar.com\/avatar\/da25bf23c2e75965766176dcd3fc7564?s=96&d=mm&r=g","contentUrl":"https:\/\/secure.gravatar.com\/avatar\/da25bf23c2e75965766176dcd3fc7564?s=96&d=mm&r=g","caption":"Marcos Monteiro"},"url":"https:\/\/www.imovelp.com.br\/blog\/author\/redacao-imovelp\/"}]}},"_links":{"self":[{"href":"https:\/\/www.imovelp.com.br\/blog\/wp-json\/wp\/v2\/posts\/2684"}],"collection":[{"href":"https:\/\/www.imovelp.com.br\/blog\/wp-json\/wp\/v2\/posts"}],"about":[{"href":"https:\/\/www.imovelp.com.br\/blog\/wp-json\/wp\/v2\/types\/post"}],"author":[{"embeddable":true,"href":"https:\/\/www.imovelp.com.br\/blog\/wp-json\/wp\/v2\/users\/2"}],"replies":[{"embeddable":true,"href":"https:\/\/www.imovelp.com.br\/blog\/wp-json\/wp\/v2\/comments?post=2684"}],"version-history":[{"count":0,"href":"https:\/\/www.imovelp.com.br\/blog\/wp-json\/wp\/v2\/posts\/2684\/revisions"}],"wp:attachment":[{"href":"https:\/\/www.imovelp.com.br\/blog\/wp-json\/wp\/v2\/media?parent=2684"}],"wp:term":[{"taxonomy":"category","embeddable":true,"href":"https:\/\/www.imovelp.com.br\/blog\/wp-json\/wp\/v2\/categories?post=2684"},{"taxonomy":"post_tag","embeddable":true,"href":"https:\/\/www.imovelp.com.br\/blog\/wp-json\/wp\/v2\/tags?post=2684"}],"curies":[{"name":"wp","href":"https:\/\/api.w.org\/{rel}","templated":true}]}}