{"id":2681,"date":"2026-03-06T18:03:34","date_gmt":"2026-03-06T21:03:34","guid":{"rendered":"https:\/\/www.imovelp.com.br\/blog\/diretor-do-secovi-sp-apresenta-cenario-positivo-e-valorizacao-recorde-na-baixada-santista\/"},"modified":"2026-03-06T18:03:34","modified_gmt":"2026-03-06T21:03:34","slug":"diretor-do-secovi-sp-apresenta-cenario-positivo-e-valorizacao-recorde-na-baixada-santista","status":"publish","type":"post","link":"https:\/\/www.imovelp.com.br\/blog\/diretor-do-secovi-sp-apresenta-cenario-positivo-e-valorizacao-recorde-na-baixada-santista\/","title":{"rendered":"Diretor do Secovi-SP apresenta cen\u00e1rio positivo e valoriza\u00e7\u00e3o recorde na Baixada Santista"},"content":{"rendered":"<p> <br \/>\n<\/p>\n<div>\n<p><img loading=\"lazy\" decoding=\"async\" class=\"wp-image-81840 alignright\" src=\"https:\/\/secovi.com.br\/wp-content\/uploads\/2026\/03\/greerwg.png\" alt=\"\" width=\"525\" height=\"314\"\/>Em entrevista ao programa Jornal da Manh\u00e3 Litoral Paulista, da Jovem Pan Santos, o diretor de Intermedia\u00e7\u00e3o Imobili\u00e1ria e Marketing da Regional Santos do Secovi-SP, Roberto Malavasi, trouxe dados otimistas sobre o desempenho do setor na regi\u00e3o. Segundo Malavasi, o mercado imobili\u00e1rio local vive um momento de forte crescimento, impulsionado tanto por novos lan\u00e7amentos quanto pela valoriza\u00e7\u00e3o do metro quadrado.<\/p>\n<p>Questionado sobre o impacto de conflitos internacionais e oscila\u00e7\u00f5es pol\u00edticas no setor, Malavasi destacou que, embora a instabilidade global possa gerar cautela, as proje\u00e7\u00f5es para 2026 permanecem interessantes, especialmente em rela\u00e7\u00e3o \u00e0 taxa Selic.<\/p>\n<p>\u201cA gente tinha uma proje\u00e7\u00e3o e uma perspectiva muito interessante para esse ano justamente por conta das proje\u00e7\u00f5es da Selic de estar em queda. Agora, para a pr\u00f3xima reuni\u00e3o do Copom, a gente j\u00e1 n\u00e3o acredita que talvez aquele meio ponto percentual v\u00e1 cair como esperado. Temos que aguardar para ver o que vai acontecer\u201d, afirmou.<\/p>\n<p>Os n\u00fameros apresentados pelo Secovi-SP revelam a for\u00e7a da Baixada Santista no cen\u00e1rio estadual. Malavasi explicou que a regi\u00e3o n\u00e3o apenas cresce em volume de unidades, mas lidera em valor de mercado.<\/p>\n<p>\u201cO cen\u00e1rio \u00e9 positivo. No \u00faltimo trimestre do ano passado, vimos crescimento principalmente nas cidades da Baixada e em Santos. Um ponto interessante \u00e9 que, a n\u00edvel Brasil, 50% dos entrevistados t\u00eam inten\u00e7\u00e3o de comprar im\u00f3veis nos pr\u00f3ximos 24 meses, e destes, 35% pretendem comprar ainda em 2026\u201d, destacou.<\/p>\n<p>Um dos dados mais impactantes trazidos por Roberto Malavasi refere-se \u00e0 velocidade de vendas e ao estoque dispon\u00edvel. Segundo ele, a demanda \u00e9 t\u00e3o alta que, se a constru\u00e7\u00e3o civil parasse hoje, as unidades novas se esgotariam rapidamente.<\/p>\n<p>\u201cSe o mercado imobili\u00e1rio e a constru\u00e7\u00e3o civil pararem de construir e lan\u00e7ar hoje, em 16 meses acabam as unidades dispon\u00edveis no mercado. O estoque de lan\u00e7amentos acaba. Tem muita gente para comprar, os lan\u00e7amentos n\u00e3o v\u00e3o parar e a tend\u00eancia de pre\u00e7o \u00e9 sempre de subir\u201d, disse.<\/p>\n<p>Sobre a falta de terrenos em Santos, Malavasi confirmou a tend\u00eancia de verticaliza\u00e7\u00e3o e expans\u00e3o para cidades vizinhas, como Praia Grande, Bertioga e Mongagu\u00e1, que t\u00eam atra\u00eddo investidores e novos moradores em busca de qualidade de vida p\u00f3s-pandemia.<\/p>\n<p>Ao final da entrevista, Malavasi refor\u00e7ou a import\u00e2ncia da seguran\u00e7a nas transa\u00e7\u00f5es imobili\u00e1rias, orientando clientes a buscarem sempre profissionais registrados.<\/p>\n<p>\u201cA gente sempre orienta que o profissional tem que ter o CRECI. \u00c9 muito importante cadastrar o interessado antes da visita \u2014 nome, CPF e quem ir\u00e1 acompanhar. Tra\u00e7amos um perfil do cliente para evitar riscos de golpes ou assaltos. A preven\u00e7\u00e3o \u00e9 o melhor rem\u00e9dio\u201d, concluiu.<\/p>\n<p><a href=\"https:\/\/www.youtube.com\/live\/rlx1x93mKDg\">Confira a \u00edntegra<\/a><\/p>\n<\/p><\/div>\n<p><script>\n  !function(f,b,e,v,n,t,s)\n  {if(f.fbq)return;n=f.fbq=function(){n.callMethod?\n  n.callMethod.apply(n,arguments):n.queue.push(arguments)};\n  if(!f._fbq)f._fbq=n;n.push=n;n.loaded=!0;n.version='2.0';\n  n.queue=[];t=b.createElement(e);t.async=!0;\n  t.src=v;s=b.getElementsByTagName(e)[0];\n  s.parentNode.insertBefore(t,s)}(window, document,'script',\n  'https:\/\/connect.facebook.net\/en_US\/fbevents.js');\n  fbq('init', '780597760435075');\n  fbq('track', 'PageView');\n<\/script><br \/>\n<br \/><br \/>\n<br \/>Fonte:<a href=\"https:\/\/secovi.com.br\/diretor-do-secovi-sp-apresenta-cenario-positivo-e-valorizacao-recorde-na-baixada-santista\/\">Secovi <\/a><\/p>\n","protected":false},"excerpt":{"rendered":"<p>Em entrevista ao programa Jornal da Manh\u00e3 Litoral Paulista, da Jovem Pan Santos, o diretor de Intermedia\u00e7\u00e3o Imobili\u00e1ria e Marketing da Regional Santos do Secovi-SP, Roberto Malavasi, trouxe dados otimistas&hellip; <\/p>\n","protected":false},"author":2,"featured_media":2682,"comment_status":"open","ping_status":"open","sticky":false,"template":"","format":"standard","meta":{"footnotes":""},"categories":[5,7],"tags":[],"yoast_head":"<!-- This site is optimized with the Yoast SEO plugin v21.5 - https:\/\/yoast.com\/wordpress\/plugins\/seo\/ -->\n<title>Diretor do Secovi-SP apresenta cen\u00e1rio positivo e valoriza\u00e7\u00e3o recorde na Baixada Santista - Jornal Im\u00f3velp<\/title>\n<meta name=\"robots\" content=\"index, follow, max-snippet:-1, max-image-preview:large, max-video-preview:-1\" \/>\n<link rel=\"canonical\" href=\"https:\/\/www.imovelp.com.br\/blog\/diretor-do-secovi-sp-apresenta-cenario-positivo-e-valorizacao-recorde-na-baixada-santista\/\" \/>\n<meta property=\"og:locale\" content=\"en_US\" \/>\n<meta property=\"og:type\" content=\"article\" \/>\n<meta property=\"og:title\" content=\"Diretor do Secovi-SP apresenta cen\u00e1rio positivo e valoriza\u00e7\u00e3o recorde na Baixada Santista - Jornal Im\u00f3velp\" \/>\n<meta property=\"og:description\" content=\"Em entrevista ao programa Jornal da Manh\u00e3 Litoral Paulista, da Jovem Pan Santos, o diretor de Intermedia\u00e7\u00e3o Imobili\u00e1ria e Marketing da Regional Santos do Secovi-SP, Roberto Malavasi, trouxe dados otimistas&hellip;\" \/>\n<meta property=\"og:url\" content=\"https:\/\/www.imovelp.com.br\/blog\/diretor-do-secovi-sp-apresenta-cenario-positivo-e-valorizacao-recorde-na-baixada-santista\/\" \/>\n<meta property=\"og:site_name\" content=\"Jornal Im\u00f3velp\" \/>\n<meta property=\"article:published_time\" content=\"2026-03-06T21:03:34+00:00\" \/>\n<meta property=\"og:image\" content=\"https:\/\/secovi.com.br\/wp-content\/uploads\/2026\/03\/greerwg.png\" \/>\n<meta name=\"author\" content=\"Marcos Monteiro\" \/>\n<meta name=\"twitter:card\" content=\"summary_large_image\" \/>\n<meta name=\"twitter:label1\" content=\"Written by\" \/>\n\t<meta name=\"twitter:data1\" content=\"Marcos Monteiro\" \/>\n\t<meta name=\"twitter:label2\" content=\"Est. reading time\" \/>\n\t<meta name=\"twitter:data2\" content=\"2 minutes\" \/>\n<script type=\"application\/ld+json\" class=\"yoast-schema-graph\">{\"@context\":\"https:\/\/schema.org\",\"@graph\":[{\"@type\":\"WebPage\",\"@id\":\"https:\/\/www.imovelp.com.br\/blog\/diretor-do-secovi-sp-apresenta-cenario-positivo-e-valorizacao-recorde-na-baixada-santista\/\",\"url\":\"https:\/\/www.imovelp.com.br\/blog\/diretor-do-secovi-sp-apresenta-cenario-positivo-e-valorizacao-recorde-na-baixada-santista\/\",\"name\":\"Diretor do Secovi-SP apresenta cen\u00e1rio positivo e valoriza\u00e7\u00e3o recorde na Baixada Santista - Jornal Im\u00f3velp\",\"isPartOf\":{\"@id\":\"https:\/\/www.imovelp.com.br\/blog\/#website\"},\"datePublished\":\"2026-03-06T21:03:34+00:00\",\"dateModified\":\"2026-03-06T21:03:34+00:00\",\"author\":{\"@id\":\"https:\/\/www.imovelp.com.br\/blog\/#\/schema\/person\/8fb1cc29840aba4154ec6a52e70be40a\"},\"breadcrumb\":{\"@id\":\"https:\/\/www.imovelp.com.br\/blog\/diretor-do-secovi-sp-apresenta-cenario-positivo-e-valorizacao-recorde-na-baixada-santista\/#breadcrumb\"},\"inLanguage\":\"en-US\",\"potentialAction\":[{\"@type\":\"ReadAction\",\"target\":[\"https:\/\/www.imovelp.com.br\/blog\/diretor-do-secovi-sp-apresenta-cenario-positivo-e-valorizacao-recorde-na-baixada-santista\/\"]}]},{\"@type\":\"BreadcrumbList\",\"@id\":\"https:\/\/www.imovelp.com.br\/blog\/diretor-do-secovi-sp-apresenta-cenario-positivo-e-valorizacao-recorde-na-baixada-santista\/#breadcrumb\",\"itemListElement\":[{\"@type\":\"ListItem\",\"position\":1,\"name\":\"Home\",\"item\":\"https:\/\/www.imovelp.com.br\/blog\/\"},{\"@type\":\"ListItem\",\"position\":2,\"name\":\"Diretor do Secovi-SP apresenta cen\u00e1rio positivo e valoriza\u00e7\u00e3o recorde na Baixada Santista\"}]},{\"@type\":\"WebSite\",\"@id\":\"https:\/\/www.imovelp.com.br\/blog\/#website\",\"url\":\"https:\/\/www.imovelp.com.br\/blog\/\",\"name\":\"Jornal Im\u00f3velp\",\"description\":\"Portal de Not\u00edcias do Corretor de Im\u00f3veis\",\"potentialAction\":[{\"@type\":\"SearchAction\",\"target\":{\"@type\":\"EntryPoint\",\"urlTemplate\":\"https:\/\/www.imovelp.com.br\/blog\/?s={search_term_string}\"},\"query-input\":\"required name=search_term_string\"}],\"inLanguage\":\"en-US\"},{\"@type\":\"Person\",\"@id\":\"https:\/\/www.imovelp.com.br\/blog\/#\/schema\/person\/8fb1cc29840aba4154ec6a52e70be40a\",\"name\":\"Marcos Monteiro\",\"image\":{\"@type\":\"ImageObject\",\"inLanguage\":\"en-US\",\"@id\":\"https:\/\/www.imovelp.com.br\/blog\/#\/schema\/person\/image\/\",\"url\":\"https:\/\/secure.gravatar.com\/avatar\/da25bf23c2e75965766176dcd3fc7564?s=96&d=mm&r=g\",\"contentUrl\":\"https:\/\/secure.gravatar.com\/avatar\/da25bf23c2e75965766176dcd3fc7564?s=96&d=mm&r=g\",\"caption\":\"Marcos Monteiro\"},\"url\":\"https:\/\/www.imovelp.com.br\/blog\/author\/redacao-imovelp\/\"}]}<\/script>\n<!-- \/ Yoast SEO plugin. -->","yoast_head_json":{"title":"Diretor do Secovi-SP apresenta cen\u00e1rio positivo e valoriza\u00e7\u00e3o recorde na Baixada Santista - Jornal Im\u00f3velp","robots":{"index":"index","follow":"follow","max-snippet":"max-snippet:-1","max-image-preview":"max-image-preview:large","max-video-preview":"max-video-preview:-1"},"canonical":"https:\/\/www.imovelp.com.br\/blog\/diretor-do-secovi-sp-apresenta-cenario-positivo-e-valorizacao-recorde-na-baixada-santista\/","og_locale":"en_US","og_type":"article","og_title":"Diretor do Secovi-SP apresenta cen\u00e1rio positivo e valoriza\u00e7\u00e3o recorde na Baixada Santista - Jornal Im\u00f3velp","og_description":"Em entrevista ao programa Jornal da Manh\u00e3 Litoral Paulista, da Jovem Pan Santos, o diretor de Intermedia\u00e7\u00e3o Imobili\u00e1ria e Marketing da Regional Santos do Secovi-SP, Roberto Malavasi, trouxe dados otimistas&hellip;","og_url":"https:\/\/www.imovelp.com.br\/blog\/diretor-do-secovi-sp-apresenta-cenario-positivo-e-valorizacao-recorde-na-baixada-santista\/","og_site_name":"Jornal Im\u00f3velp","article_published_time":"2026-03-06T21:03:34+00:00","og_image":[{"url":"https:\/\/secovi.com.br\/wp-content\/uploads\/2026\/03\/greerwg.png"}],"author":"Marcos Monteiro","twitter_card":"summary_large_image","twitter_misc":{"Written by":"Marcos Monteiro","Est. reading time":"2 minutes"},"schema":{"@context":"https:\/\/schema.org","@graph":[{"@type":"WebPage","@id":"https:\/\/www.imovelp.com.br\/blog\/diretor-do-secovi-sp-apresenta-cenario-positivo-e-valorizacao-recorde-na-baixada-santista\/","url":"https:\/\/www.imovelp.com.br\/blog\/diretor-do-secovi-sp-apresenta-cenario-positivo-e-valorizacao-recorde-na-baixada-santista\/","name":"Diretor do Secovi-SP apresenta cen\u00e1rio positivo e valoriza\u00e7\u00e3o recorde na Baixada Santista - Jornal Im\u00f3velp","isPartOf":{"@id":"https:\/\/www.imovelp.com.br\/blog\/#website"},"datePublished":"2026-03-06T21:03:34+00:00","dateModified":"2026-03-06T21:03:34+00:00","author":{"@id":"https:\/\/www.imovelp.com.br\/blog\/#\/schema\/person\/8fb1cc29840aba4154ec6a52e70be40a"},"breadcrumb":{"@id":"https:\/\/www.imovelp.com.br\/blog\/diretor-do-secovi-sp-apresenta-cenario-positivo-e-valorizacao-recorde-na-baixada-santista\/#breadcrumb"},"inLanguage":"en-US","potentialAction":[{"@type":"ReadAction","target":["https:\/\/www.imovelp.com.br\/blog\/diretor-do-secovi-sp-apresenta-cenario-positivo-e-valorizacao-recorde-na-baixada-santista\/"]}]},{"@type":"BreadcrumbList","@id":"https:\/\/www.imovelp.com.br\/blog\/diretor-do-secovi-sp-apresenta-cenario-positivo-e-valorizacao-recorde-na-baixada-santista\/#breadcrumb","itemListElement":[{"@type":"ListItem","position":1,"name":"Home","item":"https:\/\/www.imovelp.com.br\/blog\/"},{"@type":"ListItem","position":2,"name":"Diretor do Secovi-SP apresenta cen\u00e1rio positivo e valoriza\u00e7\u00e3o recorde na Baixada Santista"}]},{"@type":"WebSite","@id":"https:\/\/www.imovelp.com.br\/blog\/#website","url":"https:\/\/www.imovelp.com.br\/blog\/","name":"Jornal Im\u00f3velp","description":"Portal de Not\u00edcias do Corretor de Im\u00f3veis","potentialAction":[{"@type":"SearchAction","target":{"@type":"EntryPoint","urlTemplate":"https:\/\/www.imovelp.com.br\/blog\/?s={search_term_string}"},"query-input":"required name=search_term_string"}],"inLanguage":"en-US"},{"@type":"Person","@id":"https:\/\/www.imovelp.com.br\/blog\/#\/schema\/person\/8fb1cc29840aba4154ec6a52e70be40a","name":"Marcos Monteiro","image":{"@type":"ImageObject","inLanguage":"en-US","@id":"https:\/\/www.imovelp.com.br\/blog\/#\/schema\/person\/image\/","url":"https:\/\/secure.gravatar.com\/avatar\/da25bf23c2e75965766176dcd3fc7564?s=96&d=mm&r=g","contentUrl":"https:\/\/secure.gravatar.com\/avatar\/da25bf23c2e75965766176dcd3fc7564?s=96&d=mm&r=g","caption":"Marcos Monteiro"},"url":"https:\/\/www.imovelp.com.br\/blog\/author\/redacao-imovelp\/"}]}},"_links":{"self":[{"href":"https:\/\/www.imovelp.com.br\/blog\/wp-json\/wp\/v2\/posts\/2681"}],"collection":[{"href":"https:\/\/www.imovelp.com.br\/blog\/wp-json\/wp\/v2\/posts"}],"about":[{"href":"https:\/\/www.imovelp.com.br\/blog\/wp-json\/wp\/v2\/types\/post"}],"author":[{"embeddable":true,"href":"https:\/\/www.imovelp.com.br\/blog\/wp-json\/wp\/v2\/users\/2"}],"replies":[{"embeddable":true,"href":"https:\/\/www.imovelp.com.br\/blog\/wp-json\/wp\/v2\/comments?post=2681"}],"version-history":[{"count":0,"href":"https:\/\/www.imovelp.com.br\/blog\/wp-json\/wp\/v2\/posts\/2681\/revisions"}],"wp:featuredmedia":[{"embeddable":true,"href":"https:\/\/www.imovelp.com.br\/blog\/wp-json\/wp\/v2\/media\/2682"}],"wp:attachment":[{"href":"https:\/\/www.imovelp.com.br\/blog\/wp-json\/wp\/v2\/media?parent=2681"}],"wp:term":[{"taxonomy":"category","embeddable":true,"href":"https:\/\/www.imovelp.com.br\/blog\/wp-json\/wp\/v2\/categories?post=2681"},{"taxonomy":"post_tag","embeddable":true,"href":"https:\/\/www.imovelp.com.br\/blog\/wp-json\/wp\/v2\/tags?post=2681"}],"curies":[{"name":"wp","href":"https:\/\/api.w.org\/{rel}","templated":true}]}}