{"id":2679,"date":"2026-03-04T18:02:49","date_gmt":"2026-03-04T21:02:49","guid":{"rendered":"https:\/\/www.imovelp.com.br\/blog\/webinar-do-secovi-sp-apresenta-dados-do-mercado-do-4o-trimestre-em-41-cidades-paulistas\/"},"modified":"2026-03-04T18:02:49","modified_gmt":"2026-03-04T21:02:49","slug":"webinar-do-secovi-sp-apresenta-dados-do-mercado-do-4o-trimestre-em-41-cidades-paulistas","status":"publish","type":"post","link":"https:\/\/www.imovelp.com.br\/blog\/webinar-do-secovi-sp-apresenta-dados-do-mercado-do-4o-trimestre-em-41-cidades-paulistas\/","title":{"rendered":"Webinar do Secovi-SP apresenta dados do mercado do 4\u00ba trimestre em 41 cidades paulistas"},"content":{"rendered":"<p> <br \/>\n<\/p>\n<div>\n<p><em>Evento mostra 2025 com recorde hist\u00f3rico de vendas e avan\u00e7o de 17% no volume comercializado<\/em><\/p>\n<p>\u00a0<\/p>\n<p>Durante o webinar de divulga\u00e7\u00e3o do Pesquisa do Mercado Imobili\u00e1rio do Interior \u2013 4\u00ba Trimestre de 2025, promovido pelo Secovi-SP no dia 3\/3, foram apresentados os dados que confirmam o melhor desempenho da s\u00e9rie hist\u00f3rica do mercado imobili\u00e1rio nas cidades monitoradas. O levantamento apontou crescimento de 17% no volume de unidades comercializadas e avan\u00e7o de 22% em valor geral de vendas (VGV) ao longo de 2025.<\/p>\n<p>O evento contou com a participa\u00e7\u00e3o de Frederico Marcondes Cesar, vice-presidente do Interior do Secovi-SP e moderador do webinar; de Celso Petrucci, diretor de Economia da entidade; e de Guilherme Werner, s\u00f3cio-consultor da Brain Intelig\u00eancia Estrat\u00e9gica.<\/p>\n<p>De acordo com Guilherme Werner, as 41 cidades monitoradas \u2014 que incluem munic\u00edpios do interior, da Regi\u00e3o Metropolitana e da Baixada Santista \u2014 somaram 73 mil unidades vendidas em 2025, totalizando R$ 37 bilh\u00f5es em VGV. O resultado representa o melhor desempenho da s\u00e9rie hist\u00f3rica. Apesar da queda de 10% nas unidades lan\u00e7adas, que somaram R$ 31,8 bilh\u00f5es, o mercado demonstrou absor\u00e7\u00e3o de estoque, com eleva\u00e7\u00e3o do ticket m\u00e9dio e valoriza\u00e7\u00e3o dos empreendimentos.<\/p>\n<p>Werner destacou ainda os desempenhos regionais, como o recorde de lan\u00e7amentos em Rio Preto, o crescimento de 87% no Vale do Para\u00edba e a lideran\u00e7a de Ribeir\u00e3o Preto em volume financeiro, respons\u00e1vel por 22,5% do total vendido no estado. Sorocaba tamb\u00e9m registrou avan\u00e7o, com crescimento de 21% nas vendas.<\/p>\n<p>O segmento econ\u00f4mico manteve participa\u00e7\u00e3o equilibrada, com 45% das unidades lan\u00e7adas vinculadas ao programa Minha Casa Minha Vida, em linha com a m\u00e9dia nacional.<\/p>\n<p>Segundo Celso Petrucci, o PIB brasileiro cresceu 2,3% em 2025, enquanto o PIB da constru\u00e7\u00e3o civil avan\u00e7ou 0,5%.<\/p>\n<p>Na cidade de S\u00e3o Paulo, foram lan\u00e7adas 139.654 unidades residenciais verticais ao longo de 2025, totalizando R$ 81,7 bilh\u00f5es em Valor Geral Lan\u00e7ado (VGL). No mesmo per\u00edodo, foram comercializadas 112.990 unidades, somando R$ 58,8 bilh\u00f5es em Valor Geral de Vendas (VGV). O segmento vinculado ao programa Minha Casa Minha Vida representou parcela significativa desse desempenho, contribuindo para sustentar o ritmo de vendas.<\/p>\n<p>Petrucci destacou que a retomada e amplia\u00e7\u00e3o do Minha Casa Minha Vida tiveram papel estrat\u00e9gico na sustenta\u00e7\u00e3o da atividade. O programa ampliou o acesso ao cr\u00e9dito e deu previsibilidade \u00e0 demanda, especialmente nas faixas de menor renda, contribuindo para estabilidade do mercado mesmo em ambiente de juros mais altos.<\/p>\n<p>No campo da infla\u00e7\u00e3o, o INCC-DI encerrou 2025 em 5,92%, enquanto o IPCA permaneceu dentro da margem de toler\u00e2ncia do Banco Central. A taxa Selic fechou o ano em 15,00%.<\/p>\n<p>Em dezembro de 2025, a soma de todos os recursos voltadas ao cr\u00e9dito imobili\u00e1rio atingiu R$ 2,6 trilh\u00f5es, destaque para as LCIs que alcan\u00e7aram R$ 511 bilh\u00f5es em dezembro de 2025. Considerando SBPE, FGTS e recursos livres (tesouraria e mercado de capitais), houve crescimento relevante nas concess\u00f5es, com destaque para o funding livre.<\/p>\n<p>A inadimpl\u00eancia dos contratos do SBPE atingiu o patamar mais baixo da s\u00e9rie hist\u00f3rica, com m\u00e9dia de 0,9% no encerramento de dezembro de 2025.<\/p>\n<p><em>No campo dos pre\u00e7os, o IGMI-R acumulou alta de 18,6% nos 12 meses at\u00e9 dezembro de 2025, acima do IPCA do per\u00edodo (4,3%), evidenciando valoriza\u00e7\u00e3o real dos im\u00f3veis.<\/em><\/p>\n<p>Confira a <a href=\"https:\/\/secovisp.com\/3OHeHdv\">pesquisa<\/a><\/p>\n<p>\u00a0<\/p>\n<\/p><\/div>\n<p><script>\n  !function(f,b,e,v,n,t,s)\n  {if(f.fbq)return;n=f.fbq=function(){n.callMethod?\n  n.callMethod.apply(n,arguments):n.queue.push(arguments)};\n  if(!f._fbq)f._fbq=n;n.push=n;n.loaded=!0;n.version='2.0';\n  n.queue=[];t=b.createElement(e);t.async=!0;\n  t.src=v;s=b.getElementsByTagName(e)[0];\n  s.parentNode.insertBefore(t,s)}(window, document,'script',\n  'https:\/\/connect.facebook.net\/en_US\/fbevents.js');\n  fbq('init', '780597760435075');\n  fbq('track', 'PageView');\n<\/script><br \/>\n<br \/><br \/>\n<br \/>Fonte:<a href=\"https:\/\/secovi.com.br\/webinar-do-secovi-sp-apresenta-dados-do-mercado-do-4o-trimestre-em-41-cidades-paulistas\/\">Secovi <\/a><\/p>\n","protected":false},"excerpt":{"rendered":"<p>Evento mostra 2025 com recorde hist\u00f3rico de vendas e avan\u00e7o de 17% no volume comercializado \u00a0 Durante o webinar de divulga\u00e7\u00e3o do Pesquisa do Mercado Imobili\u00e1rio do Interior \u2013 4\u00ba&hellip; <\/p>\n","protected":false},"author":2,"featured_media":2680,"comment_status":"open","ping_status":"open","sticky":false,"template":"","format":"standard","meta":{"footnotes":""},"categories":[5,7],"tags":[],"yoast_head":"<!-- This site is optimized with the Yoast SEO plugin v21.5 - https:\/\/yoast.com\/wordpress\/plugins\/seo\/ -->\n<title>Webinar do Secovi-SP apresenta dados do mercado do 4\u00ba trimestre em 41 cidades paulistas - Jornal Im\u00f3velp<\/title>\n<meta name=\"robots\" content=\"index, follow, max-snippet:-1, max-image-preview:large, max-video-preview:-1\" \/>\n<link rel=\"canonical\" href=\"https:\/\/www.imovelp.com.br\/blog\/webinar-do-secovi-sp-apresenta-dados-do-mercado-do-4o-trimestre-em-41-cidades-paulistas\/\" \/>\n<meta property=\"og:locale\" content=\"en_US\" \/>\n<meta property=\"og:type\" content=\"article\" \/>\n<meta property=\"og:title\" content=\"Webinar do Secovi-SP apresenta dados do mercado do 4\u00ba trimestre em 41 cidades paulistas - Jornal Im\u00f3velp\" \/>\n<meta property=\"og:description\" content=\"Evento mostra 2025 com recorde hist\u00f3rico de vendas e avan\u00e7o de 17% no volume comercializado \u00a0 Durante o webinar de divulga\u00e7\u00e3o do Pesquisa do Mercado Imobili\u00e1rio do Interior \u2013 4\u00ba&hellip;\" \/>\n<meta property=\"og:url\" content=\"https:\/\/www.imovelp.com.br\/blog\/webinar-do-secovi-sp-apresenta-dados-do-mercado-do-4o-trimestre-em-41-cidades-paulistas\/\" \/>\n<meta property=\"og:site_name\" content=\"Jornal Im\u00f3velp\" \/>\n<meta property=\"article:published_time\" content=\"2026-03-04T21:02:49+00:00\" \/>\n<meta name=\"author\" content=\"Marcos Monteiro\" \/>\n<meta name=\"twitter:card\" content=\"summary_large_image\" \/>\n<meta name=\"twitter:label1\" content=\"Written by\" \/>\n\t<meta name=\"twitter:data1\" content=\"Marcos Monteiro\" \/>\n\t<meta name=\"twitter:label2\" content=\"Est. reading time\" \/>\n\t<meta name=\"twitter:data2\" content=\"3 minutes\" \/>\n<script type=\"application\/ld+json\" class=\"yoast-schema-graph\">{\"@context\":\"https:\/\/schema.org\",\"@graph\":[{\"@type\":\"WebPage\",\"@id\":\"https:\/\/www.imovelp.com.br\/blog\/webinar-do-secovi-sp-apresenta-dados-do-mercado-do-4o-trimestre-em-41-cidades-paulistas\/\",\"url\":\"https:\/\/www.imovelp.com.br\/blog\/webinar-do-secovi-sp-apresenta-dados-do-mercado-do-4o-trimestre-em-41-cidades-paulistas\/\",\"name\":\"Webinar do Secovi-SP apresenta dados do mercado do 4\u00ba trimestre em 41 cidades paulistas - Jornal Im\u00f3velp\",\"isPartOf\":{\"@id\":\"https:\/\/www.imovelp.com.br\/blog\/#website\"},\"datePublished\":\"2026-03-04T21:02:49+00:00\",\"dateModified\":\"2026-03-04T21:02:49+00:00\",\"author\":{\"@id\":\"https:\/\/www.imovelp.com.br\/blog\/#\/schema\/person\/8fb1cc29840aba4154ec6a52e70be40a\"},\"breadcrumb\":{\"@id\":\"https:\/\/www.imovelp.com.br\/blog\/webinar-do-secovi-sp-apresenta-dados-do-mercado-do-4o-trimestre-em-41-cidades-paulistas\/#breadcrumb\"},\"inLanguage\":\"en-US\",\"potentialAction\":[{\"@type\":\"ReadAction\",\"target\":[\"https:\/\/www.imovelp.com.br\/blog\/webinar-do-secovi-sp-apresenta-dados-do-mercado-do-4o-trimestre-em-41-cidades-paulistas\/\"]}]},{\"@type\":\"BreadcrumbList\",\"@id\":\"https:\/\/www.imovelp.com.br\/blog\/webinar-do-secovi-sp-apresenta-dados-do-mercado-do-4o-trimestre-em-41-cidades-paulistas\/#breadcrumb\",\"itemListElement\":[{\"@type\":\"ListItem\",\"position\":1,\"name\":\"Home\",\"item\":\"https:\/\/www.imovelp.com.br\/blog\/\"},{\"@type\":\"ListItem\",\"position\":2,\"name\":\"Webinar do Secovi-SP apresenta dados do mercado do 4\u00ba trimestre em 41 cidades paulistas\"}]},{\"@type\":\"WebSite\",\"@id\":\"https:\/\/www.imovelp.com.br\/blog\/#website\",\"url\":\"https:\/\/www.imovelp.com.br\/blog\/\",\"name\":\"Jornal Im\u00f3velp\",\"description\":\"Portal de Not\u00edcias do Corretor de Im\u00f3veis\",\"potentialAction\":[{\"@type\":\"SearchAction\",\"target\":{\"@type\":\"EntryPoint\",\"urlTemplate\":\"https:\/\/www.imovelp.com.br\/blog\/?s={search_term_string}\"},\"query-input\":\"required name=search_term_string\"}],\"inLanguage\":\"en-US\"},{\"@type\":\"Person\",\"@id\":\"https:\/\/www.imovelp.com.br\/blog\/#\/schema\/person\/8fb1cc29840aba4154ec6a52e70be40a\",\"name\":\"Marcos Monteiro\",\"image\":{\"@type\":\"ImageObject\",\"inLanguage\":\"en-US\",\"@id\":\"https:\/\/www.imovelp.com.br\/blog\/#\/schema\/person\/image\/\",\"url\":\"https:\/\/secure.gravatar.com\/avatar\/da25bf23c2e75965766176dcd3fc7564?s=96&d=mm&r=g\",\"contentUrl\":\"https:\/\/secure.gravatar.com\/avatar\/da25bf23c2e75965766176dcd3fc7564?s=96&d=mm&r=g\",\"caption\":\"Marcos Monteiro\"},\"url\":\"https:\/\/www.imovelp.com.br\/blog\/author\/redacao-imovelp\/\"}]}<\/script>\n<!-- \/ Yoast SEO plugin. -->","yoast_head_json":{"title":"Webinar do Secovi-SP apresenta dados do mercado do 4\u00ba trimestre em 41 cidades paulistas - Jornal Im\u00f3velp","robots":{"index":"index","follow":"follow","max-snippet":"max-snippet:-1","max-image-preview":"max-image-preview:large","max-video-preview":"max-video-preview:-1"},"canonical":"https:\/\/www.imovelp.com.br\/blog\/webinar-do-secovi-sp-apresenta-dados-do-mercado-do-4o-trimestre-em-41-cidades-paulistas\/","og_locale":"en_US","og_type":"article","og_title":"Webinar do Secovi-SP apresenta dados do mercado do 4\u00ba trimestre em 41 cidades paulistas - Jornal Im\u00f3velp","og_description":"Evento mostra 2025 com recorde hist\u00f3rico de vendas e avan\u00e7o de 17% no volume comercializado \u00a0 Durante o webinar de divulga\u00e7\u00e3o do Pesquisa do Mercado Imobili\u00e1rio do Interior \u2013 4\u00ba&hellip;","og_url":"https:\/\/www.imovelp.com.br\/blog\/webinar-do-secovi-sp-apresenta-dados-do-mercado-do-4o-trimestre-em-41-cidades-paulistas\/","og_site_name":"Jornal Im\u00f3velp","article_published_time":"2026-03-04T21:02:49+00:00","author":"Marcos Monteiro","twitter_card":"summary_large_image","twitter_misc":{"Written by":"Marcos Monteiro","Est. reading time":"3 minutes"},"schema":{"@context":"https:\/\/schema.org","@graph":[{"@type":"WebPage","@id":"https:\/\/www.imovelp.com.br\/blog\/webinar-do-secovi-sp-apresenta-dados-do-mercado-do-4o-trimestre-em-41-cidades-paulistas\/","url":"https:\/\/www.imovelp.com.br\/blog\/webinar-do-secovi-sp-apresenta-dados-do-mercado-do-4o-trimestre-em-41-cidades-paulistas\/","name":"Webinar do Secovi-SP apresenta dados do mercado do 4\u00ba trimestre em 41 cidades paulistas - Jornal Im\u00f3velp","isPartOf":{"@id":"https:\/\/www.imovelp.com.br\/blog\/#website"},"datePublished":"2026-03-04T21:02:49+00:00","dateModified":"2026-03-04T21:02:49+00:00","author":{"@id":"https:\/\/www.imovelp.com.br\/blog\/#\/schema\/person\/8fb1cc29840aba4154ec6a52e70be40a"},"breadcrumb":{"@id":"https:\/\/www.imovelp.com.br\/blog\/webinar-do-secovi-sp-apresenta-dados-do-mercado-do-4o-trimestre-em-41-cidades-paulistas\/#breadcrumb"},"inLanguage":"en-US","potentialAction":[{"@type":"ReadAction","target":["https:\/\/www.imovelp.com.br\/blog\/webinar-do-secovi-sp-apresenta-dados-do-mercado-do-4o-trimestre-em-41-cidades-paulistas\/"]}]},{"@type":"BreadcrumbList","@id":"https:\/\/www.imovelp.com.br\/blog\/webinar-do-secovi-sp-apresenta-dados-do-mercado-do-4o-trimestre-em-41-cidades-paulistas\/#breadcrumb","itemListElement":[{"@type":"ListItem","position":1,"name":"Home","item":"https:\/\/www.imovelp.com.br\/blog\/"},{"@type":"ListItem","position":2,"name":"Webinar do Secovi-SP apresenta dados do mercado do 4\u00ba trimestre em 41 cidades paulistas"}]},{"@type":"WebSite","@id":"https:\/\/www.imovelp.com.br\/blog\/#website","url":"https:\/\/www.imovelp.com.br\/blog\/","name":"Jornal Im\u00f3velp","description":"Portal de Not\u00edcias do Corretor de Im\u00f3veis","potentialAction":[{"@type":"SearchAction","target":{"@type":"EntryPoint","urlTemplate":"https:\/\/www.imovelp.com.br\/blog\/?s={search_term_string}"},"query-input":"required name=search_term_string"}],"inLanguage":"en-US"},{"@type":"Person","@id":"https:\/\/www.imovelp.com.br\/blog\/#\/schema\/person\/8fb1cc29840aba4154ec6a52e70be40a","name":"Marcos Monteiro","image":{"@type":"ImageObject","inLanguage":"en-US","@id":"https:\/\/www.imovelp.com.br\/blog\/#\/schema\/person\/image\/","url":"https:\/\/secure.gravatar.com\/avatar\/da25bf23c2e75965766176dcd3fc7564?s=96&d=mm&r=g","contentUrl":"https:\/\/secure.gravatar.com\/avatar\/da25bf23c2e75965766176dcd3fc7564?s=96&d=mm&r=g","caption":"Marcos Monteiro"},"url":"https:\/\/www.imovelp.com.br\/blog\/author\/redacao-imovelp\/"}]}},"_links":{"self":[{"href":"https:\/\/www.imovelp.com.br\/blog\/wp-json\/wp\/v2\/posts\/2679"}],"collection":[{"href":"https:\/\/www.imovelp.com.br\/blog\/wp-json\/wp\/v2\/posts"}],"about":[{"href":"https:\/\/www.imovelp.com.br\/blog\/wp-json\/wp\/v2\/types\/post"}],"author":[{"embeddable":true,"href":"https:\/\/www.imovelp.com.br\/blog\/wp-json\/wp\/v2\/users\/2"}],"replies":[{"embeddable":true,"href":"https:\/\/www.imovelp.com.br\/blog\/wp-json\/wp\/v2\/comments?post=2679"}],"version-history":[{"count":0,"href":"https:\/\/www.imovelp.com.br\/blog\/wp-json\/wp\/v2\/posts\/2679\/revisions"}],"wp:featuredmedia":[{"embeddable":true,"href":"https:\/\/www.imovelp.com.br\/blog\/wp-json\/wp\/v2\/media\/2680"}],"wp:attachment":[{"href":"https:\/\/www.imovelp.com.br\/blog\/wp-json\/wp\/v2\/media?parent=2679"}],"wp:term":[{"taxonomy":"category","embeddable":true,"href":"https:\/\/www.imovelp.com.br\/blog\/wp-json\/wp\/v2\/categories?post=2679"},{"taxonomy":"post_tag","embeddable":true,"href":"https:\/\/www.imovelp.com.br\/blog\/wp-json\/wp\/v2\/tags?post=2679"}],"curies":[{"name":"wp","href":"https:\/\/api.w.org\/{rel}","templated":true}]}}