{"id":2649,"date":"2026-01-25T17:39:16","date_gmt":"2026-01-25T20:39:16","guid":{"rendered":"https:\/\/www.imovelp.com.br\/blog\/cruzando-ideias-para-transformar-o-mercado-imobiliario\/"},"modified":"2026-01-25T17:39:16","modified_gmt":"2026-01-25T20:39:16","slug":"cruzando-ideias-para-transformar-o-mercado-imobiliario","status":"publish","type":"post","link":"https:\/\/www.imovelp.com.br\/blog\/cruzando-ideias-para-transformar-o-mercado-imobiliario\/","title":{"rendered":"Cruzando ideias para transformar o mercado imobili\u00e1rio"},"content":{"rendered":"<p> <br \/>\n<\/p>\n<div>\n<p><em>Durante o Conex\u00e3o Imobili\u00e1ria Secovi-SP, debate mostra como a integra\u00e7\u00e3o entre profissionais e eventos amplia conhecimento e acelera a evolu\u00e7\u00e3o do setor<\/em><\/p>\n<p>\u201cQuando o \u201ccross\u201d permite entender melhor os fatos\u201d trouxe ao centro do debate a import\u00e2ncia dos grandes eventos do setor na gera\u00e7\u00e3o de conex\u00f5es, aprendizado e fortalecimento da atividade imobili\u00e1ria. Sob coordena\u00e7\u00e3o de Guilherme Ribeiro, coordenador de Portais da Diretoria de Intermedia\u00e7\u00e3o Imobili\u00e1ria e Marketing do Secovi-SP, participaram Heitor Kuser, CEO do CIMI 360, e Michel Prado, diretor de Educa\u00e7\u00e3o e Eventos e s\u00f3cio da Cupola.<\/p>\n<p>Abrindo o painel, Guilherme Ribeiro destacou a relev\u00e2ncia de espa\u00e7os que re\u00fanem profissionais de diferentes \u00e1reas do mercado. \u201cParticipar de um evento imobili\u00e1rio n\u00e3o \u00e9 luxo, \u00e9 quase uma obriga\u00e7\u00e3o. S\u00e3o momentos de troca, de atualiza\u00e7\u00e3o e de antecipar tend\u00eancias que ajudam a moldar o futuro do nosso setor\u201d, afirmou. Ele lembrou que os eventos deixaram de ser apenas palestras expositivas e se tornaram ambientes interativos, com experi\u00eancias, ativa\u00e7\u00f5es, podcasts e novos formatos de conte\u00fado. \u201cHoje, a gente v\u00ea delega\u00e7\u00f5es inteiras vindo de todos os estados. Os encontros viraram pontos de conex\u00e3o e aprendizado coletivo\u201d, completou.<\/p>\n<p>Em seguida, Heitor Kuser apresentou um panorama da trajet\u00f3ria e do impacto do CIMI 360, considerado o principal congresso internacional do mercado imobili\u00e1rio brasileiro. \u201cN\u00f3s n\u00e3o fazemos um evento para autopromo\u00e7\u00e3o ou para ganhar dinheiro. Fazemos um movimento de transforma\u00e7\u00e3o do mercado pela educa\u00e7\u00e3o pr\u00e1tica\u201d, ressaltou. Ele explicou que o evento nasceu com o prop\u00f3sito de oferecer oficinas t\u00e9cnicas e viv\u00eancias reais, e n\u00e3o apenas palestras. \u201cEm vez de tratar 25 temas em uma hora, a gente ensina o profissional a apertar o parafuso e soltar o parafuso \u2014 \u00e9 aprendizado aplicado\u201d, disse.<\/p>\n<p>Kuser destacou ainda que o CIMI 360 re\u00fane milhares de participantes, 180 instrutores e 600 horas de conte\u00fado, al\u00e9m de f\u00f3runs internacionais sobre temas como tokeniza\u00e7\u00e3o imobili\u00e1ria, cons\u00f3rcios, im\u00f3veis p\u00fablicos e ativos estressados. \u201cN\u00e3o se trata de vender im\u00f3veis, mas de mudar a vida das pessoas\u201d, concluiu.<\/p>\n<p>Na sequ\u00eancia, Michel Prado apresentou os bastidores do Cupola Summit, que chega \u00e0 quinta edi\u00e7\u00e3o em 2026. O evento, realizado anualmente em Curitiba, re\u00fane 2.500 participantes e promove visitas t\u00e9cnicas, pain\u00e9is e experi\u00eancias pr\u00e1ticas. \u201cO Summit nasceu no p\u00f3s-pandemia com o prop\u00f3sito de reconectar pessoas. O evento \u00e9 um ritual de encontro e pertencimento, que refor\u00e7a a cultura das empresas e o aprendizado coletivo\u201d, explicou.<\/p>\n<p>Prado tamb\u00e9m destacou a import\u00e2ncia de mensurar a experi\u00eancia dos participantes. \u201cSomos obcecados por avalia\u00e7\u00e3o. O NPS 85 mostra o quanto a experi\u00eancia \u00e9 valiosa. Escutar o p\u00fablico \u00e9 o que permite melhorar a cada edi\u00e7\u00e3o\u201d, afirmou.<\/p>\n<p>Encerrando o painel, Guilherme Ribeiro refor\u00e7ou o papel dos eventos como instrumentos de posicionamento e atualiza\u00e7\u00e3o profissional. \u201cQuando a gente participa, aprende, compartilha e publica, a gente fortalece o nosso nome e o mercado como um todo. O \u2018cross\u2019, essa troca entre experi\u00eancias e saberes, \u00e9 o que realmente faz o setor evoluir.\u201d<\/p>\n<\/p><\/div>\n<p><script>\n  !function(f,b,e,v,n,t,s)\n  {if(f.fbq)return;n=f.fbq=function(){n.callMethod?\n  n.callMethod.apply(n,arguments):n.queue.push(arguments)};\n  if(!f._fbq)f._fbq=n;n.push=n;n.loaded=!0;n.version='2.0';\n  n.queue=[];t=b.createElement(e);t.async=!0;\n  t.src=v;s=b.getElementsByTagName(e)[0];\n  s.parentNode.insertBefore(t,s)}(window, document,'script',\n  'https:\/\/connect.facebook.net\/en_US\/fbevents.js');\n  fbq('init', '780597760435075');\n  fbq('track', 'PageView');\n<\/script><br \/>\n<br \/><br \/>\n<br \/>Fonte:<a href=\"https:\/\/secovi.com.br\/cruzando-ideias-para-transformar-o-mercado-imobiliario\/\">Secovi <\/a><\/p>\n","protected":false},"excerpt":{"rendered":"<p>Durante o Conex\u00e3o Imobili\u00e1ria Secovi-SP, debate mostra como a integra\u00e7\u00e3o entre profissionais e eventos amplia conhecimento e acelera a evolu\u00e7\u00e3o do setor \u201cQuando o \u201ccross\u201d permite entender melhor os fatos\u201d&hellip; <\/p>\n","protected":false},"author":2,"featured_media":0,"comment_status":"open","ping_status":"open","sticky":false,"template":"","format":"standard","meta":{"footnotes":""},"categories":[5,7],"tags":[],"yoast_head":"<!-- This site is optimized with the Yoast SEO plugin v21.5 - https:\/\/yoast.com\/wordpress\/plugins\/seo\/ -->\n<title>Cruzando ideias para transformar o mercado imobili\u00e1rio - Jornal Im\u00f3velp<\/title>\n<meta name=\"robots\" content=\"index, follow, max-snippet:-1, max-image-preview:large, max-video-preview:-1\" \/>\n<link rel=\"canonical\" href=\"https:\/\/www.imovelp.com.br\/blog\/cruzando-ideias-para-transformar-o-mercado-imobiliario\/\" \/>\n<meta property=\"og:locale\" content=\"en_US\" \/>\n<meta property=\"og:type\" content=\"article\" \/>\n<meta property=\"og:title\" content=\"Cruzando ideias para transformar o mercado imobili\u00e1rio - Jornal Im\u00f3velp\" \/>\n<meta property=\"og:description\" content=\"Durante o Conex\u00e3o Imobili\u00e1ria Secovi-SP, debate mostra como a integra\u00e7\u00e3o entre profissionais e eventos amplia conhecimento e acelera a evolu\u00e7\u00e3o do setor \u201cQuando o \u201ccross\u201d permite entender melhor os fatos\u201d&hellip;\" \/>\n<meta property=\"og:url\" content=\"https:\/\/www.imovelp.com.br\/blog\/cruzando-ideias-para-transformar-o-mercado-imobiliario\/\" \/>\n<meta property=\"og:site_name\" content=\"Jornal Im\u00f3velp\" \/>\n<meta property=\"article:published_time\" content=\"2026-01-25T20:39:16+00:00\" \/>\n<meta name=\"author\" content=\"Marcos Monteiro\" \/>\n<meta name=\"twitter:card\" content=\"summary_large_image\" \/>\n<meta name=\"twitter:label1\" content=\"Written by\" \/>\n\t<meta name=\"twitter:data1\" content=\"Marcos Monteiro\" \/>\n\t<meta name=\"twitter:label2\" content=\"Est. reading time\" \/>\n\t<meta name=\"twitter:data2\" content=\"3 minutes\" \/>\n<script type=\"application\/ld+json\" class=\"yoast-schema-graph\">{\"@context\":\"https:\/\/schema.org\",\"@graph\":[{\"@type\":\"WebPage\",\"@id\":\"https:\/\/www.imovelp.com.br\/blog\/cruzando-ideias-para-transformar-o-mercado-imobiliario\/\",\"url\":\"https:\/\/www.imovelp.com.br\/blog\/cruzando-ideias-para-transformar-o-mercado-imobiliario\/\",\"name\":\"Cruzando ideias para transformar o mercado imobili\u00e1rio - Jornal Im\u00f3velp\",\"isPartOf\":{\"@id\":\"https:\/\/www.imovelp.com.br\/blog\/#website\"},\"datePublished\":\"2026-01-25T20:39:16+00:00\",\"dateModified\":\"2026-01-25T20:39:16+00:00\",\"author\":{\"@id\":\"https:\/\/www.imovelp.com.br\/blog\/#\/schema\/person\/8fb1cc29840aba4154ec6a52e70be40a\"},\"breadcrumb\":{\"@id\":\"https:\/\/www.imovelp.com.br\/blog\/cruzando-ideias-para-transformar-o-mercado-imobiliario\/#breadcrumb\"},\"inLanguage\":\"en-US\",\"potentialAction\":[{\"@type\":\"ReadAction\",\"target\":[\"https:\/\/www.imovelp.com.br\/blog\/cruzando-ideias-para-transformar-o-mercado-imobiliario\/\"]}]},{\"@type\":\"BreadcrumbList\",\"@id\":\"https:\/\/www.imovelp.com.br\/blog\/cruzando-ideias-para-transformar-o-mercado-imobiliario\/#breadcrumb\",\"itemListElement\":[{\"@type\":\"ListItem\",\"position\":1,\"name\":\"Home\",\"item\":\"https:\/\/www.imovelp.com.br\/blog\/\"},{\"@type\":\"ListItem\",\"position\":2,\"name\":\"Cruzando ideias para transformar o mercado imobili\u00e1rio\"}]},{\"@type\":\"WebSite\",\"@id\":\"https:\/\/www.imovelp.com.br\/blog\/#website\",\"url\":\"https:\/\/www.imovelp.com.br\/blog\/\",\"name\":\"Jornal Im\u00f3velp\",\"description\":\"Portal de Not\u00edcias do Corretor de Im\u00f3veis\",\"potentialAction\":[{\"@type\":\"SearchAction\",\"target\":{\"@type\":\"EntryPoint\",\"urlTemplate\":\"https:\/\/www.imovelp.com.br\/blog\/?s={search_term_string}\"},\"query-input\":\"required name=search_term_string\"}],\"inLanguage\":\"en-US\"},{\"@type\":\"Person\",\"@id\":\"https:\/\/www.imovelp.com.br\/blog\/#\/schema\/person\/8fb1cc29840aba4154ec6a52e70be40a\",\"name\":\"Marcos Monteiro\",\"image\":{\"@type\":\"ImageObject\",\"inLanguage\":\"en-US\",\"@id\":\"https:\/\/www.imovelp.com.br\/blog\/#\/schema\/person\/image\/\",\"url\":\"https:\/\/secure.gravatar.com\/avatar\/da25bf23c2e75965766176dcd3fc7564?s=96&d=mm&r=g\",\"contentUrl\":\"https:\/\/secure.gravatar.com\/avatar\/da25bf23c2e75965766176dcd3fc7564?s=96&d=mm&r=g\",\"caption\":\"Marcos Monteiro\"},\"url\":\"https:\/\/www.imovelp.com.br\/blog\/author\/redacao-imovelp\/\"}]}<\/script>\n<!-- \/ Yoast SEO plugin. -->","yoast_head_json":{"title":"Cruzando ideias para transformar o mercado imobili\u00e1rio - Jornal Im\u00f3velp","robots":{"index":"index","follow":"follow","max-snippet":"max-snippet:-1","max-image-preview":"max-image-preview:large","max-video-preview":"max-video-preview:-1"},"canonical":"https:\/\/www.imovelp.com.br\/blog\/cruzando-ideias-para-transformar-o-mercado-imobiliario\/","og_locale":"en_US","og_type":"article","og_title":"Cruzando ideias para transformar o mercado imobili\u00e1rio - Jornal Im\u00f3velp","og_description":"Durante o Conex\u00e3o Imobili\u00e1ria Secovi-SP, debate mostra como a integra\u00e7\u00e3o entre profissionais e eventos amplia conhecimento e acelera a evolu\u00e7\u00e3o do setor \u201cQuando o \u201ccross\u201d permite entender melhor os fatos\u201d&hellip;","og_url":"https:\/\/www.imovelp.com.br\/blog\/cruzando-ideias-para-transformar-o-mercado-imobiliario\/","og_site_name":"Jornal Im\u00f3velp","article_published_time":"2026-01-25T20:39:16+00:00","author":"Marcos Monteiro","twitter_card":"summary_large_image","twitter_misc":{"Written by":"Marcos Monteiro","Est. reading time":"3 minutes"},"schema":{"@context":"https:\/\/schema.org","@graph":[{"@type":"WebPage","@id":"https:\/\/www.imovelp.com.br\/blog\/cruzando-ideias-para-transformar-o-mercado-imobiliario\/","url":"https:\/\/www.imovelp.com.br\/blog\/cruzando-ideias-para-transformar-o-mercado-imobiliario\/","name":"Cruzando ideias para transformar o mercado imobili\u00e1rio - Jornal Im\u00f3velp","isPartOf":{"@id":"https:\/\/www.imovelp.com.br\/blog\/#website"},"datePublished":"2026-01-25T20:39:16+00:00","dateModified":"2026-01-25T20:39:16+00:00","author":{"@id":"https:\/\/www.imovelp.com.br\/blog\/#\/schema\/person\/8fb1cc29840aba4154ec6a52e70be40a"},"breadcrumb":{"@id":"https:\/\/www.imovelp.com.br\/blog\/cruzando-ideias-para-transformar-o-mercado-imobiliario\/#breadcrumb"},"inLanguage":"en-US","potentialAction":[{"@type":"ReadAction","target":["https:\/\/www.imovelp.com.br\/blog\/cruzando-ideias-para-transformar-o-mercado-imobiliario\/"]}]},{"@type":"BreadcrumbList","@id":"https:\/\/www.imovelp.com.br\/blog\/cruzando-ideias-para-transformar-o-mercado-imobiliario\/#breadcrumb","itemListElement":[{"@type":"ListItem","position":1,"name":"Home","item":"https:\/\/www.imovelp.com.br\/blog\/"},{"@type":"ListItem","position":2,"name":"Cruzando ideias para transformar o mercado imobili\u00e1rio"}]},{"@type":"WebSite","@id":"https:\/\/www.imovelp.com.br\/blog\/#website","url":"https:\/\/www.imovelp.com.br\/blog\/","name":"Jornal Im\u00f3velp","description":"Portal de Not\u00edcias do Corretor de Im\u00f3veis","potentialAction":[{"@type":"SearchAction","target":{"@type":"EntryPoint","urlTemplate":"https:\/\/www.imovelp.com.br\/blog\/?s={search_term_string}"},"query-input":"required name=search_term_string"}],"inLanguage":"en-US"},{"@type":"Person","@id":"https:\/\/www.imovelp.com.br\/blog\/#\/schema\/person\/8fb1cc29840aba4154ec6a52e70be40a","name":"Marcos Monteiro","image":{"@type":"ImageObject","inLanguage":"en-US","@id":"https:\/\/www.imovelp.com.br\/blog\/#\/schema\/person\/image\/","url":"https:\/\/secure.gravatar.com\/avatar\/da25bf23c2e75965766176dcd3fc7564?s=96&d=mm&r=g","contentUrl":"https:\/\/secure.gravatar.com\/avatar\/da25bf23c2e75965766176dcd3fc7564?s=96&d=mm&r=g","caption":"Marcos Monteiro"},"url":"https:\/\/www.imovelp.com.br\/blog\/author\/redacao-imovelp\/"}]}},"_links":{"self":[{"href":"https:\/\/www.imovelp.com.br\/blog\/wp-json\/wp\/v2\/posts\/2649"}],"collection":[{"href":"https:\/\/www.imovelp.com.br\/blog\/wp-json\/wp\/v2\/posts"}],"about":[{"href":"https:\/\/www.imovelp.com.br\/blog\/wp-json\/wp\/v2\/types\/post"}],"author":[{"embeddable":true,"href":"https:\/\/www.imovelp.com.br\/blog\/wp-json\/wp\/v2\/users\/2"}],"replies":[{"embeddable":true,"href":"https:\/\/www.imovelp.com.br\/blog\/wp-json\/wp\/v2\/comments?post=2649"}],"version-history":[{"count":0,"href":"https:\/\/www.imovelp.com.br\/blog\/wp-json\/wp\/v2\/posts\/2649\/revisions"}],"wp:attachment":[{"href":"https:\/\/www.imovelp.com.br\/blog\/wp-json\/wp\/v2\/media?parent=2649"}],"wp:term":[{"taxonomy":"category","embeddable":true,"href":"https:\/\/www.imovelp.com.br\/blog\/wp-json\/wp\/v2\/categories?post=2649"},{"taxonomy":"post_tag","embeddable":true,"href":"https:\/\/www.imovelp.com.br\/blog\/wp-json\/wp\/v2\/tags?post=2649"}],"curies":[{"name":"wp","href":"https:\/\/api.w.org\/{rel}","templated":true}]}}