{"id":2648,"date":"2026-01-23T17:36:14","date_gmt":"2026-01-23T20:36:14","guid":{"rendered":"https:\/\/www.imovelp.com.br\/blog\/especialistas-debatem-a-sucessao-nas-empresas-familiares\/"},"modified":"2026-01-23T17:36:14","modified_gmt":"2026-01-23T20:36:14","slug":"especialistas-debatem-a-sucessao-nas-empresas-familiares","status":"publish","type":"post","link":"https:\/\/www.imovelp.com.br\/blog\/especialistas-debatem-a-sucessao-nas-empresas-familiares\/","title":{"rendered":"Especialistas debatem a sucess\u00e3o nas empresas familiares"},"content":{"rendered":"<p> <br \/>\n<\/p>\n<div>\n<p><em>Painel do Conex\u00e3o Imobili\u00e1ria Secovi-SP debateu governan\u00e7a, sucess\u00e3o e protagonismo feminino no mercado imobili\u00e1rio<\/em><\/p>\n<p>\u00a0<\/p>\n<p>A sucess\u00e3o empresarial foi tema de um dos debates mais informativo do Conex\u00e3o Imobili\u00e1ria Secovi-SP. Mediado por Roseli Hernandes, membro da diretoria de Intermedia\u00e7\u00e3o Imobili\u00e1ria e Marketing do Secovi-SP, o painel \u201cPlanejar para permanecer: sucess\u00e3o em foco\u201d reuniu Telmo Bauler, CEO da Bauler Assessoria Organizacional; Tatiane Praxedes, advogada e professora do IBET; e Julia Dal Santo, CEO da Guarida Im\u00f3veis, para discutir desafios e solu\u00e7\u00f5es pr\u00e1ticas que asseguram a continuidade dos neg\u00f3cios familiares no setor imobili\u00e1rio.<\/p>\n<p>Logo na abertura, Roseli ressaltou que a sucess\u00e3o \u00e9 um tema que \u201ctoca o cora\u00e7\u00e3o das fam\u00edlias que constru\u00edram o mercado imobili\u00e1rio\u201d. Segundo ela, a transi\u00e7\u00e3o de gera\u00e7\u00f5es \u00e9 inevit\u00e1vel \u2014 e deve ser planejada. \u201cA sucess\u00e3o n\u00e3o acontece apenas na aposentadoria ou no falecimento de um fundador. Ela tamb\u00e9m ocorre quando h\u00e1 mudan\u00e7as de carreira, afastamentos ou redirecionamentos pessoais. Por isso, pensar na continuidade \u00e9 essencial para a sustentabilidade das empresas\u201d, afirmou.<\/p>\n<p>Bauler destacou que o primeiro passo \u00e9 a humildade das partes envolvidas. \u201cA palavra-chave da sucess\u00e3o \u00e9 humildade \u2014 do sucedido e do sucessor. \u00c9 preciso reconhecer o momento certo de passar o bast\u00e3o e cuidar do legado com governan\u00e7a e profissionalismo\u201d, afirmou. Ele refor\u00e7ou que a aus\u00eancia de planejamento e de processos de transfer\u00eancia de conhecimento pode comprometer a opera\u00e7\u00e3o. \u201cN\u00e3o h\u00e1 sucess\u00e3o familiar bem-sucedida sem base s\u00f3lida de governan\u00e7a\u201d, completou.<\/p>\n<p>A advogada Tatiane Praxedes abordou o tema sob o ponto de vista jur\u00eddico, explicando que o planejamento sucess\u00f3rio deve ser personalizado. \u201cCada fam\u00edlia, cada patrim\u00f4nio, cada empresa tem uma din\u00e2mica pr\u00f3pria. Por isso, o planejamento precisa ser individualizado e adaptado \u00e0 realidade de cada grupo\u201d, observou. Ela lembrou que instrumentos como holdings patrimoniais, testamentos e acordos de s\u00f3cios s\u00e3o fundamentais, mas devem ser aplicados com crit\u00e9rio. Tatiane alertou tamb\u00e9m para os impactos da reforma tribut\u00e1ria. \u201cCom as mudan\u00e7as previstas, a holding n\u00e3o ser\u00e1 mais a solu\u00e7\u00e3o ideal para todos os casos. \u00c9 preciso avaliar o uso, o objetivo e o perfil dos bens\u201d, explicou.<\/p>\n<p>Em sua fala, Julia Dal Santo trouxe ao p\u00fablico sua experi\u00eancia \u00e0 frente da Guarida Im\u00f3veis, empresa fundada por sua fam\u00edlia e hoje uma das maiores do pa\u00eds. \u201cA sucess\u00e3o n\u00e3o \u00e9 um evento, \u00e9 um processo. Eu comecei muito jovem, trabalhando em todas as \u00e1reas da empresa, de atendente a gestora. Esse aprendizado me deu seguran\u00e7a para liderar\u201d, contou. Ela destacou que o respeito \u00e0 hist\u00f3ria e aos valores da empresa foi fundamental para conduzir a transi\u00e7\u00e3o. \u201cMeu pai sempre dizia que trabalho \u00e9 um valor. Eu assumi a empresa aos 28 anos, mas j\u00e1 trazia mais de uma d\u00e9cada de viv\u00eancia no neg\u00f3cio. A sucess\u00e3o \u00e9 uma constru\u00e7\u00e3o conjunta, baseada na confian\u00e7a e na continuidade do prop\u00f3sito\u201d, disse.<\/p>\n<p>\u00a0<\/p>\n<\/p><\/div>\n<p><script>\n  !function(f,b,e,v,n,t,s)\n  {if(f.fbq)return;n=f.fbq=function(){n.callMethod?\n  n.callMethod.apply(n,arguments):n.queue.push(arguments)};\n  if(!f._fbq)f._fbq=n;n.push=n;n.loaded=!0;n.version='2.0';\n  n.queue=[];t=b.createElement(e);t.async=!0;\n  t.src=v;s=b.getElementsByTagName(e)[0];\n  s.parentNode.insertBefore(t,s)}(window, document,'script',\n  'https:\/\/connect.facebook.net\/en_US\/fbevents.js');\n  fbq('init', '780597760435075');\n  fbq('track', 'PageView');\n<\/script><br \/>\n<br \/><br \/>\n<br \/>Fonte:<a href=\"https:\/\/secovi.com.br\/especialistas-debatem-a-sucessao-nas-empresas-familiares\/\">Secovi <\/a><\/p>\n","protected":false},"excerpt":{"rendered":"<p>Painel do Conex\u00e3o Imobili\u00e1ria Secovi-SP debateu governan\u00e7a, sucess\u00e3o e protagonismo feminino no mercado imobili\u00e1rio \u00a0 A sucess\u00e3o empresarial foi tema de um dos debates mais informativo do Conex\u00e3o Imobili\u00e1ria Secovi-SP.&hellip; <\/p>\n","protected":false},"author":2,"featured_media":0,"comment_status":"open","ping_status":"open","sticky":false,"template":"","format":"standard","meta":{"footnotes":""},"categories":[5,7],"tags":[],"yoast_head":"<!-- This site is optimized with the Yoast SEO plugin v21.5 - https:\/\/yoast.com\/wordpress\/plugins\/seo\/ -->\n<title>Especialistas debatem a sucess\u00e3o nas empresas familiares - Jornal Im\u00f3velp<\/title>\n<meta name=\"robots\" content=\"index, follow, max-snippet:-1, max-image-preview:large, max-video-preview:-1\" \/>\n<link rel=\"canonical\" href=\"https:\/\/www.imovelp.com.br\/blog\/especialistas-debatem-a-sucessao-nas-empresas-familiares\/\" \/>\n<meta property=\"og:locale\" content=\"en_US\" \/>\n<meta property=\"og:type\" content=\"article\" \/>\n<meta property=\"og:title\" content=\"Especialistas debatem a sucess\u00e3o nas empresas familiares - Jornal Im\u00f3velp\" \/>\n<meta property=\"og:description\" content=\"Painel do Conex\u00e3o Imobili\u00e1ria Secovi-SP debateu governan\u00e7a, sucess\u00e3o e protagonismo feminino no mercado imobili\u00e1rio \u00a0 A sucess\u00e3o empresarial foi tema de um dos debates mais informativo do Conex\u00e3o Imobili\u00e1ria Secovi-SP.&hellip;\" \/>\n<meta property=\"og:url\" content=\"https:\/\/www.imovelp.com.br\/blog\/especialistas-debatem-a-sucessao-nas-empresas-familiares\/\" \/>\n<meta property=\"og:site_name\" content=\"Jornal Im\u00f3velp\" \/>\n<meta property=\"article:published_time\" content=\"2026-01-23T20:36:14+00:00\" \/>\n<meta name=\"author\" content=\"Marcos Monteiro\" \/>\n<meta name=\"twitter:card\" content=\"summary_large_image\" \/>\n<meta name=\"twitter:label1\" content=\"Written by\" \/>\n\t<meta name=\"twitter:data1\" content=\"Marcos Monteiro\" \/>\n\t<meta name=\"twitter:label2\" content=\"Est. reading time\" \/>\n\t<meta name=\"twitter:data2\" content=\"3 minutes\" \/>\n<script type=\"application\/ld+json\" class=\"yoast-schema-graph\">{\"@context\":\"https:\/\/schema.org\",\"@graph\":[{\"@type\":\"WebPage\",\"@id\":\"https:\/\/www.imovelp.com.br\/blog\/especialistas-debatem-a-sucessao-nas-empresas-familiares\/\",\"url\":\"https:\/\/www.imovelp.com.br\/blog\/especialistas-debatem-a-sucessao-nas-empresas-familiares\/\",\"name\":\"Especialistas debatem a sucess\u00e3o nas empresas familiares - Jornal Im\u00f3velp\",\"isPartOf\":{\"@id\":\"https:\/\/www.imovelp.com.br\/blog\/#website\"},\"datePublished\":\"2026-01-23T20:36:14+00:00\",\"dateModified\":\"2026-01-23T20:36:14+00:00\",\"author\":{\"@id\":\"https:\/\/www.imovelp.com.br\/blog\/#\/schema\/person\/8fb1cc29840aba4154ec6a52e70be40a\"},\"breadcrumb\":{\"@id\":\"https:\/\/www.imovelp.com.br\/blog\/especialistas-debatem-a-sucessao-nas-empresas-familiares\/#breadcrumb\"},\"inLanguage\":\"en-US\",\"potentialAction\":[{\"@type\":\"ReadAction\",\"target\":[\"https:\/\/www.imovelp.com.br\/blog\/especialistas-debatem-a-sucessao-nas-empresas-familiares\/\"]}]},{\"@type\":\"BreadcrumbList\",\"@id\":\"https:\/\/www.imovelp.com.br\/blog\/especialistas-debatem-a-sucessao-nas-empresas-familiares\/#breadcrumb\",\"itemListElement\":[{\"@type\":\"ListItem\",\"position\":1,\"name\":\"Home\",\"item\":\"https:\/\/www.imovelp.com.br\/blog\/\"},{\"@type\":\"ListItem\",\"position\":2,\"name\":\"Especialistas debatem a sucess\u00e3o nas empresas familiares\"}]},{\"@type\":\"WebSite\",\"@id\":\"https:\/\/www.imovelp.com.br\/blog\/#website\",\"url\":\"https:\/\/www.imovelp.com.br\/blog\/\",\"name\":\"Jornal Im\u00f3velp\",\"description\":\"Portal de Not\u00edcias do Corretor de Im\u00f3veis\",\"potentialAction\":[{\"@type\":\"SearchAction\",\"target\":{\"@type\":\"EntryPoint\",\"urlTemplate\":\"https:\/\/www.imovelp.com.br\/blog\/?s={search_term_string}\"},\"query-input\":\"required name=search_term_string\"}],\"inLanguage\":\"en-US\"},{\"@type\":\"Person\",\"@id\":\"https:\/\/www.imovelp.com.br\/blog\/#\/schema\/person\/8fb1cc29840aba4154ec6a52e70be40a\",\"name\":\"Marcos Monteiro\",\"image\":{\"@type\":\"ImageObject\",\"inLanguage\":\"en-US\",\"@id\":\"https:\/\/www.imovelp.com.br\/blog\/#\/schema\/person\/image\/\",\"url\":\"https:\/\/secure.gravatar.com\/avatar\/da25bf23c2e75965766176dcd3fc7564?s=96&d=mm&r=g\",\"contentUrl\":\"https:\/\/secure.gravatar.com\/avatar\/da25bf23c2e75965766176dcd3fc7564?s=96&d=mm&r=g\",\"caption\":\"Marcos Monteiro\"},\"url\":\"https:\/\/www.imovelp.com.br\/blog\/author\/redacao-imovelp\/\"}]}<\/script>\n<!-- \/ Yoast SEO plugin. -->","yoast_head_json":{"title":"Especialistas debatem a sucess\u00e3o nas empresas familiares - Jornal Im\u00f3velp","robots":{"index":"index","follow":"follow","max-snippet":"max-snippet:-1","max-image-preview":"max-image-preview:large","max-video-preview":"max-video-preview:-1"},"canonical":"https:\/\/www.imovelp.com.br\/blog\/especialistas-debatem-a-sucessao-nas-empresas-familiares\/","og_locale":"en_US","og_type":"article","og_title":"Especialistas debatem a sucess\u00e3o nas empresas familiares - Jornal Im\u00f3velp","og_description":"Painel do Conex\u00e3o Imobili\u00e1ria Secovi-SP debateu governan\u00e7a, sucess\u00e3o e protagonismo feminino no mercado imobili\u00e1rio \u00a0 A sucess\u00e3o empresarial foi tema de um dos debates mais informativo do Conex\u00e3o Imobili\u00e1ria Secovi-SP.&hellip;","og_url":"https:\/\/www.imovelp.com.br\/blog\/especialistas-debatem-a-sucessao-nas-empresas-familiares\/","og_site_name":"Jornal Im\u00f3velp","article_published_time":"2026-01-23T20:36:14+00:00","author":"Marcos Monteiro","twitter_card":"summary_large_image","twitter_misc":{"Written by":"Marcos Monteiro","Est. reading time":"3 minutes"},"schema":{"@context":"https:\/\/schema.org","@graph":[{"@type":"WebPage","@id":"https:\/\/www.imovelp.com.br\/blog\/especialistas-debatem-a-sucessao-nas-empresas-familiares\/","url":"https:\/\/www.imovelp.com.br\/blog\/especialistas-debatem-a-sucessao-nas-empresas-familiares\/","name":"Especialistas debatem a sucess\u00e3o nas empresas familiares - Jornal Im\u00f3velp","isPartOf":{"@id":"https:\/\/www.imovelp.com.br\/blog\/#website"},"datePublished":"2026-01-23T20:36:14+00:00","dateModified":"2026-01-23T20:36:14+00:00","author":{"@id":"https:\/\/www.imovelp.com.br\/blog\/#\/schema\/person\/8fb1cc29840aba4154ec6a52e70be40a"},"breadcrumb":{"@id":"https:\/\/www.imovelp.com.br\/blog\/especialistas-debatem-a-sucessao-nas-empresas-familiares\/#breadcrumb"},"inLanguage":"en-US","potentialAction":[{"@type":"ReadAction","target":["https:\/\/www.imovelp.com.br\/blog\/especialistas-debatem-a-sucessao-nas-empresas-familiares\/"]}]},{"@type":"BreadcrumbList","@id":"https:\/\/www.imovelp.com.br\/blog\/especialistas-debatem-a-sucessao-nas-empresas-familiares\/#breadcrumb","itemListElement":[{"@type":"ListItem","position":1,"name":"Home","item":"https:\/\/www.imovelp.com.br\/blog\/"},{"@type":"ListItem","position":2,"name":"Especialistas debatem a sucess\u00e3o nas empresas familiares"}]},{"@type":"WebSite","@id":"https:\/\/www.imovelp.com.br\/blog\/#website","url":"https:\/\/www.imovelp.com.br\/blog\/","name":"Jornal Im\u00f3velp","description":"Portal de Not\u00edcias do Corretor de Im\u00f3veis","potentialAction":[{"@type":"SearchAction","target":{"@type":"EntryPoint","urlTemplate":"https:\/\/www.imovelp.com.br\/blog\/?s={search_term_string}"},"query-input":"required name=search_term_string"}],"inLanguage":"en-US"},{"@type":"Person","@id":"https:\/\/www.imovelp.com.br\/blog\/#\/schema\/person\/8fb1cc29840aba4154ec6a52e70be40a","name":"Marcos Monteiro","image":{"@type":"ImageObject","inLanguage":"en-US","@id":"https:\/\/www.imovelp.com.br\/blog\/#\/schema\/person\/image\/","url":"https:\/\/secure.gravatar.com\/avatar\/da25bf23c2e75965766176dcd3fc7564?s=96&d=mm&r=g","contentUrl":"https:\/\/secure.gravatar.com\/avatar\/da25bf23c2e75965766176dcd3fc7564?s=96&d=mm&r=g","caption":"Marcos Monteiro"},"url":"https:\/\/www.imovelp.com.br\/blog\/author\/redacao-imovelp\/"}]}},"_links":{"self":[{"href":"https:\/\/www.imovelp.com.br\/blog\/wp-json\/wp\/v2\/posts\/2648"}],"collection":[{"href":"https:\/\/www.imovelp.com.br\/blog\/wp-json\/wp\/v2\/posts"}],"about":[{"href":"https:\/\/www.imovelp.com.br\/blog\/wp-json\/wp\/v2\/types\/post"}],"author":[{"embeddable":true,"href":"https:\/\/www.imovelp.com.br\/blog\/wp-json\/wp\/v2\/users\/2"}],"replies":[{"embeddable":true,"href":"https:\/\/www.imovelp.com.br\/blog\/wp-json\/wp\/v2\/comments?post=2648"}],"version-history":[{"count":0,"href":"https:\/\/www.imovelp.com.br\/blog\/wp-json\/wp\/v2\/posts\/2648\/revisions"}],"wp:attachment":[{"href":"https:\/\/www.imovelp.com.br\/blog\/wp-json\/wp\/v2\/media?parent=2648"}],"wp:term":[{"taxonomy":"category","embeddable":true,"href":"https:\/\/www.imovelp.com.br\/blog\/wp-json\/wp\/v2\/categories?post=2648"},{"taxonomy":"post_tag","embeddable":true,"href":"https:\/\/www.imovelp.com.br\/blog\/wp-json\/wp\/v2\/tags?post=2648"}],"curies":[{"name":"wp","href":"https:\/\/api.w.org\/{rel}","templated":true}]}}