{"id":2646,"date":"2026-01-21T17:35:37","date_gmt":"2026-01-21T20:35:37","guid":{"rendered":"https:\/\/www.imovelp.com.br\/blog\/mercado-imobiliario-detecta-efeitos-das-mudancas-no-sbpe\/"},"modified":"2026-01-21T17:35:37","modified_gmt":"2026-01-21T20:35:37","slug":"mercado-imobiliario-detecta-efeitos-das-mudancas-no-sbpe","status":"publish","type":"post","link":"https:\/\/www.imovelp.com.br\/blog\/mercado-imobiliario-detecta-efeitos-das-mudancas-no-sbpe\/","title":{"rendered":"Mercado imobili\u00e1rio detecta efeitos das mudan\u00e7as no SBPE"},"content":{"rendered":"<p> <br \/>\n<\/p>\n<div>\n<div id=\"attachment_79893\" style=\"width: 386px\" class=\"wp-caption alignright\"><img fetchpriority=\"high\" decoding=\"async\" aria-describedby=\"caption-attachment-79893\" class=\"wp-image-79893\" src=\"https:\/\/secovi.com.br\/wp-content\/uploads\/2026\/01\/20260121-coluna.jpeg\" alt=\"\" width=\"376\" height=\"246\"\/><\/p>\n<p id=\"caption-attachment-79893\" class=\"wp-caption-text\">Novo modelo de cr\u00e9dito imobili\u00e1rio viabiliza o sonho da casa pr\u00f3pria para fam\u00edlias de classe m\u00e9dia<\/p>\n<\/div>\n<p><em>Fruto de amplos debates, altera\u00e7\u00f5es permitiram a retomada do cr\u00e9dito imobili\u00e1rio<\/em><\/p>\n<p>O ano de 2025 marcou um per\u00edodo de importante ajuste no SBPE (Sistema Brasileiro de Poupan\u00e7a e Empr\u00e9stimo). O final de 2024 foi sublinhado pela escassez de recursos da poupan\u00e7a, o que travou o financiamento habitacional \u00e0 classe m\u00e9dia.<\/p>\n<p>Para contribuir com a solu\u00e7\u00e3o do problema, o Secovi-SP, em conjunto com outras entidades, levou sugest\u00f5es aos minist\u00e9rios da Fazenda e das Cidades, Banco Central e Caixa Econ\u00f4mica Federal. Em outubro daquele ano, o Conselho Monet\u00e1rio Nacional e o BC anunciaram um novo modelo de cr\u00e9dito imobili\u00e1rio para atender \u00e0s fam\u00edlias de m\u00e9dia renda.<\/p>\n<p>As mudan\u00e7as foram providencias e seus efeitos j\u00e1 est\u00e3o sendo notados. A Caixa voltou a financiar at\u00e9 80% do valor do im\u00f3vel para todas as modalidades no SBPE, reduzindo significativamente a entrada necess\u00e1ria, e o valor m\u00e1ximo do im\u00f3vel financiado, com juros limitados a 12% ao ano, subiu de R$ 1,5 milh\u00e3o para R$ 2,25 milh\u00f5es.<\/p>\n<p>O Banco Central iniciou uma libera\u00e7\u00e3o gradual de recursos. O percentual que os bancos deixam \u201cparado\u201d no BC (compuls\u00f3rio) caiu de 20% para 15%, tornando poss\u00edvel injetar cerca de R$ 37 bilh\u00f5es de imediato e at\u00e9 R$ 111 bilh\u00f5es ao longo de um ano. Para utilizar os recursos liberados, os bancos privados tornaram-se mais agressivos na disputa pelo cliente imobili\u00e1rio, o que gerou uma leve queda nas taxas m\u00e9dias de juros do cr\u00e9dito livre no final de 2025.<\/p>\n<p>Os lan\u00e7amentos dedicados \u00e0 classe m\u00e9dia foram estimulados, com o que o setor retomou o atendimento a um importante extrato da popula\u00e7\u00e3o brasileira.<\/p>\n<p><a href=\"https:\/\/secovi.com.br\/wp-content\/uploads\/2026\/01\/20260121-coluna.pdf\" target=\"_blank\" rel=\"noopener\"><span style=\"font-size: 18pt;\"><i class=\"fas fa-file-pdf\"\/> <\/span> Ver coluna em PDF<\/a><\/p>\n<\/p><\/div>\n<p><script>\n  !function(f,b,e,v,n,t,s)\n  {if(f.fbq)return;n=f.fbq=function(){n.callMethod?\n  n.callMethod.apply(n,arguments):n.queue.push(arguments)};\n  if(!f._fbq)f._fbq=n;n.push=n;n.loaded=!0;n.version='2.0';\n  n.queue=[];t=b.createElement(e);t.async=!0;\n  t.src=v;s=b.getElementsByTagName(e)[0];\n  s.parentNode.insertBefore(t,s)}(window, document,'script',\n  'https:\/\/connect.facebook.net\/en_US\/fbevents.js');\n  fbq('init', '780597760435075');\n  fbq('track', 'PageView');\n<\/script><br \/>\n<br \/><br \/>\n<br \/>Fonte:<a href=\"https:\/\/secovi.com.br\/mercado-imobiliario-detecta-efeitos-das-mudancas-no-sbpe\/\">Secovi <\/a><\/p>\n","protected":false},"excerpt":{"rendered":"<p>Novo modelo de cr\u00e9dito imobili\u00e1rio viabiliza o sonho da casa pr\u00f3pria para fam\u00edlias de classe m\u00e9dia Fruto de amplos debates, altera\u00e7\u00f5es permitiram a retomada do cr\u00e9dito imobili\u00e1rio O ano de&hellip; <\/p>\n","protected":false},"author":2,"featured_media":2647,"comment_status":"open","ping_status":"open","sticky":false,"template":"","format":"standard","meta":{"footnotes":""},"categories":[5,7],"tags":[],"yoast_head":"<!-- This site is optimized with the Yoast SEO plugin v21.5 - https:\/\/yoast.com\/wordpress\/plugins\/seo\/ -->\n<title>Mercado imobili\u00e1rio detecta efeitos das mudan\u00e7as no SBPE - Jornal Im\u00f3velp<\/title>\n<meta name=\"robots\" content=\"index, follow, max-snippet:-1, max-image-preview:large, max-video-preview:-1\" \/>\n<link rel=\"canonical\" href=\"https:\/\/www.imovelp.com.br\/blog\/mercado-imobiliario-detecta-efeitos-das-mudancas-no-sbpe\/\" \/>\n<meta property=\"og:locale\" content=\"en_US\" \/>\n<meta property=\"og:type\" content=\"article\" \/>\n<meta property=\"og:title\" content=\"Mercado imobili\u00e1rio detecta efeitos das mudan\u00e7as no SBPE - Jornal Im\u00f3velp\" \/>\n<meta property=\"og:description\" content=\"Novo modelo de cr\u00e9dito imobili\u00e1rio viabiliza o sonho da casa pr\u00f3pria para fam\u00edlias de classe m\u00e9dia Fruto de amplos debates, altera\u00e7\u00f5es permitiram a retomada do cr\u00e9dito imobili\u00e1rio O ano de&hellip;\" \/>\n<meta property=\"og:url\" content=\"https:\/\/www.imovelp.com.br\/blog\/mercado-imobiliario-detecta-efeitos-das-mudancas-no-sbpe\/\" \/>\n<meta property=\"og:site_name\" content=\"Jornal Im\u00f3velp\" \/>\n<meta property=\"article:published_time\" content=\"2026-01-21T20:35:37+00:00\" \/>\n<meta property=\"og:image\" content=\"https:\/\/secovi.com.br\/wp-content\/uploads\/2026\/01\/20260121-coluna.jpeg\" \/>\n<meta name=\"author\" content=\"Marcos Monteiro\" \/>\n<meta name=\"twitter:card\" content=\"summary_large_image\" \/>\n<meta name=\"twitter:label1\" content=\"Written by\" \/>\n\t<meta name=\"twitter:data1\" content=\"Marcos Monteiro\" \/>\n\t<meta name=\"twitter:label2\" content=\"Est. reading time\" \/>\n\t<meta name=\"twitter:data2\" content=\"2 minutes\" \/>\n<script type=\"application\/ld+json\" class=\"yoast-schema-graph\">{\"@context\":\"https:\/\/schema.org\",\"@graph\":[{\"@type\":\"WebPage\",\"@id\":\"https:\/\/www.imovelp.com.br\/blog\/mercado-imobiliario-detecta-efeitos-das-mudancas-no-sbpe\/\",\"url\":\"https:\/\/www.imovelp.com.br\/blog\/mercado-imobiliario-detecta-efeitos-das-mudancas-no-sbpe\/\",\"name\":\"Mercado imobili\u00e1rio detecta efeitos das mudan\u00e7as no SBPE - Jornal Im\u00f3velp\",\"isPartOf\":{\"@id\":\"https:\/\/www.imovelp.com.br\/blog\/#website\"},\"datePublished\":\"2026-01-21T20:35:37+00:00\",\"dateModified\":\"2026-01-21T20:35:37+00:00\",\"author\":{\"@id\":\"https:\/\/www.imovelp.com.br\/blog\/#\/schema\/person\/8fb1cc29840aba4154ec6a52e70be40a\"},\"breadcrumb\":{\"@id\":\"https:\/\/www.imovelp.com.br\/blog\/mercado-imobiliario-detecta-efeitos-das-mudancas-no-sbpe\/#breadcrumb\"},\"inLanguage\":\"en-US\",\"potentialAction\":[{\"@type\":\"ReadAction\",\"target\":[\"https:\/\/www.imovelp.com.br\/blog\/mercado-imobiliario-detecta-efeitos-das-mudancas-no-sbpe\/\"]}]},{\"@type\":\"BreadcrumbList\",\"@id\":\"https:\/\/www.imovelp.com.br\/blog\/mercado-imobiliario-detecta-efeitos-das-mudancas-no-sbpe\/#breadcrumb\",\"itemListElement\":[{\"@type\":\"ListItem\",\"position\":1,\"name\":\"Home\",\"item\":\"https:\/\/www.imovelp.com.br\/blog\/\"},{\"@type\":\"ListItem\",\"position\":2,\"name\":\"Mercado imobili\u00e1rio detecta efeitos das mudan\u00e7as no SBPE\"}]},{\"@type\":\"WebSite\",\"@id\":\"https:\/\/www.imovelp.com.br\/blog\/#website\",\"url\":\"https:\/\/www.imovelp.com.br\/blog\/\",\"name\":\"Jornal Im\u00f3velp\",\"description\":\"Portal de Not\u00edcias do Corretor de Im\u00f3veis\",\"potentialAction\":[{\"@type\":\"SearchAction\",\"target\":{\"@type\":\"EntryPoint\",\"urlTemplate\":\"https:\/\/www.imovelp.com.br\/blog\/?s={search_term_string}\"},\"query-input\":\"required name=search_term_string\"}],\"inLanguage\":\"en-US\"},{\"@type\":\"Person\",\"@id\":\"https:\/\/www.imovelp.com.br\/blog\/#\/schema\/person\/8fb1cc29840aba4154ec6a52e70be40a\",\"name\":\"Marcos Monteiro\",\"image\":{\"@type\":\"ImageObject\",\"inLanguage\":\"en-US\",\"@id\":\"https:\/\/www.imovelp.com.br\/blog\/#\/schema\/person\/image\/\",\"url\":\"https:\/\/secure.gravatar.com\/avatar\/da25bf23c2e75965766176dcd3fc7564?s=96&d=mm&r=g\",\"contentUrl\":\"https:\/\/secure.gravatar.com\/avatar\/da25bf23c2e75965766176dcd3fc7564?s=96&d=mm&r=g\",\"caption\":\"Marcos Monteiro\"},\"url\":\"https:\/\/www.imovelp.com.br\/blog\/author\/redacao-imovelp\/\"}]}<\/script>\n<!-- \/ Yoast SEO plugin. -->","yoast_head_json":{"title":"Mercado imobili\u00e1rio detecta efeitos das mudan\u00e7as no SBPE - Jornal Im\u00f3velp","robots":{"index":"index","follow":"follow","max-snippet":"max-snippet:-1","max-image-preview":"max-image-preview:large","max-video-preview":"max-video-preview:-1"},"canonical":"https:\/\/www.imovelp.com.br\/blog\/mercado-imobiliario-detecta-efeitos-das-mudancas-no-sbpe\/","og_locale":"en_US","og_type":"article","og_title":"Mercado imobili\u00e1rio detecta efeitos das mudan\u00e7as no SBPE - Jornal Im\u00f3velp","og_description":"Novo modelo de cr\u00e9dito imobili\u00e1rio viabiliza o sonho da casa pr\u00f3pria para fam\u00edlias de classe m\u00e9dia Fruto de amplos debates, altera\u00e7\u00f5es permitiram a retomada do cr\u00e9dito imobili\u00e1rio O ano de&hellip;","og_url":"https:\/\/www.imovelp.com.br\/blog\/mercado-imobiliario-detecta-efeitos-das-mudancas-no-sbpe\/","og_site_name":"Jornal Im\u00f3velp","article_published_time":"2026-01-21T20:35:37+00:00","og_image":[{"url":"https:\/\/secovi.com.br\/wp-content\/uploads\/2026\/01\/20260121-coluna.jpeg"}],"author":"Marcos Monteiro","twitter_card":"summary_large_image","twitter_misc":{"Written by":"Marcos Monteiro","Est. reading time":"2 minutes"},"schema":{"@context":"https:\/\/schema.org","@graph":[{"@type":"WebPage","@id":"https:\/\/www.imovelp.com.br\/blog\/mercado-imobiliario-detecta-efeitos-das-mudancas-no-sbpe\/","url":"https:\/\/www.imovelp.com.br\/blog\/mercado-imobiliario-detecta-efeitos-das-mudancas-no-sbpe\/","name":"Mercado imobili\u00e1rio detecta efeitos das mudan\u00e7as no SBPE - Jornal Im\u00f3velp","isPartOf":{"@id":"https:\/\/www.imovelp.com.br\/blog\/#website"},"datePublished":"2026-01-21T20:35:37+00:00","dateModified":"2026-01-21T20:35:37+00:00","author":{"@id":"https:\/\/www.imovelp.com.br\/blog\/#\/schema\/person\/8fb1cc29840aba4154ec6a52e70be40a"},"breadcrumb":{"@id":"https:\/\/www.imovelp.com.br\/blog\/mercado-imobiliario-detecta-efeitos-das-mudancas-no-sbpe\/#breadcrumb"},"inLanguage":"en-US","potentialAction":[{"@type":"ReadAction","target":["https:\/\/www.imovelp.com.br\/blog\/mercado-imobiliario-detecta-efeitos-das-mudancas-no-sbpe\/"]}]},{"@type":"BreadcrumbList","@id":"https:\/\/www.imovelp.com.br\/blog\/mercado-imobiliario-detecta-efeitos-das-mudancas-no-sbpe\/#breadcrumb","itemListElement":[{"@type":"ListItem","position":1,"name":"Home","item":"https:\/\/www.imovelp.com.br\/blog\/"},{"@type":"ListItem","position":2,"name":"Mercado imobili\u00e1rio detecta efeitos das mudan\u00e7as no SBPE"}]},{"@type":"WebSite","@id":"https:\/\/www.imovelp.com.br\/blog\/#website","url":"https:\/\/www.imovelp.com.br\/blog\/","name":"Jornal Im\u00f3velp","description":"Portal de Not\u00edcias do Corretor de Im\u00f3veis","potentialAction":[{"@type":"SearchAction","target":{"@type":"EntryPoint","urlTemplate":"https:\/\/www.imovelp.com.br\/blog\/?s={search_term_string}"},"query-input":"required name=search_term_string"}],"inLanguage":"en-US"},{"@type":"Person","@id":"https:\/\/www.imovelp.com.br\/blog\/#\/schema\/person\/8fb1cc29840aba4154ec6a52e70be40a","name":"Marcos Monteiro","image":{"@type":"ImageObject","inLanguage":"en-US","@id":"https:\/\/www.imovelp.com.br\/blog\/#\/schema\/person\/image\/","url":"https:\/\/secure.gravatar.com\/avatar\/da25bf23c2e75965766176dcd3fc7564?s=96&d=mm&r=g","contentUrl":"https:\/\/secure.gravatar.com\/avatar\/da25bf23c2e75965766176dcd3fc7564?s=96&d=mm&r=g","caption":"Marcos Monteiro"},"url":"https:\/\/www.imovelp.com.br\/blog\/author\/redacao-imovelp\/"}]}},"_links":{"self":[{"href":"https:\/\/www.imovelp.com.br\/blog\/wp-json\/wp\/v2\/posts\/2646"}],"collection":[{"href":"https:\/\/www.imovelp.com.br\/blog\/wp-json\/wp\/v2\/posts"}],"about":[{"href":"https:\/\/www.imovelp.com.br\/blog\/wp-json\/wp\/v2\/types\/post"}],"author":[{"embeddable":true,"href":"https:\/\/www.imovelp.com.br\/blog\/wp-json\/wp\/v2\/users\/2"}],"replies":[{"embeddable":true,"href":"https:\/\/www.imovelp.com.br\/blog\/wp-json\/wp\/v2\/comments?post=2646"}],"version-history":[{"count":0,"href":"https:\/\/www.imovelp.com.br\/blog\/wp-json\/wp\/v2\/posts\/2646\/revisions"}],"wp:featuredmedia":[{"embeddable":true,"href":"https:\/\/www.imovelp.com.br\/blog\/wp-json\/wp\/v2\/media\/2647"}],"wp:attachment":[{"href":"https:\/\/www.imovelp.com.br\/blog\/wp-json\/wp\/v2\/media?parent=2646"}],"wp:term":[{"taxonomy":"category","embeddable":true,"href":"https:\/\/www.imovelp.com.br\/blog\/wp-json\/wp\/v2\/categories?post=2646"},{"taxonomy":"post_tag","embeddable":true,"href":"https:\/\/www.imovelp.com.br\/blog\/wp-json\/wp\/v2\/tags?post=2646"}],"curies":[{"name":"wp","href":"https:\/\/api.w.org\/{rel}","templated":true}]}}