{"id":2640,"date":"2026-01-13T17:30:43","date_gmt":"2026-01-13T20:30:43","guid":{"rendered":"https:\/\/www.imovelp.com.br\/blog\/pesquisa-secovi-sp-do-mercado-imobiliario-novembro-2025\/"},"modified":"2026-01-13T17:30:43","modified_gmt":"2026-01-13T20:30:43","slug":"pesquisa-secovi-sp-do-mercado-imobiliario-novembro-2025","status":"publish","type":"post","link":"https:\/\/www.imovelp.com.br\/blog\/pesquisa-secovi-sp-do-mercado-imobiliario-novembro-2025\/","title":{"rendered":"Pesquisa Secovi-SP do Mercado Imobili\u00e1rio \u2013 Novembro 2025"},"content":{"rendered":"<p> <br \/>\n<\/p>\n<div>\n<p>A Pesquisa Mensal do Mercado Imobili\u00e1rio (PMI) realizada pelo departamento de Economia e Estat\u00edstica da entidade junto \u00e0s incorporadoras associadas, apontou que em novembro de 2025, a cidade teve lan\u00e7amento de 14.895 unidades residenciais novas, superando a m\u00e9dia anual de 11.348 unidades. As vendas totalizaram 9.172 unidades, com Valor Global de Vendas (VGV) de R$ 4,7 bilh\u00f5es. No acumulado de 12 meses (dez\/24 a nov\/25), as vendas somaram 111.699 unidades e os lan\u00e7amentos 138.298 unidades.\u200b<\/p>\n<p>O Minha Casa, Minha Vida (MCMV) liderou este crescimento com 63% das vendas totais em SP no acumulado de janeiro a novembro de 2025 (65.288 unidades), sendo 62% dos lan\u00e7amentos (77.158 unidades) impulsionados pelo segmento econ\u00f4mico.<\/p>\n<p style=\"text-align: center;\"><strong>COMERCIALIZA\u00c7\u00c3O ACUMULADA EM 12 MESES EM UNIDADES<\/strong><br \/>Evolu\u00e7\u00e3o de unidades residenciais vendidas (acumulada 12 meses). Em Mil unidades<\/p>\n<p style=\"text-align: center;\"><img loading=\"lazy\" decoding=\"async\" class=\"alignnone wp-image-79672 \" src=\"https:\/\/secovi.com.br\/wp-content\/uploads\/2026\/01\/PMI_112025_gaf.png\" alt=\"\" width=\"806\" height=\"456\" srcset=\"https:\/\/secovi.com.br\/wp-content\/uploads\/2026\/01\/PMI_112025_gaf.png 806w, https:\/\/secovi.com.br\/wp-content\/uploads\/2026\/01\/PMI_112025_gaf-480x271.png 480w\" sizes=\"(min-width: 0px) and (max-width: 480px) 480px, (min-width: 481px) 806px, 100vw\"\/><\/p>\n<p style=\"text-align: center;\"><strong><sup><em>Fonte: Secovi-SP<\/em><\/sup><\/strong><\/p>\n<p><a href=\"https:\/\/secovisp.com\/4bv6XV9\">\u2192 Videogr\u00e1fico PMI<\/a><\/p>\n<\/p><\/div>\n<p><script>\n  !function(f,b,e,v,n,t,s)\n  {if(f.fbq)return;n=f.fbq=function(){n.callMethod?\n  n.callMethod.apply(n,arguments):n.queue.push(arguments)};\n  if(!f._fbq)f._fbq=n;n.push=n;n.loaded=!0;n.version='2.0';\n  n.queue=[];t=b.createElement(e);t.async=!0;\n  t.src=v;s=b.getElementsByTagName(e)[0];\n  s.parentNode.insertBefore(t,s)}(window, document,'script',\n  'https:\/\/connect.facebook.net\/en_US\/fbevents.js');\n  fbq('init', '780597760435075');\n  fbq('track', 'PageView');\n<\/script><br \/>\n<br \/><br \/>\n<br \/>Fonte:<a href=\"https:\/\/secovi.com.br\/pesquisa-secovi-sp-do-mercado-imobiliario-novembro-2025\/\">Secovi <\/a><\/p>\n","protected":false},"excerpt":{"rendered":"<p>A Pesquisa Mensal do Mercado Imobili\u00e1rio (PMI) realizada pelo departamento de Economia e Estat\u00edstica da entidade junto \u00e0s incorporadoras associadas, apontou que em novembro de 2025, a cidade teve lan\u00e7amento&hellip; <\/p>\n","protected":false},"author":2,"featured_media":2641,"comment_status":"open","ping_status":"open","sticky":false,"template":"","format":"standard","meta":{"footnotes":""},"categories":[5,7],"tags":[],"yoast_head":"<!-- This site is optimized with the Yoast SEO plugin v21.5 - https:\/\/yoast.com\/wordpress\/plugins\/seo\/ -->\n<title>Pesquisa Secovi-SP do Mercado Imobili\u00e1rio \u2013 Novembro 2025 - Jornal Im\u00f3velp<\/title>\n<meta name=\"robots\" content=\"index, follow, max-snippet:-1, max-image-preview:large, max-video-preview:-1\" \/>\n<link rel=\"canonical\" href=\"https:\/\/www.imovelp.com.br\/blog\/pesquisa-secovi-sp-do-mercado-imobiliario-novembro-2025\/\" \/>\n<meta property=\"og:locale\" content=\"en_US\" \/>\n<meta property=\"og:type\" content=\"article\" \/>\n<meta property=\"og:title\" content=\"Pesquisa Secovi-SP do Mercado Imobili\u00e1rio \u2013 Novembro 2025 - Jornal Im\u00f3velp\" \/>\n<meta property=\"og:description\" content=\"A Pesquisa Mensal do Mercado Imobili\u00e1rio (PMI) realizada pelo departamento de Economia e Estat\u00edstica da entidade junto \u00e0s incorporadoras associadas, apontou que em novembro de 2025, a cidade teve lan\u00e7amento&hellip;\" \/>\n<meta property=\"og:url\" content=\"https:\/\/www.imovelp.com.br\/blog\/pesquisa-secovi-sp-do-mercado-imobiliario-novembro-2025\/\" \/>\n<meta property=\"og:site_name\" content=\"Jornal Im\u00f3velp\" \/>\n<meta property=\"article:published_time\" content=\"2026-01-13T20:30:43+00:00\" \/>\n<meta property=\"og:image\" content=\"https:\/\/secovi.com.br\/wp-content\/uploads\/2026\/01\/PMI_112025_gaf.png\" \/>\n<meta name=\"author\" content=\"Marcos Monteiro\" \/>\n<meta name=\"twitter:card\" content=\"summary_large_image\" \/>\n<meta name=\"twitter:label1\" content=\"Written by\" \/>\n\t<meta name=\"twitter:data1\" content=\"Marcos Monteiro\" \/>\n\t<meta name=\"twitter:label2\" content=\"Est. reading time\" \/>\n\t<meta name=\"twitter:data2\" content=\"1 minute\" \/>\n<script type=\"application\/ld+json\" class=\"yoast-schema-graph\">{\"@context\":\"https:\/\/schema.org\",\"@graph\":[{\"@type\":\"WebPage\",\"@id\":\"https:\/\/www.imovelp.com.br\/blog\/pesquisa-secovi-sp-do-mercado-imobiliario-novembro-2025\/\",\"url\":\"https:\/\/www.imovelp.com.br\/blog\/pesquisa-secovi-sp-do-mercado-imobiliario-novembro-2025\/\",\"name\":\"Pesquisa Secovi-SP do Mercado Imobili\u00e1rio \u2013 Novembro 2025 - Jornal Im\u00f3velp\",\"isPartOf\":{\"@id\":\"https:\/\/www.imovelp.com.br\/blog\/#website\"},\"datePublished\":\"2026-01-13T20:30:43+00:00\",\"dateModified\":\"2026-01-13T20:30:43+00:00\",\"author\":{\"@id\":\"https:\/\/www.imovelp.com.br\/blog\/#\/schema\/person\/8fb1cc29840aba4154ec6a52e70be40a\"},\"breadcrumb\":{\"@id\":\"https:\/\/www.imovelp.com.br\/blog\/pesquisa-secovi-sp-do-mercado-imobiliario-novembro-2025\/#breadcrumb\"},\"inLanguage\":\"en-US\",\"potentialAction\":[{\"@type\":\"ReadAction\",\"target\":[\"https:\/\/www.imovelp.com.br\/blog\/pesquisa-secovi-sp-do-mercado-imobiliario-novembro-2025\/\"]}]},{\"@type\":\"BreadcrumbList\",\"@id\":\"https:\/\/www.imovelp.com.br\/blog\/pesquisa-secovi-sp-do-mercado-imobiliario-novembro-2025\/#breadcrumb\",\"itemListElement\":[{\"@type\":\"ListItem\",\"position\":1,\"name\":\"Home\",\"item\":\"https:\/\/www.imovelp.com.br\/blog\/\"},{\"@type\":\"ListItem\",\"position\":2,\"name\":\"Pesquisa Secovi-SP do Mercado Imobili\u00e1rio \u2013 Novembro 2025\"}]},{\"@type\":\"WebSite\",\"@id\":\"https:\/\/www.imovelp.com.br\/blog\/#website\",\"url\":\"https:\/\/www.imovelp.com.br\/blog\/\",\"name\":\"Jornal Im\u00f3velp\",\"description\":\"Portal de Not\u00edcias do Corretor de Im\u00f3veis\",\"potentialAction\":[{\"@type\":\"SearchAction\",\"target\":{\"@type\":\"EntryPoint\",\"urlTemplate\":\"https:\/\/www.imovelp.com.br\/blog\/?s={search_term_string}\"},\"query-input\":\"required name=search_term_string\"}],\"inLanguage\":\"en-US\"},{\"@type\":\"Person\",\"@id\":\"https:\/\/www.imovelp.com.br\/blog\/#\/schema\/person\/8fb1cc29840aba4154ec6a52e70be40a\",\"name\":\"Marcos Monteiro\",\"image\":{\"@type\":\"ImageObject\",\"inLanguage\":\"en-US\",\"@id\":\"https:\/\/www.imovelp.com.br\/blog\/#\/schema\/person\/image\/\",\"url\":\"https:\/\/secure.gravatar.com\/avatar\/da25bf23c2e75965766176dcd3fc7564?s=96&d=mm&r=g\",\"contentUrl\":\"https:\/\/secure.gravatar.com\/avatar\/da25bf23c2e75965766176dcd3fc7564?s=96&d=mm&r=g\",\"caption\":\"Marcos Monteiro\"},\"url\":\"https:\/\/www.imovelp.com.br\/blog\/author\/redacao-imovelp\/\"}]}<\/script>\n<!-- \/ Yoast SEO plugin. -->","yoast_head_json":{"title":"Pesquisa Secovi-SP do Mercado Imobili\u00e1rio \u2013 Novembro 2025 - Jornal Im\u00f3velp","robots":{"index":"index","follow":"follow","max-snippet":"max-snippet:-1","max-image-preview":"max-image-preview:large","max-video-preview":"max-video-preview:-1"},"canonical":"https:\/\/www.imovelp.com.br\/blog\/pesquisa-secovi-sp-do-mercado-imobiliario-novembro-2025\/","og_locale":"en_US","og_type":"article","og_title":"Pesquisa Secovi-SP do Mercado Imobili\u00e1rio \u2013 Novembro 2025 - Jornal Im\u00f3velp","og_description":"A Pesquisa Mensal do Mercado Imobili\u00e1rio (PMI) realizada pelo departamento de Economia e Estat\u00edstica da entidade junto \u00e0s incorporadoras associadas, apontou que em novembro de 2025, a cidade teve lan\u00e7amento&hellip;","og_url":"https:\/\/www.imovelp.com.br\/blog\/pesquisa-secovi-sp-do-mercado-imobiliario-novembro-2025\/","og_site_name":"Jornal Im\u00f3velp","article_published_time":"2026-01-13T20:30:43+00:00","og_image":[{"url":"https:\/\/secovi.com.br\/wp-content\/uploads\/2026\/01\/PMI_112025_gaf.png"}],"author":"Marcos Monteiro","twitter_card":"summary_large_image","twitter_misc":{"Written by":"Marcos Monteiro","Est. reading time":"1 minute"},"schema":{"@context":"https:\/\/schema.org","@graph":[{"@type":"WebPage","@id":"https:\/\/www.imovelp.com.br\/blog\/pesquisa-secovi-sp-do-mercado-imobiliario-novembro-2025\/","url":"https:\/\/www.imovelp.com.br\/blog\/pesquisa-secovi-sp-do-mercado-imobiliario-novembro-2025\/","name":"Pesquisa Secovi-SP do Mercado Imobili\u00e1rio \u2013 Novembro 2025 - Jornal Im\u00f3velp","isPartOf":{"@id":"https:\/\/www.imovelp.com.br\/blog\/#website"},"datePublished":"2026-01-13T20:30:43+00:00","dateModified":"2026-01-13T20:30:43+00:00","author":{"@id":"https:\/\/www.imovelp.com.br\/blog\/#\/schema\/person\/8fb1cc29840aba4154ec6a52e70be40a"},"breadcrumb":{"@id":"https:\/\/www.imovelp.com.br\/blog\/pesquisa-secovi-sp-do-mercado-imobiliario-novembro-2025\/#breadcrumb"},"inLanguage":"en-US","potentialAction":[{"@type":"ReadAction","target":["https:\/\/www.imovelp.com.br\/blog\/pesquisa-secovi-sp-do-mercado-imobiliario-novembro-2025\/"]}]},{"@type":"BreadcrumbList","@id":"https:\/\/www.imovelp.com.br\/blog\/pesquisa-secovi-sp-do-mercado-imobiliario-novembro-2025\/#breadcrumb","itemListElement":[{"@type":"ListItem","position":1,"name":"Home","item":"https:\/\/www.imovelp.com.br\/blog\/"},{"@type":"ListItem","position":2,"name":"Pesquisa Secovi-SP do Mercado Imobili\u00e1rio \u2013 Novembro 2025"}]},{"@type":"WebSite","@id":"https:\/\/www.imovelp.com.br\/blog\/#website","url":"https:\/\/www.imovelp.com.br\/blog\/","name":"Jornal Im\u00f3velp","description":"Portal de Not\u00edcias do Corretor de Im\u00f3veis","potentialAction":[{"@type":"SearchAction","target":{"@type":"EntryPoint","urlTemplate":"https:\/\/www.imovelp.com.br\/blog\/?s={search_term_string}"},"query-input":"required name=search_term_string"}],"inLanguage":"en-US"},{"@type":"Person","@id":"https:\/\/www.imovelp.com.br\/blog\/#\/schema\/person\/8fb1cc29840aba4154ec6a52e70be40a","name":"Marcos Monteiro","image":{"@type":"ImageObject","inLanguage":"en-US","@id":"https:\/\/www.imovelp.com.br\/blog\/#\/schema\/person\/image\/","url":"https:\/\/secure.gravatar.com\/avatar\/da25bf23c2e75965766176dcd3fc7564?s=96&d=mm&r=g","contentUrl":"https:\/\/secure.gravatar.com\/avatar\/da25bf23c2e75965766176dcd3fc7564?s=96&d=mm&r=g","caption":"Marcos Monteiro"},"url":"https:\/\/www.imovelp.com.br\/blog\/author\/redacao-imovelp\/"}]}},"_links":{"self":[{"href":"https:\/\/www.imovelp.com.br\/blog\/wp-json\/wp\/v2\/posts\/2640"}],"collection":[{"href":"https:\/\/www.imovelp.com.br\/blog\/wp-json\/wp\/v2\/posts"}],"about":[{"href":"https:\/\/www.imovelp.com.br\/blog\/wp-json\/wp\/v2\/types\/post"}],"author":[{"embeddable":true,"href":"https:\/\/www.imovelp.com.br\/blog\/wp-json\/wp\/v2\/users\/2"}],"replies":[{"embeddable":true,"href":"https:\/\/www.imovelp.com.br\/blog\/wp-json\/wp\/v2\/comments?post=2640"}],"version-history":[{"count":0,"href":"https:\/\/www.imovelp.com.br\/blog\/wp-json\/wp\/v2\/posts\/2640\/revisions"}],"wp:featuredmedia":[{"embeddable":true,"href":"https:\/\/www.imovelp.com.br\/blog\/wp-json\/wp\/v2\/media\/2641"}],"wp:attachment":[{"href":"https:\/\/www.imovelp.com.br\/blog\/wp-json\/wp\/v2\/media?parent=2640"}],"wp:term":[{"taxonomy":"category","embeddable":true,"href":"https:\/\/www.imovelp.com.br\/blog\/wp-json\/wp\/v2\/categories?post=2640"},{"taxonomy":"post_tag","embeddable":true,"href":"https:\/\/www.imovelp.com.br\/blog\/wp-json\/wp\/v2\/tags?post=2640"}],"curies":[{"name":"wp","href":"https:\/\/api.w.org\/{rel}","templated":true}]}}