{"id":2637,"date":"2026-01-11T17:30:04","date_gmt":"2026-01-11T20:30:04","guid":{"rendered":"https:\/\/www.imovelp.com.br\/blog\/ia-redefine-trabalho-nas-imobiliarias-e-inaugura-era-dos-funcionarios-digitais\/"},"modified":"2026-01-11T17:30:04","modified_gmt":"2026-01-11T20:30:04","slug":"ia-redefine-trabalho-nas-imobiliarias-e-inaugura-era-dos-funcionarios-digitais","status":"publish","type":"post","link":"https:\/\/www.imovelp.com.br\/blog\/ia-redefine-trabalho-nas-imobiliarias-e-inaugura-era-dos-funcionarios-digitais\/","title":{"rendered":"IA redefine trabalho nas imobili\u00e1rias e inaugura era dos \u201cfuncion\u00e1rios digitais\u201d"},"content":{"rendered":"<p> <br \/>\n<\/p>\n<div>\n<p><em>A evolu\u00e7\u00e3o da intelig\u00eancia artificial foi destaque em painel do Conex\u00e3o Imobili\u00e1ria Secovi, que mostrou como agente virtual simboliza a integra\u00e7\u00e3o entre tecnologia e seres humanos<\/em><\/p>\n<p>\u00a0<\/p>\n<p>O s\u00e9timo painel do Conex\u00e3o Imobili\u00e1ria Secovi-SP, intitulado \u201cQuando a IA vira m\u00e3o de obra: a revolu\u00e7\u00e3o dos funcion\u00e1rios digitais nas imobili\u00e1rias\u201d, trouxe uma das discuss\u00f5es mais instigantes do evento. Jos\u00e9 Thomaz Pereira, cofundador da Lastro, conduziu a apresenta\u00e7\u00e3o e mostrou como a intelig\u00eancia artificial evoluiu de sistemas automatizados para agentes inteligentes capazes de aprender, interpretar e atuar de forma colaborativa com os profissionais humanos.<\/p>\n<p>Logo no in\u00edcio, Pereira fez um breve resgate hist\u00f3rico, lembrando que as primeiras ferramentas de IA limitavam-se a tarefas mec\u00e2nicas e repetitivas. \u201cNo come\u00e7o, a intelig\u00eancia artificial era apenas uma tecnologia de apoio. Ela respondia a comandos e seguia regras fixas. Hoje, estamos diante de uma IA que entende, aprende e reage, participando ativamente das opera\u00e7\u00f5es e decis\u00f5es empresariais\u201d, explicou.<\/p>\n<p>O palestrante destacou que essa evolu\u00e7\u00e3o transformou completamente o papel da tecnologia no mercado imobili\u00e1rio. \u201cAs imobili\u00e1rias est\u00e3o passando de um modelo baseado em esfor\u00e7o humano para um modelo h\u00edbrido, onde m\u00e1quinas e pessoas trabalham lado a lado, em sinergia. \u00c9 o nascimento dos funcion\u00e1rios digitais, que atuam como parceiros estrat\u00e9gicos\u201d, afirmou.<\/p>\n<p>Durante a palestra, Pereira apresentou o caso pr\u00e1tico da La\u00eds, agente virtual desenvolvida pela Lastro e aplicada em imobili\u00e1rias de diferentes regi\u00f5es do pa\u00eds. \u201cA La\u00eds \u00e9 um exemplo real de como humanos e IA podem coexistir de forma simbi\u00f3tica. Ela n\u00e3o substitui ningu\u00e9m \u2014 ela complementa. A La\u00eds conversa com clientes, analisa dados, qualifica leads, entende o comportamento do consumidor e passa informa\u00e7\u00f5es valiosas aos corretores, que por sua vez utilizam esse conhecimento para gerar valor humano no atendimento\u201d, explicou.<\/p>\n<p>Segundo ele, essa simbiose entre a intelig\u00eancia humana e a artificial cria um novo patamar de efici\u00eancia, produtividade e qualidade no relacionamento com o cliente. \u201cA La\u00eds \u00e9 incans\u00e1vel, precisa e r\u00e1pida. O humano, por outro lado, \u00e9 emp\u00e1tico, criativo e intuitivo. Juntos, eles formam uma combina\u00e7\u00e3o perfeita para os novos tempos do mercado imobili\u00e1rio\u201d, observou.<\/p>\n<\/p><\/div>\n<p><script>\n  !function(f,b,e,v,n,t,s)\n  {if(f.fbq)return;n=f.fbq=function(){n.callMethod?\n  n.callMethod.apply(n,arguments):n.queue.push(arguments)};\n  if(!f._fbq)f._fbq=n;n.push=n;n.loaded=!0;n.version='2.0';\n  n.queue=[];t=b.createElement(e);t.async=!0;\n  t.src=v;s=b.getElementsByTagName(e)[0];\n  s.parentNode.insertBefore(t,s)}(window, document,'script',\n  'https:\/\/connect.facebook.net\/en_US\/fbevents.js');\n  fbq('init', '780597760435075');\n  fbq('track', 'PageView');\n<\/script><br \/>\n<br \/><br \/>\n<br \/>Fonte:<a href=\"https:\/\/secovi.com.br\/ia-redefine-trabalho-nas-imobiliarias-e-inaugura-era-dos-funcionarios-digitais\/\">Secovi <\/a><\/p>\n","protected":false},"excerpt":{"rendered":"<p>A evolu\u00e7\u00e3o da intelig\u00eancia artificial foi destaque em painel do Conex\u00e3o Imobili\u00e1ria Secovi, que mostrou como agente virtual simboliza a integra\u00e7\u00e3o entre tecnologia e seres humanos \u00a0 O s\u00e9timo painel&hellip; <\/p>\n","protected":false},"author":2,"featured_media":0,"comment_status":"open","ping_status":"open","sticky":false,"template":"","format":"standard","meta":{"footnotes":""},"categories":[5,7],"tags":[],"yoast_head":"<!-- This site is optimized with the Yoast SEO plugin v21.5 - https:\/\/yoast.com\/wordpress\/plugins\/seo\/ -->\n<title>IA redefine trabalho nas imobili\u00e1rias e inaugura era dos \u201cfuncion\u00e1rios digitais\u201d - Jornal Im\u00f3velp<\/title>\n<meta name=\"robots\" content=\"index, follow, max-snippet:-1, max-image-preview:large, max-video-preview:-1\" \/>\n<link rel=\"canonical\" href=\"https:\/\/www.imovelp.com.br\/blog\/ia-redefine-trabalho-nas-imobiliarias-e-inaugura-era-dos-funcionarios-digitais\/\" \/>\n<meta property=\"og:locale\" content=\"en_US\" \/>\n<meta property=\"og:type\" content=\"article\" \/>\n<meta property=\"og:title\" content=\"IA redefine trabalho nas imobili\u00e1rias e inaugura era dos \u201cfuncion\u00e1rios digitais\u201d - Jornal Im\u00f3velp\" \/>\n<meta property=\"og:description\" content=\"A evolu\u00e7\u00e3o da intelig\u00eancia artificial foi destaque em painel do Conex\u00e3o Imobili\u00e1ria Secovi, que mostrou como agente virtual simboliza a integra\u00e7\u00e3o entre tecnologia e seres humanos \u00a0 O s\u00e9timo painel&hellip;\" \/>\n<meta property=\"og:url\" content=\"https:\/\/www.imovelp.com.br\/blog\/ia-redefine-trabalho-nas-imobiliarias-e-inaugura-era-dos-funcionarios-digitais\/\" \/>\n<meta property=\"og:site_name\" content=\"Jornal Im\u00f3velp\" \/>\n<meta property=\"article:published_time\" content=\"2026-01-11T20:30:04+00:00\" \/>\n<meta name=\"author\" content=\"Marcos Monteiro\" \/>\n<meta name=\"twitter:card\" content=\"summary_large_image\" \/>\n<meta name=\"twitter:label1\" content=\"Written by\" \/>\n\t<meta name=\"twitter:data1\" content=\"Marcos Monteiro\" \/>\n\t<meta name=\"twitter:label2\" content=\"Est. reading time\" \/>\n\t<meta name=\"twitter:data2\" content=\"2 minutes\" \/>\n<script type=\"application\/ld+json\" class=\"yoast-schema-graph\">{\"@context\":\"https:\/\/schema.org\",\"@graph\":[{\"@type\":\"WebPage\",\"@id\":\"https:\/\/www.imovelp.com.br\/blog\/ia-redefine-trabalho-nas-imobiliarias-e-inaugura-era-dos-funcionarios-digitais\/\",\"url\":\"https:\/\/www.imovelp.com.br\/blog\/ia-redefine-trabalho-nas-imobiliarias-e-inaugura-era-dos-funcionarios-digitais\/\",\"name\":\"IA redefine trabalho nas imobili\u00e1rias e inaugura era dos \u201cfuncion\u00e1rios digitais\u201d - Jornal Im\u00f3velp\",\"isPartOf\":{\"@id\":\"https:\/\/www.imovelp.com.br\/blog\/#website\"},\"datePublished\":\"2026-01-11T20:30:04+00:00\",\"dateModified\":\"2026-01-11T20:30:04+00:00\",\"author\":{\"@id\":\"https:\/\/www.imovelp.com.br\/blog\/#\/schema\/person\/8fb1cc29840aba4154ec6a52e70be40a\"},\"breadcrumb\":{\"@id\":\"https:\/\/www.imovelp.com.br\/blog\/ia-redefine-trabalho-nas-imobiliarias-e-inaugura-era-dos-funcionarios-digitais\/#breadcrumb\"},\"inLanguage\":\"en-US\",\"potentialAction\":[{\"@type\":\"ReadAction\",\"target\":[\"https:\/\/www.imovelp.com.br\/blog\/ia-redefine-trabalho-nas-imobiliarias-e-inaugura-era-dos-funcionarios-digitais\/\"]}]},{\"@type\":\"BreadcrumbList\",\"@id\":\"https:\/\/www.imovelp.com.br\/blog\/ia-redefine-trabalho-nas-imobiliarias-e-inaugura-era-dos-funcionarios-digitais\/#breadcrumb\",\"itemListElement\":[{\"@type\":\"ListItem\",\"position\":1,\"name\":\"Home\",\"item\":\"https:\/\/www.imovelp.com.br\/blog\/\"},{\"@type\":\"ListItem\",\"position\":2,\"name\":\"IA redefine trabalho nas imobili\u00e1rias e inaugura era dos \u201cfuncion\u00e1rios digitais\u201d\"}]},{\"@type\":\"WebSite\",\"@id\":\"https:\/\/www.imovelp.com.br\/blog\/#website\",\"url\":\"https:\/\/www.imovelp.com.br\/blog\/\",\"name\":\"Jornal Im\u00f3velp\",\"description\":\"Portal de Not\u00edcias do Corretor de Im\u00f3veis\",\"potentialAction\":[{\"@type\":\"SearchAction\",\"target\":{\"@type\":\"EntryPoint\",\"urlTemplate\":\"https:\/\/www.imovelp.com.br\/blog\/?s={search_term_string}\"},\"query-input\":\"required name=search_term_string\"}],\"inLanguage\":\"en-US\"},{\"@type\":\"Person\",\"@id\":\"https:\/\/www.imovelp.com.br\/blog\/#\/schema\/person\/8fb1cc29840aba4154ec6a52e70be40a\",\"name\":\"Marcos Monteiro\",\"image\":{\"@type\":\"ImageObject\",\"inLanguage\":\"en-US\",\"@id\":\"https:\/\/www.imovelp.com.br\/blog\/#\/schema\/person\/image\/\",\"url\":\"https:\/\/secure.gravatar.com\/avatar\/da25bf23c2e75965766176dcd3fc7564?s=96&d=mm&r=g\",\"contentUrl\":\"https:\/\/secure.gravatar.com\/avatar\/da25bf23c2e75965766176dcd3fc7564?s=96&d=mm&r=g\",\"caption\":\"Marcos Monteiro\"},\"url\":\"https:\/\/www.imovelp.com.br\/blog\/author\/redacao-imovelp\/\"}]}<\/script>\n<!-- \/ Yoast SEO plugin. -->","yoast_head_json":{"title":"IA redefine trabalho nas imobili\u00e1rias e inaugura era dos \u201cfuncion\u00e1rios digitais\u201d - Jornal Im\u00f3velp","robots":{"index":"index","follow":"follow","max-snippet":"max-snippet:-1","max-image-preview":"max-image-preview:large","max-video-preview":"max-video-preview:-1"},"canonical":"https:\/\/www.imovelp.com.br\/blog\/ia-redefine-trabalho-nas-imobiliarias-e-inaugura-era-dos-funcionarios-digitais\/","og_locale":"en_US","og_type":"article","og_title":"IA redefine trabalho nas imobili\u00e1rias e inaugura era dos \u201cfuncion\u00e1rios digitais\u201d - Jornal Im\u00f3velp","og_description":"A evolu\u00e7\u00e3o da intelig\u00eancia artificial foi destaque em painel do Conex\u00e3o Imobili\u00e1ria Secovi, que mostrou como agente virtual simboliza a integra\u00e7\u00e3o entre tecnologia e seres humanos \u00a0 O s\u00e9timo painel&hellip;","og_url":"https:\/\/www.imovelp.com.br\/blog\/ia-redefine-trabalho-nas-imobiliarias-e-inaugura-era-dos-funcionarios-digitais\/","og_site_name":"Jornal Im\u00f3velp","article_published_time":"2026-01-11T20:30:04+00:00","author":"Marcos Monteiro","twitter_card":"summary_large_image","twitter_misc":{"Written by":"Marcos Monteiro","Est. reading time":"2 minutes"},"schema":{"@context":"https:\/\/schema.org","@graph":[{"@type":"WebPage","@id":"https:\/\/www.imovelp.com.br\/blog\/ia-redefine-trabalho-nas-imobiliarias-e-inaugura-era-dos-funcionarios-digitais\/","url":"https:\/\/www.imovelp.com.br\/blog\/ia-redefine-trabalho-nas-imobiliarias-e-inaugura-era-dos-funcionarios-digitais\/","name":"IA redefine trabalho nas imobili\u00e1rias e inaugura era dos \u201cfuncion\u00e1rios digitais\u201d - Jornal Im\u00f3velp","isPartOf":{"@id":"https:\/\/www.imovelp.com.br\/blog\/#website"},"datePublished":"2026-01-11T20:30:04+00:00","dateModified":"2026-01-11T20:30:04+00:00","author":{"@id":"https:\/\/www.imovelp.com.br\/blog\/#\/schema\/person\/8fb1cc29840aba4154ec6a52e70be40a"},"breadcrumb":{"@id":"https:\/\/www.imovelp.com.br\/blog\/ia-redefine-trabalho-nas-imobiliarias-e-inaugura-era-dos-funcionarios-digitais\/#breadcrumb"},"inLanguage":"en-US","potentialAction":[{"@type":"ReadAction","target":["https:\/\/www.imovelp.com.br\/blog\/ia-redefine-trabalho-nas-imobiliarias-e-inaugura-era-dos-funcionarios-digitais\/"]}]},{"@type":"BreadcrumbList","@id":"https:\/\/www.imovelp.com.br\/blog\/ia-redefine-trabalho-nas-imobiliarias-e-inaugura-era-dos-funcionarios-digitais\/#breadcrumb","itemListElement":[{"@type":"ListItem","position":1,"name":"Home","item":"https:\/\/www.imovelp.com.br\/blog\/"},{"@type":"ListItem","position":2,"name":"IA redefine trabalho nas imobili\u00e1rias e inaugura era dos \u201cfuncion\u00e1rios digitais\u201d"}]},{"@type":"WebSite","@id":"https:\/\/www.imovelp.com.br\/blog\/#website","url":"https:\/\/www.imovelp.com.br\/blog\/","name":"Jornal Im\u00f3velp","description":"Portal de Not\u00edcias do Corretor de Im\u00f3veis","potentialAction":[{"@type":"SearchAction","target":{"@type":"EntryPoint","urlTemplate":"https:\/\/www.imovelp.com.br\/blog\/?s={search_term_string}"},"query-input":"required name=search_term_string"}],"inLanguage":"en-US"},{"@type":"Person","@id":"https:\/\/www.imovelp.com.br\/blog\/#\/schema\/person\/8fb1cc29840aba4154ec6a52e70be40a","name":"Marcos Monteiro","image":{"@type":"ImageObject","inLanguage":"en-US","@id":"https:\/\/www.imovelp.com.br\/blog\/#\/schema\/person\/image\/","url":"https:\/\/secure.gravatar.com\/avatar\/da25bf23c2e75965766176dcd3fc7564?s=96&d=mm&r=g","contentUrl":"https:\/\/secure.gravatar.com\/avatar\/da25bf23c2e75965766176dcd3fc7564?s=96&d=mm&r=g","caption":"Marcos Monteiro"},"url":"https:\/\/www.imovelp.com.br\/blog\/author\/redacao-imovelp\/"}]}},"_links":{"self":[{"href":"https:\/\/www.imovelp.com.br\/blog\/wp-json\/wp\/v2\/posts\/2637"}],"collection":[{"href":"https:\/\/www.imovelp.com.br\/blog\/wp-json\/wp\/v2\/posts"}],"about":[{"href":"https:\/\/www.imovelp.com.br\/blog\/wp-json\/wp\/v2\/types\/post"}],"author":[{"embeddable":true,"href":"https:\/\/www.imovelp.com.br\/blog\/wp-json\/wp\/v2\/users\/2"}],"replies":[{"embeddable":true,"href":"https:\/\/www.imovelp.com.br\/blog\/wp-json\/wp\/v2\/comments?post=2637"}],"version-history":[{"count":0,"href":"https:\/\/www.imovelp.com.br\/blog\/wp-json\/wp\/v2\/posts\/2637\/revisions"}],"wp:attachment":[{"href":"https:\/\/www.imovelp.com.br\/blog\/wp-json\/wp\/v2\/media?parent=2637"}],"wp:term":[{"taxonomy":"category","embeddable":true,"href":"https:\/\/www.imovelp.com.br\/blog\/wp-json\/wp\/v2\/categories?post=2637"},{"taxonomy":"post_tag","embeddable":true,"href":"https:\/\/www.imovelp.com.br\/blog\/wp-json\/wp\/v2\/tags?post=2637"}],"curies":[{"name":"wp","href":"https:\/\/api.w.org\/{rel}","templated":true}]}}