{"id":2636,"date":"2026-01-09T17:28:53","date_gmt":"2026-01-09T20:28:53","guid":{"rendered":"https:\/\/www.imovelp.com.br\/blog\/a-forca-feminina-que-transforma-o-mercado-imobiliario\/"},"modified":"2026-01-09T17:28:53","modified_gmt":"2026-01-09T20:28:53","slug":"a-forca-feminina-que-transforma-o-mercado-imobiliario","status":"publish","type":"post","link":"https:\/\/www.imovelp.com.br\/blog\/a-forca-feminina-que-transforma-o-mercado-imobiliario\/","title":{"rendered":"A for\u00e7a feminina que transforma o mercado imobili\u00e1rio"},"content":{"rendered":"<p> <br \/>\n<\/p>\n<div>\n<p><em>No Conex\u00e3o Imobili\u00e1ria Secovi-SP, profissionais compartilham experi\u00eancias pessoais e reflex\u00f5es sobre protagonismo, equidade e resili\u00eancia das mulheres no setor<\/em><\/p>\n<p>\u00a0<\/p>\n<p>\u201cHist\u00f3rias de supera\u00e7\u00e3o: a for\u00e7a feminina que transforma o imobili\u00e1rio\u201d, realizado no Conex\u00e3o Imobili\u00e1ria Secovi-SP, trouxe reflex\u00e3o ao p\u00fablico trazendo relatos inspiradores de mulheres que t\u00eam transformado o mercado com coragem, prop\u00f3sito e lideran\u00e7a. Mediado por Danielly Cardoso, membro da diretoria de Intermedia\u00e7\u00e3o Imobili\u00e1ria e Marketing do Secovi-SP, o encontro contou com as participa\u00e7\u00f5es de Roseli Hernandes, tamb\u00e9m diretora da entidade, Elisa Rosenthal, fundadora do Instituto Mulheres do Imobili\u00e1rio, e Sandra Canellas, corretora e especialista em im\u00f3veis de alto padr\u00e3o e luxo.<\/p>\n<p>Logo na abertura, Danielly destacou a import\u00e2ncia do tema e provocou a plateia feminina presente: \u201cHoje \u00e9 dia de celebrarmos as hist\u00f3rias de supera\u00e7\u00e3o que nos conectam. Essas mulheres representam tantas outras que, com garra e talento, ocupam o espa\u00e7o que merecem no mercado imobili\u00e1rio.\u201d<\/p>\n<p>A primeira fala foi de Roseli Hernandes, que compartilhou uma trajet\u00f3ria marcada por desafios e conquistas. \u201cEu vim de uma fam\u00edlia simples, comecei a trabalhar aos 14 anos e encontrei no mercado imobili\u00e1rio a chance de transformar a minha vida. O pre\u00e7o foi alto, a dist\u00e2ncia das filhas, o esfor\u00e7o dobrado, mas o retorno valeu cada sacrif\u00edcio\u201d, contou, emocionando o p\u00fablico. Ela tamb\u00e9m destacou a import\u00e2ncia do estudo e da dedica\u00e7\u00e3o para quem deseja prosperar: \u201c\u00c9 poss\u00edvel ter uma carreira longa e s\u00f3lida no setor, desde que voc\u00ea se reinvente, estude e acompanhe as mudan\u00e7as do mercado.\u201d<\/p>\n<p>Elisa Rosenthal trouxe uma reflex\u00e3o sobre o papel das mulheres na transforma\u00e7\u00e3o do setor. \u201cHoje as mulheres representam mais de 40% dos profissionais da intermedia\u00e7\u00e3o, mas a influ\u00eancia delas \u00e9 muito maior. Em muitos times, as l\u00edderes em vendas e gest\u00e3o s\u00e3o mulheres, e n\u00f3s somos tamb\u00e9m as principais decisoras de compra de im\u00f3veis no pa\u00eds\u201d, afirmou. A fundadora do Instituto Mulheres do Imobili\u00e1rio lembrou ainda as dificuldades enfrentadas para manter o projeto ativo: \u201cPor muito tempo, o Instituto foi sustentado com recursos pr\u00f3prios, porque eu acreditava no prop\u00f3sito de criar uma rede de apoio e visibilidade para as mulheres do setor. Esse \u00e9 o pre\u00e7o de quem acredita em um ideal.\u201d<\/p>\n<p>J\u00e1 Sandra Canellas compartilhou sua vis\u00e3o sobre o crescimento feminino no mercado e as mudan\u00e7as de percep\u00e7\u00e3o ao longo dos anos. \u201cQuando comecei, tinha vergonha de dizer que era corretora. Hoje tenho orgulho e vejo que somos parte essencial da economia nacional. Trabalhamos com profissionalismo e representamos a segunda profiss\u00e3o mais desejada do Brasil\u201d, declarou. Sandra destacou ainda a import\u00e2ncia da autoconfian\u00e7a e do protagonismo: \u201cA mulher precisa se enxergar como protagonista. Muitas vezes, ela mesma se coloca em segundo plano, mas o espa\u00e7o \u00e9 nosso \u2014 basta querer ocup\u00e1-lo.\u201d<\/p>\n<p>O debate tamb\u00e9m abordou temas como equidade de g\u00eanero, capacita\u00e7\u00e3o profissional e divis\u00e3o de responsabilidades familiares. Elisa refor\u00e7ou a necessidade de repensar pap\u00e9is sociais e institucionais: \u201cEnquanto a licen\u00e7a maternidade \u00e9 de 120 dias e a paternidade mal chega a 20, ainda estamos longe da equidade real. Precisamos mudar a cultura, e isso come\u00e7a dentro de casa, com a educa\u00e7\u00e3o dos nossos filhos.\u201d<\/p>\n<p>Encerrando o painel, Danielly sintetizou o esp\u00edrito da conversa: \u201cEssas hist\u00f3rias mostram que o sucesso feminino no mercado imobili\u00e1rio \u00e9 fruto de esfor\u00e7o, compet\u00eancia e prop\u00f3sito. N\u00e3o se trata de g\u00eanero, mas de excel\u00eancia.\u201d<\/p>\n<\/p><\/div>\n<p><script>\n  !function(f,b,e,v,n,t,s)\n  {if(f.fbq)return;n=f.fbq=function(){n.callMethod?\n  n.callMethod.apply(n,arguments):n.queue.push(arguments)};\n  if(!f._fbq)f._fbq=n;n.push=n;n.loaded=!0;n.version='2.0';\n  n.queue=[];t=b.createElement(e);t.async=!0;\n  t.src=v;s=b.getElementsByTagName(e)[0];\n  s.parentNode.insertBefore(t,s)}(window, document,'script',\n  'https:\/\/connect.facebook.net\/en_US\/fbevents.js');\n  fbq('init', '780597760435075');\n  fbq('track', 'PageView');\n<\/script><br \/>\n<br \/><br \/>\n<br \/>Fonte:<a href=\"https:\/\/secovi.com.br\/a-forca-feminina-que-transforma-o-mercado-imobiliario\/\">Secovi <\/a><\/p>\n","protected":false},"excerpt":{"rendered":"<p>No Conex\u00e3o Imobili\u00e1ria Secovi-SP, profissionais compartilham experi\u00eancias pessoais e reflex\u00f5es sobre protagonismo, equidade e resili\u00eancia das mulheres no setor \u00a0 \u201cHist\u00f3rias de supera\u00e7\u00e3o: a for\u00e7a feminina que transforma o imobili\u00e1rio\u201d,&hellip; <\/p>\n","protected":false},"author":2,"featured_media":0,"comment_status":"open","ping_status":"open","sticky":false,"template":"","format":"standard","meta":{"footnotes":""},"categories":[5,7],"tags":[],"yoast_head":"<!-- This site is optimized with the Yoast SEO plugin v21.5 - https:\/\/yoast.com\/wordpress\/plugins\/seo\/ -->\n<title>A for\u00e7a feminina que transforma o mercado imobili\u00e1rio - Jornal Im\u00f3velp<\/title>\n<meta name=\"robots\" content=\"index, follow, max-snippet:-1, max-image-preview:large, max-video-preview:-1\" \/>\n<link rel=\"canonical\" href=\"https:\/\/www.imovelp.com.br\/blog\/a-forca-feminina-que-transforma-o-mercado-imobiliario\/\" \/>\n<meta property=\"og:locale\" content=\"en_US\" \/>\n<meta property=\"og:type\" content=\"article\" \/>\n<meta property=\"og:title\" content=\"A for\u00e7a feminina que transforma o mercado imobili\u00e1rio - Jornal Im\u00f3velp\" \/>\n<meta property=\"og:description\" content=\"No Conex\u00e3o Imobili\u00e1ria Secovi-SP, profissionais compartilham experi\u00eancias pessoais e reflex\u00f5es sobre protagonismo, equidade e resili\u00eancia das mulheres no setor \u00a0 \u201cHist\u00f3rias de supera\u00e7\u00e3o: a for\u00e7a feminina que transforma o imobili\u00e1rio\u201d,&hellip;\" \/>\n<meta property=\"og:url\" content=\"https:\/\/www.imovelp.com.br\/blog\/a-forca-feminina-que-transforma-o-mercado-imobiliario\/\" \/>\n<meta property=\"og:site_name\" content=\"Jornal Im\u00f3velp\" \/>\n<meta property=\"article:published_time\" content=\"2026-01-09T20:28:53+00:00\" \/>\n<meta name=\"author\" content=\"Marcos Monteiro\" \/>\n<meta name=\"twitter:card\" content=\"summary_large_image\" \/>\n<meta name=\"twitter:label1\" content=\"Written by\" \/>\n\t<meta name=\"twitter:data1\" content=\"Marcos Monteiro\" \/>\n\t<meta name=\"twitter:label2\" content=\"Est. reading time\" \/>\n\t<meta name=\"twitter:data2\" content=\"3 minutes\" \/>\n<script type=\"application\/ld+json\" class=\"yoast-schema-graph\">{\"@context\":\"https:\/\/schema.org\",\"@graph\":[{\"@type\":\"WebPage\",\"@id\":\"https:\/\/www.imovelp.com.br\/blog\/a-forca-feminina-que-transforma-o-mercado-imobiliario\/\",\"url\":\"https:\/\/www.imovelp.com.br\/blog\/a-forca-feminina-que-transforma-o-mercado-imobiliario\/\",\"name\":\"A for\u00e7a feminina que transforma o mercado imobili\u00e1rio - Jornal Im\u00f3velp\",\"isPartOf\":{\"@id\":\"https:\/\/www.imovelp.com.br\/blog\/#website\"},\"datePublished\":\"2026-01-09T20:28:53+00:00\",\"dateModified\":\"2026-01-09T20:28:53+00:00\",\"author\":{\"@id\":\"https:\/\/www.imovelp.com.br\/blog\/#\/schema\/person\/8fb1cc29840aba4154ec6a52e70be40a\"},\"breadcrumb\":{\"@id\":\"https:\/\/www.imovelp.com.br\/blog\/a-forca-feminina-que-transforma-o-mercado-imobiliario\/#breadcrumb\"},\"inLanguage\":\"en-US\",\"potentialAction\":[{\"@type\":\"ReadAction\",\"target\":[\"https:\/\/www.imovelp.com.br\/blog\/a-forca-feminina-que-transforma-o-mercado-imobiliario\/\"]}]},{\"@type\":\"BreadcrumbList\",\"@id\":\"https:\/\/www.imovelp.com.br\/blog\/a-forca-feminina-que-transforma-o-mercado-imobiliario\/#breadcrumb\",\"itemListElement\":[{\"@type\":\"ListItem\",\"position\":1,\"name\":\"Home\",\"item\":\"https:\/\/www.imovelp.com.br\/blog\/\"},{\"@type\":\"ListItem\",\"position\":2,\"name\":\"A for\u00e7a feminina que transforma o mercado imobili\u00e1rio\"}]},{\"@type\":\"WebSite\",\"@id\":\"https:\/\/www.imovelp.com.br\/blog\/#website\",\"url\":\"https:\/\/www.imovelp.com.br\/blog\/\",\"name\":\"Jornal Im\u00f3velp\",\"description\":\"Portal de Not\u00edcias do Corretor de Im\u00f3veis\",\"potentialAction\":[{\"@type\":\"SearchAction\",\"target\":{\"@type\":\"EntryPoint\",\"urlTemplate\":\"https:\/\/www.imovelp.com.br\/blog\/?s={search_term_string}\"},\"query-input\":\"required name=search_term_string\"}],\"inLanguage\":\"en-US\"},{\"@type\":\"Person\",\"@id\":\"https:\/\/www.imovelp.com.br\/blog\/#\/schema\/person\/8fb1cc29840aba4154ec6a52e70be40a\",\"name\":\"Marcos Monteiro\",\"image\":{\"@type\":\"ImageObject\",\"inLanguage\":\"en-US\",\"@id\":\"https:\/\/www.imovelp.com.br\/blog\/#\/schema\/person\/image\/\",\"url\":\"https:\/\/secure.gravatar.com\/avatar\/da25bf23c2e75965766176dcd3fc7564?s=96&d=mm&r=g\",\"contentUrl\":\"https:\/\/secure.gravatar.com\/avatar\/da25bf23c2e75965766176dcd3fc7564?s=96&d=mm&r=g\",\"caption\":\"Marcos Monteiro\"},\"url\":\"https:\/\/www.imovelp.com.br\/blog\/author\/redacao-imovelp\/\"}]}<\/script>\n<!-- \/ Yoast SEO plugin. -->","yoast_head_json":{"title":"A for\u00e7a feminina que transforma o mercado imobili\u00e1rio - Jornal Im\u00f3velp","robots":{"index":"index","follow":"follow","max-snippet":"max-snippet:-1","max-image-preview":"max-image-preview:large","max-video-preview":"max-video-preview:-1"},"canonical":"https:\/\/www.imovelp.com.br\/blog\/a-forca-feminina-que-transforma-o-mercado-imobiliario\/","og_locale":"en_US","og_type":"article","og_title":"A for\u00e7a feminina que transforma o mercado imobili\u00e1rio - Jornal Im\u00f3velp","og_description":"No Conex\u00e3o Imobili\u00e1ria Secovi-SP, profissionais compartilham experi\u00eancias pessoais e reflex\u00f5es sobre protagonismo, equidade e resili\u00eancia das mulheres no setor \u00a0 \u201cHist\u00f3rias de supera\u00e7\u00e3o: a for\u00e7a feminina que transforma o imobili\u00e1rio\u201d,&hellip;","og_url":"https:\/\/www.imovelp.com.br\/blog\/a-forca-feminina-que-transforma-o-mercado-imobiliario\/","og_site_name":"Jornal Im\u00f3velp","article_published_time":"2026-01-09T20:28:53+00:00","author":"Marcos Monteiro","twitter_card":"summary_large_image","twitter_misc":{"Written by":"Marcos Monteiro","Est. reading time":"3 minutes"},"schema":{"@context":"https:\/\/schema.org","@graph":[{"@type":"WebPage","@id":"https:\/\/www.imovelp.com.br\/blog\/a-forca-feminina-que-transforma-o-mercado-imobiliario\/","url":"https:\/\/www.imovelp.com.br\/blog\/a-forca-feminina-que-transforma-o-mercado-imobiliario\/","name":"A for\u00e7a feminina que transforma o mercado imobili\u00e1rio - Jornal Im\u00f3velp","isPartOf":{"@id":"https:\/\/www.imovelp.com.br\/blog\/#website"},"datePublished":"2026-01-09T20:28:53+00:00","dateModified":"2026-01-09T20:28:53+00:00","author":{"@id":"https:\/\/www.imovelp.com.br\/blog\/#\/schema\/person\/8fb1cc29840aba4154ec6a52e70be40a"},"breadcrumb":{"@id":"https:\/\/www.imovelp.com.br\/blog\/a-forca-feminina-que-transforma-o-mercado-imobiliario\/#breadcrumb"},"inLanguage":"en-US","potentialAction":[{"@type":"ReadAction","target":["https:\/\/www.imovelp.com.br\/blog\/a-forca-feminina-que-transforma-o-mercado-imobiliario\/"]}]},{"@type":"BreadcrumbList","@id":"https:\/\/www.imovelp.com.br\/blog\/a-forca-feminina-que-transforma-o-mercado-imobiliario\/#breadcrumb","itemListElement":[{"@type":"ListItem","position":1,"name":"Home","item":"https:\/\/www.imovelp.com.br\/blog\/"},{"@type":"ListItem","position":2,"name":"A for\u00e7a feminina que transforma o mercado imobili\u00e1rio"}]},{"@type":"WebSite","@id":"https:\/\/www.imovelp.com.br\/blog\/#website","url":"https:\/\/www.imovelp.com.br\/blog\/","name":"Jornal Im\u00f3velp","description":"Portal de Not\u00edcias do Corretor de Im\u00f3veis","potentialAction":[{"@type":"SearchAction","target":{"@type":"EntryPoint","urlTemplate":"https:\/\/www.imovelp.com.br\/blog\/?s={search_term_string}"},"query-input":"required name=search_term_string"}],"inLanguage":"en-US"},{"@type":"Person","@id":"https:\/\/www.imovelp.com.br\/blog\/#\/schema\/person\/8fb1cc29840aba4154ec6a52e70be40a","name":"Marcos Monteiro","image":{"@type":"ImageObject","inLanguage":"en-US","@id":"https:\/\/www.imovelp.com.br\/blog\/#\/schema\/person\/image\/","url":"https:\/\/secure.gravatar.com\/avatar\/da25bf23c2e75965766176dcd3fc7564?s=96&d=mm&r=g","contentUrl":"https:\/\/secure.gravatar.com\/avatar\/da25bf23c2e75965766176dcd3fc7564?s=96&d=mm&r=g","caption":"Marcos Monteiro"},"url":"https:\/\/www.imovelp.com.br\/blog\/author\/redacao-imovelp\/"}]}},"_links":{"self":[{"href":"https:\/\/www.imovelp.com.br\/blog\/wp-json\/wp\/v2\/posts\/2636"}],"collection":[{"href":"https:\/\/www.imovelp.com.br\/blog\/wp-json\/wp\/v2\/posts"}],"about":[{"href":"https:\/\/www.imovelp.com.br\/blog\/wp-json\/wp\/v2\/types\/post"}],"author":[{"embeddable":true,"href":"https:\/\/www.imovelp.com.br\/blog\/wp-json\/wp\/v2\/users\/2"}],"replies":[{"embeddable":true,"href":"https:\/\/www.imovelp.com.br\/blog\/wp-json\/wp\/v2\/comments?post=2636"}],"version-history":[{"count":0,"href":"https:\/\/www.imovelp.com.br\/blog\/wp-json\/wp\/v2\/posts\/2636\/revisions"}],"wp:attachment":[{"href":"https:\/\/www.imovelp.com.br\/blog\/wp-json\/wp\/v2\/media?parent=2636"}],"wp:term":[{"taxonomy":"category","embeddable":true,"href":"https:\/\/www.imovelp.com.br\/blog\/wp-json\/wp\/v2\/categories?post=2636"},{"taxonomy":"post_tag","embeddable":true,"href":"https:\/\/www.imovelp.com.br\/blog\/wp-json\/wp\/v2\/tags?post=2636"}],"curies":[{"name":"wp","href":"https:\/\/api.w.org\/{rel}","templated":true}]}}