{"id":2635,"date":"2026-01-07T17:27:45","date_gmt":"2026-01-07T20:27:45","guid":{"rendered":"https:\/\/www.imovelp.com.br\/blog\/tecnologia-e-experiencia-o-digital-e-as-relacoes-no-mercado-imobiliario\/"},"modified":"2026-01-07T17:27:45","modified_gmt":"2026-01-07T20:27:45","slug":"tecnologia-e-experiencia-o-digital-e-as-relacoes-no-mercado-imobiliario","status":"publish","type":"post","link":"https:\/\/www.imovelp.com.br\/blog\/tecnologia-e-experiencia-o-digital-e-as-relacoes-no-mercado-imobiliario\/","title":{"rendered":"Tecnologia e experi\u00eancia: o digital e as rela\u00e7\u00f5es no mercado imobili\u00e1rio"},"content":{"rendered":"<p> <br \/>\n<\/p>\n<div>\n<p><em>A inova\u00e7\u00e3o tecnol\u00f3gica como aliada da rentabilidade, efici\u00eancia e encantamento do cliente no setor pautou painel do Conex\u00e3o Imobili\u00e1ria Secovi-SP<\/em><\/p>\n<p>\u00a0<\/p>\n<p>O painel \u201cTecnologia que transforma rela\u00e7\u00f5es\u201d, apresentado por Wilson Morais Jr., Head de Value Creation para imobili\u00e1rias no Grupo Superl\u00f3gica, abordou de forma provocativa e inspiradora o impacto da tecnologia na experi\u00eancia do cliente e na transforma\u00e7\u00e3o das opera\u00e7\u00f5es imobili\u00e1rias. O palestrante convidou o p\u00fablico a sair da zona de conforto e refletir sobre o papel das empresas\u00a0em um setor que, segundo ele, \u201crepresenta mais de 10% do PIB brasileiro e ainda tem um enorme potencial de profissionaliza\u00e7\u00e3o e crescimento\u201d.<\/p>\n<p>Logo no in\u00edcio, Wilson contextualizou o cen\u00e1rio atual de mudan\u00e7as aceleradas: \u201cO analfabeto do s\u00e9culo XXI n\u00e3o \u00e9 mais quem n\u00e3o sabe ler e escrever, mas quem n\u00e3o sabe aprender, desaprender e reaprender\u201d, citou, destacando que o processo de transforma\u00e7\u00e3o n\u00e3o \u00e9 apenas tecnol\u00f3gico, mas tamb\u00e9m humano. Ele contou que sua miss\u00e3o na Superl\u00f3gica \u00e9 \u201cgarantir que as imobili\u00e1rias extraiam o m\u00e1ximo de valor poss\u00edvel da tecnologia\u201d e enfatizou que o desafio do mercado est\u00e1 em equilibrar tr\u00eas pilares: aumentar receita, controlar custos e encantar o cliente.<\/p>\n<p>Segundo o executivo, a tecnologia \u00e9 o fio condutor que conecta esses objetivos. \u201cA intelig\u00eancia artificial, a automa\u00e7\u00e3o de processos e a an\u00e1lise de dados n\u00e3o vieram para substituir o corretor, mas para ampliar sua capacidade de atua\u00e7\u00e3o\u201d, explicou. Para ilustrar, citou o exemplo da Superl\u00f3gica, que atua com ferramentas integradas de gest\u00e3o, relacionamento e performance. \u201cA tecnologia s\u00f3 faz sentido quando melhora a vida das pessoas. Se n\u00e3o gera valor, n\u00e3o \u00e9 inova\u00e7\u00e3o \u2014 \u00e9 s\u00f3 complexidade\u201d, afirmou.<\/p>\n<p>O palestrante tamb\u00e9m destacou que o grande diferencial competitivo das imobili\u00e1rias est\u00e1 em transformar o intang\u00edvel em experi\u00eancia percept\u00edvel. \u201cUm bom atendimento n\u00e3o \u00e9 mais suficiente. \u00c9 preciso tangibilizar o valor entregue: cumprir prazos, garantir transpar\u00eancia, oferecer agilidade real. Isso \u00e9 o que constr\u00f3i confian\u00e7a e fideliza o cliente\u201d, defendeu. Ele lembrou que, hoje, a decis\u00e3o do consumidor \u00e9 influenciada n\u00e3o apenas pelo pre\u00e7o, mas pela qualidade da jornada \u2014 do primeiro contato digital ao p\u00f3s-venda.<\/p>\n<p>Para ele, vivemos \u201ca era da experi\u00eancia\u201d, em que cada intera\u00e7\u00e3o conta. \u201cQuando um cliente entra no site, conversa com o corretor ou recebe o contrato digital, ele est\u00e1 interagindo com a sua marca. O que ele sente nesse processo \u00e9 o que define a percep\u00e7\u00e3o de valor\u201d, disse. O palestrante comparou o setor a outros mercados que evolu\u00edram com base na experi\u00eancia, como o varejo e os servi\u00e7os de beleza: \u201cCortar o cabelo ou comprar um im\u00f3vel n\u00e3o \u00e9 s\u00f3 transa\u00e7\u00e3o \u2014 \u00e9 emo\u00e7\u00e3o. O cliente quer ser acolhido, entendido e surpreendido\u201d.<\/p>\n<p>Ao concluir, Wilson refor\u00e7ou que o futuro das imobili\u00e1rias ser\u00e1 determinado pela capacidade de unir humaniza\u00e7\u00e3o e tecnologia. \u201cA tecnologia transforma rela\u00e7\u00f5es porque reduz atritos, d\u00e1 escala e amplia possibilidades. Mas quem faz a diferen\u00e7a continua sendo o ser humano por tr\u00e1s da tela\u201d, afirmou.<\/p>\n<\/p><\/div>\n<p><script>\n  !function(f,b,e,v,n,t,s)\n  {if(f.fbq)return;n=f.fbq=function(){n.callMethod?\n  n.callMethod.apply(n,arguments):n.queue.push(arguments)};\n  if(!f._fbq)f._fbq=n;n.push=n;n.loaded=!0;n.version='2.0';\n  n.queue=[];t=b.createElement(e);t.async=!0;\n  t.src=v;s=b.getElementsByTagName(e)[0];\n  s.parentNode.insertBefore(t,s)}(window, document,'script',\n  'https:\/\/connect.facebook.net\/en_US\/fbevents.js');\n  fbq('init', '780597760435075');\n  fbq('track', 'PageView');\n<\/script><br \/>\n<br \/><br \/>\n<br \/>Fonte:<a href=\"https:\/\/secovi.com.br\/tecnologia-e-experiencia-o-digital-e-as-relacoes-no-mercado-imobiliario\/\">Secovi <\/a><\/p>\n","protected":false},"excerpt":{"rendered":"<p>A inova\u00e7\u00e3o tecnol\u00f3gica como aliada da rentabilidade, efici\u00eancia e encantamento do cliente no setor pautou painel do Conex\u00e3o Imobili\u00e1ria Secovi-SP \u00a0 O painel \u201cTecnologia que transforma rela\u00e7\u00f5es\u201d, apresentado por Wilson&hellip; <\/p>\n","protected":false},"author":2,"featured_media":0,"comment_status":"open","ping_status":"open","sticky":false,"template":"","format":"standard","meta":{"footnotes":""},"categories":[5,7],"tags":[],"yoast_head":"<!-- This site is optimized with the Yoast SEO plugin v21.5 - https:\/\/yoast.com\/wordpress\/plugins\/seo\/ -->\n<title>Tecnologia e experi\u00eancia: o digital e as rela\u00e7\u00f5es no mercado imobili\u00e1rio - Jornal Im\u00f3velp<\/title>\n<meta name=\"robots\" content=\"index, follow, max-snippet:-1, max-image-preview:large, max-video-preview:-1\" \/>\n<link rel=\"canonical\" href=\"https:\/\/www.imovelp.com.br\/blog\/tecnologia-e-experiencia-o-digital-e-as-relacoes-no-mercado-imobiliario\/\" \/>\n<meta property=\"og:locale\" content=\"en_US\" \/>\n<meta property=\"og:type\" content=\"article\" \/>\n<meta property=\"og:title\" content=\"Tecnologia e experi\u00eancia: o digital e as rela\u00e7\u00f5es no mercado imobili\u00e1rio - Jornal Im\u00f3velp\" \/>\n<meta property=\"og:description\" content=\"A inova\u00e7\u00e3o tecnol\u00f3gica como aliada da rentabilidade, efici\u00eancia e encantamento do cliente no setor pautou painel do Conex\u00e3o Imobili\u00e1ria Secovi-SP \u00a0 O painel \u201cTecnologia que transforma rela\u00e7\u00f5es\u201d, apresentado por Wilson&hellip;\" \/>\n<meta property=\"og:url\" content=\"https:\/\/www.imovelp.com.br\/blog\/tecnologia-e-experiencia-o-digital-e-as-relacoes-no-mercado-imobiliario\/\" \/>\n<meta property=\"og:site_name\" content=\"Jornal Im\u00f3velp\" \/>\n<meta property=\"article:published_time\" content=\"2026-01-07T20:27:45+00:00\" \/>\n<meta name=\"author\" content=\"Marcos Monteiro\" \/>\n<meta name=\"twitter:card\" content=\"summary_large_image\" \/>\n<meta name=\"twitter:label1\" content=\"Written by\" \/>\n\t<meta name=\"twitter:data1\" content=\"Marcos Monteiro\" \/>\n\t<meta name=\"twitter:label2\" content=\"Est. reading time\" \/>\n\t<meta name=\"twitter:data2\" content=\"3 minutes\" \/>\n<script type=\"application\/ld+json\" class=\"yoast-schema-graph\">{\"@context\":\"https:\/\/schema.org\",\"@graph\":[{\"@type\":\"WebPage\",\"@id\":\"https:\/\/www.imovelp.com.br\/blog\/tecnologia-e-experiencia-o-digital-e-as-relacoes-no-mercado-imobiliario\/\",\"url\":\"https:\/\/www.imovelp.com.br\/blog\/tecnologia-e-experiencia-o-digital-e-as-relacoes-no-mercado-imobiliario\/\",\"name\":\"Tecnologia e experi\u00eancia: o digital e as rela\u00e7\u00f5es no mercado imobili\u00e1rio - Jornal Im\u00f3velp\",\"isPartOf\":{\"@id\":\"https:\/\/www.imovelp.com.br\/blog\/#website\"},\"datePublished\":\"2026-01-07T20:27:45+00:00\",\"dateModified\":\"2026-01-07T20:27:45+00:00\",\"author\":{\"@id\":\"https:\/\/www.imovelp.com.br\/blog\/#\/schema\/person\/8fb1cc29840aba4154ec6a52e70be40a\"},\"breadcrumb\":{\"@id\":\"https:\/\/www.imovelp.com.br\/blog\/tecnologia-e-experiencia-o-digital-e-as-relacoes-no-mercado-imobiliario\/#breadcrumb\"},\"inLanguage\":\"en-US\",\"potentialAction\":[{\"@type\":\"ReadAction\",\"target\":[\"https:\/\/www.imovelp.com.br\/blog\/tecnologia-e-experiencia-o-digital-e-as-relacoes-no-mercado-imobiliario\/\"]}]},{\"@type\":\"BreadcrumbList\",\"@id\":\"https:\/\/www.imovelp.com.br\/blog\/tecnologia-e-experiencia-o-digital-e-as-relacoes-no-mercado-imobiliario\/#breadcrumb\",\"itemListElement\":[{\"@type\":\"ListItem\",\"position\":1,\"name\":\"Home\",\"item\":\"https:\/\/www.imovelp.com.br\/blog\/\"},{\"@type\":\"ListItem\",\"position\":2,\"name\":\"Tecnologia e experi\u00eancia: o digital e as rela\u00e7\u00f5es no mercado imobili\u00e1rio\"}]},{\"@type\":\"WebSite\",\"@id\":\"https:\/\/www.imovelp.com.br\/blog\/#website\",\"url\":\"https:\/\/www.imovelp.com.br\/blog\/\",\"name\":\"Jornal Im\u00f3velp\",\"description\":\"Portal de Not\u00edcias do Corretor de Im\u00f3veis\",\"potentialAction\":[{\"@type\":\"SearchAction\",\"target\":{\"@type\":\"EntryPoint\",\"urlTemplate\":\"https:\/\/www.imovelp.com.br\/blog\/?s={search_term_string}\"},\"query-input\":\"required name=search_term_string\"}],\"inLanguage\":\"en-US\"},{\"@type\":\"Person\",\"@id\":\"https:\/\/www.imovelp.com.br\/blog\/#\/schema\/person\/8fb1cc29840aba4154ec6a52e70be40a\",\"name\":\"Marcos Monteiro\",\"image\":{\"@type\":\"ImageObject\",\"inLanguage\":\"en-US\",\"@id\":\"https:\/\/www.imovelp.com.br\/blog\/#\/schema\/person\/image\/\",\"url\":\"https:\/\/secure.gravatar.com\/avatar\/da25bf23c2e75965766176dcd3fc7564?s=96&d=mm&r=g\",\"contentUrl\":\"https:\/\/secure.gravatar.com\/avatar\/da25bf23c2e75965766176dcd3fc7564?s=96&d=mm&r=g\",\"caption\":\"Marcos Monteiro\"},\"url\":\"https:\/\/www.imovelp.com.br\/blog\/author\/redacao-imovelp\/\"}]}<\/script>\n<!-- \/ Yoast SEO plugin. -->","yoast_head_json":{"title":"Tecnologia e experi\u00eancia: o digital e as rela\u00e7\u00f5es no mercado imobili\u00e1rio - Jornal Im\u00f3velp","robots":{"index":"index","follow":"follow","max-snippet":"max-snippet:-1","max-image-preview":"max-image-preview:large","max-video-preview":"max-video-preview:-1"},"canonical":"https:\/\/www.imovelp.com.br\/blog\/tecnologia-e-experiencia-o-digital-e-as-relacoes-no-mercado-imobiliario\/","og_locale":"en_US","og_type":"article","og_title":"Tecnologia e experi\u00eancia: o digital e as rela\u00e7\u00f5es no mercado imobili\u00e1rio - Jornal Im\u00f3velp","og_description":"A inova\u00e7\u00e3o tecnol\u00f3gica como aliada da rentabilidade, efici\u00eancia e encantamento do cliente no setor pautou painel do Conex\u00e3o Imobili\u00e1ria Secovi-SP \u00a0 O painel \u201cTecnologia que transforma rela\u00e7\u00f5es\u201d, apresentado por Wilson&hellip;","og_url":"https:\/\/www.imovelp.com.br\/blog\/tecnologia-e-experiencia-o-digital-e-as-relacoes-no-mercado-imobiliario\/","og_site_name":"Jornal Im\u00f3velp","article_published_time":"2026-01-07T20:27:45+00:00","author":"Marcos Monteiro","twitter_card":"summary_large_image","twitter_misc":{"Written by":"Marcos Monteiro","Est. reading time":"3 minutes"},"schema":{"@context":"https:\/\/schema.org","@graph":[{"@type":"WebPage","@id":"https:\/\/www.imovelp.com.br\/blog\/tecnologia-e-experiencia-o-digital-e-as-relacoes-no-mercado-imobiliario\/","url":"https:\/\/www.imovelp.com.br\/blog\/tecnologia-e-experiencia-o-digital-e-as-relacoes-no-mercado-imobiliario\/","name":"Tecnologia e experi\u00eancia: o digital e as rela\u00e7\u00f5es no mercado imobili\u00e1rio - Jornal Im\u00f3velp","isPartOf":{"@id":"https:\/\/www.imovelp.com.br\/blog\/#website"},"datePublished":"2026-01-07T20:27:45+00:00","dateModified":"2026-01-07T20:27:45+00:00","author":{"@id":"https:\/\/www.imovelp.com.br\/blog\/#\/schema\/person\/8fb1cc29840aba4154ec6a52e70be40a"},"breadcrumb":{"@id":"https:\/\/www.imovelp.com.br\/blog\/tecnologia-e-experiencia-o-digital-e-as-relacoes-no-mercado-imobiliario\/#breadcrumb"},"inLanguage":"en-US","potentialAction":[{"@type":"ReadAction","target":["https:\/\/www.imovelp.com.br\/blog\/tecnologia-e-experiencia-o-digital-e-as-relacoes-no-mercado-imobiliario\/"]}]},{"@type":"BreadcrumbList","@id":"https:\/\/www.imovelp.com.br\/blog\/tecnologia-e-experiencia-o-digital-e-as-relacoes-no-mercado-imobiliario\/#breadcrumb","itemListElement":[{"@type":"ListItem","position":1,"name":"Home","item":"https:\/\/www.imovelp.com.br\/blog\/"},{"@type":"ListItem","position":2,"name":"Tecnologia e experi\u00eancia: o digital e as rela\u00e7\u00f5es no mercado imobili\u00e1rio"}]},{"@type":"WebSite","@id":"https:\/\/www.imovelp.com.br\/blog\/#website","url":"https:\/\/www.imovelp.com.br\/blog\/","name":"Jornal Im\u00f3velp","description":"Portal de Not\u00edcias do Corretor de Im\u00f3veis","potentialAction":[{"@type":"SearchAction","target":{"@type":"EntryPoint","urlTemplate":"https:\/\/www.imovelp.com.br\/blog\/?s={search_term_string}"},"query-input":"required name=search_term_string"}],"inLanguage":"en-US"},{"@type":"Person","@id":"https:\/\/www.imovelp.com.br\/blog\/#\/schema\/person\/8fb1cc29840aba4154ec6a52e70be40a","name":"Marcos Monteiro","image":{"@type":"ImageObject","inLanguage":"en-US","@id":"https:\/\/www.imovelp.com.br\/blog\/#\/schema\/person\/image\/","url":"https:\/\/secure.gravatar.com\/avatar\/da25bf23c2e75965766176dcd3fc7564?s=96&d=mm&r=g","contentUrl":"https:\/\/secure.gravatar.com\/avatar\/da25bf23c2e75965766176dcd3fc7564?s=96&d=mm&r=g","caption":"Marcos Monteiro"},"url":"https:\/\/www.imovelp.com.br\/blog\/author\/redacao-imovelp\/"}]}},"_links":{"self":[{"href":"https:\/\/www.imovelp.com.br\/blog\/wp-json\/wp\/v2\/posts\/2635"}],"collection":[{"href":"https:\/\/www.imovelp.com.br\/blog\/wp-json\/wp\/v2\/posts"}],"about":[{"href":"https:\/\/www.imovelp.com.br\/blog\/wp-json\/wp\/v2\/types\/post"}],"author":[{"embeddable":true,"href":"https:\/\/www.imovelp.com.br\/blog\/wp-json\/wp\/v2\/users\/2"}],"replies":[{"embeddable":true,"href":"https:\/\/www.imovelp.com.br\/blog\/wp-json\/wp\/v2\/comments?post=2635"}],"version-history":[{"count":0,"href":"https:\/\/www.imovelp.com.br\/blog\/wp-json\/wp\/v2\/posts\/2635\/revisions"}],"wp:attachment":[{"href":"https:\/\/www.imovelp.com.br\/blog\/wp-json\/wp\/v2\/media?parent=2635"}],"wp:term":[{"taxonomy":"category","embeddable":true,"href":"https:\/\/www.imovelp.com.br\/blog\/wp-json\/wp\/v2\/categories?post=2635"},{"taxonomy":"post_tag","embeddable":true,"href":"https:\/\/www.imovelp.com.br\/blog\/wp-json\/wp\/v2\/tags?post=2635"}],"curies":[{"name":"wp","href":"https:\/\/api.w.org\/{rel}","templated":true}]}}