{"id":2634,"date":"2026-01-05T17:27:04","date_gmt":"2026-01-05T20:27:04","guid":{"rendered":"https:\/\/www.imovelp.com.br\/blog\/a-ciencia-por-tras-do-fechamento-de-negocios-imobiliarios\/"},"modified":"2026-01-05T17:27:04","modified_gmt":"2026-01-05T20:27:04","slug":"a-ciencia-por-tras-do-fechamento-de-negocios-imobiliarios","status":"publish","type":"post","link":"https:\/\/www.imovelp.com.br\/blog\/a-ciencia-por-tras-do-fechamento-de-negocios-imobiliarios\/","title":{"rendered":"A ci\u00eancia por tr\u00e1s do fechamento de neg\u00f3cios imobili\u00e1rios"},"content":{"rendered":"<p> <br \/>\n<\/p>\n<div>\n<p><em>Em painel do Conex\u00e3o Imobili\u00e1ria Secovi-SP, executivo detalhou como a neuroci\u00eancia pode ser um divisor de \u00e1guas na intermedia\u00e7\u00e3o imobili\u00e1ria, revelando o que influencia a decis\u00e3o de compra do cliente<\/em><\/p>\n<p>\u00a0<\/p>\n<p>O neuromarketing, a aplica\u00e7\u00e3o de conhecimentos da neuroci\u00eancia ao marketing, foi o tema do d\u00e9cimo painel do Conex\u00e3o Imobili\u00e1ria Secovi-SP. Michel Costa, diretor nacional de vendas e marketing da ITA Corretora de Seguros, explicou como essa ci\u00eancia pode ser um diferencial competitivo no mercado imobili\u00e1rio, ao buscar entender como o c\u00e9rebro reage a est\u00edmulos de marketing e publicidade.<\/p>\n<p>\u201cO objetivo principal n\u00e3o \u00e9 apenas saber o que o cliente diz, mas o que ele sente e pensa em n\u00edvel subconsciente, que \u00e9 onde a maioria das decis\u00f5es \u00e9 tomada\u201d, afirmou Costa. Segundo ele, conhecer esse recurso pode ser um divisor de \u00e1guas na intermedia\u00e7\u00e3o imobili\u00e1ria.<\/p>\n<p>Durante sua apresenta\u00e7\u00e3o, Costa destacou que grandes empresas de outros setores j\u00e1 utilizam o estudo do comportamento humano h\u00e1 d\u00e9cadas para entender o processo de tomada de decis\u00e3o dos seus clientes. \u201cEles estudam ponto a ponto sobre a jornada e o processo decis\u00f3rio do seu shopper, ou seja, do seu cliente. Isso faz toda a diferen\u00e7a\u201d, disse.<\/p>\n<p>Costa explicou que a decis\u00e3o de compra \u00e9 largamente influenciada por fatores emocionais e que as hist\u00f3rias s\u00e3o uma ferramenta poderosa para criar conex\u00f5es. \u201cContar hist\u00f3rias conecta sinapses. As hist\u00f3rias fortificam, fortalecem e aproximam\u201d, ressaltou, citando uma pesquisa de Stanford que mostra como a narra\u00e7\u00e3o de hist\u00f3rias ativa mais \u00e1reas do c\u00e9rebro do que a argumenta\u00e7\u00e3o tradicional de vendas.<\/p>\n<p>Outro ponto abordado foi o \u201cefeito halo\u201d, a primeira impress\u00e3o que, segundo a neuroci\u00eancia, \u00e9 formada nos primeiros sete segundos de uma intera\u00e7\u00e3o. \u201cA primeira impress\u00e3o fica, e a ci\u00eancia explica que ela fica mesmo, de fato\u201d, comentou Costa, alertando para a import\u00e2ncia do ambiente, do c\u00f3digo de vestimenta e da comunica\u00e7\u00e3o inicial no processo de venda.<\/p>\n<p>Para o diretor, a chave para o sucesso nas vendas est\u00e1 em criar uma mensagem poderosa e uma oferta irresist\u00edvel, focando sempre no comprador, e n\u00e3o no produto. Ele tamb\u00e9m ressaltou a import\u00e2ncia de mapear a jornada emocional do cliente e de treinar as equipes n\u00e3o apenas em habilidades t\u00e9cnicas, mas tamb\u00e9m comportamentais.<\/p>\n<p>Ao final do painel, Michel Costa deixou uma reflex\u00e3o para o p\u00fablico: \u201cA grande pergunta n\u00e3o \u00e9 se a neuroci\u00eancia vai transformar o mercado imobili\u00e1rio. A grande pergunta \u00e9 se voc\u00ea vai liderar essa transforma\u00e7\u00e3o ou ficar pra tr\u00e1s\u201d. Ele concluiu refor\u00e7ando que, apesar da import\u00e2ncia da tecnologia, o fator humano permanece central. \u201cNo fim do dia, \u00e9 de humano para humano. O que faz uma venda ser realizada s\u00e3o as pessoas.\u201d<\/p>\n<\/p><\/div>\n<p><script>\n  !function(f,b,e,v,n,t,s)\n  {if(f.fbq)return;n=f.fbq=function(){n.callMethod?\n  n.callMethod.apply(n,arguments):n.queue.push(arguments)};\n  if(!f._fbq)f._fbq=n;n.push=n;n.loaded=!0;n.version='2.0';\n  n.queue=[];t=b.createElement(e);t.async=!0;\n  t.src=v;s=b.getElementsByTagName(e)[0];\n  s.parentNode.insertBefore(t,s)}(window, document,'script',\n  'https:\/\/connect.facebook.net\/en_US\/fbevents.js');\n  fbq('init', '780597760435075');\n  fbq('track', 'PageView');\n<\/script><br \/>\n<br \/><br \/>\n<br \/>Fonte:<a href=\"https:\/\/secovi.com.br\/a-ciencia-por-tras-do-fechamento-de-negocios-imobiliarios\/\">Secovi <\/a><\/p>\n","protected":false},"excerpt":{"rendered":"<p>Em painel do Conex\u00e3o Imobili\u00e1ria Secovi-SP, executivo detalhou como a neuroci\u00eancia pode ser um divisor de \u00e1guas na intermedia\u00e7\u00e3o imobili\u00e1ria, revelando o que influencia a decis\u00e3o de compra do cliente&hellip; <\/p>\n","protected":false},"author":2,"featured_media":0,"comment_status":"open","ping_status":"open","sticky":false,"template":"","format":"standard","meta":{"footnotes":""},"categories":[5,7],"tags":[],"yoast_head":"<!-- This site is optimized with the Yoast SEO plugin v21.5 - https:\/\/yoast.com\/wordpress\/plugins\/seo\/ -->\n<title>A ci\u00eancia por tr\u00e1s do fechamento de neg\u00f3cios imobili\u00e1rios - Jornal Im\u00f3velp<\/title>\n<meta name=\"robots\" content=\"index, follow, max-snippet:-1, max-image-preview:large, max-video-preview:-1\" \/>\n<link rel=\"canonical\" href=\"https:\/\/www.imovelp.com.br\/blog\/a-ciencia-por-tras-do-fechamento-de-negocios-imobiliarios\/\" \/>\n<meta property=\"og:locale\" content=\"en_US\" \/>\n<meta property=\"og:type\" content=\"article\" \/>\n<meta property=\"og:title\" content=\"A ci\u00eancia por tr\u00e1s do fechamento de neg\u00f3cios imobili\u00e1rios - Jornal Im\u00f3velp\" \/>\n<meta property=\"og:description\" content=\"Em painel do Conex\u00e3o Imobili\u00e1ria Secovi-SP, executivo detalhou como a neuroci\u00eancia pode ser um divisor de \u00e1guas na intermedia\u00e7\u00e3o imobili\u00e1ria, revelando o que influencia a decis\u00e3o de compra do cliente&hellip;\" \/>\n<meta property=\"og:url\" content=\"https:\/\/www.imovelp.com.br\/blog\/a-ciencia-por-tras-do-fechamento-de-negocios-imobiliarios\/\" \/>\n<meta property=\"og:site_name\" content=\"Jornal Im\u00f3velp\" \/>\n<meta property=\"article:published_time\" content=\"2026-01-05T20:27:04+00:00\" \/>\n<meta name=\"author\" content=\"Marcos Monteiro\" \/>\n<meta name=\"twitter:card\" content=\"summary_large_image\" \/>\n<meta name=\"twitter:label1\" content=\"Written by\" \/>\n\t<meta name=\"twitter:data1\" content=\"Marcos Monteiro\" \/>\n\t<meta name=\"twitter:label2\" content=\"Est. reading time\" \/>\n\t<meta name=\"twitter:data2\" content=\"2 minutes\" \/>\n<script type=\"application\/ld+json\" class=\"yoast-schema-graph\">{\"@context\":\"https:\/\/schema.org\",\"@graph\":[{\"@type\":\"WebPage\",\"@id\":\"https:\/\/www.imovelp.com.br\/blog\/a-ciencia-por-tras-do-fechamento-de-negocios-imobiliarios\/\",\"url\":\"https:\/\/www.imovelp.com.br\/blog\/a-ciencia-por-tras-do-fechamento-de-negocios-imobiliarios\/\",\"name\":\"A ci\u00eancia por tr\u00e1s do fechamento de neg\u00f3cios imobili\u00e1rios - Jornal Im\u00f3velp\",\"isPartOf\":{\"@id\":\"https:\/\/www.imovelp.com.br\/blog\/#website\"},\"datePublished\":\"2026-01-05T20:27:04+00:00\",\"dateModified\":\"2026-01-05T20:27:04+00:00\",\"author\":{\"@id\":\"https:\/\/www.imovelp.com.br\/blog\/#\/schema\/person\/8fb1cc29840aba4154ec6a52e70be40a\"},\"breadcrumb\":{\"@id\":\"https:\/\/www.imovelp.com.br\/blog\/a-ciencia-por-tras-do-fechamento-de-negocios-imobiliarios\/#breadcrumb\"},\"inLanguage\":\"en-US\",\"potentialAction\":[{\"@type\":\"ReadAction\",\"target\":[\"https:\/\/www.imovelp.com.br\/blog\/a-ciencia-por-tras-do-fechamento-de-negocios-imobiliarios\/\"]}]},{\"@type\":\"BreadcrumbList\",\"@id\":\"https:\/\/www.imovelp.com.br\/blog\/a-ciencia-por-tras-do-fechamento-de-negocios-imobiliarios\/#breadcrumb\",\"itemListElement\":[{\"@type\":\"ListItem\",\"position\":1,\"name\":\"Home\",\"item\":\"https:\/\/www.imovelp.com.br\/blog\/\"},{\"@type\":\"ListItem\",\"position\":2,\"name\":\"A ci\u00eancia por tr\u00e1s do fechamento de neg\u00f3cios imobili\u00e1rios\"}]},{\"@type\":\"WebSite\",\"@id\":\"https:\/\/www.imovelp.com.br\/blog\/#website\",\"url\":\"https:\/\/www.imovelp.com.br\/blog\/\",\"name\":\"Jornal Im\u00f3velp\",\"description\":\"Portal de Not\u00edcias do Corretor de Im\u00f3veis\",\"potentialAction\":[{\"@type\":\"SearchAction\",\"target\":{\"@type\":\"EntryPoint\",\"urlTemplate\":\"https:\/\/www.imovelp.com.br\/blog\/?s={search_term_string}\"},\"query-input\":\"required name=search_term_string\"}],\"inLanguage\":\"en-US\"},{\"@type\":\"Person\",\"@id\":\"https:\/\/www.imovelp.com.br\/blog\/#\/schema\/person\/8fb1cc29840aba4154ec6a52e70be40a\",\"name\":\"Marcos Monteiro\",\"image\":{\"@type\":\"ImageObject\",\"inLanguage\":\"en-US\",\"@id\":\"https:\/\/www.imovelp.com.br\/blog\/#\/schema\/person\/image\/\",\"url\":\"https:\/\/secure.gravatar.com\/avatar\/da25bf23c2e75965766176dcd3fc7564?s=96&d=mm&r=g\",\"contentUrl\":\"https:\/\/secure.gravatar.com\/avatar\/da25bf23c2e75965766176dcd3fc7564?s=96&d=mm&r=g\",\"caption\":\"Marcos Monteiro\"},\"url\":\"https:\/\/www.imovelp.com.br\/blog\/author\/redacao-imovelp\/\"}]}<\/script>\n<!-- \/ Yoast SEO plugin. -->","yoast_head_json":{"title":"A ci\u00eancia por tr\u00e1s do fechamento de neg\u00f3cios imobili\u00e1rios - Jornal Im\u00f3velp","robots":{"index":"index","follow":"follow","max-snippet":"max-snippet:-1","max-image-preview":"max-image-preview:large","max-video-preview":"max-video-preview:-1"},"canonical":"https:\/\/www.imovelp.com.br\/blog\/a-ciencia-por-tras-do-fechamento-de-negocios-imobiliarios\/","og_locale":"en_US","og_type":"article","og_title":"A ci\u00eancia por tr\u00e1s do fechamento de neg\u00f3cios imobili\u00e1rios - Jornal Im\u00f3velp","og_description":"Em painel do Conex\u00e3o Imobili\u00e1ria Secovi-SP, executivo detalhou como a neuroci\u00eancia pode ser um divisor de \u00e1guas na intermedia\u00e7\u00e3o imobili\u00e1ria, revelando o que influencia a decis\u00e3o de compra do cliente&hellip;","og_url":"https:\/\/www.imovelp.com.br\/blog\/a-ciencia-por-tras-do-fechamento-de-negocios-imobiliarios\/","og_site_name":"Jornal Im\u00f3velp","article_published_time":"2026-01-05T20:27:04+00:00","author":"Marcos Monteiro","twitter_card":"summary_large_image","twitter_misc":{"Written by":"Marcos Monteiro","Est. reading time":"2 minutes"},"schema":{"@context":"https:\/\/schema.org","@graph":[{"@type":"WebPage","@id":"https:\/\/www.imovelp.com.br\/blog\/a-ciencia-por-tras-do-fechamento-de-negocios-imobiliarios\/","url":"https:\/\/www.imovelp.com.br\/blog\/a-ciencia-por-tras-do-fechamento-de-negocios-imobiliarios\/","name":"A ci\u00eancia por tr\u00e1s do fechamento de neg\u00f3cios imobili\u00e1rios - Jornal Im\u00f3velp","isPartOf":{"@id":"https:\/\/www.imovelp.com.br\/blog\/#website"},"datePublished":"2026-01-05T20:27:04+00:00","dateModified":"2026-01-05T20:27:04+00:00","author":{"@id":"https:\/\/www.imovelp.com.br\/blog\/#\/schema\/person\/8fb1cc29840aba4154ec6a52e70be40a"},"breadcrumb":{"@id":"https:\/\/www.imovelp.com.br\/blog\/a-ciencia-por-tras-do-fechamento-de-negocios-imobiliarios\/#breadcrumb"},"inLanguage":"en-US","potentialAction":[{"@type":"ReadAction","target":["https:\/\/www.imovelp.com.br\/blog\/a-ciencia-por-tras-do-fechamento-de-negocios-imobiliarios\/"]}]},{"@type":"BreadcrumbList","@id":"https:\/\/www.imovelp.com.br\/blog\/a-ciencia-por-tras-do-fechamento-de-negocios-imobiliarios\/#breadcrumb","itemListElement":[{"@type":"ListItem","position":1,"name":"Home","item":"https:\/\/www.imovelp.com.br\/blog\/"},{"@type":"ListItem","position":2,"name":"A ci\u00eancia por tr\u00e1s do fechamento de neg\u00f3cios imobili\u00e1rios"}]},{"@type":"WebSite","@id":"https:\/\/www.imovelp.com.br\/blog\/#website","url":"https:\/\/www.imovelp.com.br\/blog\/","name":"Jornal Im\u00f3velp","description":"Portal de Not\u00edcias do Corretor de Im\u00f3veis","potentialAction":[{"@type":"SearchAction","target":{"@type":"EntryPoint","urlTemplate":"https:\/\/www.imovelp.com.br\/blog\/?s={search_term_string}"},"query-input":"required name=search_term_string"}],"inLanguage":"en-US"},{"@type":"Person","@id":"https:\/\/www.imovelp.com.br\/blog\/#\/schema\/person\/8fb1cc29840aba4154ec6a52e70be40a","name":"Marcos Monteiro","image":{"@type":"ImageObject","inLanguage":"en-US","@id":"https:\/\/www.imovelp.com.br\/blog\/#\/schema\/person\/image\/","url":"https:\/\/secure.gravatar.com\/avatar\/da25bf23c2e75965766176dcd3fc7564?s=96&d=mm&r=g","contentUrl":"https:\/\/secure.gravatar.com\/avatar\/da25bf23c2e75965766176dcd3fc7564?s=96&d=mm&r=g","caption":"Marcos Monteiro"},"url":"https:\/\/www.imovelp.com.br\/blog\/author\/redacao-imovelp\/"}]}},"_links":{"self":[{"href":"https:\/\/www.imovelp.com.br\/blog\/wp-json\/wp\/v2\/posts\/2634"}],"collection":[{"href":"https:\/\/www.imovelp.com.br\/blog\/wp-json\/wp\/v2\/posts"}],"about":[{"href":"https:\/\/www.imovelp.com.br\/blog\/wp-json\/wp\/v2\/types\/post"}],"author":[{"embeddable":true,"href":"https:\/\/www.imovelp.com.br\/blog\/wp-json\/wp\/v2\/users\/2"}],"replies":[{"embeddable":true,"href":"https:\/\/www.imovelp.com.br\/blog\/wp-json\/wp\/v2\/comments?post=2634"}],"version-history":[{"count":0,"href":"https:\/\/www.imovelp.com.br\/blog\/wp-json\/wp\/v2\/posts\/2634\/revisions"}],"wp:attachment":[{"href":"https:\/\/www.imovelp.com.br\/blog\/wp-json\/wp\/v2\/media?parent=2634"}],"wp:term":[{"taxonomy":"category","embeddable":true,"href":"https:\/\/www.imovelp.com.br\/blog\/wp-json\/wp\/v2\/categories?post=2634"},{"taxonomy":"post_tag","embeddable":true,"href":"https:\/\/www.imovelp.com.br\/blog\/wp-json\/wp\/v2\/tags?post=2634"}],"curies":[{"name":"wp","href":"https:\/\/api.w.org\/{rel}","templated":true}]}}