{"id":2633,"date":"2026-01-03T17:25:44","date_gmt":"2026-01-03T20:25:44","guid":{"rendered":"https:\/\/www.imovelp.com.br\/blog\/conexao-imobiliaria-destaca-tendencias-que-moldam-o-futuro-da-intermediacao\/"},"modified":"2026-01-03T17:25:44","modified_gmt":"2026-01-03T20:25:44","slug":"conexao-imobiliaria-destaca-tendencias-que-moldam-o-futuro-da-intermediacao","status":"publish","type":"post","link":"https:\/\/www.imovelp.com.br\/blog\/conexao-imobiliaria-destaca-tendencias-que-moldam-o-futuro-da-intermediacao\/","title":{"rendered":"Conex\u00e3o Imobili\u00e1ria destaca tend\u00eancias que moldam o futuro da intermedia\u00e7\u00e3o"},"content":{"rendered":"<p> <br \/>\n<\/p>\n<div>\n<p data-start=\"348\" data-end=\"691\">O Conex\u00e3o Imobili\u00e1ria, realizado em 11\/11 na Sala Conex\u00e3o, reuniu especialistas, empres\u00e1rios e profissionais do mercado para um dia intenso de debates sobre tecnologia, comportamento, gest\u00e3o e o futuro da intermedia\u00e7\u00e3o. A programa\u00e7\u00e3o contou com 12 pain\u00e9is que ofereceram uma vis\u00e3o ampla e estrat\u00e9gica dos principais temas que impactam o setor.<\/p>\n<p data-start=\"693\" data-end=\"1132\">O encontro foi aberto com o painel <strong data-start=\"728\" data-end=\"820\">\u201cRevolu\u00e7\u00f5es: Artificial, Comportamental e Regulat\u00f3ria \u2013 Sua imobili\u00e1ria est\u00e1 preparada?\u201d<\/strong>, apresentado por <strong data-start=\"838\" data-end=\"858\">Stephany Matsuda<\/strong>, diretora do Secovi-SP e diretora de Real Estate na Alvarez &amp; Marsal, e por <strong data-start=\"935\" data-end=\"951\">Jo\u00e3o Melhado<\/strong>, diretor de Rela\u00e7\u00f5es Institucionais da Loft. Os especialistas discutiram como as transforma\u00e7\u00f5es tecnol\u00f3gicas e regulat\u00f3rias est\u00e3o redefinindo o modelo de neg\u00f3cios das imobili\u00e1rias.<\/p>\n<p data-start=\"1134\" data-end=\"1429\">Na sequ\u00eancia, <strong data-start=\"1148\" data-end=\"1164\">Mari de Lima<\/strong>, corretora e especialista em im\u00f3veis de alto padr\u00e3o em Alphaville, fez a apresenta\u00e7\u00e3o do <strong data-start=\"1256\" data-end=\"1342\">\u201cGest\u00e3o de alto padr\u00e3o: nossa expertise que faz do Solaia um modelo em Alphaville\u201d<\/strong>, destacando como uma administra\u00e7\u00e3o qualificada fortalece o valor de um empreendimento.<\/p>\n<p data-start=\"1431\" data-end=\"1642\">O painel <strong data-start=\"1440\" data-end=\"1490\">\u201cAs novas oportunidades do mercado de loca\u00e7\u00e3o\u201d<\/strong> foi conduzido por <strong data-start=\"1509\" data-end=\"1535\">Leandro Furtado Campos<\/strong>, CEO da Maximiza Tecnologia em Seguros, que abordou tend\u00eancias e oportunidades emergentes do segmento.<\/p>\n<p data-start=\"1644\" data-end=\"1931\">Logo depois, <strong data-start=\"1666\" data-end=\"1706\">\u201cDe jovens descolados a gera\u00e7\u00e3o 60+\u201d<\/strong> foi apresentado por <strong data-start=\"1727\" data-end=\"1748\">Alexandre Frankel<\/strong>, CEO e fundador da Housi e presidente do Conselho e fundador da Vitacon, que analisou a ascens\u00e3o do mercado de senior living e a converg\u00eancia entre moradia, servi\u00e7os e bem-estar.<\/p>\n<p data-start=\"1933\" data-end=\"2392\"><strong data-start=\"1943\" data-end=\"2015\">\u201cCultura e processos dentro da empresa \u2013 fazendo o b\u00e1sico bem-feito\u201d<\/strong>, a coordena\u00e7\u00e3o foi de <strong data-start=\"2038\" data-end=\"2058\">Danielly Cardoso<\/strong>, membro da diretoria de Intermedia\u00e7\u00e3o Imobili\u00e1ria e Marketing do Secovi-SP, e a apresenta\u00e7\u00e3o de <strong data-start=\"2159\" data-end=\"2175\">Guilherme TX<\/strong>, estrategista imobili\u00e1rio, especialista em processos de vendas e posicionamento digital, e fundador da Haus Company. O debate destacou o papel da cultura organizacional na performance e na reputa\u00e7\u00e3o das empresas.<\/p>\n<p data-start=\"2394\" data-end=\"2702\"><strong data-start=\"2412\" data-end=\"2426\">Admar Cruz<\/strong>, especialista em gest\u00e3o de pessoas, inova\u00e7\u00e3o e forma\u00e7\u00e3o de l\u00edderes no setor imobili\u00e1rio nacional, apresentou o <strong data-start=\"2549\" data-end=\"2639\">\u201cVoc\u00ea vai vender mais im\u00f3veis! A revolu\u00e7\u00e3o silenciosa que todo corretor precisa saber\u201d<\/strong>, sobre transpar\u00eancia, dados abertos e confian\u00e7a do consumidor.<\/p>\n<p data-start=\"2704\" data-end=\"3062\">Em seguida, o painel <strong data-start=\"2725\" data-end=\"2771\">\u201cBons para uns, mas nem tanto para outros\u201d<\/strong> foi coordenado por <strong data-start=\"2791\" data-end=\"2810\">Alfredo Freitas<\/strong>, presidente da ABMI \u2013 Associa\u00e7\u00e3o Brasileira do Mercado Imobili\u00e1rio, com apresenta\u00e7\u00e3o de <strong data-start=\"2903\" data-end=\"2925\">Roberto Nascimento<\/strong>, CEO e cofundador da PipeImob, que analisou a din\u00e2mica do mercado de loca\u00e7\u00e3o residencial, marcado por valoriza\u00e7\u00e3o e competitividade.<\/p>\n<p data-start=\"3064\" data-end=\"3499\">J\u00e1 o <strong data-start=\"3073\" data-end=\"3114\">\u201cO perfil do corretor mudou. E voc\u00ea?\u201d<\/strong> contou com a coordena\u00e7\u00e3o de <strong data-start=\"3143\" data-end=\"3160\">Flavio Prando<\/strong>, membro da diretoria de Intermedia\u00e7\u00e3o Imobili\u00e1ria e Marketing do Secovi-SP, ao lado de <strong data-start=\"3252\" data-end=\"3273\">Renato Zimmermann<\/strong>, CEO da Zimmermann Im\u00f3veis, e <strong data-start=\"3308\" data-end=\"3329\">Guilherme Ribeiro<\/strong>, tamb\u00e9m membro da diretoria de Intermedia\u00e7\u00e3o Imobili\u00e1ria e Marketing, que discutiram a transforma\u00e7\u00e3o do corretor em consultor estrat\u00e9gico e tecnol\u00f3gico.<\/p>\n<p data-start=\"3501\" data-end=\"3880\">O painel <strong data-start=\"3525\" data-end=\"3573\">\u201cO imenso mercado do Minha Casa, Minha Vida\u201d<\/strong> reuniu <strong data-start=\"3581\" data-end=\"3600\">Daniela Ferrari<\/strong>, diretora de Habita\u00e7\u00e3o do Secovi-SP, <strong data-start=\"3642\" data-end=\"3658\">Ronaldo Cury<\/strong>, diretor de Rela\u00e7\u00f5es com Investidores da Cury Construtora, e <strong data-start=\"3724\" data-end=\"3742\">Weverton Costa<\/strong>, diretor executivo Comercial da Plano &amp; Plano, para analisar um segmento respons\u00e1vel por mais de 60% das vendas residenciais do Pa\u00eds.<\/p>\n<p data-start=\"3882\" data-end=\"4125\"><strong data-start=\"3892\" data-end=\"3978\">\u201cHumanos em rede: como a colabora\u00e7\u00e3o est\u00e1 redesenhando o protagonismo do corretor\u201d<\/strong>, <strong data-start=\"3980\" data-end=\"3998\">Aline Borbalan<\/strong>, Country Leader da eXp Brasil, mostrou como redes e conex\u00f5es fortalecidas ampliam o impacto e o alcance dos profissionais.<\/p>\n<p data-start=\"4127\" data-end=\"4335\">Em <strong data-start=\"4130\" data-end=\"4156\">\u201cO Corretor do Futuro\u201d<\/strong>, <strong data-start=\"4158\" data-end=\"4173\">Du Theodoro<\/strong>, CEO da Im\u00f3veis PRO e do Smarty Valuation, discutiu como tecnologia, ecossistemas digitais e intelig\u00eancia de mercado impulsionam resultados na intermedia\u00e7\u00e3o.<\/p>\n<p data-start=\"4337\" data-end=\"4599\">Encerrando o evento, <strong data-start=\"4358\" data-end=\"4376\">Marcelo Dadian<\/strong>, vice-presidente de Rela\u00e7\u00f5es Institucionais do Grupo OLX, apresentou o painel <strong data-start=\"4459\" data-end=\"4506\">\u201cSorte, boa sorte e o corretor imobili\u00e1rio\u201d<\/strong>, com as 10 regras da Boa Sorte aplicadas ao funil de vendas e ao comportamento profissional.<\/p>\n<\/p><\/div>\n<p><script>\n  !function(f,b,e,v,n,t,s)\n  {if(f.fbq)return;n=f.fbq=function(){n.callMethod?\n  n.callMethod.apply(n,arguments):n.queue.push(arguments)};\n  if(!f._fbq)f._fbq=n;n.push=n;n.loaded=!0;n.version='2.0';\n  n.queue=[];t=b.createElement(e);t.async=!0;\n  t.src=v;s=b.getElementsByTagName(e)[0];\n  s.parentNode.insertBefore(t,s)}(window, document,'script',\n  'https:\/\/connect.facebook.net\/en_US\/fbevents.js');\n  fbq('init', '780597760435075');\n  fbq('track', 'PageView');\n<\/script><br \/>\n<br \/><br \/>\n<br \/>Fonte:<a href=\"https:\/\/secovi.com.br\/conexao-imobiliaria-destaca-tendencias-que-moldam-o-futuro-da-intermediacao\/\">Secovi <\/a><\/p>\n","protected":false},"excerpt":{"rendered":"<p>O Conex\u00e3o Imobili\u00e1ria, realizado em 11\/11 na Sala Conex\u00e3o, reuniu especialistas, empres\u00e1rios e profissionais do mercado para um dia intenso de debates sobre tecnologia, comportamento, gest\u00e3o e o futuro da&hellip; <\/p>\n","protected":false},"author":2,"featured_media":0,"comment_status":"open","ping_status":"open","sticky":false,"template":"","format":"standard","meta":{"footnotes":""},"categories":[5,7],"tags":[],"yoast_head":"<!-- This site is optimized with the Yoast SEO plugin v21.5 - https:\/\/yoast.com\/wordpress\/plugins\/seo\/ -->\n<title>Conex\u00e3o Imobili\u00e1ria destaca tend\u00eancias que moldam o futuro da intermedia\u00e7\u00e3o - Jornal Im\u00f3velp<\/title>\n<meta name=\"robots\" content=\"index, follow, max-snippet:-1, max-image-preview:large, max-video-preview:-1\" \/>\n<link rel=\"canonical\" href=\"https:\/\/www.imovelp.com.br\/blog\/conexao-imobiliaria-destaca-tendencias-que-moldam-o-futuro-da-intermediacao\/\" \/>\n<meta property=\"og:locale\" content=\"en_US\" \/>\n<meta property=\"og:type\" content=\"article\" \/>\n<meta property=\"og:title\" content=\"Conex\u00e3o Imobili\u00e1ria destaca tend\u00eancias que moldam o futuro da intermedia\u00e7\u00e3o - Jornal Im\u00f3velp\" \/>\n<meta property=\"og:description\" content=\"O Conex\u00e3o Imobili\u00e1ria, realizado em 11\/11 na Sala Conex\u00e3o, reuniu especialistas, empres\u00e1rios e profissionais do mercado para um dia intenso de debates sobre tecnologia, comportamento, gest\u00e3o e o futuro da&hellip;\" \/>\n<meta property=\"og:url\" content=\"https:\/\/www.imovelp.com.br\/blog\/conexao-imobiliaria-destaca-tendencias-que-moldam-o-futuro-da-intermediacao\/\" \/>\n<meta property=\"og:site_name\" content=\"Jornal Im\u00f3velp\" \/>\n<meta property=\"article:published_time\" content=\"2026-01-03T20:25:44+00:00\" \/>\n<meta name=\"author\" content=\"Marcos Monteiro\" \/>\n<meta name=\"twitter:card\" content=\"summary_large_image\" \/>\n<meta name=\"twitter:label1\" content=\"Written by\" \/>\n\t<meta name=\"twitter:data1\" content=\"Marcos Monteiro\" \/>\n\t<meta name=\"twitter:label2\" content=\"Est. reading time\" \/>\n\t<meta name=\"twitter:data2\" content=\"3 minutes\" \/>\n<script type=\"application\/ld+json\" class=\"yoast-schema-graph\">{\"@context\":\"https:\/\/schema.org\",\"@graph\":[{\"@type\":\"WebPage\",\"@id\":\"https:\/\/www.imovelp.com.br\/blog\/conexao-imobiliaria-destaca-tendencias-que-moldam-o-futuro-da-intermediacao\/\",\"url\":\"https:\/\/www.imovelp.com.br\/blog\/conexao-imobiliaria-destaca-tendencias-que-moldam-o-futuro-da-intermediacao\/\",\"name\":\"Conex\u00e3o Imobili\u00e1ria destaca tend\u00eancias que moldam o futuro da intermedia\u00e7\u00e3o - Jornal Im\u00f3velp\",\"isPartOf\":{\"@id\":\"https:\/\/www.imovelp.com.br\/blog\/#website\"},\"datePublished\":\"2026-01-03T20:25:44+00:00\",\"dateModified\":\"2026-01-03T20:25:44+00:00\",\"author\":{\"@id\":\"https:\/\/www.imovelp.com.br\/blog\/#\/schema\/person\/8fb1cc29840aba4154ec6a52e70be40a\"},\"breadcrumb\":{\"@id\":\"https:\/\/www.imovelp.com.br\/blog\/conexao-imobiliaria-destaca-tendencias-que-moldam-o-futuro-da-intermediacao\/#breadcrumb\"},\"inLanguage\":\"en-US\",\"potentialAction\":[{\"@type\":\"ReadAction\",\"target\":[\"https:\/\/www.imovelp.com.br\/blog\/conexao-imobiliaria-destaca-tendencias-que-moldam-o-futuro-da-intermediacao\/\"]}]},{\"@type\":\"BreadcrumbList\",\"@id\":\"https:\/\/www.imovelp.com.br\/blog\/conexao-imobiliaria-destaca-tendencias-que-moldam-o-futuro-da-intermediacao\/#breadcrumb\",\"itemListElement\":[{\"@type\":\"ListItem\",\"position\":1,\"name\":\"Home\",\"item\":\"https:\/\/www.imovelp.com.br\/blog\/\"},{\"@type\":\"ListItem\",\"position\":2,\"name\":\"Conex\u00e3o Imobili\u00e1ria destaca tend\u00eancias que moldam o futuro da intermedia\u00e7\u00e3o\"}]},{\"@type\":\"WebSite\",\"@id\":\"https:\/\/www.imovelp.com.br\/blog\/#website\",\"url\":\"https:\/\/www.imovelp.com.br\/blog\/\",\"name\":\"Jornal Im\u00f3velp\",\"description\":\"Portal de Not\u00edcias do Corretor de Im\u00f3veis\",\"potentialAction\":[{\"@type\":\"SearchAction\",\"target\":{\"@type\":\"EntryPoint\",\"urlTemplate\":\"https:\/\/www.imovelp.com.br\/blog\/?s={search_term_string}\"},\"query-input\":\"required name=search_term_string\"}],\"inLanguage\":\"en-US\"},{\"@type\":\"Person\",\"@id\":\"https:\/\/www.imovelp.com.br\/blog\/#\/schema\/person\/8fb1cc29840aba4154ec6a52e70be40a\",\"name\":\"Marcos Monteiro\",\"image\":{\"@type\":\"ImageObject\",\"inLanguage\":\"en-US\",\"@id\":\"https:\/\/www.imovelp.com.br\/blog\/#\/schema\/person\/image\/\",\"url\":\"https:\/\/secure.gravatar.com\/avatar\/da25bf23c2e75965766176dcd3fc7564?s=96&d=mm&r=g\",\"contentUrl\":\"https:\/\/secure.gravatar.com\/avatar\/da25bf23c2e75965766176dcd3fc7564?s=96&d=mm&r=g\",\"caption\":\"Marcos Monteiro\"},\"url\":\"https:\/\/www.imovelp.com.br\/blog\/author\/redacao-imovelp\/\"}]}<\/script>\n<!-- \/ Yoast SEO plugin. -->","yoast_head_json":{"title":"Conex\u00e3o Imobili\u00e1ria destaca tend\u00eancias que moldam o futuro da intermedia\u00e7\u00e3o - Jornal Im\u00f3velp","robots":{"index":"index","follow":"follow","max-snippet":"max-snippet:-1","max-image-preview":"max-image-preview:large","max-video-preview":"max-video-preview:-1"},"canonical":"https:\/\/www.imovelp.com.br\/blog\/conexao-imobiliaria-destaca-tendencias-que-moldam-o-futuro-da-intermediacao\/","og_locale":"en_US","og_type":"article","og_title":"Conex\u00e3o Imobili\u00e1ria destaca tend\u00eancias que moldam o futuro da intermedia\u00e7\u00e3o - Jornal Im\u00f3velp","og_description":"O Conex\u00e3o Imobili\u00e1ria, realizado em 11\/11 na Sala Conex\u00e3o, reuniu especialistas, empres\u00e1rios e profissionais do mercado para um dia intenso de debates sobre tecnologia, comportamento, gest\u00e3o e o futuro da&hellip;","og_url":"https:\/\/www.imovelp.com.br\/blog\/conexao-imobiliaria-destaca-tendencias-que-moldam-o-futuro-da-intermediacao\/","og_site_name":"Jornal Im\u00f3velp","article_published_time":"2026-01-03T20:25:44+00:00","author":"Marcos Monteiro","twitter_card":"summary_large_image","twitter_misc":{"Written by":"Marcos Monteiro","Est. reading time":"3 minutes"},"schema":{"@context":"https:\/\/schema.org","@graph":[{"@type":"WebPage","@id":"https:\/\/www.imovelp.com.br\/blog\/conexao-imobiliaria-destaca-tendencias-que-moldam-o-futuro-da-intermediacao\/","url":"https:\/\/www.imovelp.com.br\/blog\/conexao-imobiliaria-destaca-tendencias-que-moldam-o-futuro-da-intermediacao\/","name":"Conex\u00e3o Imobili\u00e1ria destaca tend\u00eancias que moldam o futuro da intermedia\u00e7\u00e3o - Jornal Im\u00f3velp","isPartOf":{"@id":"https:\/\/www.imovelp.com.br\/blog\/#website"},"datePublished":"2026-01-03T20:25:44+00:00","dateModified":"2026-01-03T20:25:44+00:00","author":{"@id":"https:\/\/www.imovelp.com.br\/blog\/#\/schema\/person\/8fb1cc29840aba4154ec6a52e70be40a"},"breadcrumb":{"@id":"https:\/\/www.imovelp.com.br\/blog\/conexao-imobiliaria-destaca-tendencias-que-moldam-o-futuro-da-intermediacao\/#breadcrumb"},"inLanguage":"en-US","potentialAction":[{"@type":"ReadAction","target":["https:\/\/www.imovelp.com.br\/blog\/conexao-imobiliaria-destaca-tendencias-que-moldam-o-futuro-da-intermediacao\/"]}]},{"@type":"BreadcrumbList","@id":"https:\/\/www.imovelp.com.br\/blog\/conexao-imobiliaria-destaca-tendencias-que-moldam-o-futuro-da-intermediacao\/#breadcrumb","itemListElement":[{"@type":"ListItem","position":1,"name":"Home","item":"https:\/\/www.imovelp.com.br\/blog\/"},{"@type":"ListItem","position":2,"name":"Conex\u00e3o Imobili\u00e1ria destaca tend\u00eancias que moldam o futuro da intermedia\u00e7\u00e3o"}]},{"@type":"WebSite","@id":"https:\/\/www.imovelp.com.br\/blog\/#website","url":"https:\/\/www.imovelp.com.br\/blog\/","name":"Jornal Im\u00f3velp","description":"Portal de Not\u00edcias do Corretor de Im\u00f3veis","potentialAction":[{"@type":"SearchAction","target":{"@type":"EntryPoint","urlTemplate":"https:\/\/www.imovelp.com.br\/blog\/?s={search_term_string}"},"query-input":"required name=search_term_string"}],"inLanguage":"en-US"},{"@type":"Person","@id":"https:\/\/www.imovelp.com.br\/blog\/#\/schema\/person\/8fb1cc29840aba4154ec6a52e70be40a","name":"Marcos Monteiro","image":{"@type":"ImageObject","inLanguage":"en-US","@id":"https:\/\/www.imovelp.com.br\/blog\/#\/schema\/person\/image\/","url":"https:\/\/secure.gravatar.com\/avatar\/da25bf23c2e75965766176dcd3fc7564?s=96&d=mm&r=g","contentUrl":"https:\/\/secure.gravatar.com\/avatar\/da25bf23c2e75965766176dcd3fc7564?s=96&d=mm&r=g","caption":"Marcos Monteiro"},"url":"https:\/\/www.imovelp.com.br\/blog\/author\/redacao-imovelp\/"}]}},"_links":{"self":[{"href":"https:\/\/www.imovelp.com.br\/blog\/wp-json\/wp\/v2\/posts\/2633"}],"collection":[{"href":"https:\/\/www.imovelp.com.br\/blog\/wp-json\/wp\/v2\/posts"}],"about":[{"href":"https:\/\/www.imovelp.com.br\/blog\/wp-json\/wp\/v2\/types\/post"}],"author":[{"embeddable":true,"href":"https:\/\/www.imovelp.com.br\/blog\/wp-json\/wp\/v2\/users\/2"}],"replies":[{"embeddable":true,"href":"https:\/\/www.imovelp.com.br\/blog\/wp-json\/wp\/v2\/comments?post=2633"}],"version-history":[{"count":0,"href":"https:\/\/www.imovelp.com.br\/blog\/wp-json\/wp\/v2\/posts\/2633\/revisions"}],"wp:attachment":[{"href":"https:\/\/www.imovelp.com.br\/blog\/wp-json\/wp\/v2\/media?parent=2633"}],"wp:term":[{"taxonomy":"category","embeddable":true,"href":"https:\/\/www.imovelp.com.br\/blog\/wp-json\/wp\/v2\/categories?post=2633"},{"taxonomy":"post_tag","embeddable":true,"href":"https:\/\/www.imovelp.com.br\/blog\/wp-json\/wp\/v2\/tags?post=2633"}],"curies":[{"name":"wp","href":"https:\/\/api.w.org\/{rel}","templated":true}]}}