{"id":2612,"date":"2025-12-10T17:10:44","date_gmt":"2025-12-10T20:10:44","guid":{"rendered":"https:\/\/www.imovelp.com.br\/blog\/o-desafio-de-transformar-favelas-em-comunidades\/"},"modified":"2025-12-10T17:10:44","modified_gmt":"2025-12-10T20:10:44","slug":"o-desafio-de-transformar-favelas-em-comunidades","status":"publish","type":"post","link":"https:\/\/www.imovelp.com.br\/blog\/o-desafio-de-transformar-favelas-em-comunidades\/","title":{"rendered":"O desafio de transformar favelas em comunidades"},"content":{"rendered":"<p> <br \/>\n<\/p>\n<div>\n<div id=\"attachment_79428\" style=\"width: 553px\" class=\"wp-caption alignright\"><img fetchpriority=\"high\" decoding=\"async\" aria-describedby=\"caption-attachment-79428\" class=\"wp-image-79428\" src=\"https:\/\/secovi.com.br\/wp-content\/uploads\/2025\/12\/20251210-coluna.jpeg\" alt=\"\" width=\"543\" height=\"255\" srcset=\"https:\/\/secovi.com.br\/wp-content\/uploads\/2025\/12\/20251210-coluna.jpeg 543w, https:\/\/secovi.com.br\/wp-content\/uploads\/2025\/12\/20251210-coluna-480x225.jpeg 480w\" sizes=\"(min-width: 0px) and (max-width: 480px) 480px, (min-width: 481px) 543px, 100vw\"\/><\/p>\n<p id=\"caption-attachment-79428\" class=\"wp-caption-text\">Amary, Saad, Luna e Jorge Cury Neto, presidente eleito do Secovi-SP<\/p>\n<\/div>\n<p><em>Alian\u00e7a entre setor imobili\u00e1rio, poder p\u00fablico e lideran\u00e7as comunit\u00e1rias \u00e9 caminho para promover moradia digna<\/em><\/p>\n<p>O N\u00facleo de Altos Temas do Secovi-SP (NAT) recebeu, em 1\u00ba\/12, o presidente do Grupo Bandeirantes de Comunica\u00e7\u00e3o, Jo\u00e3o Carlos Saad.<\/p>\n<p>\u201cOs encontros do NAT t\u00eam por objetivo provocar refl ex\u00f5es sobre o pa\u00eds\u201d, disse o coordenador do N\u00facleo, Flavio Amary.<\/p>\n<p>\u201cO foco \u00e9 olhar o Brasil de forma mais ampla e profunda. Em raz\u00e3o das pr\u00f3ximas elei\u00e7\u00f5es gerais, \u00e9 preciso ver como promover o engajamento de todos na constru\u00e7\u00e3o de um projeto de Na\u00e7\u00e3o social e economicamente equilibrado\u201d, adicionou o presidente do Secovi- SP, Rodrigo Luna.<\/p>\n<p>Sem entrar no tema das elei\u00e7\u00f5es de 2026 (\u201c\u00e9 muito cedo\u201d), o convidado ressaltou a import\u00e2ncia de o setor imobili\u00e1rio estar mais pr\u00f3ximo do agroneg\u00f3cio. \u201cAmbos est\u00e3o ligados ao bem de raiz e ao futuro das pr\u00f3ximas gera\u00e7\u00f5es.\u201d<\/p>\n<p>Saad comentou sobre a oportunidade de uma atua\u00e7\u00e3o conjunta entre institui\u00e7\u00f5es do mercado imobili\u00e1rio, poder p\u00fablico, judici\u00e1rio e lideran\u00e7as comunit\u00e1rias para transformar favelas em territ\u00f3rios de moradias dignas e regulares. \u201c\u00c9 poss\u00edvel verticalizar, ofertar unidades em que as fam\u00edlias v\u00e3o viver melhor onde j\u00e1 vivem \u2013 pagando um valor de presta\u00e7\u00e3o da casa pr\u00f3pria inferior ao do aluguel -, e abrindo espa\u00e7os para escolas, com\u00e9rcio e outros recursos.\u201d<\/p>\n<p>Em refer\u00eancia \u00e0 obra do economista peruano Hernando de Soto (\u201cO Mist\u00e9rio do Capital: Por que o capitalismo triunfa no Ocidente e fracassa no resto do mundo\u201d), para quem a legaliza\u00e7\u00e3o da propriedade \u00e9 a chave para o desenvolvimento econ\u00f4mico, Saad refor\u00e7ou que transformar favelas em comunidades de fato \u00e9 desafio coletivo.<\/p>\n<p><a href=\"https:\/\/secovi.com.br\/wp-content\/uploads\/2025\/12\/20251210-coluna.pdf\" target=\"_blank\" rel=\"noopener\"><span style=\"font-size: 18pt;\"><i class=\"fas fa-file-pdf\"\/> <\/span> Ver coluna em PDF<\/a><\/p>\n<\/p><\/div>\n<p><script>\n  !function(f,b,e,v,n,t,s)\n  {if(f.fbq)return;n=f.fbq=function(){n.callMethod?\n  n.callMethod.apply(n,arguments):n.queue.push(arguments)};\n  if(!f._fbq)f._fbq=n;n.push=n;n.loaded=!0;n.version='2.0';\n  n.queue=[];t=b.createElement(e);t.async=!0;\n  t.src=v;s=b.getElementsByTagName(e)[0];\n  s.parentNode.insertBefore(t,s)}(window, document,'script',\n  'https:\/\/connect.facebook.net\/en_US\/fbevents.js');\n  fbq('init', '780597760435075');\n  fbq('track', 'PageView');\n<\/script><br \/>\n<br \/><br \/>\n<br \/>Fonte:<a href=\"https:\/\/secovi.com.br\/o-desafio-de-transformar-favelas-em-comunidades\/\">Secovi <\/a><\/p>\n","protected":false},"excerpt":{"rendered":"<p>Amary, Saad, Luna e Jorge Cury Neto, presidente eleito do Secovi-SP Alian\u00e7a entre setor imobili\u00e1rio, poder p\u00fablico e lideran\u00e7as comunit\u00e1rias \u00e9 caminho para promover moradia digna O N\u00facleo de Altos&hellip; <\/p>\n","protected":false},"author":2,"featured_media":2613,"comment_status":"open","ping_status":"open","sticky":false,"template":"","format":"standard","meta":{"footnotes":""},"categories":[5,7],"tags":[],"yoast_head":"<!-- This site is optimized with the Yoast SEO plugin v21.5 - https:\/\/yoast.com\/wordpress\/plugins\/seo\/ -->\n<title>O desafio de transformar favelas em comunidades - Jornal Im\u00f3velp<\/title>\n<meta name=\"robots\" content=\"index, follow, max-snippet:-1, max-image-preview:large, max-video-preview:-1\" \/>\n<link rel=\"canonical\" href=\"https:\/\/www.imovelp.com.br\/blog\/o-desafio-de-transformar-favelas-em-comunidades\/\" \/>\n<meta property=\"og:locale\" content=\"en_US\" \/>\n<meta property=\"og:type\" content=\"article\" \/>\n<meta property=\"og:title\" content=\"O desafio de transformar favelas em comunidades - Jornal Im\u00f3velp\" \/>\n<meta property=\"og:description\" content=\"Amary, Saad, Luna e Jorge Cury Neto, presidente eleito do Secovi-SP Alian\u00e7a entre setor imobili\u00e1rio, poder p\u00fablico e lideran\u00e7as comunit\u00e1rias \u00e9 caminho para promover moradia digna O N\u00facleo de Altos&hellip;\" \/>\n<meta property=\"og:url\" content=\"https:\/\/www.imovelp.com.br\/blog\/o-desafio-de-transformar-favelas-em-comunidades\/\" \/>\n<meta property=\"og:site_name\" content=\"Jornal Im\u00f3velp\" \/>\n<meta property=\"article:published_time\" content=\"2025-12-10T20:10:44+00:00\" \/>\n<meta property=\"og:image\" content=\"https:\/\/secovi.com.br\/wp-content\/uploads\/2025\/12\/20251210-coluna.jpeg\" \/>\n<meta name=\"author\" content=\"Marcos Monteiro\" \/>\n<meta name=\"twitter:card\" content=\"summary_large_image\" \/>\n<meta name=\"twitter:label1\" content=\"Written by\" \/>\n\t<meta name=\"twitter:data1\" content=\"Marcos Monteiro\" \/>\n\t<meta name=\"twitter:label2\" content=\"Est. reading time\" \/>\n\t<meta name=\"twitter:data2\" content=\"2 minutes\" \/>\n<script type=\"application\/ld+json\" class=\"yoast-schema-graph\">{\"@context\":\"https:\/\/schema.org\",\"@graph\":[{\"@type\":\"WebPage\",\"@id\":\"https:\/\/www.imovelp.com.br\/blog\/o-desafio-de-transformar-favelas-em-comunidades\/\",\"url\":\"https:\/\/www.imovelp.com.br\/blog\/o-desafio-de-transformar-favelas-em-comunidades\/\",\"name\":\"O desafio de transformar favelas em comunidades - Jornal Im\u00f3velp\",\"isPartOf\":{\"@id\":\"https:\/\/www.imovelp.com.br\/blog\/#website\"},\"datePublished\":\"2025-12-10T20:10:44+00:00\",\"dateModified\":\"2025-12-10T20:10:44+00:00\",\"author\":{\"@id\":\"https:\/\/www.imovelp.com.br\/blog\/#\/schema\/person\/8fb1cc29840aba4154ec6a52e70be40a\"},\"breadcrumb\":{\"@id\":\"https:\/\/www.imovelp.com.br\/blog\/o-desafio-de-transformar-favelas-em-comunidades\/#breadcrumb\"},\"inLanguage\":\"en-US\",\"potentialAction\":[{\"@type\":\"ReadAction\",\"target\":[\"https:\/\/www.imovelp.com.br\/blog\/o-desafio-de-transformar-favelas-em-comunidades\/\"]}]},{\"@type\":\"BreadcrumbList\",\"@id\":\"https:\/\/www.imovelp.com.br\/blog\/o-desafio-de-transformar-favelas-em-comunidades\/#breadcrumb\",\"itemListElement\":[{\"@type\":\"ListItem\",\"position\":1,\"name\":\"Home\",\"item\":\"https:\/\/www.imovelp.com.br\/blog\/\"},{\"@type\":\"ListItem\",\"position\":2,\"name\":\"O desafio de transformar favelas em comunidades\"}]},{\"@type\":\"WebSite\",\"@id\":\"https:\/\/www.imovelp.com.br\/blog\/#website\",\"url\":\"https:\/\/www.imovelp.com.br\/blog\/\",\"name\":\"Jornal Im\u00f3velp\",\"description\":\"Portal de Not\u00edcias do Corretor de Im\u00f3veis\",\"potentialAction\":[{\"@type\":\"SearchAction\",\"target\":{\"@type\":\"EntryPoint\",\"urlTemplate\":\"https:\/\/www.imovelp.com.br\/blog\/?s={search_term_string}\"},\"query-input\":\"required name=search_term_string\"}],\"inLanguage\":\"en-US\"},{\"@type\":\"Person\",\"@id\":\"https:\/\/www.imovelp.com.br\/blog\/#\/schema\/person\/8fb1cc29840aba4154ec6a52e70be40a\",\"name\":\"Marcos Monteiro\",\"image\":{\"@type\":\"ImageObject\",\"inLanguage\":\"en-US\",\"@id\":\"https:\/\/www.imovelp.com.br\/blog\/#\/schema\/person\/image\/\",\"url\":\"https:\/\/secure.gravatar.com\/avatar\/da25bf23c2e75965766176dcd3fc7564?s=96&d=mm&r=g\",\"contentUrl\":\"https:\/\/secure.gravatar.com\/avatar\/da25bf23c2e75965766176dcd3fc7564?s=96&d=mm&r=g\",\"caption\":\"Marcos Monteiro\"},\"url\":\"https:\/\/www.imovelp.com.br\/blog\/author\/redacao-imovelp\/\"}]}<\/script>\n<!-- \/ Yoast SEO plugin. -->","yoast_head_json":{"title":"O desafio de transformar favelas em comunidades - Jornal Im\u00f3velp","robots":{"index":"index","follow":"follow","max-snippet":"max-snippet:-1","max-image-preview":"max-image-preview:large","max-video-preview":"max-video-preview:-1"},"canonical":"https:\/\/www.imovelp.com.br\/blog\/o-desafio-de-transformar-favelas-em-comunidades\/","og_locale":"en_US","og_type":"article","og_title":"O desafio de transformar favelas em comunidades - Jornal Im\u00f3velp","og_description":"Amary, Saad, Luna e Jorge Cury Neto, presidente eleito do Secovi-SP Alian\u00e7a entre setor imobili\u00e1rio, poder p\u00fablico e lideran\u00e7as comunit\u00e1rias \u00e9 caminho para promover moradia digna O N\u00facleo de Altos&hellip;","og_url":"https:\/\/www.imovelp.com.br\/blog\/o-desafio-de-transformar-favelas-em-comunidades\/","og_site_name":"Jornal Im\u00f3velp","article_published_time":"2025-12-10T20:10:44+00:00","og_image":[{"url":"https:\/\/secovi.com.br\/wp-content\/uploads\/2025\/12\/20251210-coluna.jpeg"}],"author":"Marcos Monteiro","twitter_card":"summary_large_image","twitter_misc":{"Written by":"Marcos Monteiro","Est. reading time":"2 minutes"},"schema":{"@context":"https:\/\/schema.org","@graph":[{"@type":"WebPage","@id":"https:\/\/www.imovelp.com.br\/blog\/o-desafio-de-transformar-favelas-em-comunidades\/","url":"https:\/\/www.imovelp.com.br\/blog\/o-desafio-de-transformar-favelas-em-comunidades\/","name":"O desafio de transformar favelas em comunidades - Jornal Im\u00f3velp","isPartOf":{"@id":"https:\/\/www.imovelp.com.br\/blog\/#website"},"datePublished":"2025-12-10T20:10:44+00:00","dateModified":"2025-12-10T20:10:44+00:00","author":{"@id":"https:\/\/www.imovelp.com.br\/blog\/#\/schema\/person\/8fb1cc29840aba4154ec6a52e70be40a"},"breadcrumb":{"@id":"https:\/\/www.imovelp.com.br\/blog\/o-desafio-de-transformar-favelas-em-comunidades\/#breadcrumb"},"inLanguage":"en-US","potentialAction":[{"@type":"ReadAction","target":["https:\/\/www.imovelp.com.br\/blog\/o-desafio-de-transformar-favelas-em-comunidades\/"]}]},{"@type":"BreadcrumbList","@id":"https:\/\/www.imovelp.com.br\/blog\/o-desafio-de-transformar-favelas-em-comunidades\/#breadcrumb","itemListElement":[{"@type":"ListItem","position":1,"name":"Home","item":"https:\/\/www.imovelp.com.br\/blog\/"},{"@type":"ListItem","position":2,"name":"O desafio de transformar favelas em comunidades"}]},{"@type":"WebSite","@id":"https:\/\/www.imovelp.com.br\/blog\/#website","url":"https:\/\/www.imovelp.com.br\/blog\/","name":"Jornal Im\u00f3velp","description":"Portal de Not\u00edcias do Corretor de Im\u00f3veis","potentialAction":[{"@type":"SearchAction","target":{"@type":"EntryPoint","urlTemplate":"https:\/\/www.imovelp.com.br\/blog\/?s={search_term_string}"},"query-input":"required name=search_term_string"}],"inLanguage":"en-US"},{"@type":"Person","@id":"https:\/\/www.imovelp.com.br\/blog\/#\/schema\/person\/8fb1cc29840aba4154ec6a52e70be40a","name":"Marcos Monteiro","image":{"@type":"ImageObject","inLanguage":"en-US","@id":"https:\/\/www.imovelp.com.br\/blog\/#\/schema\/person\/image\/","url":"https:\/\/secure.gravatar.com\/avatar\/da25bf23c2e75965766176dcd3fc7564?s=96&d=mm&r=g","contentUrl":"https:\/\/secure.gravatar.com\/avatar\/da25bf23c2e75965766176dcd3fc7564?s=96&d=mm&r=g","caption":"Marcos Monteiro"},"url":"https:\/\/www.imovelp.com.br\/blog\/author\/redacao-imovelp\/"}]}},"_links":{"self":[{"href":"https:\/\/www.imovelp.com.br\/blog\/wp-json\/wp\/v2\/posts\/2612"}],"collection":[{"href":"https:\/\/www.imovelp.com.br\/blog\/wp-json\/wp\/v2\/posts"}],"about":[{"href":"https:\/\/www.imovelp.com.br\/blog\/wp-json\/wp\/v2\/types\/post"}],"author":[{"embeddable":true,"href":"https:\/\/www.imovelp.com.br\/blog\/wp-json\/wp\/v2\/users\/2"}],"replies":[{"embeddable":true,"href":"https:\/\/www.imovelp.com.br\/blog\/wp-json\/wp\/v2\/comments?post=2612"}],"version-history":[{"count":0,"href":"https:\/\/www.imovelp.com.br\/blog\/wp-json\/wp\/v2\/posts\/2612\/revisions"}],"wp:featuredmedia":[{"embeddable":true,"href":"https:\/\/www.imovelp.com.br\/blog\/wp-json\/wp\/v2\/media\/2613"}],"wp:attachment":[{"href":"https:\/\/www.imovelp.com.br\/blog\/wp-json\/wp\/v2\/media?parent=2612"}],"wp:term":[{"taxonomy":"category","embeddable":true,"href":"https:\/\/www.imovelp.com.br\/blog\/wp-json\/wp\/v2\/categories?post=2612"},{"taxonomy":"post_tag","embeddable":true,"href":"https:\/\/www.imovelp.com.br\/blog\/wp-json\/wp\/v2\/tags?post=2612"}],"curies":[{"name":"wp","href":"https:\/\/api.w.org\/{rel}","templated":true}]}}