{"id":2611,"date":"2025-12-08T17:10:14","date_gmt":"2025-12-08T20:10:14","guid":{"rendered":"https:\/\/www.imovelp.com.br\/blog\/especialistas-alertam-para-riscos-e-orientam-sobre-novas-regras-da-reforma-tributaria-e-do-ir\/"},"modified":"2025-12-08T17:10:14","modified_gmt":"2025-12-08T20:10:14","slug":"especialistas-alertam-para-riscos-e-orientam-sobre-novas-regras-da-reforma-tributaria-e-do-ir","status":"publish","type":"post","link":"https:\/\/www.imovelp.com.br\/blog\/especialistas-alertam-para-riscos-e-orientam-sobre-novas-regras-da-reforma-tributaria-e-do-ir\/","title":{"rendered":"Especialistas alertam para riscos e orientam sobre novas regras da Reforma Tribut\u00e1ria e do IR"},"content":{"rendered":"<p> <br \/>\n<\/p>\n<div>\n<p class=\"MdParagraph\"><em>Tributaristas detalham os impactos das recentes mudan\u00e7as legislativas para o mercado imobili\u00e1rio e recomendam cautela com planejamentos tribut\u00e1rios agressivos<\/em><\/p>\n<p class=\"MdParagraph\">Diante da recente publica\u00e7\u00e3o da lei que altera o Imposto de Renda e da cont\u00ednua implementa\u00e7\u00e3o da Reforma Tribut\u00e1ria, o Secovi-SP promoveu, na \u00faltima quinta-feira, 27\/11, um encontro virtual exclusivo para seus associados. O evento \u201cReforma Tribut\u00e1ria &amp; Imposto de Renda: Seguran\u00e7a Jur\u00eddica e Guia Pr\u00e1tico para o Mercado Imobili\u00e1rio\u201d reuniu os membros do Conselho Jur\u00eddico da VP de Incorpora\u00e7\u00e3o e Terrenos Urbanos, Ricardo Lacaz e Rodrigo Dias, que ofereceram orienta\u00e7\u00f5es pr\u00e1ticas e alertaram sobre os desafios que as empresas do setor enfrentar\u00e3o a partir de janeiro de 2026.<\/p>\n<p class=\"MdParagraph\">A abertura do evento foi conduzida pelo presidente executivo do Secovi-SP, Ely Wertheim, que destacou a import\u00e2ncia de uma abordagem pragm\u00e1tica. \u201cN\u00e3o se trata mais de falar da reforma, mas sim do que vai acontecer agora a partir de janeiro, que \u00e9 uma obriga\u00e7\u00e3o de todos n\u00f3s. Estamos aqui num evento exclusivo para falar de coisas pr\u00e1ticas, e n\u00e3o de opini\u00f5es\u201d, afirmou, ressaltando que os palestrantes foram os especialistas que assessoraram o setor durante todo o processo de discuss\u00e3o das novas regras.<\/p>\n<p class=\"MdParagraph\">Pedro Krahenbuhl, diretor de Rela\u00e7\u00f5es Institucionais do Secovi-SP, detalhou a atua\u00e7\u00e3o da entidade junto aos \u00f3rg\u00e3os governamentais para buscar clareza e seguran\u00e7a jur\u00eddica para o setor. Ele informou que h\u00e1 uma reuni\u00e3o agendada com a Receita Federal para a pr\u00f3xima semana, com o objetivo de sanar d\u00favidas cruciais.<\/p>\n<p class=\"MdParagraph\">\u201cA gente est\u00e1 pendente de sair alguns normativos, tanto do Comit\u00ea Gestor, quanto da Receita. Acho que tem tr\u00eas temas que a gente tem levado \u00e0 Receita: a quest\u00e3o do CIB (Cadastro Imobili\u00e1rio Brasileiro), a emiss\u00e3o dos documentos fiscais e uma quest\u00e3o que aflige muito o pessoal de loca\u00e7\u00e3o, que \u00e9 o registro do contrato\u201d, pontuou Krahenbuhl. Ele tamb\u00e9m abordou a pol\u00eamica em torno do momento de recolhimento do ITBI, uma discuss\u00e3o que agora ser\u00e1 levada \u00e0 C\u00e2mara dos Deputados. \u201cA gente sempre defendeu que \u00e9 o registro, mas, por press\u00e3o pol\u00edtica dos munic\u00edpios, teve uma reviravolta, e eles est\u00e3o defendendo que, j\u00e1 no ato de uma escritura, ou at\u00e9 do contrato particular, seja feito o recolhimento\u201d, explicou.<\/p>\n<p class=\"MdParagraph\">Ricardo Lacaz iniciou sua apresenta\u00e7\u00e3o explicando por que o setor imobili\u00e1rio \u00e9 um dos mais afetados pela nova legisla\u00e7\u00e3o. Segundo ele, a complexa sistem\u00e1tica de apura\u00e7\u00e3o mira o que o governo chama de \u201cempresas subtributadas\u201d, categoria na qual se enquadram muitas companhias do ramo.<\/p>\n<p class=\"MdParagraph\">\u201cUm dos setores mais atingidos com a tributa\u00e7\u00e3o do Imposto de Renda M\u00ednimo \u00e9 o setor imobili\u00e1rio por conta do fato das empresas que apuram o setor terem, na sua grande maioria, tributa\u00e7\u00f5es diferenciadas sobre a receita, como o RET na incorpora\u00e7\u00e3o imobili\u00e1ria e o lucro presumido em loteamentos e loca\u00e7\u00f5es\u201d, explicou Lacaz. Ele detalhou que a nova lei, apesar de complexa, poupou os rendimentos isentos, como LCIs, CRIs e fundos imobili\u00e1rios, uma vit\u00f3ria conquistada ap\u00f3s intensa negocia\u00e7\u00e3o setorial. \u201cIsso foi uma briga grande no setor, que conseguiu manter uma exclus\u00e3o\u201d, comemorou.<\/p>\n<p class=\"MdParagraph\">\u201cTecnicamente, funciona\u201d, admitiu Ricardo Lacaz. No entanto, ele manifestou preocupa\u00e7\u00e3o com a populariza\u00e7\u00e3o da pr\u00e1tica. \u201cQuando est\u00e1 todo mundo falando no planejamento, isso aqui n\u00e3o vai dar certo. Estou com um pouco de receio, porque isso j\u00e1 virou\u2026 Eu n\u00e3o aguento mais receber e-mail de pessoas oferecendo isso\u201d, comentou. Segundo Lacaz, h\u00e1 um risco consider\u00e1vel de que a Receita Federal conteste essas opera\u00e7\u00f5es, questionando a necessidade econ\u00f4mica por tr\u00e1s delas. \u201cEu acho que a receita vai vir com os dois p\u00e9s no peito dessa opera\u00e7\u00e3o\u201d, alertou.<\/p>\n<p class=\"MdParagraph\">Diante das novas regras, a reorganiza\u00e7\u00e3o societ\u00e1ria surge como uma alternativa vi\u00e1vel. Lacaz apontou o retorno das holdings como uma estrat\u00e9gia para evitar a tributa\u00e7\u00e3o de dividendos entre pessoas jur\u00eddicas. O planejamento sucess\u00f3rio, com a inclus\u00e3o de herdeiros na sociedade, pode otimizar a distribui\u00e7\u00e3o de lucros, aproveitando a isen\u00e7\u00e3o de at\u00e9 R$ 600 mil por CPF.<\/p>\n<p class=\"MdParagraph\">No entanto, o uso de Certificados de Receb\u00edveis Imobili\u00e1rios (CRIs) como ferramenta de planejamento foi o ponto que gerou mais alertas. Embora tecnicamente funcional, a populariza\u00e7\u00e3o da estrat\u00e9gia acendeu um sinal amarelo.<\/p>\n<p class=\"MdParagraph\">\u201cQuando est\u00e1 todo mundo falando no planejamento, isso aqui n\u00e3o vai dar certo. Eu acho que a receita vai vir com os dois p\u00e9s no peito dessa opera\u00e7\u00e3o\u201d, alertou Lacaz. A preocupa\u00e7\u00e3o \u00e9 compartilhada por Rodrigo Dias, que usou uma met\u00e1fora para descrever o risco: \u201cQuando voc\u00ea aperta muito o parafuso, a porca espana\u201d.<\/p>\n<p class=\"MdParagraph\">Dias recomendou uma an\u00e1lise criteriosa da finalidade da opera\u00e7\u00e3o. \u201cSe voc\u00ea pegar uma estrutura que est\u00e1 em andamento e voc\u00ea empacotar em uma outra coisa sem sentido econ\u00f4mico, traz um risco grande. Outra coisa \u00e9 voc\u00ea pensar em uma estrutura de financiamento ou de levantamento de funding via CRI, e a\u00ed pode ser que fa\u00e7a algum sentido\u201d, ponderou.<\/p>\n<p class=\"MdParagraph\">A falta de regulamenta\u00e7\u00e3o sobre o registro de contratos em cart\u00f3rio foi outra grande preocupa\u00e7\u00e3o levantada. A lei permite que os documentos sejam registrados ou apenas mantidos \u00e0 disposi\u00e7\u00e3o, mas a aus\u00eancia de regras claras da Receita Federal cria um v\u00e1cuo de inseguran\u00e7a.<\/p>\n<p class=\"MdParagraph\">\u201cA gente n\u00e3o pode ser punido por isso\u201d, defendeu Dias, informando que o Secovi-SP est\u00e1 atuando para obter um posicionamento do Fisco. \u201cUma entrevista de algu\u00e9m da Receita falando isso j\u00e1 daria algum conforto de seguran\u00e7a para o mercado\u201d, sugeriu. A recomenda\u00e7\u00e3o, por ora, \u00e9 de cautela: \u201cAvaliem antes de sair fazendo as coisas se faz sentido ou n\u00e3o. Precisa fazer conta\u201d, aconselhou.<\/p>\n<p class=\"MdParagraph\">Ao final do encontro, Ely Wertheim agradeceu a participa\u00e7\u00e3o dos especialistas e refor\u00e7ou o trabalho cont\u00ednuo da entidade na defesa dos interesses do setor imobili\u00e1rio. \u201cN\u00f3s fizemos um controle de danos, era para ser muito pior, acreditem nisso, do que tudo que foi colocado aqui\u201d, declarou, referindo-se aos cinco anos de negocia\u00e7\u00f5es em torno das reformas.<\/p>\n<\/p><\/div>\n<p><script>\n  !function(f,b,e,v,n,t,s)\n  {if(f.fbq)return;n=f.fbq=function(){n.callMethod?\n  n.callMethod.apply(n,arguments):n.queue.push(arguments)};\n  if(!f._fbq)f._fbq=n;n.push=n;n.loaded=!0;n.version='2.0';\n  n.queue=[];t=b.createElement(e);t.async=!0;\n  t.src=v;s=b.getElementsByTagName(e)[0];\n  s.parentNode.insertBefore(t,s)}(window, document,'script',\n  'https:\/\/connect.facebook.net\/en_US\/fbevents.js');\n  fbq('init', '780597760435075');\n  fbq('track', 'PageView');\n<\/script><br \/>\n<br \/><br \/>\n<br \/>Fonte:<a href=\"https:\/\/secovi.com.br\/especialistas-alertam-para-riscos-e-orientam-sobre-novas-regras-da-reforma-tributaria-e-do-ir\/\">Secovi <\/a><\/p>\n","protected":false},"excerpt":{"rendered":"<p>Tributaristas detalham os impactos das recentes mudan\u00e7as legislativas para o mercado imobili\u00e1rio e recomendam cautela com planejamentos tribut\u00e1rios agressivos Diante da recente publica\u00e7\u00e3o da lei que altera o Imposto de&hellip; <\/p>\n","protected":false},"author":2,"featured_media":0,"comment_status":"open","ping_status":"open","sticky":false,"template":"","format":"standard","meta":{"footnotes":""},"categories":[5,7],"tags":[],"yoast_head":"<!-- This site is optimized with the Yoast SEO plugin v21.5 - https:\/\/yoast.com\/wordpress\/plugins\/seo\/ -->\n<title>Especialistas alertam para riscos e orientam sobre novas regras da Reforma Tribut\u00e1ria e do IR - Jornal Im\u00f3velp<\/title>\n<meta name=\"robots\" content=\"index, follow, max-snippet:-1, max-image-preview:large, max-video-preview:-1\" \/>\n<link rel=\"canonical\" href=\"https:\/\/www.imovelp.com.br\/blog\/especialistas-alertam-para-riscos-e-orientam-sobre-novas-regras-da-reforma-tributaria-e-do-ir\/\" \/>\n<meta property=\"og:locale\" content=\"en_US\" \/>\n<meta property=\"og:type\" content=\"article\" \/>\n<meta property=\"og:title\" content=\"Especialistas alertam para riscos e orientam sobre novas regras da Reforma Tribut\u00e1ria e do IR - Jornal Im\u00f3velp\" \/>\n<meta property=\"og:description\" content=\"Tributaristas detalham os impactos das recentes mudan\u00e7as legislativas para o mercado imobili\u00e1rio e recomendam cautela com planejamentos tribut\u00e1rios agressivos Diante da recente publica\u00e7\u00e3o da lei que altera o Imposto de&hellip;\" \/>\n<meta property=\"og:url\" content=\"https:\/\/www.imovelp.com.br\/blog\/especialistas-alertam-para-riscos-e-orientam-sobre-novas-regras-da-reforma-tributaria-e-do-ir\/\" \/>\n<meta property=\"og:site_name\" content=\"Jornal Im\u00f3velp\" \/>\n<meta property=\"article:published_time\" content=\"2025-12-08T20:10:14+00:00\" \/>\n<meta name=\"author\" content=\"Marcos Monteiro\" \/>\n<meta name=\"twitter:card\" content=\"summary_large_image\" \/>\n<meta name=\"twitter:label1\" content=\"Written by\" \/>\n\t<meta name=\"twitter:data1\" content=\"Marcos Monteiro\" \/>\n\t<meta name=\"twitter:label2\" content=\"Est. reading time\" \/>\n\t<meta name=\"twitter:data2\" content=\"5 minutes\" \/>\n<script type=\"application\/ld+json\" class=\"yoast-schema-graph\">{\"@context\":\"https:\/\/schema.org\",\"@graph\":[{\"@type\":\"WebPage\",\"@id\":\"https:\/\/www.imovelp.com.br\/blog\/especialistas-alertam-para-riscos-e-orientam-sobre-novas-regras-da-reforma-tributaria-e-do-ir\/\",\"url\":\"https:\/\/www.imovelp.com.br\/blog\/especialistas-alertam-para-riscos-e-orientam-sobre-novas-regras-da-reforma-tributaria-e-do-ir\/\",\"name\":\"Especialistas alertam para riscos e orientam sobre novas regras da Reforma Tribut\u00e1ria e do IR - Jornal Im\u00f3velp\",\"isPartOf\":{\"@id\":\"https:\/\/www.imovelp.com.br\/blog\/#website\"},\"datePublished\":\"2025-12-08T20:10:14+00:00\",\"dateModified\":\"2025-12-08T20:10:14+00:00\",\"author\":{\"@id\":\"https:\/\/www.imovelp.com.br\/blog\/#\/schema\/person\/8fb1cc29840aba4154ec6a52e70be40a\"},\"breadcrumb\":{\"@id\":\"https:\/\/www.imovelp.com.br\/blog\/especialistas-alertam-para-riscos-e-orientam-sobre-novas-regras-da-reforma-tributaria-e-do-ir\/#breadcrumb\"},\"inLanguage\":\"en-US\",\"potentialAction\":[{\"@type\":\"ReadAction\",\"target\":[\"https:\/\/www.imovelp.com.br\/blog\/especialistas-alertam-para-riscos-e-orientam-sobre-novas-regras-da-reforma-tributaria-e-do-ir\/\"]}]},{\"@type\":\"BreadcrumbList\",\"@id\":\"https:\/\/www.imovelp.com.br\/blog\/especialistas-alertam-para-riscos-e-orientam-sobre-novas-regras-da-reforma-tributaria-e-do-ir\/#breadcrumb\",\"itemListElement\":[{\"@type\":\"ListItem\",\"position\":1,\"name\":\"Home\",\"item\":\"https:\/\/www.imovelp.com.br\/blog\/\"},{\"@type\":\"ListItem\",\"position\":2,\"name\":\"Especialistas alertam para riscos e orientam sobre novas regras da Reforma Tribut\u00e1ria e do IR\"}]},{\"@type\":\"WebSite\",\"@id\":\"https:\/\/www.imovelp.com.br\/blog\/#website\",\"url\":\"https:\/\/www.imovelp.com.br\/blog\/\",\"name\":\"Jornal Im\u00f3velp\",\"description\":\"Portal de Not\u00edcias do Corretor de Im\u00f3veis\",\"potentialAction\":[{\"@type\":\"SearchAction\",\"target\":{\"@type\":\"EntryPoint\",\"urlTemplate\":\"https:\/\/www.imovelp.com.br\/blog\/?s={search_term_string}\"},\"query-input\":\"required name=search_term_string\"}],\"inLanguage\":\"en-US\"},{\"@type\":\"Person\",\"@id\":\"https:\/\/www.imovelp.com.br\/blog\/#\/schema\/person\/8fb1cc29840aba4154ec6a52e70be40a\",\"name\":\"Marcos Monteiro\",\"image\":{\"@type\":\"ImageObject\",\"inLanguage\":\"en-US\",\"@id\":\"https:\/\/www.imovelp.com.br\/blog\/#\/schema\/person\/image\/\",\"url\":\"https:\/\/secure.gravatar.com\/avatar\/da25bf23c2e75965766176dcd3fc7564?s=96&d=mm&r=g\",\"contentUrl\":\"https:\/\/secure.gravatar.com\/avatar\/da25bf23c2e75965766176dcd3fc7564?s=96&d=mm&r=g\",\"caption\":\"Marcos Monteiro\"},\"url\":\"https:\/\/www.imovelp.com.br\/blog\/author\/redacao-imovelp\/\"}]}<\/script>\n<!-- \/ Yoast SEO plugin. -->","yoast_head_json":{"title":"Especialistas alertam para riscos e orientam sobre novas regras da Reforma Tribut\u00e1ria e do IR - Jornal Im\u00f3velp","robots":{"index":"index","follow":"follow","max-snippet":"max-snippet:-1","max-image-preview":"max-image-preview:large","max-video-preview":"max-video-preview:-1"},"canonical":"https:\/\/www.imovelp.com.br\/blog\/especialistas-alertam-para-riscos-e-orientam-sobre-novas-regras-da-reforma-tributaria-e-do-ir\/","og_locale":"en_US","og_type":"article","og_title":"Especialistas alertam para riscos e orientam sobre novas regras da Reforma Tribut\u00e1ria e do IR - Jornal Im\u00f3velp","og_description":"Tributaristas detalham os impactos das recentes mudan\u00e7as legislativas para o mercado imobili\u00e1rio e recomendam cautela com planejamentos tribut\u00e1rios agressivos Diante da recente publica\u00e7\u00e3o da lei que altera o Imposto de&hellip;","og_url":"https:\/\/www.imovelp.com.br\/blog\/especialistas-alertam-para-riscos-e-orientam-sobre-novas-regras-da-reforma-tributaria-e-do-ir\/","og_site_name":"Jornal Im\u00f3velp","article_published_time":"2025-12-08T20:10:14+00:00","author":"Marcos Monteiro","twitter_card":"summary_large_image","twitter_misc":{"Written by":"Marcos Monteiro","Est. reading time":"5 minutes"},"schema":{"@context":"https:\/\/schema.org","@graph":[{"@type":"WebPage","@id":"https:\/\/www.imovelp.com.br\/blog\/especialistas-alertam-para-riscos-e-orientam-sobre-novas-regras-da-reforma-tributaria-e-do-ir\/","url":"https:\/\/www.imovelp.com.br\/blog\/especialistas-alertam-para-riscos-e-orientam-sobre-novas-regras-da-reforma-tributaria-e-do-ir\/","name":"Especialistas alertam para riscos e orientam sobre novas regras da Reforma Tribut\u00e1ria e do IR - Jornal Im\u00f3velp","isPartOf":{"@id":"https:\/\/www.imovelp.com.br\/blog\/#website"},"datePublished":"2025-12-08T20:10:14+00:00","dateModified":"2025-12-08T20:10:14+00:00","author":{"@id":"https:\/\/www.imovelp.com.br\/blog\/#\/schema\/person\/8fb1cc29840aba4154ec6a52e70be40a"},"breadcrumb":{"@id":"https:\/\/www.imovelp.com.br\/blog\/especialistas-alertam-para-riscos-e-orientam-sobre-novas-regras-da-reforma-tributaria-e-do-ir\/#breadcrumb"},"inLanguage":"en-US","potentialAction":[{"@type":"ReadAction","target":["https:\/\/www.imovelp.com.br\/blog\/especialistas-alertam-para-riscos-e-orientam-sobre-novas-regras-da-reforma-tributaria-e-do-ir\/"]}]},{"@type":"BreadcrumbList","@id":"https:\/\/www.imovelp.com.br\/blog\/especialistas-alertam-para-riscos-e-orientam-sobre-novas-regras-da-reforma-tributaria-e-do-ir\/#breadcrumb","itemListElement":[{"@type":"ListItem","position":1,"name":"Home","item":"https:\/\/www.imovelp.com.br\/blog\/"},{"@type":"ListItem","position":2,"name":"Especialistas alertam para riscos e orientam sobre novas regras da Reforma Tribut\u00e1ria e do IR"}]},{"@type":"WebSite","@id":"https:\/\/www.imovelp.com.br\/blog\/#website","url":"https:\/\/www.imovelp.com.br\/blog\/","name":"Jornal Im\u00f3velp","description":"Portal de Not\u00edcias do Corretor de Im\u00f3veis","potentialAction":[{"@type":"SearchAction","target":{"@type":"EntryPoint","urlTemplate":"https:\/\/www.imovelp.com.br\/blog\/?s={search_term_string}"},"query-input":"required name=search_term_string"}],"inLanguage":"en-US"},{"@type":"Person","@id":"https:\/\/www.imovelp.com.br\/blog\/#\/schema\/person\/8fb1cc29840aba4154ec6a52e70be40a","name":"Marcos Monteiro","image":{"@type":"ImageObject","inLanguage":"en-US","@id":"https:\/\/www.imovelp.com.br\/blog\/#\/schema\/person\/image\/","url":"https:\/\/secure.gravatar.com\/avatar\/da25bf23c2e75965766176dcd3fc7564?s=96&d=mm&r=g","contentUrl":"https:\/\/secure.gravatar.com\/avatar\/da25bf23c2e75965766176dcd3fc7564?s=96&d=mm&r=g","caption":"Marcos Monteiro"},"url":"https:\/\/www.imovelp.com.br\/blog\/author\/redacao-imovelp\/"}]}},"_links":{"self":[{"href":"https:\/\/www.imovelp.com.br\/blog\/wp-json\/wp\/v2\/posts\/2611"}],"collection":[{"href":"https:\/\/www.imovelp.com.br\/blog\/wp-json\/wp\/v2\/posts"}],"about":[{"href":"https:\/\/www.imovelp.com.br\/blog\/wp-json\/wp\/v2\/types\/post"}],"author":[{"embeddable":true,"href":"https:\/\/www.imovelp.com.br\/blog\/wp-json\/wp\/v2\/users\/2"}],"replies":[{"embeddable":true,"href":"https:\/\/www.imovelp.com.br\/blog\/wp-json\/wp\/v2\/comments?post=2611"}],"version-history":[{"count":0,"href":"https:\/\/www.imovelp.com.br\/blog\/wp-json\/wp\/v2\/posts\/2611\/revisions"}],"wp:attachment":[{"href":"https:\/\/www.imovelp.com.br\/blog\/wp-json\/wp\/v2\/media?parent=2611"}],"wp:term":[{"taxonomy":"category","embeddable":true,"href":"https:\/\/www.imovelp.com.br\/blog\/wp-json\/wp\/v2\/categories?post=2611"},{"taxonomy":"post_tag","embeddable":true,"href":"https:\/\/www.imovelp.com.br\/blog\/wp-json\/wp\/v2\/tags?post=2611"}],"curies":[{"name":"wp","href":"https:\/\/api.w.org\/{rel}","templated":true}]}}