{"id":2608,"date":"2025-12-04T17:05:52","date_gmt":"2025-12-04T20:05:52","guid":{"rendered":"https:\/\/www.imovelp.com.br\/blog\/secovi-sp-promove-encontro-sobre-saude-gestao-de-pessoas-e-inovacao-no-mercado-imobiliario\/"},"modified":"2025-12-04T17:05:52","modified_gmt":"2025-12-04T20:05:52","slug":"secovi-sp-promove-encontro-sobre-saude-gestao-de-pessoas-e-inovacao-no-mercado-imobiliario","status":"publish","type":"post","link":"https:\/\/www.imovelp.com.br\/blog\/secovi-sp-promove-encontro-sobre-saude-gestao-de-pessoas-e-inovacao-no-mercado-imobiliario\/","title":{"rendered":"Secovi-SP promove encontro sobre sa\u00fade, gest\u00e3o de pessoas e inova\u00e7\u00e3o no mercado imobili\u00e1rio"},"content":{"rendered":"<p> <br \/>\n<\/p>\n<div>\n<p data-start=\"95\" data-end=\"571\">O Secovi-SP realiza, no dia 8\/12, o evento \u201cSecovi com voc\u00ea \u2013 Conex\u00e3o RH\u201d, encontro dedicado \u00e0 atualiza\u00e7\u00e3o, integra\u00e7\u00e3o e troca de experi\u00eancias em sa\u00fade, seguran\u00e7a, inova\u00e7\u00e3o e gest\u00e3o de pessoas no setor imobili\u00e1rio. A programa\u00e7\u00e3o ocorre das 9 \u00e0s 16 horas, com credenciamento e welcome coffee a partir das 8 horas, e pretende fortalecer a cultura de conformidade legal, bem-estar dos colaboradores e moderniza\u00e7\u00e3o das rela\u00e7\u00f5es de trabalho nas empresas do segmento.<\/p>\n<p data-start=\"573\" data-end=\"1033\">Voltado a gestores de recursos humanos e departamentos pessoais, profissionais de sa\u00fade ocupacional, l\u00edderes de equipes operacionais, empres\u00e1rios, administradores de empresas do setor e representantes de entidades sindicais e \u00f3rg\u00e3os p\u00fablicos ligados \u00e0 empregabilidade e forma\u00e7\u00e3o t\u00e9cnica, o evento abordar\u00e1 desde as novas diretrizes da NR-1 at\u00e9 os desafios da escassez de m\u00e3o de obra qualificada, passando por diversidade, inclus\u00e3o e o futuro do trabalho.<\/p>\n<p data-start=\"1035\" data-end=\"1802\">A programa\u00e7\u00e3o tem in\u00edcio com o painel \u201cSa\u00fade e Seguran\u00e7a do Trabalho \u2013 Se preparando para a NR-1\u201d, conduzido por T\u00e2nia Fator, que tratar\u00e1 das atualiza\u00e7\u00f5es da norma, da sa\u00fade mental como fator de risco e das responsabilidades legais e operacionais das empresas. Em seguida, uma mesa-redonda pr\u00e1tica mostrar\u00e1 como implantar um PGR eficaz, com apresenta\u00e7\u00e3o de ferramentas, fluxos e modelos de gest\u00e3o de risco, com a participa\u00e7\u00e3o de Bruno Silva, Giancarlo Brand\u00e3o e Margarete Quevedo. Ainda no per\u00edodo da manh\u00e3, Delma Moraes, Amiris de Paula Serdura e Gisele Marques debatem dificuldades de contrata\u00e7\u00e3o e escassez de m\u00e3o de obra qualificada, destacando requalifica\u00e7\u00e3o, capacita\u00e7\u00e3o t\u00e9cnica e o papel estrat\u00e9gico do RH na inova\u00e7\u00e3o.<\/p>\n<p data-start=\"1804\" data-end=\"2440\">No per\u00edodo da tarde, o painel \u201cPessoas, Cultura e Gera\u00e7\u00f5es: o futuro do trabalho sob a \u00f3tica de tr\u00eas gera\u00e7\u00f5es\u201d re\u00fane Roberta Bigucci, Gabriel Luna e Kelma Camargo para discutir integra\u00e7\u00e3o da Gera\u00e7\u00e3o Z, cultura digital e conviv\u00eancia intergeracional. Na sequ\u00eancia, o m\u00f3dulo \u201cEmpregabilidade para al\u00e9m das cotas\u201d aprofunda o debate sobre inclus\u00e3o de pessoas com defici\u00eancia, aprendizes e estagi\u00e1rios, com Carlos Alberto Azevedo, F\u00e1bia Mistreta, M\u00f4nica Marcele de Oliveira e Margareth Oliveira, enfatizando o cumprimento da legisla\u00e7\u00e3o e a constru\u00e7\u00e3o de ambientes de trabalho mais diversos e inclusivos.<\/p>\n<p data-start=\"2442\" data-end=\"3032\" data-is-last-node=\"\" data-is-only-node=\"\">A programa\u00e7\u00e3o se encerra com dois momentos estrat\u00e9gicos para o futuro do RH no setor: o lan\u00e7amento do Portal da Empregabilidade Digital, apresentado por Claudinei Pauda, e o painel \u201cTecnologia e Inova\u00e7\u00e3o no RH\u201d, com Emerson Rosa e Edwiges Parra, que tratar\u00e3o do uso de intelig\u00eancia artificial, automa\u00e7\u00e3o, People Analytics e ferramentas digitais aliadas \u00e0 humaniza\u00e7\u00e3o da gest\u00e3o de pessoas. Com isso, o \u201cSecovi com voc\u00ea \u2013 Conex\u00e3o RH\u201d se consolida como um espa\u00e7o de refer\u00eancia para quem busca alinhar conformidade, inova\u00e7\u00e3o e cuidado com pessoas no mercado imobili\u00e1rio.<\/p>\n<\/p><\/div>\n<p><script>\n  !function(f,b,e,v,n,t,s)\n  {if(f.fbq)return;n=f.fbq=function(){n.callMethod?\n  n.callMethod.apply(n,arguments):n.queue.push(arguments)};\n  if(!f._fbq)f._fbq=n;n.push=n;n.loaded=!0;n.version='2.0';\n  n.queue=[];t=b.createElement(e);t.async=!0;\n  t.src=v;s=b.getElementsByTagName(e)[0];\n  s.parentNode.insertBefore(t,s)}(window, document,'script',\n  'https:\/\/connect.facebook.net\/en_US\/fbevents.js');\n  fbq('init', '780597760435075');\n  fbq('track', 'PageView');\n<\/script><br \/>\n<br \/><br \/>\n<br \/>Fonte:<a href=\"https:\/\/secovi.com.br\/secovi-sp-promove-encontro-sobre-saude-gestao-de-pessoas-e-inovacao-no-mercado-imobiliario\/\">Secovi <\/a><\/p>\n","protected":false},"excerpt":{"rendered":"<p>O Secovi-SP realiza, no dia 8\/12, o evento \u201cSecovi com voc\u00ea \u2013 Conex\u00e3o RH\u201d, encontro dedicado \u00e0 atualiza\u00e7\u00e3o, integra\u00e7\u00e3o e troca de experi\u00eancias em sa\u00fade, seguran\u00e7a, inova\u00e7\u00e3o e gest\u00e3o de&hellip; <\/p>\n","protected":false},"author":2,"featured_media":0,"comment_status":"open","ping_status":"open","sticky":false,"template":"","format":"standard","meta":{"footnotes":""},"categories":[5,7],"tags":[],"yoast_head":"<!-- This site is optimized with the Yoast SEO plugin v21.5 - https:\/\/yoast.com\/wordpress\/plugins\/seo\/ -->\n<title>Secovi-SP promove encontro sobre sa\u00fade, gest\u00e3o de pessoas e inova\u00e7\u00e3o no mercado imobili\u00e1rio - Jornal Im\u00f3velp<\/title>\n<meta name=\"robots\" content=\"index, follow, max-snippet:-1, max-image-preview:large, max-video-preview:-1\" \/>\n<link rel=\"canonical\" href=\"https:\/\/www.imovelp.com.br\/blog\/secovi-sp-promove-encontro-sobre-saude-gestao-de-pessoas-e-inovacao-no-mercado-imobiliario\/\" \/>\n<meta property=\"og:locale\" content=\"en_US\" \/>\n<meta property=\"og:type\" content=\"article\" \/>\n<meta property=\"og:title\" content=\"Secovi-SP promove encontro sobre sa\u00fade, gest\u00e3o de pessoas e inova\u00e7\u00e3o no mercado imobili\u00e1rio - Jornal Im\u00f3velp\" \/>\n<meta property=\"og:description\" content=\"O Secovi-SP realiza, no dia 8\/12, o evento \u201cSecovi com voc\u00ea \u2013 Conex\u00e3o RH\u201d, encontro dedicado \u00e0 atualiza\u00e7\u00e3o, integra\u00e7\u00e3o e troca de experi\u00eancias em sa\u00fade, seguran\u00e7a, inova\u00e7\u00e3o e gest\u00e3o de&hellip;\" \/>\n<meta property=\"og:url\" content=\"https:\/\/www.imovelp.com.br\/blog\/secovi-sp-promove-encontro-sobre-saude-gestao-de-pessoas-e-inovacao-no-mercado-imobiliario\/\" \/>\n<meta property=\"og:site_name\" content=\"Jornal Im\u00f3velp\" \/>\n<meta property=\"article:published_time\" content=\"2025-12-04T20:05:52+00:00\" \/>\n<meta name=\"author\" content=\"Marcos Monteiro\" \/>\n<meta name=\"twitter:card\" content=\"summary_large_image\" \/>\n<meta name=\"twitter:label1\" content=\"Written by\" \/>\n\t<meta name=\"twitter:data1\" content=\"Marcos Monteiro\" \/>\n\t<meta name=\"twitter:label2\" content=\"Est. reading time\" \/>\n\t<meta name=\"twitter:data2\" content=\"2 minutes\" \/>\n<script type=\"application\/ld+json\" class=\"yoast-schema-graph\">{\"@context\":\"https:\/\/schema.org\",\"@graph\":[{\"@type\":\"WebPage\",\"@id\":\"https:\/\/www.imovelp.com.br\/blog\/secovi-sp-promove-encontro-sobre-saude-gestao-de-pessoas-e-inovacao-no-mercado-imobiliario\/\",\"url\":\"https:\/\/www.imovelp.com.br\/blog\/secovi-sp-promove-encontro-sobre-saude-gestao-de-pessoas-e-inovacao-no-mercado-imobiliario\/\",\"name\":\"Secovi-SP promove encontro sobre sa\u00fade, gest\u00e3o de pessoas e inova\u00e7\u00e3o no mercado imobili\u00e1rio - Jornal Im\u00f3velp\",\"isPartOf\":{\"@id\":\"https:\/\/www.imovelp.com.br\/blog\/#website\"},\"datePublished\":\"2025-12-04T20:05:52+00:00\",\"dateModified\":\"2025-12-04T20:05:52+00:00\",\"author\":{\"@id\":\"https:\/\/www.imovelp.com.br\/blog\/#\/schema\/person\/8fb1cc29840aba4154ec6a52e70be40a\"},\"breadcrumb\":{\"@id\":\"https:\/\/www.imovelp.com.br\/blog\/secovi-sp-promove-encontro-sobre-saude-gestao-de-pessoas-e-inovacao-no-mercado-imobiliario\/#breadcrumb\"},\"inLanguage\":\"en-US\",\"potentialAction\":[{\"@type\":\"ReadAction\",\"target\":[\"https:\/\/www.imovelp.com.br\/blog\/secovi-sp-promove-encontro-sobre-saude-gestao-de-pessoas-e-inovacao-no-mercado-imobiliario\/\"]}]},{\"@type\":\"BreadcrumbList\",\"@id\":\"https:\/\/www.imovelp.com.br\/blog\/secovi-sp-promove-encontro-sobre-saude-gestao-de-pessoas-e-inovacao-no-mercado-imobiliario\/#breadcrumb\",\"itemListElement\":[{\"@type\":\"ListItem\",\"position\":1,\"name\":\"Home\",\"item\":\"https:\/\/www.imovelp.com.br\/blog\/\"},{\"@type\":\"ListItem\",\"position\":2,\"name\":\"Secovi-SP promove encontro sobre sa\u00fade, gest\u00e3o de pessoas e inova\u00e7\u00e3o no mercado imobili\u00e1rio\"}]},{\"@type\":\"WebSite\",\"@id\":\"https:\/\/www.imovelp.com.br\/blog\/#website\",\"url\":\"https:\/\/www.imovelp.com.br\/blog\/\",\"name\":\"Jornal Im\u00f3velp\",\"description\":\"Portal de Not\u00edcias do Corretor de Im\u00f3veis\",\"potentialAction\":[{\"@type\":\"SearchAction\",\"target\":{\"@type\":\"EntryPoint\",\"urlTemplate\":\"https:\/\/www.imovelp.com.br\/blog\/?s={search_term_string}\"},\"query-input\":\"required name=search_term_string\"}],\"inLanguage\":\"en-US\"},{\"@type\":\"Person\",\"@id\":\"https:\/\/www.imovelp.com.br\/blog\/#\/schema\/person\/8fb1cc29840aba4154ec6a52e70be40a\",\"name\":\"Marcos Monteiro\",\"image\":{\"@type\":\"ImageObject\",\"inLanguage\":\"en-US\",\"@id\":\"https:\/\/www.imovelp.com.br\/blog\/#\/schema\/person\/image\/\",\"url\":\"https:\/\/secure.gravatar.com\/avatar\/da25bf23c2e75965766176dcd3fc7564?s=96&d=mm&r=g\",\"contentUrl\":\"https:\/\/secure.gravatar.com\/avatar\/da25bf23c2e75965766176dcd3fc7564?s=96&d=mm&r=g\",\"caption\":\"Marcos Monteiro\"},\"url\":\"https:\/\/www.imovelp.com.br\/blog\/author\/redacao-imovelp\/\"}]}<\/script>\n<!-- \/ Yoast SEO plugin. -->","yoast_head_json":{"title":"Secovi-SP promove encontro sobre sa\u00fade, gest\u00e3o de pessoas e inova\u00e7\u00e3o no mercado imobili\u00e1rio - Jornal Im\u00f3velp","robots":{"index":"index","follow":"follow","max-snippet":"max-snippet:-1","max-image-preview":"max-image-preview:large","max-video-preview":"max-video-preview:-1"},"canonical":"https:\/\/www.imovelp.com.br\/blog\/secovi-sp-promove-encontro-sobre-saude-gestao-de-pessoas-e-inovacao-no-mercado-imobiliario\/","og_locale":"en_US","og_type":"article","og_title":"Secovi-SP promove encontro sobre sa\u00fade, gest\u00e3o de pessoas e inova\u00e7\u00e3o no mercado imobili\u00e1rio - Jornal Im\u00f3velp","og_description":"O Secovi-SP realiza, no dia 8\/12, o evento \u201cSecovi com voc\u00ea \u2013 Conex\u00e3o RH\u201d, encontro dedicado \u00e0 atualiza\u00e7\u00e3o, integra\u00e7\u00e3o e troca de experi\u00eancias em sa\u00fade, seguran\u00e7a, inova\u00e7\u00e3o e gest\u00e3o de&hellip;","og_url":"https:\/\/www.imovelp.com.br\/blog\/secovi-sp-promove-encontro-sobre-saude-gestao-de-pessoas-e-inovacao-no-mercado-imobiliario\/","og_site_name":"Jornal Im\u00f3velp","article_published_time":"2025-12-04T20:05:52+00:00","author":"Marcos Monteiro","twitter_card":"summary_large_image","twitter_misc":{"Written by":"Marcos Monteiro","Est. reading time":"2 minutes"},"schema":{"@context":"https:\/\/schema.org","@graph":[{"@type":"WebPage","@id":"https:\/\/www.imovelp.com.br\/blog\/secovi-sp-promove-encontro-sobre-saude-gestao-de-pessoas-e-inovacao-no-mercado-imobiliario\/","url":"https:\/\/www.imovelp.com.br\/blog\/secovi-sp-promove-encontro-sobre-saude-gestao-de-pessoas-e-inovacao-no-mercado-imobiliario\/","name":"Secovi-SP promove encontro sobre sa\u00fade, gest\u00e3o de pessoas e inova\u00e7\u00e3o no mercado imobili\u00e1rio - Jornal Im\u00f3velp","isPartOf":{"@id":"https:\/\/www.imovelp.com.br\/blog\/#website"},"datePublished":"2025-12-04T20:05:52+00:00","dateModified":"2025-12-04T20:05:52+00:00","author":{"@id":"https:\/\/www.imovelp.com.br\/blog\/#\/schema\/person\/8fb1cc29840aba4154ec6a52e70be40a"},"breadcrumb":{"@id":"https:\/\/www.imovelp.com.br\/blog\/secovi-sp-promove-encontro-sobre-saude-gestao-de-pessoas-e-inovacao-no-mercado-imobiliario\/#breadcrumb"},"inLanguage":"en-US","potentialAction":[{"@type":"ReadAction","target":["https:\/\/www.imovelp.com.br\/blog\/secovi-sp-promove-encontro-sobre-saude-gestao-de-pessoas-e-inovacao-no-mercado-imobiliario\/"]}]},{"@type":"BreadcrumbList","@id":"https:\/\/www.imovelp.com.br\/blog\/secovi-sp-promove-encontro-sobre-saude-gestao-de-pessoas-e-inovacao-no-mercado-imobiliario\/#breadcrumb","itemListElement":[{"@type":"ListItem","position":1,"name":"Home","item":"https:\/\/www.imovelp.com.br\/blog\/"},{"@type":"ListItem","position":2,"name":"Secovi-SP promove encontro sobre sa\u00fade, gest\u00e3o de pessoas e inova\u00e7\u00e3o no mercado imobili\u00e1rio"}]},{"@type":"WebSite","@id":"https:\/\/www.imovelp.com.br\/blog\/#website","url":"https:\/\/www.imovelp.com.br\/blog\/","name":"Jornal Im\u00f3velp","description":"Portal de Not\u00edcias do Corretor de Im\u00f3veis","potentialAction":[{"@type":"SearchAction","target":{"@type":"EntryPoint","urlTemplate":"https:\/\/www.imovelp.com.br\/blog\/?s={search_term_string}"},"query-input":"required name=search_term_string"}],"inLanguage":"en-US"},{"@type":"Person","@id":"https:\/\/www.imovelp.com.br\/blog\/#\/schema\/person\/8fb1cc29840aba4154ec6a52e70be40a","name":"Marcos Monteiro","image":{"@type":"ImageObject","inLanguage":"en-US","@id":"https:\/\/www.imovelp.com.br\/blog\/#\/schema\/person\/image\/","url":"https:\/\/secure.gravatar.com\/avatar\/da25bf23c2e75965766176dcd3fc7564?s=96&d=mm&r=g","contentUrl":"https:\/\/secure.gravatar.com\/avatar\/da25bf23c2e75965766176dcd3fc7564?s=96&d=mm&r=g","caption":"Marcos Monteiro"},"url":"https:\/\/www.imovelp.com.br\/blog\/author\/redacao-imovelp\/"}]}},"_links":{"self":[{"href":"https:\/\/www.imovelp.com.br\/blog\/wp-json\/wp\/v2\/posts\/2608"}],"collection":[{"href":"https:\/\/www.imovelp.com.br\/blog\/wp-json\/wp\/v2\/posts"}],"about":[{"href":"https:\/\/www.imovelp.com.br\/blog\/wp-json\/wp\/v2\/types\/post"}],"author":[{"embeddable":true,"href":"https:\/\/www.imovelp.com.br\/blog\/wp-json\/wp\/v2\/users\/2"}],"replies":[{"embeddable":true,"href":"https:\/\/www.imovelp.com.br\/blog\/wp-json\/wp\/v2\/comments?post=2608"}],"version-history":[{"count":0,"href":"https:\/\/www.imovelp.com.br\/blog\/wp-json\/wp\/v2\/posts\/2608\/revisions"}],"wp:attachment":[{"href":"https:\/\/www.imovelp.com.br\/blog\/wp-json\/wp\/v2\/media?parent=2608"}],"wp:term":[{"taxonomy":"category","embeddable":true,"href":"https:\/\/www.imovelp.com.br\/blog\/wp-json\/wp\/v2\/categories?post=2608"},{"taxonomy":"post_tag","embeddable":true,"href":"https:\/\/www.imovelp.com.br\/blog\/wp-json\/wp\/v2\/tags?post=2608"}],"curies":[{"name":"wp","href":"https:\/\/api.w.org\/{rel}","templated":true}]}}