{"id":2597,"date":"2025-11-28T17:01:18","date_gmt":"2025-11-28T20:01:18","guid":{"rendered":"https:\/\/www.imovelp.com.br\/blog\/novas-centralidades-redesenham-mercado-de-campinas-aponta-diretora-do-secovi-sp\/"},"modified":"2025-11-28T17:01:18","modified_gmt":"2025-11-28T20:01:18","slug":"novas-centralidades-redesenham-mercado-de-campinas-aponta-diretora-do-secovi-sp","status":"publish","type":"post","link":"https:\/\/www.imovelp.com.br\/blog\/novas-centralidades-redesenham-mercado-de-campinas-aponta-diretora-do-secovi-sp\/","title":{"rendered":"Novas centralidades redesenham mercado de Campinas, aponta diretora do Secovi-SP"},"content":{"rendered":"<p> <br \/>\n<\/p>\n<div id=\"post-79014\">\n<div class=\"entry-content\">\n<div class=\"w-full mb-[4px] mt-0\">\n<p class=\"font-[600] py-[3px] font-serif text-[1.875em]\" data-slate-node=\"element\" data-anchor=\"novascentralidadesredesenhammercadoimobili%C3%A1riodecampinas%2Capontadiretoradosecovisp\" data-slug=\"novascentralidadesredesenhammercadoimobili%C3%A1riodecampinas%2Capontadiretoradosecovisp0\"><em>Kelma Camargo destaca crescimento de 16% nas vendas e defende cria\u00e7\u00e3o de espa\u00e7os urbanos autossuficientes para melhorar qualidade de vida<\/em><\/p>\n<\/div>\n<div class=\"w-full my-[1px]\">\n<div class=\"py-[3px]\" data-slate-node=\"element\">\n<p><span data-slate-node=\"text\"><span class=\"\" data-slate-leaf=\"true\"><img loading=\"lazy\" decoding=\"async\" class=\"wp-image-79015 alignright\" src=\"https:\/\/secovi.com.br\/wp-content\/uploads\/2025\/11\/Sem-titulo-600x334.jpg\" alt=\"\" width=\"467\" height=\"260\"\/>Em entrevista ao podcast Panorama dos Neg\u00f3cios no dia 25\/11, a diretora da Regional do Secovi-SP em Campinas, Kelma Camargo, destacou o momento de profunda transforma\u00e7\u00e3o e expans\u00e3o do mercado imobili\u00e1rio na cidade. Segundo a advogada, o desenvolvimento de \u201cnovas centralidades\u201d est\u00e1 redefinindo n\u00e3o apenas a paisagem urbana, mas tamb\u00e9m a forma como os cidad\u00e3os vivem e se relacionam com os espa\u00e7os, impulsionando um crescimento que j\u00e1 supera o da regi\u00e3o metropolitana de S\u00e3o Paulo em indicadores de vendas.<\/span><\/span><\/p>\n<p>\u00a0<\/p>\n<\/div>\n<\/div>\n<div class=\"w-full my-[1px]\">\n<div class=\"py-[3px]\" data-slate-node=\"element\">\n<div class=\"w-full my-[1px]\">\n<div class=\"py-[3px]\" data-slate-node=\"element\"><span data-slate-node=\"text\"><span class=\"\" data-slate-leaf=\"true\">De acordo com Kelma, o mercado campineiro registrou um aumento de 16% nas vendas, um desempenho not\u00e1vel que contrasta com uma queda de 40% nos lan\u00e7amentos, esta \u00faltima atribu\u00edda aos custos da outorga onerosa. A diretora enfatizou que, para al\u00e9m de bairros j\u00e1 consolidados como o Cambu\u00ed, \u00e1reas como a Vila Industrial e o S\u00e3o Bernardo est\u00e3o passando por importantes processos de requalifica\u00e7\u00e3o. \u201cO foco deve ser a cria\u00e7\u00e3o de locais com infraestrutura completa, que integrem com\u00e9rcio, lazer, escolas e servi\u00e7os de sa\u00fade, melhorando a qualidade de vida e reduzindo a depend\u00eancia de deslocamentos longos\u201d, afirmou.<br \/>\n<\/span><\/span><\/div>\n<\/div>\n<div class=\"w-full my-[1px]\">\n<div class=\"py-[3px]\" data-slate-node=\"element\"><span data-slate-node=\"text\"><span class=\"\" data-slate-leaf=\"true\">Um dos pontos centrais da discuss\u00e3o foi a diferen\u00e7a entre \u201cbairros planejados\u201d e o conceito mais amplo de \u201cnovas centralidades\u201d. \u201cO objetivo \u00e9 fomentar ambientes urbanos autossuficientes e din\u00e2micos\u201d, explicou. \u201cNesse sentido, o Secovi-SP tem mantido um di\u00e1logo constante com a prefeitura para assegurar que o desenvolvimento ocorra de forma organizada, o que tamb\u00e9m contribui para mitigar problemas como ocupa\u00e7\u00f5es irregulares e garantir a seguran\u00e7a jur\u00eddica para novos empreendimentos\u201d, completou.<br \/>\n<\/span><\/span><\/div>\n<\/div>\n<div class=\"w-full my-[1px]\">\n<div class=\"py-[3px]\" data-slate-node=\"element\"><span data-slate-node=\"text\"><span class=\"\" data-slate-leaf=\"true\">A seguran\u00e7a p\u00fablica foi outro tema abordado, com a diretora defendendo que a vitalidade urbana \u00e9 uma ferramenta essencial para a seguran\u00e7a. \u201cA ocupa\u00e7\u00e3o dos espa\u00e7os p\u00fablicos pela popula\u00e7\u00e3o, com pessoas caminhando a p\u00e9 ou de bicicleta, naturalmente inibe a criminalidade\u201d, afirmou. Ela elogiou os esfor\u00e7os da prefeitura em agilizar a aprova\u00e7\u00e3o de projetos, medida que considera fundamental para manter o dinamismo do mercado e promover a ocupa\u00e7\u00e3o positiva da cidade.<br \/>\n<\/span><\/span><\/div>\n<\/div>\n<div class=\"w-full my-[1px]\">\n<div class=\"py-[3px]\" data-slate-node=\"element\"><span data-slate-node=\"text\"><span class=\"\" data-slate-leaf=\"true\">Olhando para o futuro, Kelma tamb\u00e9m tratou de desafios contempor\u00e2neos, como a adapta\u00e7\u00e3o de condom\u00ednios para a crescente frota de carros el\u00e9tricos. A diretora mencionou a recente cria\u00e7\u00e3o de uma normativa nacional para orientar a instala\u00e7\u00e3o de pontos de carregamento em edif\u00edcios existentes, ressaltando a import\u00e2ncia de adequa\u00e7\u00f5es que garantam a seguran\u00e7a e protejam o patrim\u00f4nio dos moradores.<br \/>\n<\/span><\/span><\/div>\n<\/div>\n<div class=\"w-full my-[1px]\" data-slate-fragment=\"JTVCJTdCJTIydHlwZSUyMiUzQSUyMnAlMjIlMkMlMjJjaGlsZHJlbiUyMiUzQSU1QiU3QiUyMnRleHQlMjIlM0ElMjJEZSUyMGFjb3JkbyUyMGNvbSUyMEtlbG1hJTJDJTIwbyUyMG1lcmNhZG8lMjBjYW1waW5laXJvJTIwcmVnaXN0cm91JTIwJTVDJTIydW0lMjBhdW1lbnRvJTIwZGUlMjAxNiUyNSUyMG5hcyUyMHZlbmRhcyU1QyUyMiUyQyUyMGFmaXJtb3UlMkMlMjB1bSUyMGRlc2VtcGVuaG8lMjBub3QlQzMlQTF2ZWwlMjBxdWUlMjBjb250cmFzdGElMjBjb20lMjB1bWElMjBxdWVkYSUyMGRlJTIwNDAlMjUlMjBub3MlMjBsYW4lQzMlQTdhbWVudG9zJTJDJTIwZXN0YSUyMCVDMyVCQWx0aW1hJTIwYXRyaWJ1JUMzJUFEZGElMjBhb3MlMjBjdXN0b3MlMjBkYSUyMG91dG9yZ2ElMjBvbmVyb3NhLiUyMEElMjBkaXJldG9yYSUyMGVuZmF0aXpvdSUyMHF1ZSUyQyUyMHBhcmElMjBhbCVDMyVBOW0lMjBkZSUyMGJhaXJyb3MlMjBqJUMzJUExJTIwY29uc29saWRhZG9zJTIwY29tbyUyMG8lMjBDYW1idSVDMyVBRCUyQyUyMCVDMyVBMXJlYXMlMjBjb21vJTIwYSUyMFZpbGElMjBJbmR1c3RyaWFsJTIwZSUyMG8lMjBTJUMzJUEzbyUyMEJlcm5hcmRvJTIwZXN0JUMzJUEzbyUyMHBhc3NhbmRvJTIwcG9yJTIwaW1wb3J0YW50ZXMlMjBwcm9jZXNzb3MlMjBkZSUyMHJlcXVhbGlmaWNhJUMzJUE3JUMzJUEzby4lMjAlNUMlMjJPJTIwZm9jbyUyMGRldmUlMjBzZXIlMjBhJTIwY3JpYSVDMyVBNyVDMyVBM28lMjBkZSUyMGxvY2FpcyUyMGNvbSUyMGluZnJhZXN0cnV0dXJhJTIwY29tcGxldGElMkMlMjBxdWUlMjBpbnRlZ3JlbSUyMGNvbSVDMyVBOXJjaW8lMkMlMjBsYXplciUyQyUyMGVzY29sYXMlMjBlJTIwc2VydmklQzMlQTdvcyUyMGRlJTIwc2ElQzMlQkFkZSUyQyUyMG1lbGhvcmFuZG8lMjBhJTIwcXVhbGlkYWRlJTIwZGUlMjB2aWRhJTIwZSUyMHJlZHV6aW5kbyUyMGElMjBkZXBlbmQlQzMlQUFuY2lhJTIwZGUlMjBkZXNsb2NhbWVudG9zJTIwbG9uZ29zJTVDJTIyJTJDJTIwZGlzc2UuJTIyJTdEJTVEJTdEJTJDJTdCJTIydHlwZSUyMiUzQSUyMnAlMjIlMkMlMjJjaGlsZHJlbiUyMiUzQSU1QiU3QiUyMnRleHQlMjIlM0ElMjJVbSUyMGRvcyUyMHBvbnRvcyUyMGNlbnRyYWlzJTIwZGElMjBkaXNjdXNzJUMzJUEzbyUyMGZvaSUyMGElMjBkaWZlcmVuJUMzJUE3YSUyMGVudHJlJTIwJTVDJTIyYmFpcnJvcyUyMHBsYW5lamFkb3MlNUMlMjIlMjBlJTIwbyUyMGNvbmNlaXRvJTIwbWFpcyUyMGFtcGxvJTIwZGUlMjAlNUMlMjJub3ZhcyUyMGNlbnRyYWxpZGFkZXMlNUMlMjIuJTIwJTVDJTIyTyUyMG9iamV0aXZvJTIwJUMzJUE5JTIwZm9tZW50YXIlMjBhbWJpZW50ZXMlMjB1cmJhbm9zJTIwYXV0b3NzdWZpY2llbnRlcyUyMGUlMjBkaW4lQzMlQTJtaWNvcyU1QyUyMiUyQyUyMGV4cGxpY291JTIwS2VsbWElMjBDYW1hcmdvLiUyME5lc3NlJTIwc2VudGlkbyUyQyUyMG8lMjBTZWNvdmktU1AlMjB0ZW0lMjBtYW50aWRvJTIwdW0lMjBkaSVDMyVBMWxvZ28lMjBjb25zdGFudGUlMjBjb20lMjBhJTIwcHJlZmVpdHVyYSUyMHBhcmElMjBhc3NlZ3VyYXIlMjBxdWUlMjBvJTIwZGVzZW52b2x2aW1lbnRvJTIwb2NvcnJhJTIwZGUlMjBmb3JtYSUyMG9yZ2FuaXphZGElMkMlMjBvJTIwcXVlJTIwdGFtYiVDMyVBOW0lMjBjb250cmlidWklMjBwYXJhJTIwbWl0aWdhciUyMHByb2JsZW1hcyUyMGNvbW8lMjBvY3VwYSVDMyVBNyVDMyVCNWVzJTIwaXJyZWd1bGFyZXMlMjBlJTIwZ2FyYW50aXIlMjBhJTIwc2VndXJhbiVDMyVBN2ElMjBqdXIlQzMlQURkaWNhJTIwcGFyYSUyMG5vdm9zJTIwZW1wcmVlbmRpbWVudG9zLiUyMiU3RCU1RCU3RCUyQyU3QiUyMnR5cGUlMjIlM0ElMjJwJTIyJTJDJTIyY2hpbGRyZW4lMjIlM0ElNUIlN0IlMjJ0ZXh0JTIyJTNBJTIyQSUyMHNlZ3VyYW4lQzMlQTdhJTIwcCVDMyVCQWJsaWNhJTIwZm9pJTIwb3V0cm8lMjB0ZW1hJTIwYWJvcmRhZG8lMkMlMjBjb20lMjBhJTIwZGlyZXRvcmElMjBkZWZlbmRlbmRvJTIwcXVlJTIwYSUyMHZpdGFsaWRhZGUlMjB1cmJhbmElMjAlQzMlQTklMjB1bWElMjBmZXJyYW1lbnRhJTIwZXNzZW5jaWFsJTIwcGFyYSUyMGElMjBzZWd1cmFuJUMzJUE3YS4lMjAlNUMlMjJBJTIwb2N1cGElQzMlQTclQzMlQTNvJTIwZG9zJTIwZXNwYSVDMyVBN29zJTIwcCVDMyVCQWJsaWNvcyUyMHBlbGElMjBwb3B1bGElQzMlQTclQzMlQTNvJTJDJTIwY29tJTIwcGVzc29hcyUyMGNhbWluaGFuZG8lMjBhJTIwcCVDMyVBOSUyMG91JTIwZGUlMjBiaWNpY2xldGElMkMlMjBuYXR1cmFsbWVudGUlMjBpbmliZSUyMGElMjBjcmltaW5hbGlkYWRlJTVDJTIyJTJDJTIwYWZpcm1vdS4lMjBFbGElMjBlbG9naW91JTIwb3MlMjBlc2ZvciVDMyVBN29zJTIwZGElMjBwcmVmZWl0dXJhJTIwZW0lMjBhZ2lsaXphciUyMGElMjBhcHJvdmElQzMlQTclQzMlQTNvJTIwZGUlMjBwcm9qZXRvcyUyQyUyMG1lZGlkYSUyMHF1ZSUyMGNvbnNpZGVyYSUyMGZ1bmRhbWVudGFsJTIwcGFyYSUyMG1hbnRlciUyMG8lMjBkaW5hbWlzbW8lMjBkbyUyMG1lcmNhZG8lMjBlJTIwcHJvbW92ZXIlMjBhJTIwb2N1cGElQzMlQTclQzMlQTNvJTIwcG9zaXRpdmElMjBkYSUyMGNpZGFkZS4lMjIlN0QlNUQlN0QlMkMlN0IlMjJ0eXBlJTIyJTNBJTIycCUyMiUyQyUyMmNoaWxkcmVuJTIyJTNBJTVCJTdCJTIydGV4dCUyMiUzQSUyMk9saGFuZG8lMjBwYXJhJTIwbyUyMGZ1dHVybyUyQyUyMGElMjBlbnRyZXZpc3RhJTIwdGFtYiVDMyVBOW0lMjB0cmF0b3UlMjBkZSUyMGRlc2FmaW9zJTIwY29udGVtcG9yJUMzJUEybmVvcyUyQyUyMGNvbW8lMjBhJTIwYWRhcHRhJUMzJUE3JUMzJUEzbyUyMGRlJTIwY29uZG9tJUMzJUFEbmlvcyUyMHBhcmElMjBhJTIwY3Jlc2NlbnRlJTIwZnJvdGElMjBkZSUyMGNhcnJvcyUyMGVsJUMzJUE5dHJpY29zLiUyMENhbWFyZ28lMjBtZW5jaW9ub3UlMjBhJTIwcmVjZW50ZSUyMGNyaWElQzMlQTclQzMlQTNvJTIwZGUlMjB1bWElMjBub3JtYXRpdmElMjBuYWNpb25hbCUyMHBhcmElMjBvcmllbnRhciUyMGElMjBpbnN0YWxhJUMzJUE3JUMzJUEzbyUyMGRlJTIwcG9udG9zJTIwZGUlMjBjYXJyZWdhbWVudG8lMjBlbSUyMGVkaWYlQzMlQURjaW9zJTIwZXhpc3RlbnRlcyUyQyUyMHJlc3NhbHRhbmRvJTIwYSUyMGltcG9ydCVDMyVBMm5jaWElMjBkZSUyMGFkZXF1YSVDMyVBNyVDMyVCNWVzJTIwcXVlJTIwZ2FyYW50YW0lMjBhJTIwc2VndXJhbiVDMyVBN2ElMjBlJTIwcHJvdGVqYW0lMjBvJTIwcGF0cmltJUMzJUI0bmlvJTIwZG9zJTIwbW9yYWRvcmVzLiUyMiU3RCU1RCU3RCUyQyU3QiUyMnR5cGUlMjIlM0ElMjJwJTIyJTJDJTIyY2hpbGRyZW4lMjIlM0ElNUIlN0IlMjJ0ZXh0JTIyJTNBJTIyQW8lMjBmaW5hbCUyQyUyMEtlbG1hJTIwQ2FtYXJnbyUyMHJlZm9yJUMzJUE3b3UlMjBhJTIwaW1hZ2VtJTIwZGUlMjBDYW1waW5hcyUyMGNvbW8lMjB1bSUyMHBvbG8lMjBkZSUyMGF0cmElQzMlQTclQzMlQTNvJTIwcGFyYSUyMHRhbGVudG9zJTIwZSUyMGludmVzdGltZW50b3MlMkMlMjBncmElQzMlQTdhcyUyMCVDMyVBMCUyMHN1YSUyMGZvciVDMyVBN2ElMjBub3MlMjBzZXRvcmVzJTIwZGUlMjB0ZWNub2xvZ2lhJTJDJTIwZWR1Y2ElQzMlQTclQzMlQTNvJTIwZSUyMHNhJUMzJUJBZGUuJTIwRWxhJTIwZXN0ZW5kZXUlMjB1bSUyMGNvbnZpdGUlMjBhJTIwbm92b3MlMjBlbXByZWVuZGVkb3JlcyUyMHBhcmElMjBxdWUlMjB0cmFnYW0lMjBwcm9qZXRvcyUyMHJlc3BvbnMlQzMlQTF2ZWlzJTIwZSUyMGFsaW5oYWRvcyUyMGNvbSUyMG8lMjBwZXJmaWwlMjBkZSUyMHVtYSUyMGNpZGFkZSUyMHF1ZSUyQyUyMHNlZ3VuZG8lMjBlbGElMkMlMjAlNUMlMjJ0ZW0lMjBwZXJzb25hbGlkYWRlJTIwZSUyMCVDMyVBOSUyMGV4aWdlbnRlJTVDJTIyJTJDJTIwY29uY2x1aXUlMkMlMjB2YWxvcml6YW5kbyUyMHByb3Bvc3RhcyUyMHF1ZSUyMHNvbWVtJTIwcG9zaXRpdmFtZW50ZSUyMGFvJTIwc2V1JTIwZGVzZW52b2x2aW1lbnRvLiUyMiU3RCU1RCU3RCU1RA==\">\n<p><span data-slate-node=\"text\"><span class=\"\" data-slate-leaf=\"true\">Ao final, Kelma Camargo refor\u00e7ou a imagem de Campinas como um polo de atra\u00e7\u00e3o para talentos e investimentos, gra\u00e7as \u00e0 sua for\u00e7a nos setores de tecnologia, educa\u00e7\u00e3o e sa\u00fade. Ela estendeu um convite a novos empreendedores para que tragam projetos respons\u00e1veis e alinhados com o perfil de uma cidade que, segundo ela, \u201ctem personalidade e \u00e9 exigente\u201d, valorizando propostas que somem positivamente ao seu desenvolvimento.<\/span><\/span><\/p>\n<\/div>\n<\/div>\n<\/div><\/div>\n<\/p><\/div>\n<p><script>\n  !function(f,b,e,v,n,t,s)\n  {if(f.fbq)return;n=f.fbq=function(){n.callMethod?\n  n.callMethod.apply(n,arguments):n.queue.push(arguments)};\n  if(!f._fbq)f._fbq=n;n.push=n;n.loaded=!0;n.version='2.0';\n  n.queue=[];t=b.createElement(e);t.async=!0;\n  t.src=v;s=b.getElementsByTagName(e)[0];\n  s.parentNode.insertBefore(t,s)}(window, document,'script',\n  'https:\/\/connect.facebook.net\/en_US\/fbevents.js');\n  fbq('init', '780597760435075');\n  fbq('track', 'PageView');\n<\/script><br \/>\n<br \/><br \/>\n<br \/>Fonte:<a href=\"https:\/\/secovi.com.br\/novas-centralidades-redesenham-mercado-imobiliario-de-campinas-aponta-diretora-do-secovi-sp\/\">Secovi <\/a><\/p>\n","protected":false},"excerpt":{"rendered":"<p>Kelma Camargo destaca crescimento de 16% nas vendas e defende cria\u00e7\u00e3o de espa\u00e7os urbanos autossuficientes para melhorar qualidade de vida Em entrevista ao podcast Panorama dos Neg\u00f3cios no dia 25\/11,&hellip; <\/p>\n","protected":false},"author":2,"featured_media":2598,"comment_status":"open","ping_status":"open","sticky":false,"template":"","format":"standard","meta":{"footnotes":""},"categories":[5,7],"tags":[],"yoast_head":"<!-- This site is optimized with the Yoast SEO plugin v21.5 - https:\/\/yoast.com\/wordpress\/plugins\/seo\/ -->\n<title>Novas centralidades redesenham mercado de Campinas, aponta diretora do Secovi-SP - Jornal Im\u00f3velp<\/title>\n<meta name=\"robots\" content=\"index, follow, max-snippet:-1, max-image-preview:large, max-video-preview:-1\" \/>\n<link rel=\"canonical\" href=\"https:\/\/www.imovelp.com.br\/blog\/novas-centralidades-redesenham-mercado-de-campinas-aponta-diretora-do-secovi-sp\/\" \/>\n<meta property=\"og:locale\" content=\"en_US\" \/>\n<meta property=\"og:type\" content=\"article\" \/>\n<meta property=\"og:title\" content=\"Novas centralidades redesenham mercado de Campinas, aponta diretora do Secovi-SP - Jornal Im\u00f3velp\" \/>\n<meta property=\"og:description\" content=\"Kelma Camargo destaca crescimento de 16% nas vendas e defende cria\u00e7\u00e3o de espa\u00e7os urbanos autossuficientes para melhorar qualidade de vida Em entrevista ao podcast Panorama dos Neg\u00f3cios no dia 25\/11,&hellip;\" \/>\n<meta property=\"og:url\" content=\"https:\/\/www.imovelp.com.br\/blog\/novas-centralidades-redesenham-mercado-de-campinas-aponta-diretora-do-secovi-sp\/\" \/>\n<meta property=\"og:site_name\" content=\"Jornal Im\u00f3velp\" \/>\n<meta property=\"article:published_time\" content=\"2025-11-28T20:01:18+00:00\" \/>\n<meta property=\"og:image\" content=\"https:\/\/secovi.com.br\/wp-content\/uploads\/2025\/11\/Sem-titulo-600x334.jpg\" \/>\n<meta name=\"author\" content=\"Marcos Monteiro\" \/>\n<meta name=\"twitter:card\" content=\"summary_large_image\" \/>\n<meta name=\"twitter:label1\" content=\"Written by\" \/>\n\t<meta name=\"twitter:data1\" content=\"Marcos Monteiro\" \/>\n\t<meta name=\"twitter:label2\" content=\"Est. reading time\" \/>\n\t<meta name=\"twitter:data2\" content=\"3 minutes\" \/>\n<script type=\"application\/ld+json\" class=\"yoast-schema-graph\">{\"@context\":\"https:\/\/schema.org\",\"@graph\":[{\"@type\":\"WebPage\",\"@id\":\"https:\/\/www.imovelp.com.br\/blog\/novas-centralidades-redesenham-mercado-de-campinas-aponta-diretora-do-secovi-sp\/\",\"url\":\"https:\/\/www.imovelp.com.br\/blog\/novas-centralidades-redesenham-mercado-de-campinas-aponta-diretora-do-secovi-sp\/\",\"name\":\"Novas centralidades redesenham mercado de Campinas, aponta diretora do Secovi-SP - Jornal Im\u00f3velp\",\"isPartOf\":{\"@id\":\"https:\/\/www.imovelp.com.br\/blog\/#website\"},\"datePublished\":\"2025-11-28T20:01:18+00:00\",\"dateModified\":\"2025-11-28T20:01:18+00:00\",\"author\":{\"@id\":\"https:\/\/www.imovelp.com.br\/blog\/#\/schema\/person\/8fb1cc29840aba4154ec6a52e70be40a\"},\"breadcrumb\":{\"@id\":\"https:\/\/www.imovelp.com.br\/blog\/novas-centralidades-redesenham-mercado-de-campinas-aponta-diretora-do-secovi-sp\/#breadcrumb\"},\"inLanguage\":\"en-US\",\"potentialAction\":[{\"@type\":\"ReadAction\",\"target\":[\"https:\/\/www.imovelp.com.br\/blog\/novas-centralidades-redesenham-mercado-de-campinas-aponta-diretora-do-secovi-sp\/\"]}]},{\"@type\":\"BreadcrumbList\",\"@id\":\"https:\/\/www.imovelp.com.br\/blog\/novas-centralidades-redesenham-mercado-de-campinas-aponta-diretora-do-secovi-sp\/#breadcrumb\",\"itemListElement\":[{\"@type\":\"ListItem\",\"position\":1,\"name\":\"Home\",\"item\":\"https:\/\/www.imovelp.com.br\/blog\/\"},{\"@type\":\"ListItem\",\"position\":2,\"name\":\"Novas centralidades redesenham mercado de Campinas, aponta diretora do Secovi-SP\"}]},{\"@type\":\"WebSite\",\"@id\":\"https:\/\/www.imovelp.com.br\/blog\/#website\",\"url\":\"https:\/\/www.imovelp.com.br\/blog\/\",\"name\":\"Jornal Im\u00f3velp\",\"description\":\"Portal de Not\u00edcias do Corretor de Im\u00f3veis\",\"potentialAction\":[{\"@type\":\"SearchAction\",\"target\":{\"@type\":\"EntryPoint\",\"urlTemplate\":\"https:\/\/www.imovelp.com.br\/blog\/?s={search_term_string}\"},\"query-input\":\"required name=search_term_string\"}],\"inLanguage\":\"en-US\"},{\"@type\":\"Person\",\"@id\":\"https:\/\/www.imovelp.com.br\/blog\/#\/schema\/person\/8fb1cc29840aba4154ec6a52e70be40a\",\"name\":\"Marcos Monteiro\",\"image\":{\"@type\":\"ImageObject\",\"inLanguage\":\"en-US\",\"@id\":\"https:\/\/www.imovelp.com.br\/blog\/#\/schema\/person\/image\/\",\"url\":\"https:\/\/secure.gravatar.com\/avatar\/da25bf23c2e75965766176dcd3fc7564?s=96&d=mm&r=g\",\"contentUrl\":\"https:\/\/secure.gravatar.com\/avatar\/da25bf23c2e75965766176dcd3fc7564?s=96&d=mm&r=g\",\"caption\":\"Marcos Monteiro\"},\"url\":\"https:\/\/www.imovelp.com.br\/blog\/author\/redacao-imovelp\/\"}]}<\/script>\n<!-- \/ Yoast SEO plugin. -->","yoast_head_json":{"title":"Novas centralidades redesenham mercado de Campinas, aponta diretora do Secovi-SP - Jornal Im\u00f3velp","robots":{"index":"index","follow":"follow","max-snippet":"max-snippet:-1","max-image-preview":"max-image-preview:large","max-video-preview":"max-video-preview:-1"},"canonical":"https:\/\/www.imovelp.com.br\/blog\/novas-centralidades-redesenham-mercado-de-campinas-aponta-diretora-do-secovi-sp\/","og_locale":"en_US","og_type":"article","og_title":"Novas centralidades redesenham mercado de Campinas, aponta diretora do Secovi-SP - Jornal Im\u00f3velp","og_description":"Kelma Camargo destaca crescimento de 16% nas vendas e defende cria\u00e7\u00e3o de espa\u00e7os urbanos autossuficientes para melhorar qualidade de vida Em entrevista ao podcast Panorama dos Neg\u00f3cios no dia 25\/11,&hellip;","og_url":"https:\/\/www.imovelp.com.br\/blog\/novas-centralidades-redesenham-mercado-de-campinas-aponta-diretora-do-secovi-sp\/","og_site_name":"Jornal Im\u00f3velp","article_published_time":"2025-11-28T20:01:18+00:00","og_image":[{"url":"https:\/\/secovi.com.br\/wp-content\/uploads\/2025\/11\/Sem-titulo-600x334.jpg"}],"author":"Marcos Monteiro","twitter_card":"summary_large_image","twitter_misc":{"Written by":"Marcos Monteiro","Est. reading time":"3 minutes"},"schema":{"@context":"https:\/\/schema.org","@graph":[{"@type":"WebPage","@id":"https:\/\/www.imovelp.com.br\/blog\/novas-centralidades-redesenham-mercado-de-campinas-aponta-diretora-do-secovi-sp\/","url":"https:\/\/www.imovelp.com.br\/blog\/novas-centralidades-redesenham-mercado-de-campinas-aponta-diretora-do-secovi-sp\/","name":"Novas centralidades redesenham mercado de Campinas, aponta diretora do Secovi-SP - Jornal Im\u00f3velp","isPartOf":{"@id":"https:\/\/www.imovelp.com.br\/blog\/#website"},"datePublished":"2025-11-28T20:01:18+00:00","dateModified":"2025-11-28T20:01:18+00:00","author":{"@id":"https:\/\/www.imovelp.com.br\/blog\/#\/schema\/person\/8fb1cc29840aba4154ec6a52e70be40a"},"breadcrumb":{"@id":"https:\/\/www.imovelp.com.br\/blog\/novas-centralidades-redesenham-mercado-de-campinas-aponta-diretora-do-secovi-sp\/#breadcrumb"},"inLanguage":"en-US","potentialAction":[{"@type":"ReadAction","target":["https:\/\/www.imovelp.com.br\/blog\/novas-centralidades-redesenham-mercado-de-campinas-aponta-diretora-do-secovi-sp\/"]}]},{"@type":"BreadcrumbList","@id":"https:\/\/www.imovelp.com.br\/blog\/novas-centralidades-redesenham-mercado-de-campinas-aponta-diretora-do-secovi-sp\/#breadcrumb","itemListElement":[{"@type":"ListItem","position":1,"name":"Home","item":"https:\/\/www.imovelp.com.br\/blog\/"},{"@type":"ListItem","position":2,"name":"Novas centralidades redesenham mercado de Campinas, aponta diretora do Secovi-SP"}]},{"@type":"WebSite","@id":"https:\/\/www.imovelp.com.br\/blog\/#website","url":"https:\/\/www.imovelp.com.br\/blog\/","name":"Jornal Im\u00f3velp","description":"Portal de Not\u00edcias do Corretor de Im\u00f3veis","potentialAction":[{"@type":"SearchAction","target":{"@type":"EntryPoint","urlTemplate":"https:\/\/www.imovelp.com.br\/blog\/?s={search_term_string}"},"query-input":"required name=search_term_string"}],"inLanguage":"en-US"},{"@type":"Person","@id":"https:\/\/www.imovelp.com.br\/blog\/#\/schema\/person\/8fb1cc29840aba4154ec6a52e70be40a","name":"Marcos Monteiro","image":{"@type":"ImageObject","inLanguage":"en-US","@id":"https:\/\/www.imovelp.com.br\/blog\/#\/schema\/person\/image\/","url":"https:\/\/secure.gravatar.com\/avatar\/da25bf23c2e75965766176dcd3fc7564?s=96&d=mm&r=g","contentUrl":"https:\/\/secure.gravatar.com\/avatar\/da25bf23c2e75965766176dcd3fc7564?s=96&d=mm&r=g","caption":"Marcos Monteiro"},"url":"https:\/\/www.imovelp.com.br\/blog\/author\/redacao-imovelp\/"}]}},"_links":{"self":[{"href":"https:\/\/www.imovelp.com.br\/blog\/wp-json\/wp\/v2\/posts\/2597"}],"collection":[{"href":"https:\/\/www.imovelp.com.br\/blog\/wp-json\/wp\/v2\/posts"}],"about":[{"href":"https:\/\/www.imovelp.com.br\/blog\/wp-json\/wp\/v2\/types\/post"}],"author":[{"embeddable":true,"href":"https:\/\/www.imovelp.com.br\/blog\/wp-json\/wp\/v2\/users\/2"}],"replies":[{"embeddable":true,"href":"https:\/\/www.imovelp.com.br\/blog\/wp-json\/wp\/v2\/comments?post=2597"}],"version-history":[{"count":0,"href":"https:\/\/www.imovelp.com.br\/blog\/wp-json\/wp\/v2\/posts\/2597\/revisions"}],"wp:featuredmedia":[{"embeddable":true,"href":"https:\/\/www.imovelp.com.br\/blog\/wp-json\/wp\/v2\/media\/2598"}],"wp:attachment":[{"href":"https:\/\/www.imovelp.com.br\/blog\/wp-json\/wp\/v2\/media?parent=2597"}],"wp:term":[{"taxonomy":"category","embeddable":true,"href":"https:\/\/www.imovelp.com.br\/blog\/wp-json\/wp\/v2\/categories?post=2597"},{"taxonomy":"post_tag","embeddable":true,"href":"https:\/\/www.imovelp.com.br\/blog\/wp-json\/wp\/v2\/tags?post=2597"}],"curies":[{"name":"wp","href":"https:\/\/api.w.org\/{rel}","templated":true}]}}