{"id":2594,"date":"2025-11-22T16:57:12","date_gmt":"2025-11-22T19:57:12","guid":{"rendered":"https:\/\/www.imovelp.com.br\/blog\/ciclo-secovi-sp-em-sorocaba-debate-instalacao-de-carregadores-para-veiculos-eletricos-em-condominios\/"},"modified":"2025-11-22T16:57:12","modified_gmt":"2025-11-22T19:57:12","slug":"ciclo-secovi-sp-em-sorocaba-debate-instalacao-de-carregadores-para-veiculos-eletricos-em-condominios","status":"publish","type":"post","link":"https:\/\/www.imovelp.com.br\/blog\/ciclo-secovi-sp-em-sorocaba-debate-instalacao-de-carregadores-para-veiculos-eletricos-em-condominios\/","title":{"rendered":"Ciclo Secovi-SP em Sorocaba debate instala\u00e7\u00e3o de carregadores para ve\u00edculos el\u00e9tricos em condom\u00ednios"},"content":{"rendered":"<p> <br \/>\n<\/p>\n<div id=\"post-78872\">\n<div class=\"entry-content\">\n<p data-start=\"110\" data-end=\"550\">O Secovi-SP promover\u00e1, no dia 2\/11, mais uma edi\u00e7\u00e3o do Ciclo de Palestras Secovi-SP em Sorocaba, com foco em um tema que vem ganhando destaque nos empreendimentos residenciais de todo o pa\u00eds: a instala\u00e7\u00e3o de carregadores para ve\u00edculos el\u00e9tricos e as exig\u00eancias de seguran\u00e7a definidas pela Portaria do Corpo de Bombeiros. O encontro acontecer\u00e1 das 9h30 \u00e0s 11h30, com credenciamento e welcome coffee a partir das 9 horas.<\/p>\n<p data-start=\"552\" data-end=\"1016\">Com a crescente ado\u00e7\u00e3o da mobilidade el\u00e9trica no Brasil, condom\u00ednios t\u00eam enfrentado novos desafios relacionados \u00e0 infraestrutura, regulamenta\u00e7\u00e3o e seguran\u00e7a. O evento tem como prop\u00f3sito orientar s\u00edndicos, administradoras e demais profissionais do mercado imobili\u00e1rio sobre as melhores pr\u00e1ticas para implementar os Sistemas de Alimenta\u00e7\u00e3o de Ve\u00edculos El\u00e9tricos (SAVE), garantindo conformidade t\u00e9cnica e cumprimento das normas de preven\u00e7\u00e3o e combate a inc\u00eandios.<\/p>\n<p data-start=\"1018\" data-end=\"1596\">Os participantes poder\u00e3o acompanhar apresenta\u00e7\u00f5es de Jayme Negro J\u00fanior, consultor t\u00e9cnico da Solbr, que abordar\u00e1 os aspectos operacionais, estruturais e de seguran\u00e7a relacionados aos sistemas de recarga, al\u00e9m de requisitos da Portaria do Corpo de Bombeiros. Em seguida, Eric Keller Tavares de Camargo, advogado e membro da vice-presid\u00eancia de Administra\u00e7\u00e3o Imobili\u00e1ria e Condom\u00ednios do Secovi-SP, tratar\u00e1 das implica\u00e7\u00f5es jur\u00eddicas e regulamentares, incluindo responsabilidades dos gestores condominiais, documentos t\u00e9cnicos e regras aplic\u00e1veis a projetos de instala\u00e7\u00e3o.<\/p>\n<p data-start=\"1598\" data-end=\"1747\">A coordena\u00e7\u00e3o do encontro ser\u00e1 conduzida por Cleusa Bersi, diretora de Administra\u00e7\u00e3o Imobili\u00e1ria e Condom\u00ednios da Regional Secovi-SP em Sorocaba.<\/p>\n<\/p><\/div>\n<\/p><\/div>\n<p><script>\n  !function(f,b,e,v,n,t,s)\n  {if(f.fbq)return;n=f.fbq=function(){n.callMethod?\n  n.callMethod.apply(n,arguments):n.queue.push(arguments)};\n  if(!f._fbq)f._fbq=n;n.push=n;n.loaded=!0;n.version='2.0';\n  n.queue=[];t=b.createElement(e);t.async=!0;\n  t.src=v;s=b.getElementsByTagName(e)[0];\n  s.parentNode.insertBefore(t,s)}(window, document,'script',\n  'https:\/\/connect.facebook.net\/en_US\/fbevents.js');\n  fbq('init', '780597760435075');\n  fbq('track', 'PageView');\n<\/script><br \/>\n<br \/><br \/>\n<br \/>Fonte:<a href=\"https:\/\/secovi.com.br\/ciclo-secovi-sp-em-sorocaba-debate-instalacao-de-carregadores-para-veiculos-eletricos-em-condominios\/\">Secovi <\/a><\/p>\n","protected":false},"excerpt":{"rendered":"<p>O Secovi-SP promover\u00e1, no dia 2\/11, mais uma edi\u00e7\u00e3o do Ciclo de Palestras Secovi-SP em Sorocaba, com foco em um tema que vem ganhando destaque nos empreendimentos residenciais de todo&hellip; <\/p>\n","protected":false},"author":2,"featured_media":0,"comment_status":"open","ping_status":"open","sticky":false,"template":"","format":"standard","meta":{"footnotes":""},"categories":[5,7],"tags":[],"yoast_head":"<!-- This site is optimized with the Yoast SEO plugin v21.5 - https:\/\/yoast.com\/wordpress\/plugins\/seo\/ -->\n<title>Ciclo Secovi-SP em Sorocaba debate instala\u00e7\u00e3o de carregadores para ve\u00edculos el\u00e9tricos em condom\u00ednios - Jornal Im\u00f3velp<\/title>\n<meta name=\"robots\" content=\"index, follow, max-snippet:-1, max-image-preview:large, max-video-preview:-1\" \/>\n<link rel=\"canonical\" href=\"https:\/\/www.imovelp.com.br\/blog\/ciclo-secovi-sp-em-sorocaba-debate-instalacao-de-carregadores-para-veiculos-eletricos-em-condominios\/\" \/>\n<meta property=\"og:locale\" content=\"en_US\" \/>\n<meta property=\"og:type\" content=\"article\" \/>\n<meta property=\"og:title\" content=\"Ciclo Secovi-SP em Sorocaba debate instala\u00e7\u00e3o de carregadores para ve\u00edculos el\u00e9tricos em condom\u00ednios - Jornal Im\u00f3velp\" \/>\n<meta property=\"og:description\" content=\"O Secovi-SP promover\u00e1, no dia 2\/11, mais uma edi\u00e7\u00e3o do Ciclo de Palestras Secovi-SP em Sorocaba, com foco em um tema que vem ganhando destaque nos empreendimentos residenciais de todo&hellip;\" \/>\n<meta property=\"og:url\" content=\"https:\/\/www.imovelp.com.br\/blog\/ciclo-secovi-sp-em-sorocaba-debate-instalacao-de-carregadores-para-veiculos-eletricos-em-condominios\/\" \/>\n<meta property=\"og:site_name\" content=\"Jornal Im\u00f3velp\" \/>\n<meta property=\"article:published_time\" content=\"2025-11-22T19:57:12+00:00\" \/>\n<meta name=\"author\" content=\"Marcos Monteiro\" \/>\n<meta name=\"twitter:card\" content=\"summary_large_image\" \/>\n<meta name=\"twitter:label1\" content=\"Written by\" \/>\n\t<meta name=\"twitter:data1\" content=\"Marcos Monteiro\" \/>\n\t<meta name=\"twitter:label2\" content=\"Est. reading time\" \/>\n\t<meta name=\"twitter:data2\" content=\"1 minute\" \/>\n<script type=\"application\/ld+json\" class=\"yoast-schema-graph\">{\"@context\":\"https:\/\/schema.org\",\"@graph\":[{\"@type\":\"WebPage\",\"@id\":\"https:\/\/www.imovelp.com.br\/blog\/ciclo-secovi-sp-em-sorocaba-debate-instalacao-de-carregadores-para-veiculos-eletricos-em-condominios\/\",\"url\":\"https:\/\/www.imovelp.com.br\/blog\/ciclo-secovi-sp-em-sorocaba-debate-instalacao-de-carregadores-para-veiculos-eletricos-em-condominios\/\",\"name\":\"Ciclo Secovi-SP em Sorocaba debate instala\u00e7\u00e3o de carregadores para ve\u00edculos el\u00e9tricos em condom\u00ednios - Jornal Im\u00f3velp\",\"isPartOf\":{\"@id\":\"https:\/\/www.imovelp.com.br\/blog\/#website\"},\"datePublished\":\"2025-11-22T19:57:12+00:00\",\"dateModified\":\"2025-11-22T19:57:12+00:00\",\"author\":{\"@id\":\"https:\/\/www.imovelp.com.br\/blog\/#\/schema\/person\/8fb1cc29840aba4154ec6a52e70be40a\"},\"breadcrumb\":{\"@id\":\"https:\/\/www.imovelp.com.br\/blog\/ciclo-secovi-sp-em-sorocaba-debate-instalacao-de-carregadores-para-veiculos-eletricos-em-condominios\/#breadcrumb\"},\"inLanguage\":\"en-US\",\"potentialAction\":[{\"@type\":\"ReadAction\",\"target\":[\"https:\/\/www.imovelp.com.br\/blog\/ciclo-secovi-sp-em-sorocaba-debate-instalacao-de-carregadores-para-veiculos-eletricos-em-condominios\/\"]}]},{\"@type\":\"BreadcrumbList\",\"@id\":\"https:\/\/www.imovelp.com.br\/blog\/ciclo-secovi-sp-em-sorocaba-debate-instalacao-de-carregadores-para-veiculos-eletricos-em-condominios\/#breadcrumb\",\"itemListElement\":[{\"@type\":\"ListItem\",\"position\":1,\"name\":\"Home\",\"item\":\"https:\/\/www.imovelp.com.br\/blog\/\"},{\"@type\":\"ListItem\",\"position\":2,\"name\":\"Ciclo Secovi-SP em Sorocaba debate instala\u00e7\u00e3o de carregadores para ve\u00edculos el\u00e9tricos em condom\u00ednios\"}]},{\"@type\":\"WebSite\",\"@id\":\"https:\/\/www.imovelp.com.br\/blog\/#website\",\"url\":\"https:\/\/www.imovelp.com.br\/blog\/\",\"name\":\"Jornal Im\u00f3velp\",\"description\":\"Portal de Not\u00edcias do Corretor de Im\u00f3veis\",\"potentialAction\":[{\"@type\":\"SearchAction\",\"target\":{\"@type\":\"EntryPoint\",\"urlTemplate\":\"https:\/\/www.imovelp.com.br\/blog\/?s={search_term_string}\"},\"query-input\":\"required name=search_term_string\"}],\"inLanguage\":\"en-US\"},{\"@type\":\"Person\",\"@id\":\"https:\/\/www.imovelp.com.br\/blog\/#\/schema\/person\/8fb1cc29840aba4154ec6a52e70be40a\",\"name\":\"Marcos Monteiro\",\"image\":{\"@type\":\"ImageObject\",\"inLanguage\":\"en-US\",\"@id\":\"https:\/\/www.imovelp.com.br\/blog\/#\/schema\/person\/image\/\",\"url\":\"https:\/\/secure.gravatar.com\/avatar\/da25bf23c2e75965766176dcd3fc7564?s=96&d=mm&r=g\",\"contentUrl\":\"https:\/\/secure.gravatar.com\/avatar\/da25bf23c2e75965766176dcd3fc7564?s=96&d=mm&r=g\",\"caption\":\"Marcos Monteiro\"},\"url\":\"https:\/\/www.imovelp.com.br\/blog\/author\/redacao-imovelp\/\"}]}<\/script>\n<!-- \/ Yoast SEO plugin. -->","yoast_head_json":{"title":"Ciclo Secovi-SP em Sorocaba debate instala\u00e7\u00e3o de carregadores para ve\u00edculos el\u00e9tricos em condom\u00ednios - Jornal Im\u00f3velp","robots":{"index":"index","follow":"follow","max-snippet":"max-snippet:-1","max-image-preview":"max-image-preview:large","max-video-preview":"max-video-preview:-1"},"canonical":"https:\/\/www.imovelp.com.br\/blog\/ciclo-secovi-sp-em-sorocaba-debate-instalacao-de-carregadores-para-veiculos-eletricos-em-condominios\/","og_locale":"en_US","og_type":"article","og_title":"Ciclo Secovi-SP em Sorocaba debate instala\u00e7\u00e3o de carregadores para ve\u00edculos el\u00e9tricos em condom\u00ednios - Jornal Im\u00f3velp","og_description":"O Secovi-SP promover\u00e1, no dia 2\/11, mais uma edi\u00e7\u00e3o do Ciclo de Palestras Secovi-SP em Sorocaba, com foco em um tema que vem ganhando destaque nos empreendimentos residenciais de todo&hellip;","og_url":"https:\/\/www.imovelp.com.br\/blog\/ciclo-secovi-sp-em-sorocaba-debate-instalacao-de-carregadores-para-veiculos-eletricos-em-condominios\/","og_site_name":"Jornal Im\u00f3velp","article_published_time":"2025-11-22T19:57:12+00:00","author":"Marcos Monteiro","twitter_card":"summary_large_image","twitter_misc":{"Written by":"Marcos Monteiro","Est. reading time":"1 minute"},"schema":{"@context":"https:\/\/schema.org","@graph":[{"@type":"WebPage","@id":"https:\/\/www.imovelp.com.br\/blog\/ciclo-secovi-sp-em-sorocaba-debate-instalacao-de-carregadores-para-veiculos-eletricos-em-condominios\/","url":"https:\/\/www.imovelp.com.br\/blog\/ciclo-secovi-sp-em-sorocaba-debate-instalacao-de-carregadores-para-veiculos-eletricos-em-condominios\/","name":"Ciclo Secovi-SP em Sorocaba debate instala\u00e7\u00e3o de carregadores para ve\u00edculos el\u00e9tricos em condom\u00ednios - Jornal Im\u00f3velp","isPartOf":{"@id":"https:\/\/www.imovelp.com.br\/blog\/#website"},"datePublished":"2025-11-22T19:57:12+00:00","dateModified":"2025-11-22T19:57:12+00:00","author":{"@id":"https:\/\/www.imovelp.com.br\/blog\/#\/schema\/person\/8fb1cc29840aba4154ec6a52e70be40a"},"breadcrumb":{"@id":"https:\/\/www.imovelp.com.br\/blog\/ciclo-secovi-sp-em-sorocaba-debate-instalacao-de-carregadores-para-veiculos-eletricos-em-condominios\/#breadcrumb"},"inLanguage":"en-US","potentialAction":[{"@type":"ReadAction","target":["https:\/\/www.imovelp.com.br\/blog\/ciclo-secovi-sp-em-sorocaba-debate-instalacao-de-carregadores-para-veiculos-eletricos-em-condominios\/"]}]},{"@type":"BreadcrumbList","@id":"https:\/\/www.imovelp.com.br\/blog\/ciclo-secovi-sp-em-sorocaba-debate-instalacao-de-carregadores-para-veiculos-eletricos-em-condominios\/#breadcrumb","itemListElement":[{"@type":"ListItem","position":1,"name":"Home","item":"https:\/\/www.imovelp.com.br\/blog\/"},{"@type":"ListItem","position":2,"name":"Ciclo Secovi-SP em Sorocaba debate instala\u00e7\u00e3o de carregadores para ve\u00edculos el\u00e9tricos em condom\u00ednios"}]},{"@type":"WebSite","@id":"https:\/\/www.imovelp.com.br\/blog\/#website","url":"https:\/\/www.imovelp.com.br\/blog\/","name":"Jornal Im\u00f3velp","description":"Portal de Not\u00edcias do Corretor de Im\u00f3veis","potentialAction":[{"@type":"SearchAction","target":{"@type":"EntryPoint","urlTemplate":"https:\/\/www.imovelp.com.br\/blog\/?s={search_term_string}"},"query-input":"required name=search_term_string"}],"inLanguage":"en-US"},{"@type":"Person","@id":"https:\/\/www.imovelp.com.br\/blog\/#\/schema\/person\/8fb1cc29840aba4154ec6a52e70be40a","name":"Marcos Monteiro","image":{"@type":"ImageObject","inLanguage":"en-US","@id":"https:\/\/www.imovelp.com.br\/blog\/#\/schema\/person\/image\/","url":"https:\/\/secure.gravatar.com\/avatar\/da25bf23c2e75965766176dcd3fc7564?s=96&d=mm&r=g","contentUrl":"https:\/\/secure.gravatar.com\/avatar\/da25bf23c2e75965766176dcd3fc7564?s=96&d=mm&r=g","caption":"Marcos Monteiro"},"url":"https:\/\/www.imovelp.com.br\/blog\/author\/redacao-imovelp\/"}]}},"_links":{"self":[{"href":"https:\/\/www.imovelp.com.br\/blog\/wp-json\/wp\/v2\/posts\/2594"}],"collection":[{"href":"https:\/\/www.imovelp.com.br\/blog\/wp-json\/wp\/v2\/posts"}],"about":[{"href":"https:\/\/www.imovelp.com.br\/blog\/wp-json\/wp\/v2\/types\/post"}],"author":[{"embeddable":true,"href":"https:\/\/www.imovelp.com.br\/blog\/wp-json\/wp\/v2\/users\/2"}],"replies":[{"embeddable":true,"href":"https:\/\/www.imovelp.com.br\/blog\/wp-json\/wp\/v2\/comments?post=2594"}],"version-history":[{"count":0,"href":"https:\/\/www.imovelp.com.br\/blog\/wp-json\/wp\/v2\/posts\/2594\/revisions"}],"wp:attachment":[{"href":"https:\/\/www.imovelp.com.br\/blog\/wp-json\/wp\/v2\/media?parent=2594"}],"wp:term":[{"taxonomy":"category","embeddable":true,"href":"https:\/\/www.imovelp.com.br\/blog\/wp-json\/wp\/v2\/categories?post=2594"},{"taxonomy":"post_tag","embeddable":true,"href":"https:\/\/www.imovelp.com.br\/blog\/wp-json\/wp\/v2\/tags?post=2594"}],"curies":[{"name":"wp","href":"https:\/\/api.w.org\/{rel}","templated":true}]}}