{"id":2592,"date":"2025-11-20T16:56:29","date_gmt":"2025-11-20T19:56:29","guid":{"rendered":"https:\/\/www.imovelp.com.br\/blog\/vpei-aprofunda-debate-sobre-reforma-tributaria-em-reuniao-executiva\/"},"modified":"2025-11-20T16:56:29","modified_gmt":"2025-11-20T19:56:29","slug":"vpei-aprofunda-debate-sobre-reforma-tributaria-em-reuniao-executiva","status":"publish","type":"post","link":"https:\/\/www.imovelp.com.br\/blog\/vpei-aprofunda-debate-sobre-reforma-tributaria-em-reuniao-executiva\/","title":{"rendered":"VPEI aprofunda debate sobre Reforma Tribut\u00e1ria em reuni\u00e3o executiva"},"content":{"rendered":"<p> <br \/>\n<\/p>\n<div>\n<p class=\"MdParagraph\"><i>Vice-presid\u00eancia de Empreendedorismo e Inova\u00e7\u00e3o analisa mudan\u00e7as do novo sistema tribut\u00e1rio, seus efeitos no mercado imobili\u00e1rio pr\u00f3ximos projetos de inova\u00e7\u00e3o do Secovi-SP<\/i><\/p>\n<p class=\"MdParagraph\"><img loading=\"lazy\" decoding=\"async\" class=\" wp-image-78907 alignright\" src=\"https:\/\/secovi.com.br\/wp-content\/uploads\/2025\/11\/WhatsApp-Image-2025-11-18-at-16.06.02-600x338.jpeg\" alt=\"\" width=\"525\" height=\"296\"\/>A vice-presid\u00eancia de Empreendedorismo e Inova\u00e7\u00e3o (VPEI) do Secovi-SP, sob a lideran\u00e7a de Rodrigo Abrah\u00e3o, realizou na \u00faltima ter\u00e7a-feira, 18\/11, sua reuni\u00e3o executiva, que teve como pauta central um mergulho profundo nos impactos da Reforma Tribut\u00e1ria. O tema foi conduzido pelo especialista Daniel Calderon, s\u00f3cio da Calderon Cont\u00e1bil e recente vencedor do 31\u00ba Pr\u00eamio Master Imobili\u00e1rio.<\/p>\n<p class=\"MdParagraph\">O ponto de partida da apresenta\u00e7\u00e3o de Calderon foi a mudan\u00e7a de paradigma que a reforma imp\u00f5e ao setor: a transi\u00e7\u00e3o de um sistema cumulativo para um regime de n\u00e3o-cumulatividade, baseado no Imposto sobre Valor Agregado (IVA). \u201cN\u00f3s do mercado imobili\u00e1rio sempre estivemos acostumados a olhar para a tributa\u00e7\u00e3o de forma cumulativa, ou seja, olhamos a ponta final do nosso neg\u00f3cio. A partir dessa reforma, teremos uma grande mudan\u00e7a, passando a trabalhar com a l\u00f3gica de d\u00e9bitos e cr\u00e9ditos em toda a cadeia produtiva\u201d, explicou o especialista. Ele detalhou que, enquanto antes o foco era a receita final, agora a gest\u00e3o de toda a cadeia de suprimentos se torna crucial. \u201cSe o cara do lado, que \u00e9 o concorrente, precificar melhor, entender melhor essa cadeia, conseguir mais cr\u00e9dito, ele vai conseguir, talvez, at\u00e9 reduzir um pouco o pre\u00e7o dele, e vai ser melhor concorrente do que voc\u00ea no mercado\u201d, alertou Calderon, ressaltando o novo n\u00edvel de complexidade e competitividade fiscal.<\/p>\n<p class=\"MdParagraph\">A transi\u00e7\u00e3o para o novo modelo ser\u00e1 gradual. O ano de 2026 funcionar\u00e1 como um per\u00edodo de teste, sem impacto financeiro, para que as empresas se adaptem. A partir de 2027, com a entrada da Contribui\u00e7\u00e3o sobre Bens e Servi\u00e7os (CBS), o setor ter\u00e1 uma decis\u00e3o estrat\u00e9gica a tomar. \u201cPara os empreendimentos registrados no RET at\u00e9 31 de dezembro de 2028, ser\u00e1 poss\u00edvel optar por continuar no regime antigo at\u00e9 o seu t\u00e9rmino. A vantagem \u00e9 a seguran\u00e7a de uma al\u00edquota conhecida, mas a desvantagem pode ser perder os benef\u00edcios dos cr\u00e9ditos do novo sistema. Vai ser preciso fazer conta\u201d, ponderou Calderon. Entre 2029 e 2033, o Imposto sobre Bens e Servi\u00e7os (IBS) ser\u00e1 implementado de forma escalonada, consolidando o novo regime.<\/p>\n<p class=\"MdParagraph\">Um dos pontos mais relevantes para o setor \u00e9 a cria\u00e7\u00e3o de um regime espec\u00edfico que reconhece suas particularidades. A reforma prev\u00ea uma redu\u00e7\u00e3o de 50% na al\u00edquota do IVA para opera\u00e7\u00f5es de incorpora\u00e7\u00e3o e loteamento, e de 70% para loca\u00e7\u00e3o. Al\u00e9m disso, o custo do terreno, que n\u00e3o gera cr\u00e9dito, ser\u00e1 abatido da base de c\u00e1lculo atrav\u00e9s de um \u201credutor de ajuste\u201d. Calderon tamb\u00e9m destacou a import\u00e2ncia de renegociar contratos com fornecedores. \u201cO pre\u00e7o que hoje \u00e9 R$100 j\u00e1 tem impostos embutidos. Na transi\u00e7\u00e3o, o fornecedor n\u00e3o pode simplesmente cobrar R$100 mais o IVA. \u00c9 preciso depurar o pre\u00e7o base, e j\u00e1 existem ferramentas para fazer essa an\u00e1lise\u201d, alertou.<\/p>\n<p class=\"MdParagraph\">O mecanismo de <span class=\"MdEm\">split payment<\/span> foi apresentado como uma das maiores inova\u00e7\u00f5es no combate \u00e0 sonega\u00e7\u00e3o. \u201cO agente pagador, seja a maquininha ou o PIX, j\u00e1 vai fazer a separa\u00e7\u00e3o do que \u00e9 imposto e do que \u00e9 pre\u00e7o. Acabou a guia de pagamento, acabou a responsabilidade de recolher o imposto\u201d, detalhou Calderon. Essa automa\u00e7\u00e3o exigir\u00e1 uma adapta\u00e7\u00e3o cultural na exibi\u00e7\u00e3o de pre\u00e7os, que dever\u00e3o ser apresentados como \u201cvalor + IVA\u201d, e uma integra\u00e7\u00e3o robusta dos sistemas financeiros das empresas.<\/p>\n<p class=\"MdParagraph\">Durante o debate, quest\u00f5es pr\u00e1ticas foram levantadas, como o impacto na personaliza\u00e7\u00e3o de unidades e a gest\u00e3o de caixa. Sobre a primeira, Calderon concordou que haver\u00e1 uma vantagem competitiva para a incorporadora. \u201cO consumidor final que vai l\u00e1 na Ornare comprar um arm\u00e1rio, ele n\u00e3o vai tomar os cr\u00e9ditos. A incorporadora sim. Ent\u00e3o o pre\u00e7o que a incorporadora oferecer esse arm\u00e1rio para o comprador vai ser muito menor\u201d. Em rela\u00e7\u00e3o ao fluxo de caixa, explicou que o cr\u00e9dito do IVA surge no momento do pagamento do imposto, e n\u00e3o do fornecedor. \u201cO incorporador pode negociar pagar o fornecedor em 10 vezes, mas quitar o IVA \u00e0 vista para j\u00e1 tomar o cr\u00e9dito. Isso pode se tornar uma ferramenta de fluxo de caixa\u201d, exemplificou.<\/p>\n<p class=\"MdParagraph\">Al\u00e9m da Reforma Tribut\u00e1ria, a reuni\u00e3o tamb\u00e9m abordou outras pautas. Foram apresentadas as pr\u00f3ximas iniciativas da vice-presid\u00eancia, incluindo a 3\u00aa edi\u00e7\u00e3o do Encontro de Gera\u00e7\u00f5es (8\/12) e o evento InovaCX (1\/12). Adicionalmente, Alexandre Pandolfo apresentou os detalhes da \u201cMiss\u00e3o China\u201d, uma imers\u00e3o tecnol\u00f3gica e de neg\u00f3cios na Canton Fair, prevista para abril de 2026. A miss\u00e3o tem como objetivo proporcionar aos participantes uma vis\u00e3o aprofundada das \u00faltimas tend\u00eancias em tecnologia, constru\u00e7\u00e3o civil e modelos de neg\u00f3cio inovadores, com visitas a empresas, startups e centros de inova\u00e7\u00e3o, al\u00e9m da participa\u00e7\u00e3o na maior feira multissetorial do mundo.<\/p>\n<\/p><\/div>\n<p><script>\n  !function(f,b,e,v,n,t,s)\n  {if(f.fbq)return;n=f.fbq=function(){n.callMethod?\n  n.callMethod.apply(n,arguments):n.queue.push(arguments)};\n  if(!f._fbq)f._fbq=n;n.push=n;n.loaded=!0;n.version='2.0';\n  n.queue=[];t=b.createElement(e);t.async=!0;\n  t.src=v;s=b.getElementsByTagName(e)[0];\n  s.parentNode.insertBefore(t,s)}(window, document,'script',\n  'https:\/\/connect.facebook.net\/en_US\/fbevents.js');\n  fbq('init', '780597760435075');\n  fbq('track', 'PageView');\n<\/script><br \/>\n<br \/><br \/>\n<br \/>Fonte:<a href=\"https:\/\/secovi.com.br\/vpei-aprofunda-debate-sobre-reforma-tributaria-em-reuniao-executiva\/\">Secovi <\/a><\/p>\n","protected":false},"excerpt":{"rendered":"<p>Vice-presid\u00eancia de Empreendedorismo e Inova\u00e7\u00e3o analisa mudan\u00e7as do novo sistema tribut\u00e1rio, seus efeitos no mercado imobili\u00e1rio pr\u00f3ximos projetos de inova\u00e7\u00e3o do Secovi-SP A vice-presid\u00eancia de Empreendedorismo e Inova\u00e7\u00e3o (VPEI) do&hellip; <\/p>\n","protected":false},"author":2,"featured_media":2593,"comment_status":"open","ping_status":"open","sticky":false,"template":"","format":"standard","meta":{"footnotes":""},"categories":[5,7],"tags":[],"yoast_head":"<!-- This site is optimized with the Yoast SEO plugin v21.5 - https:\/\/yoast.com\/wordpress\/plugins\/seo\/ -->\n<title>VPEI aprofunda debate sobre Reforma Tribut\u00e1ria em reuni\u00e3o executiva - Jornal Im\u00f3velp<\/title>\n<meta name=\"robots\" content=\"index, follow, max-snippet:-1, max-image-preview:large, max-video-preview:-1\" \/>\n<link rel=\"canonical\" href=\"https:\/\/www.imovelp.com.br\/blog\/vpei-aprofunda-debate-sobre-reforma-tributaria-em-reuniao-executiva\/\" \/>\n<meta property=\"og:locale\" content=\"en_US\" \/>\n<meta property=\"og:type\" content=\"article\" \/>\n<meta property=\"og:title\" content=\"VPEI aprofunda debate sobre Reforma Tribut\u00e1ria em reuni\u00e3o executiva - Jornal Im\u00f3velp\" \/>\n<meta property=\"og:description\" content=\"Vice-presid\u00eancia de Empreendedorismo e Inova\u00e7\u00e3o analisa mudan\u00e7as do novo sistema tribut\u00e1rio, seus efeitos no mercado imobili\u00e1rio pr\u00f3ximos projetos de inova\u00e7\u00e3o do Secovi-SP A vice-presid\u00eancia de Empreendedorismo e Inova\u00e7\u00e3o (VPEI) do&hellip;\" \/>\n<meta property=\"og:url\" content=\"https:\/\/www.imovelp.com.br\/blog\/vpei-aprofunda-debate-sobre-reforma-tributaria-em-reuniao-executiva\/\" \/>\n<meta property=\"og:site_name\" content=\"Jornal Im\u00f3velp\" \/>\n<meta property=\"article:published_time\" content=\"2025-11-20T19:56:29+00:00\" \/>\n<meta property=\"og:image\" content=\"https:\/\/secovi.com.br\/wp-content\/uploads\/2025\/11\/WhatsApp-Image-2025-11-18-at-16.06.02-600x338.jpeg\" \/>\n<meta name=\"author\" content=\"Marcos Monteiro\" \/>\n<meta name=\"twitter:card\" content=\"summary_large_image\" \/>\n<meta name=\"twitter:label1\" content=\"Written by\" \/>\n\t<meta name=\"twitter:data1\" content=\"Marcos Monteiro\" \/>\n\t<meta name=\"twitter:label2\" content=\"Est. reading time\" \/>\n\t<meta name=\"twitter:data2\" content=\"4 minutes\" \/>\n<script type=\"application\/ld+json\" class=\"yoast-schema-graph\">{\"@context\":\"https:\/\/schema.org\",\"@graph\":[{\"@type\":\"WebPage\",\"@id\":\"https:\/\/www.imovelp.com.br\/blog\/vpei-aprofunda-debate-sobre-reforma-tributaria-em-reuniao-executiva\/\",\"url\":\"https:\/\/www.imovelp.com.br\/blog\/vpei-aprofunda-debate-sobre-reforma-tributaria-em-reuniao-executiva\/\",\"name\":\"VPEI aprofunda debate sobre Reforma Tribut\u00e1ria em reuni\u00e3o executiva - Jornal Im\u00f3velp\",\"isPartOf\":{\"@id\":\"https:\/\/www.imovelp.com.br\/blog\/#website\"},\"datePublished\":\"2025-11-20T19:56:29+00:00\",\"dateModified\":\"2025-11-20T19:56:29+00:00\",\"author\":{\"@id\":\"https:\/\/www.imovelp.com.br\/blog\/#\/schema\/person\/8fb1cc29840aba4154ec6a52e70be40a\"},\"breadcrumb\":{\"@id\":\"https:\/\/www.imovelp.com.br\/blog\/vpei-aprofunda-debate-sobre-reforma-tributaria-em-reuniao-executiva\/#breadcrumb\"},\"inLanguage\":\"en-US\",\"potentialAction\":[{\"@type\":\"ReadAction\",\"target\":[\"https:\/\/www.imovelp.com.br\/blog\/vpei-aprofunda-debate-sobre-reforma-tributaria-em-reuniao-executiva\/\"]}]},{\"@type\":\"BreadcrumbList\",\"@id\":\"https:\/\/www.imovelp.com.br\/blog\/vpei-aprofunda-debate-sobre-reforma-tributaria-em-reuniao-executiva\/#breadcrumb\",\"itemListElement\":[{\"@type\":\"ListItem\",\"position\":1,\"name\":\"Home\",\"item\":\"https:\/\/www.imovelp.com.br\/blog\/\"},{\"@type\":\"ListItem\",\"position\":2,\"name\":\"VPEI aprofunda debate sobre Reforma Tribut\u00e1ria em reuni\u00e3o executiva\"}]},{\"@type\":\"WebSite\",\"@id\":\"https:\/\/www.imovelp.com.br\/blog\/#website\",\"url\":\"https:\/\/www.imovelp.com.br\/blog\/\",\"name\":\"Jornal Im\u00f3velp\",\"description\":\"Portal de Not\u00edcias do Corretor de Im\u00f3veis\",\"potentialAction\":[{\"@type\":\"SearchAction\",\"target\":{\"@type\":\"EntryPoint\",\"urlTemplate\":\"https:\/\/www.imovelp.com.br\/blog\/?s={search_term_string}\"},\"query-input\":\"required name=search_term_string\"}],\"inLanguage\":\"en-US\"},{\"@type\":\"Person\",\"@id\":\"https:\/\/www.imovelp.com.br\/blog\/#\/schema\/person\/8fb1cc29840aba4154ec6a52e70be40a\",\"name\":\"Marcos Monteiro\",\"image\":{\"@type\":\"ImageObject\",\"inLanguage\":\"en-US\",\"@id\":\"https:\/\/www.imovelp.com.br\/blog\/#\/schema\/person\/image\/\",\"url\":\"https:\/\/secure.gravatar.com\/avatar\/da25bf23c2e75965766176dcd3fc7564?s=96&d=mm&r=g\",\"contentUrl\":\"https:\/\/secure.gravatar.com\/avatar\/da25bf23c2e75965766176dcd3fc7564?s=96&d=mm&r=g\",\"caption\":\"Marcos Monteiro\"},\"url\":\"https:\/\/www.imovelp.com.br\/blog\/author\/redacao-imovelp\/\"}]}<\/script>\n<!-- \/ Yoast SEO plugin. -->","yoast_head_json":{"title":"VPEI aprofunda debate sobre Reforma Tribut\u00e1ria em reuni\u00e3o executiva - Jornal Im\u00f3velp","robots":{"index":"index","follow":"follow","max-snippet":"max-snippet:-1","max-image-preview":"max-image-preview:large","max-video-preview":"max-video-preview:-1"},"canonical":"https:\/\/www.imovelp.com.br\/blog\/vpei-aprofunda-debate-sobre-reforma-tributaria-em-reuniao-executiva\/","og_locale":"en_US","og_type":"article","og_title":"VPEI aprofunda debate sobre Reforma Tribut\u00e1ria em reuni\u00e3o executiva - Jornal Im\u00f3velp","og_description":"Vice-presid\u00eancia de Empreendedorismo e Inova\u00e7\u00e3o analisa mudan\u00e7as do novo sistema tribut\u00e1rio, seus efeitos no mercado imobili\u00e1rio pr\u00f3ximos projetos de inova\u00e7\u00e3o do Secovi-SP A vice-presid\u00eancia de Empreendedorismo e Inova\u00e7\u00e3o (VPEI) do&hellip;","og_url":"https:\/\/www.imovelp.com.br\/blog\/vpei-aprofunda-debate-sobre-reforma-tributaria-em-reuniao-executiva\/","og_site_name":"Jornal Im\u00f3velp","article_published_time":"2025-11-20T19:56:29+00:00","og_image":[{"url":"https:\/\/secovi.com.br\/wp-content\/uploads\/2025\/11\/WhatsApp-Image-2025-11-18-at-16.06.02-600x338.jpeg"}],"author":"Marcos Monteiro","twitter_card":"summary_large_image","twitter_misc":{"Written by":"Marcos Monteiro","Est. reading time":"4 minutes"},"schema":{"@context":"https:\/\/schema.org","@graph":[{"@type":"WebPage","@id":"https:\/\/www.imovelp.com.br\/blog\/vpei-aprofunda-debate-sobre-reforma-tributaria-em-reuniao-executiva\/","url":"https:\/\/www.imovelp.com.br\/blog\/vpei-aprofunda-debate-sobre-reforma-tributaria-em-reuniao-executiva\/","name":"VPEI aprofunda debate sobre Reforma Tribut\u00e1ria em reuni\u00e3o executiva - Jornal Im\u00f3velp","isPartOf":{"@id":"https:\/\/www.imovelp.com.br\/blog\/#website"},"datePublished":"2025-11-20T19:56:29+00:00","dateModified":"2025-11-20T19:56:29+00:00","author":{"@id":"https:\/\/www.imovelp.com.br\/blog\/#\/schema\/person\/8fb1cc29840aba4154ec6a52e70be40a"},"breadcrumb":{"@id":"https:\/\/www.imovelp.com.br\/blog\/vpei-aprofunda-debate-sobre-reforma-tributaria-em-reuniao-executiva\/#breadcrumb"},"inLanguage":"en-US","potentialAction":[{"@type":"ReadAction","target":["https:\/\/www.imovelp.com.br\/blog\/vpei-aprofunda-debate-sobre-reforma-tributaria-em-reuniao-executiva\/"]}]},{"@type":"BreadcrumbList","@id":"https:\/\/www.imovelp.com.br\/blog\/vpei-aprofunda-debate-sobre-reforma-tributaria-em-reuniao-executiva\/#breadcrumb","itemListElement":[{"@type":"ListItem","position":1,"name":"Home","item":"https:\/\/www.imovelp.com.br\/blog\/"},{"@type":"ListItem","position":2,"name":"VPEI aprofunda debate sobre Reforma Tribut\u00e1ria em reuni\u00e3o executiva"}]},{"@type":"WebSite","@id":"https:\/\/www.imovelp.com.br\/blog\/#website","url":"https:\/\/www.imovelp.com.br\/blog\/","name":"Jornal Im\u00f3velp","description":"Portal de Not\u00edcias do Corretor de Im\u00f3veis","potentialAction":[{"@type":"SearchAction","target":{"@type":"EntryPoint","urlTemplate":"https:\/\/www.imovelp.com.br\/blog\/?s={search_term_string}"},"query-input":"required name=search_term_string"}],"inLanguage":"en-US"},{"@type":"Person","@id":"https:\/\/www.imovelp.com.br\/blog\/#\/schema\/person\/8fb1cc29840aba4154ec6a52e70be40a","name":"Marcos Monteiro","image":{"@type":"ImageObject","inLanguage":"en-US","@id":"https:\/\/www.imovelp.com.br\/blog\/#\/schema\/person\/image\/","url":"https:\/\/secure.gravatar.com\/avatar\/da25bf23c2e75965766176dcd3fc7564?s=96&d=mm&r=g","contentUrl":"https:\/\/secure.gravatar.com\/avatar\/da25bf23c2e75965766176dcd3fc7564?s=96&d=mm&r=g","caption":"Marcos Monteiro"},"url":"https:\/\/www.imovelp.com.br\/blog\/author\/redacao-imovelp\/"}]}},"_links":{"self":[{"href":"https:\/\/www.imovelp.com.br\/blog\/wp-json\/wp\/v2\/posts\/2592"}],"collection":[{"href":"https:\/\/www.imovelp.com.br\/blog\/wp-json\/wp\/v2\/posts"}],"about":[{"href":"https:\/\/www.imovelp.com.br\/blog\/wp-json\/wp\/v2\/types\/post"}],"author":[{"embeddable":true,"href":"https:\/\/www.imovelp.com.br\/blog\/wp-json\/wp\/v2\/users\/2"}],"replies":[{"embeddable":true,"href":"https:\/\/www.imovelp.com.br\/blog\/wp-json\/wp\/v2\/comments?post=2592"}],"version-history":[{"count":0,"href":"https:\/\/www.imovelp.com.br\/blog\/wp-json\/wp\/v2\/posts\/2592\/revisions"}],"wp:featuredmedia":[{"embeddable":true,"href":"https:\/\/www.imovelp.com.br\/blog\/wp-json\/wp\/v2\/media\/2593"}],"wp:attachment":[{"href":"https:\/\/www.imovelp.com.br\/blog\/wp-json\/wp\/v2\/media?parent=2592"}],"wp:term":[{"taxonomy":"category","embeddable":true,"href":"https:\/\/www.imovelp.com.br\/blog\/wp-json\/wp\/v2\/categories?post=2592"},{"taxonomy":"post_tag","embeddable":true,"href":"https:\/\/www.imovelp.com.br\/blog\/wp-json\/wp\/v2\/tags?post=2592"}],"curies":[{"name":"wp","href":"https:\/\/api.w.org\/{rel}","templated":true}]}}