{"id":2590,"date":"2025-11-18T16:55:36","date_gmt":"2025-11-18T19:55:36","guid":{"rendered":"https:\/\/www.imovelp.com.br\/blog\/expo-self-storage-2025-debate-inovacao-urbanismo-e-o-futuro-do-mercado\/"},"modified":"2025-11-18T16:55:36","modified_gmt":"2025-11-18T19:55:36","slug":"expo-self-storage-2025-debate-inovacao-urbanismo-e-o-futuro-do-mercado","status":"publish","type":"post","link":"https:\/\/www.imovelp.com.br\/blog\/expo-self-storage-2025-debate-inovacao-urbanismo-e-o-futuro-do-mercado\/","title":{"rendered":"Expo Self Storage 2025 debate inova\u00e7\u00e3o, urbanismo e o futuro do mercado"},"content":{"rendered":"<p> <br \/>\n<\/p>\n<div id=\"post-78756\">\n<div class=\"entry-content\">\n<div class=\"w-full my-[1px]\">\n<div class=\"py-[3px]\" data-slate-node=\"element\">\n<p><span data-slate-node=\"text\"><span class=\"\" data-slate-leaf=\"true\"><em>Realizado em 17\/11, o evento promovido pela ASBRASS e pelo Secovi-SP reuniu especialistas para discutir os rumos do setor, com pain\u00e9is sobre tecnologia, seguran\u00e7a jur\u00eddica, intelig\u00eancia artificial e gest\u00e3o<\/em><\/span><\/span><\/p>\n<p><img loading=\"lazy\" decoding=\"async\" class=\"wp-image-78757 alignright\" src=\"https:\/\/secovi.com.br\/wp-content\/uploads\/2025\/11\/SLJ_0001-600x400.jpg\" alt=\"\" width=\"390\" height=\"260\"\/>O futuro do mercado de self storage esteve em pauta na 11\u00aa Brasil Expo Self Storage, realizada em 17\/11. O evento, uma iniciativa da Associa\u00e7\u00e3o Brasileira de Self Storage (ASBRASS) em parceria com o Secovi-SP, promoveu um dia de imers\u00e3o com especialistas e operadores para debater temas estrat\u00e9gicos para o desenvolvimento do setor no pa\u00eds.<\/p>\n<p>\u00a0<\/p>\n<\/div>\n<\/div>\n<div class=\"w-full my-[1px]\">\n<div class=\"py-[3px]\" data-slate-node=\"element\">\n<p><span data-slate-node=\"text\"><span class=\"\" data-slate-leaf=\"true\">Realizado na sede do Secovi-SP, o evento teve como programa\u00e7\u00e3o inicial a palestra magna \u201cO Novo Valor do Espa\u00e7o: Self Storage e o Futuro do Mercado Imobili\u00e1rio\u201d, que contou com a participa\u00e7\u00e3o do vice-presidente de gest\u00e3o patrimonial e loca\u00e7\u00e3o do Secovi-SP, Adriano Sartori, e de Marcos Kahtalian, da Brain Intelig\u00eancia Estrat\u00e9gica, com media\u00e7\u00e3o da jornalista Mariana Barros. O debate abordou as novas din\u00e2micas do mercado imobili\u00e1rio e o papel crescente do self storage como solu\u00e7\u00e3o para as demandas de espa\u00e7o nas cidades. Sartori destacou que o setor vem se consolidando como alternativa estrat\u00e9gica para o mercado imobili\u00e1rio, enquanto Kahtalian apontou as tend\u00eancias de comportamento do consumidor que impulsionam o crescimento do segmento.<\/span><\/span><\/p>\n<p>\u00a0<\/p>\n<\/div>\n<\/div>\n<div class=\"w-full my-[1px]\">\n<div class=\"py-[3px]\" data-slate-node=\"element\">\n<p><span data-slate-node=\"text\"><span class=\"\" data-slate-leaf=\"true\">Na sequ\u00eancia, o painel \u201cSelf Storage: um novo vetor de desenvolvimento urbano\u201d discutiu a integra\u00e7\u00e3o do setor ao planejamento das cidades. O secret\u00e1rio de desenvolvimento urbano do Rio de Janeiro, Gustavo Guerrante, foi o palestrante, em um debate mediado pelo vice-presidente da ASBRASS, Rafael Cohen. Guerrante apresentou a vis\u00e3o do poder p\u00fablico sobre como o self storage pode contribuir para a otimiza\u00e7\u00e3o do espa\u00e7o urbano e o desenvolvimento de cidades mais eficientes.<\/span><\/span><\/p>\n<p>\u00a0<\/p>\n<\/div>\n<\/div>\n<div class=\"w-full my-[1px]\">\n<div class=\"py-[3px]\" data-slate-node=\"element\">\n<p><span data-slate-node=\"text\"><span class=\"\" data-slate-leaf=\"true\">A seguran\u00e7a jur\u00eddica e patrimonial, pilar fundamental para a sustentabilidade das opera\u00e7\u00f5es, foi o tema do painel seguinte, com apresenta\u00e7\u00f5es do Dr. Francisco Mutschele, do escrit\u00f3rio Borges &amp; Pires, e de Adriano Ara\u00fajo, da JR &amp; Marto. Os especialistas abordaram os principais desafios legais do setor e as melhores pr\u00e1ticas para garantir a prote\u00e7\u00e3o jur\u00eddica das opera\u00e7\u00f5es.<\/span><\/span><\/p>\n<p>\u00a0<\/p>\n<\/div>\n<\/div>\n<div class=\"w-full my-[1px]\">\n<div class=\"py-[3px]\" data-slate-node=\"element\">\n<p><span data-slate-node=\"text\"><span class=\"\" data-slate-leaf=\"true\">A tecnologia e a automa\u00e7\u00e3o foram destaques em dois momentos importantes. O painel \u201cSelf Storage, Self Service: Vendas no modelo Touchless\u201d explorou as inova\u00e7\u00f5es em sistemas de vendas, com a participa\u00e7\u00e3o do CEO da MasterChat, Pedro Berto (participa\u00e7\u00e3o online), do diretor t\u00e9cnico da M2 Projetos de Tecnologia e Inova\u00e7\u00e3o, Marcello Matera, e de Paulo Rozenthal, da C&amp;D Sistemas, com media\u00e7\u00e3o do vice-presidente da ASBRASS, Rafael Cohen. Os palestrantes demonstraram como a automa\u00e7\u00e3o e as vendas sem contato est\u00e3o transformando a experi\u00eancia do cliente e otimizando a gest\u00e3o operacional.<\/span><\/span><\/p>\n<p>\u00a0<\/p>\n<\/div>\n<\/div>\n<div class=\"w-full my-[1px]\">\n<div class=\"py-[3px]\" data-slate-node=\"element\">\n<p><span data-slate-node=\"text\"><span class=\"\" data-slate-leaf=\"true\">Logo ap\u00f3s, o painel \u201cIntelig\u00eancia Comercial: Como a IA Est\u00e1 Transformando Funis, Leads e Vendas no Self Storage\u201d trouxe Fernanda Cunha, da Kipiai, e J\u00falio Bessa, da Ag\u00eancia 120, para discutir o impacto da intelig\u00eancia artificial no marketing e nas vendas do setor, com media\u00e7\u00e3o da gestora de marketing estrat\u00e9gico da GoodStorage, Lu\u00edza Gomes. Os especialistas apresentaram cases pr\u00e1ticos de aplica\u00e7\u00e3o de IA na capta\u00e7\u00e3o e convers\u00e3o de leads.<\/span><\/span><\/p>\n<p>\u00a0<\/p>\n<\/div>\n<\/div>\n<div class=\"w-full my-[1px]\">\n<div class=\"py-[3px]\" data-slate-node=\"element\">\n<p><span data-slate-node=\"text\"><span class=\"\" data-slate-leaf=\"true\"><img loading=\"lazy\" decoding=\"async\" class=\"wp-image-78758 alignleft\" src=\"https:\/\/secovi.com.br\/wp-content\/uploads\/2025\/11\/SLJ_0169-600x400.jpg\" alt=\"\" width=\"405\" height=\"270\"\/>Os desafios da gest\u00e3o tamb\u00e9m foram abordados. A diretora de opera\u00e7\u00f5es e gest\u00e3o de pessoas da GoodStorage, Laura Gibran, ministrou a palestra \u201cEmpresas Saud\u00e1veis, Pessoas Engajadas e Clientes Satisfeitos: O Ciclo do Bem-Estar nos Neg\u00f3cios\u201d. Gibran defendeu que a cultura organizacional e o bem-estar das equipes s\u00e3o fatores determinantes para a satisfa\u00e7\u00e3o do cliente e o sucesso do neg\u00f3cio.<\/span><\/span><\/p>\n<p>\u00a0<\/p>\n<\/div>\n<\/div>\n<div class=\"w-full my-[1px]\">\n<div class=\"py-[3px]\" data-slate-node=\"element\">\n<p><span data-slate-node=\"text\"><span class=\"\" data-slate-leaf=\"true\">As novas fronteiras da gest\u00e3o financeira foram o foco do painel \u201cFintechiza\u00e7\u00e3o e Intelig\u00eancia Artificial\u201d, com a founder da Finscale, Let\u00edcia Moschioni, e o CEO da Luz, Rafael Szarf, mediado pela diretora de comunica\u00e7\u00e3o e relacionamento da ASBRASS, Cristina Heim. Os executivos discutiram como a tecnologia financeira est\u00e1 revolucionando a gest\u00e3o do setor.<\/span><\/span><\/p>\n<p>\u00a0<\/p>\n<\/div>\n<\/div>\n<div class=\"w-full my-[1px]\" data-slate-fragment=\"JTVCJTdCJTIydHlwZSUyMiUzQSUyMnAlMjIlMkMlMjJjaGlsZHJlbiUyMiUzQSU1QiU3QiUyMnRleHQlMjIlM0ElMjJPJTIwZnV0dXJvJTIwZG8lMjBtZXJjYWRvJTIwZGUlMjBzZWxmJTIwc3RvcmFnZSUyMGVzdGV2ZSUyMGVtJTIwcGF1dGElMjBuYSUyMDExJUMyJUFBJTIwQnJhc2lsJTIwRXhwbyUyMFNlbGYlMjBTdG9yYWdlJTJDJTIwcmVhbGl6YWRhJTIwZW0lMjAxNyUyMGRlJTIwbm92ZW1icm8lMkMlMjBuYSUyMHNlZGUlMjBkbyUyMFNlY292aS1TUCUyQyUyMGVtJTIwUyVDMyVBM28lMjBQYXVsby4lMjBPJTIwZXZlbnRvJTJDJTIwdW1hJTIwaW5pY2lhdGl2YSUyMGRhJTIwQXNzb2NpYSVDMyVBNyVDMyVBM28lMjBCcmFzaWxlaXJhJTIwZGUlMjBTZWxmJTIwU3RvcmFnZSUyMChBU0JSQVNTKSUyMGVtJTIwcGFyY2VyaWElMjBjb20lMjBvJTIwU2luZGljYXRvJTIwZGElMjBIYWJpdGElQzMlQTclQzMlQTNvJTJDJTIwcHJvbW92ZXUlMjB1bSUyMGRpYSUyMGRlJTIwaW1lcnMlQzMlQTNvJTIwY29tJTIwZXNwZWNpYWxpc3RhcyUyMGUlMjBvcGVyYWRvcmVzJTIwcGFyYSUyMGRlYmF0ZXIlMjB0ZW1hcyUyMGVzdHJhdCVDMyVBOWdpY29zJTIwcGFyYSUyMG8lMjBkZXNlbnZvbHZpbWVudG8lMjBkbyUyMHNldG9yJTIwbm8lMjBwYSVDMyVBRHMuJTIyJTdEJTVEJTdEJTJDJTdCJTIydHlwZSUyMiUzQSUyMnAlMjIlMkMlMjJjaGlsZHJlbiUyMiUzQSU1QiU3QiUyMnRleHQlMjIlM0ElMjJBJTIwcHJvZ3JhbWElQzMlQTclQzMlQTNvJTIwdGV2ZSUyMGluJUMzJUFEY2lvJTIwY29tJTIwYSUyMHBhbGVzdHJhJTIwbWFnbmElMjAlNUMlMjJPJTIwTm92byUyMFZhbG9yJTIwZG8lMjBFc3BhJUMzJUE3byUzQSUyMFNlbGYlMjBTdG9yYWdlJTIwZSUyMG8lMjBGdXR1cm8lMjBkbyUyME1lcmNhZG8lMjBJbW9iaWxpJUMzJUExcmlvJTVDJTIyJTJDJTIwcXVlJTIwY29udG91JTIwY29tJTIwYSUyMHBhcnRpY2lwYSVDMyVBNyVDMyVBM28lMjBkbyUyMHZpY2UtcHJlc2lkZW50ZSUyMGRlJTIwZ2VzdCVDMyVBM28lMjBwYXRyaW1vbmlhbCUyMGUlMjBsb2NhJUMzJUE3JUMzJUEzbyUyMGRvJTIwU2Vjb3ZpLVNQJTJDJTIwQWRyaWFubyUyMFNhcnRvcmklMkMlMjBlJTIwZGUlMjBNYXJjb3MlMjBLYWh0YWxpYW4lMkMlMjBkYSUyMEJyYWluJTIwSW50ZWxpZyVDMyVBQW5jaWElMjBFc3RyYXQlQzMlQTlnaWNhJTJDJTIwY29tJTIwbWVkaWElQzMlQTclQzMlQTNvJTIwZGElMjBqb3JuYWxpc3RhJTIwTWFyaWFuYSUyMEJhcnJvcy4lMjBPJTIwZGViYXRlJTIwYWJvcmRvdSUyMGFzJTIwbm92YXMlMjBkaW4lQzMlQTJtaWNhcyUyMGRvJTIwbWVyY2FkbyUyMGltb2JpbGklQzMlQTFyaW8lMjBlJTIwbyUyMHBhcGVsJTIwY3Jlc2NlbnRlJTIwZG8lMjBzZWxmJTIwc3RvcmFnZSUyMGNvbW8lMjBzb2x1JUMzJUE3JUMzJUEzbyUyMHBhcmElMjBhcyUyMGRlbWFuZGFzJTIwZGUlMjBlc3BhJUMzJUE3byUyMG5hcyUyMGNpZGFkZXMuJTIwU2FydG9yaSUyMGRlc3RhY291JTIwcXVlJTIwbyUyMHNldG9yJTIwdmVtJTIwc2UlMjBjb25zb2xpZGFuZG8lMjBjb21vJTIwYWx0ZXJuYXRpdmElMjBlc3RyYXQlQzMlQTlnaWNhJTIwcGFyYSUyMG8lMjBtZXJjYWRvJTIwaW1vYmlsaSVDMyVBMXJpbyUyQyUyMGVucXVhbnRvJTIwS2FodGFsaWFuJTIwYXBvbnRvdSUyMGFzJTIwdGVuZCVDMyVBQW5jaWFzJTIwZGUlMjBjb21wb3J0YW1lbnRvJTIwZG8lMjBjb25zdW1pZG9yJTIwcXVlJTIwaW1wdWxzaW9uYW0lMjBvJTIwY3Jlc2NpbWVudG8lMjBkbyUyMHNlZ21lbnRvLiUyMiU3RCU1RCU3RCUyQyU3QiUyMnR5cGUlMjIlM0ElMjJwJTIyJTJDJTIyY2hpbGRyZW4lMjIlM0ElNUIlN0IlMjJ0ZXh0JTIyJTNBJTIyTmElMjBzZXF1JUMzJUFBbmNpYSUyQyUyMG8lMjBwYWluZWwlMjAlNUMlMjJTZWxmJTIwU3RvcmFnZSUzQSUyMHVtJTIwbm92byUyMHZldG9yJTIwZGUlMjBkZXNlbnZvbHZpbWVudG8lMjB1cmJhbm8lNUMlMjIlMjBkaXNjdXRpdSUyMGElMjBpbnRlZ3JhJUMzJUE3JUMzJUEzbyUyMGRvJTIwc2V0b3IlMjBhbyUyMHBsYW5lamFtZW50byUyMGRhcyUyMGNpZGFkZXMuJTIwTyUyMHNlY3JldCVDMyVBMXJpbyUyMGRlJTIwZGVzZW52b2x2aW1lbnRvJTIwdXJiYW5vJTIwZG8lMjBSaW8lMjBkZSUyMEphbmVpcm8lMkMlMjBHdXN0YXZvJTIwR3VlcnJhbnRlJTJDJTIwZm9pJTIwbyUyMHBhbGVzdHJhbnRlJTJDJTIwZW0lMjB1bSUyMGRlYmF0ZSUyMG1lZGlhZG8lMjBwZWxvJTIwdmljZS1wcmVzaWRlbnRlJTIwZGElMjBBU0JSQVNTJTJDJTIwUmFmYWVsJTIwQ29oZW4uJTIwR3VlcnJhbnRlJTIwYXByZXNlbnRvdSUyMGElMjB2aXMlQzMlQTNvJTIwZG8lMjBwb2RlciUyMHAlQzMlQkFibGljbyUyMHNvYnJlJTIwY29tbyUyMG8lMjBzZWxmJTIwc3RvcmFnZSUyMHBvZGUlMjBjb250cmlidWlyJTIwcGFyYSUyMGElMjBvdGltaXphJUMzJUE3JUMzJUEzbyUyMGRvJTIwZXNwYSVDMyVBN28lMjB1cmJhbm8lMjBlJTIwbyUyMGRlc2Vudm9sdmltZW50byUyMGRlJTIwY2lkYWRlcyUyMG1haXMlMjBlZmljaWVudGVzLiUyMiU3RCU1RCU3RCUyQyU3QiUyMnR5cGUlMjIlM0ElMjJwJTIyJTJDJTIyY2hpbGRyZW4lMjIlM0ElNUIlN0IlMjJ0ZXh0JTIyJTNBJTIyQSUyMHNlZ3VyYW4lQzMlQTdhJTIwanVyJUMzJUFEZGljYSUyMGUlMjBwYXRyaW1vbmlhbCUyQyUyMHBpbGFyJTIwZnVuZGFtZW50YWwlMjBwYXJhJTIwYSUyMHN1c3RlbnRhYmlsaWRhZGUlMjBkYXMlMjBvcGVyYSVDMyVBNyVDMyVCNWVzJTJDJTIwZm9pJTIwbyUyMHRlbWElMjBkbyUyMHBhaW5lbCUyMHNlZ3VpbnRlJTJDJTIwY29tJTIwYXByZXNlbnRhJUMzJUE3JUMzJUI1ZXMlMjBkbyUyMERyLiUyMEZyYW5jaXNjbyUyME11dHNjaGVsZSUyQyUyMGRvJTIwZXNjcml0JUMzJUIzcmlvJTIwQm9yZ2VzJTIwJTI2JTIwUGlyZXMlMkMlMjBlJTIwZGUlMjBBZHJpYW5vJTIwQXJhJUMzJUJBam8lMkMlMjBkYSUyMEpSJTIwJTI2JTIwTWFydG8uJTIwT3MlMjBlc3BlY2lhbGlzdGFzJTIwYWJvcmRhcmFtJTIwb3MlMjBwcmluY2lwYWlzJTIwZGVzYWZpb3MlMjBsZWdhaXMlMjBkbyUyMHNldG9yJTIwZSUyMGFzJTIwbWVsaG9yZXMlMjBwciVDMyVBMXRpY2FzJTIwcGFyYSUyMGdhcmFudGlyJTIwYSUyMHByb3RlJUMzJUE3JUMzJUEzbyUyMGp1ciVDMyVBRGRpY2ElMjBkYXMlMjBvcGVyYSVDMyVBNyVDMyVCNWVzLiUyMiU3RCU1RCU3RCUyQyU3QiUyMnR5cGUlMjIlM0ElMjJwJTIyJTJDJTIyY2hpbGRyZW4lMjIlM0ElNUIlN0IlMjJ0ZXh0JTIyJTNBJTIyQSUyMHRlY25vbG9naWElMjBlJTIwYSUyMGF1dG9tYSVDMyVBNyVDMyVBM28lMjBmb3JhbSUyMGRlc3RhcXVlcyUyMGVtJTIwZG9pcyUyMG1vbWVudG9zJTIwaW1wb3J0YW50ZXMuJTIwTyUyMHBhaW5lbCUyMCU1QyUyMlNlbGYlMjBTdG9yYWdlJTJDJTIwU2VsZiUyMFNlcnZpY2UlM0ElMjBWZW5kYXMlMjBubyUyMG1vZGVsbyUyMFRvdWNobGVzcyU1QyUyMiUyMGV4cGxvcm91JTIwYXMlMjBpbm92YSVDMyVBNyVDMyVCNWVzJTIwZW0lMjBzaXN0ZW1hcyUyMGRlJTIwdmVuZGFzJTJDJTIwY29tJTIwYSUyMHBhcnRpY2lwYSVDMyVBNyVDMyVBM28lMjBkbyUyMENFTyUyMGRhJTIwTWFzdGVyQ2hhdCUyQyUyMFBlZHJvJTIwQmVydG8lMjAocGFydGljaXBhJUMzJUE3JUMzJUEzbyUyMG9ubGluZSklMkMlMjBkbyUyMGRpcmV0b3IlMjB0JUMzJUE5Y25pY28lMjBkYSUyME0yJTIwUHJvamV0b3MlMjBkZSUyMFRlY25vbG9naWElMjBlJTIwSW5vdmElQzMlQTclQzMlQTNvJTJDJTIwTWFyY2VsbG8lMjBNYXRlcmElMkMlMjBlJTIwZGUlMjBQYXVsbyUyMFJvemVudGhhbCUyQyUyMGRhJTIwQyUyNkQlMjBTaXN0ZW1hcyUyQyUyMGNvbSUyMG1lZGlhJUMzJUE3JUMzJUEzbyUyMGRvJTIwdmljZS1wcmVzaWRlbnRlJTIwZGElMjBBU0JSQVNTJTJDJTIwUmFmYWVsJTIwQ29oZW4uJTIwT3MlMjBwYWxlc3RyYW50ZXMlMjBkZW1vbnN0cmFyYW0lMjBjb21vJTIwYSUyMGF1dG9tYSVDMyVBNyVDMyVBM28lMjBlJTIwYXMlMjB2ZW5kYXMlMjBzZW0lMjBjb250YXRvJTIwZXN0JUMzJUEzbyUyMHRyYW5zZm9ybWFuZG8lMjBhJTIwZXhwZXJpJUMzJUFBbmNpYSUyMGRvJTIwY2xpZW50ZSUyMGUlMjBvdGltaXphbmRvJTIwYSUyMGdlc3QlQzMlQTNvJTIwb3BlcmFjaW9uYWwuJTIyJTdEJTVEJTdEJTJDJTdCJTIydHlwZSUyMiUzQSUyMnAlMjIlMkMlMjJjaGlsZHJlbiUyMiUzQSU1QiU3QiUyMnRleHQlMjIlM0ElMjJMb2dvJTIwYXAlQzMlQjNzJTJDJTIwbyUyMHBhaW5lbCUyMCU1QyUyMkludGVsaWclQzMlQUFuY2lhJTIwQ29tZXJjaWFsJTNBJTIwQ29tbyUyMGElMjBJQSUyMEVzdCVDMyVBMSUyMFRyYW5zZm9ybWFuZG8lMjBGdW5pcyUyQyUyMExlYWRzJTIwZSUyMFZlbmRhcyUyMG5vJTIwU2VsZiUyMFN0b3JhZ2UlNUMlMjIlMjB0cm91eGUlMjBGZXJuYW5kYSUyMEN1bmhhJTJDJTIwZGElMjBLaXBpYWklMkMlMjBlJTIwSiVDMyVCQWxpbyUyMEJlc3NhJTJDJTIwZGElMjBBZyVDMyVBQW5jaWElMjAxMjAlMkMlMjBwYXJhJTIwZGlzY3V0aXIlMjBvJTIwaW1wYWN0byUyMGRhJTIwaW50ZWxpZyVDMyVBQW5jaWElMjBhcnRpZmljaWFsJTIwbm8lMjBtYXJrZXRpbmclMjBlJTIwbmFzJTIwdmVuZGFzJTIwZG8lMjBzZXRvciUyQyUyMGNvbSUyMG1lZGlhJUMzJUE3JUMzJUEzbyUyMGRhJTIwZ2VzdG9yYSUyMGRlJTIwbWFya2V0aW5nJTIwZXN0cmF0JUMzJUE5Z2ljbyUyMGRhJTIwR29vZFN0b3JhZ2UlMkMlMjBMdSVDMyVBRHphJTIwR29tZXMuJTIwT3MlMjBlc3BlY2lhbGlzdGFzJTIwYXByZXNlbnRhcmFtJTIwY2FzZXMlMjBwciVDMyVBMXRpY29zJTIwZGUlMjBhcGxpY2ElQzMlQTclQzMlQTNvJTIwZGUlMjBJQSUyMG5hJTIwY2FwdGElQzMlQTclQzMlQTNvJTIwZSUyMGNvbnZlcnMlQzMlQTNvJTIwZGUlMjBsZWFkcy4lMjIlN0QlNUQlN0QlMkMlN0IlMjJ0eXBlJTIyJTNBJTIycCUyMiUyQyUyMmNoaWxkcmVuJTIyJTNBJTVCJTdCJTIydGV4dCUyMiUzQSUyMk9zJTIwZGVzYWZpb3MlMjBkYSUyMGdlc3QlQzMlQTNvJTIwdGFtYiVDMyVBOW0lMjBmb3JhbSUyMGFib3JkYWRvcy4lMjBBJTIwZGlyZXRvcmElMjBkZSUyMG9wZXJhJUMzJUE3JUMzJUI1ZXMlMjBlJTIwZ2VzdCVDMyVBM28lMjBkZSUyMHBlc3NvYXMlMjBkYSUyMEdvb2RTdG9yYWdlJTJDJTIwTGF1cmElMjBHaWJyYW4lMkMlMjBtaW5pc3Ryb3UlMjBhJTIwcGFsZXN0cmElMjAlNUMlMjJFbXByZXNhcyUyMFNhdWQlQzMlQTF2ZWlzJTJDJTIwUGVzc29hcyUyMEVuZ2FqYWRhcyUyMGUlMjBDbGllbnRlcyUyMFNhdGlzZmVpdG9zJTNBJTIwTyUyMENpY2xvJTIwZG8lMjBCZW0tRXN0YXIlMjBub3MlMjBOZWclQzMlQjNjaW9zJTVDJTIyLiUyMEdpYnJhbiUyMGRlZmVuZGV1JTIwcXVlJTIwYSUyMGN1bHR1cmElMjBvcmdhbml6YWNpb25hbCUyMGUlMjBvJTIwYmVtLWVzdGFyJTIwZGFzJTIwZXF1aXBlcyUyMHMlQzMlQTNvJTIwZmF0b3JlcyUyMGRldGVybWluYW50ZXMlMjBwYXJhJTIwYSUyMHNhdGlzZmElQzMlQTclQzMlQTNvJTIwZG8lMjBjbGllbnRlJTIwZSUyMG8lMjBzdWNlc3NvJTIwZG8lMjBuZWclQzMlQjNjaW8uJTIyJTdEJTVEJTdEJTJDJTdCJTIydHlwZSUyMiUzQSUyMnAlMjIlMkMlMjJjaGlsZHJlbiUyMiUzQSU1QiU3QiUyMnRleHQlMjIlM0ElMjJBcyUyMG5vdmFzJTIwZnJvbnRlaXJhcyUyMGRhJTIwZ2VzdCVDMyVBM28lMjBmaW5hbmNlaXJhJTIwZm9yYW0lMjBvJTIwZm9jbyUyMGRvJTIwcGFpbmVsJTIwJTVDJTIyRmludGVjaGl6YSVDMyVBNyVDMyVBM28lMjBlJTIwSW50ZWxpZyVDMyVBQW5jaWElMjBBcnRpZmljaWFsJTVDJTIyJTJDJTIwY29tJTIwYSUyMGZvdW5kZXIlMjBkYSUyMEZpbnNjYWxlJTJDJTIwTGV0JUMzJUFEY2lhJTIwTW9zY2hpb25pJTJDJTIwZSUyMG8lMjBDRU8lMjBkYSUyMEx1eiUyQyUyMFJhZmFlbCUyMFN6YXJmJTJDJTIwbWVkaWFkbyUyMHBlbGElMjBkaXJldG9yYSUyMGRlJTIwY29tdW5pY2ElQzMlQTclQzMlQTNvJTIwZSUyMHJlbGFjaW9uYW1lbnRvJTIwZGElMjBBU0JSQVNTJTJDJTIwQ3Jpc3RpbmElMjBIZWltLiUyME9zJTIwZXhlY3V0aXZvcyUyMGRpc2N1dGlyYW0lMjBjb21vJTIwYSUyMHRlY25vbG9naWElMjBmaW5hbmNlaXJhJTIwZXN0JUMzJUExJTIwcmV2b2x1Y2lvbmFuZG8lMjBhJTIwZ2VzdCVDMyVBM28lMjBkbyUyMHNldG9yLiUyMiU3RCU1RCU3RCUyQyU3QiUyMnR5cGUlMjIlM0ElMjJwJTIyJTJDJTIyY2hpbGRyZW4lMjIlM0ElNUIlN0IlMjJ0ZXh0JTIyJTNBJTIyTyUyMGV2ZW50byUyMGZvaSUyMGVuY2VycmFkbyUyMGNvbSUyMG8lMjAlNUMlMjJQYXBvJTIwZGUlMjBTZWxmJTIwU3RvcmFnZSU1QyUyMiUyQyUyMHVtJTIwcGFpbmVsJTIwcHIlQzMlQTF0aWNvJTIwcXVlJTIwcmV1bml1JTIwb3BlcmFkb3JlcyUyMHBhcmElMjBjb21wYXJ0aWxoYXIlMjBjYXNvcyUyMHJlYWlzJTIwZSUyMHNvbHUlQzMlQTclQzMlQjVlcyUyMGVtJTIwZ2VzdCVDMyVBM28uJTIwUGFydGljaXBhcmFtJTIwZG8lMjBkZWJhdGUlMjBBbnRvbmlvJTIwU2FuY2hleiUyMEZpbGhvJTJDJTIwZGElMjBMb2NhbEJveCUyQyUyMEJlcm5hcmRvJTIwU2FudGFuYSUyQyUyMGRhJTIwTXlCb3glMkMlMjBSb2RvbGZvJTIwRGVsZ2FkbyUyQyUyMGRhJTIwR3VhcmRlJTIwUGVydG8lMkMlMjBlJTIwUm91c3klMjBSb2phcyUyQyUyMGRhJTIwRXNwYSVDMyVBN28lMjBBJTJCJTJDJTIwZW0lMjB1bWElMjBjb252ZXJzYSUyMG1lZGlhZGElMjBwZWxhJTIwZGlyZXRvcmElMjBkZSUyMGNvbXVuaWNhJUMzJUE3JUMzJUEzbyUyMGUlMjByZWxhY2lvbmFtZW50byUyMGRhJTIwQVNCUkFTUyUyQyUyMENyaXN0aW5hJTIwSGVpbS4lMjBPcyUyMG9wZXJhZG9yZXMlMjB0cm9jYXJhbSUyMGV4cGVyaSVDMyVBQW5jaWFzJTIwc29icmUlMjBkZXNhZmlvcyUyMGNvdGlkaWFub3MlMjBlJTIwc29sdSVDMyVBNyVDMyVCNWVzJTIwcHIlQzMlQTF0aWNhcyUyMGVtJTIwZ2VzdCVDMyVBM28lMjBmaW5hbmNlaXJhJTJDJTIwY29icmFuJUMzJUE3YSUyQyUyMGNvbnRyYXRvcyUyMGUlMjBnZXN0JUMzJUEzbyUyMGRlJTIwcGVzc29hcyUyQyUyMGNvbnNvbGlkYW5kbyUyMHVtJTIwZGlhJTIwZGUlMjBpbnRlbnNvJTIwYXByZW5kaXphZG8lMjBlJTIwbmV0d29ya2luZyUyMHBhcmElMjBvJTIwc2V0b3IuJTIyJTdEJTVEJTdEJTVE\">\n<p><span data-slate-node=\"text\"><span class=\"\" data-slate-leaf=\"true\">O evento foi encerrado com o \u201cPapo de Self Storage\u201d, um painel pr\u00e1tico que reuniu operadores para compartilhar casos reais e solu\u00e7\u00f5es em gest\u00e3o. Participaram do debate Antonio Sanchez Filho, da LocalBox, Bernardo Santana, da MyBox, Rodolfo Delgado, da Guarde Perto, e Rousy Rojas, da Espa\u00e7o A+, em uma conversa mediada pela diretora de comunica\u00e7\u00e3o e relacionamento da ASBRASS, Cristina Heim. Os operadores trocaram experi\u00eancias sobre desafios cotidianos e solu\u00e7\u00f5es pr\u00e1ticas em gest\u00e3o financeira, cobran\u00e7a, contratos e gest\u00e3o de pessoas, consolidando um dia de intenso aprendizado e networking para o setor.<\/span><\/span><\/p>\n<\/div><\/div>\n<\/p><\/div>\n<p><script>\n  !function(f,b,e,v,n,t,s)\n  {if(f.fbq)return;n=f.fbq=function(){n.callMethod?\n  n.callMethod.apply(n,arguments):n.queue.push(arguments)};\n  if(!f._fbq)f._fbq=n;n.push=n;n.loaded=!0;n.version='2.0';\n  n.queue=[];t=b.createElement(e);t.async=!0;\n  t.src=v;s=b.getElementsByTagName(e)[0];\n  s.parentNode.insertBefore(t,s)}(window, document,'script',\n  'https:\/\/connect.facebook.net\/en_US\/fbevents.js');\n  fbq('init', '780597760435075');\n  fbq('track', 'PageView');\n<\/script><br \/>\n<br \/><br \/>\n<br \/>Fonte:<a href=\"https:\/\/secovi.com.br\/expo-self-storage-2025-debate-inovacao-urbanismo-e-o-futuro-do-mercado\/\">Secovi <\/a><\/p>\n","protected":false},"excerpt":{"rendered":"<p>Realizado em 17\/11, o evento promovido pela ASBRASS e pelo Secovi-SP reuniu especialistas para discutir os rumos do setor, com pain\u00e9is sobre tecnologia, seguran\u00e7a jur\u00eddica, intelig\u00eancia artificial e gest\u00e3o O&hellip; <\/p>\n","protected":false},"author":2,"featured_media":2591,"comment_status":"open","ping_status":"open","sticky":false,"template":"","format":"standard","meta":{"footnotes":""},"categories":[5,7],"tags":[],"yoast_head":"<!-- This site is optimized with the Yoast SEO plugin v21.5 - https:\/\/yoast.com\/wordpress\/plugins\/seo\/ -->\n<title>Expo Self Storage 2025 debate inova\u00e7\u00e3o, urbanismo e o futuro do mercado - Jornal Im\u00f3velp<\/title>\n<meta name=\"robots\" content=\"index, follow, max-snippet:-1, max-image-preview:large, max-video-preview:-1\" \/>\n<link rel=\"canonical\" href=\"https:\/\/www.imovelp.com.br\/blog\/expo-self-storage-2025-debate-inovacao-urbanismo-e-o-futuro-do-mercado\/\" \/>\n<meta property=\"og:locale\" content=\"en_US\" \/>\n<meta property=\"og:type\" content=\"article\" \/>\n<meta property=\"og:title\" content=\"Expo Self Storage 2025 debate inova\u00e7\u00e3o, urbanismo e o futuro do mercado - Jornal Im\u00f3velp\" \/>\n<meta property=\"og:description\" content=\"Realizado em 17\/11, o evento promovido pela ASBRASS e pelo Secovi-SP reuniu especialistas para discutir os rumos do setor, com pain\u00e9is sobre tecnologia, seguran\u00e7a jur\u00eddica, intelig\u00eancia artificial e gest\u00e3o O&hellip;\" \/>\n<meta property=\"og:url\" content=\"https:\/\/www.imovelp.com.br\/blog\/expo-self-storage-2025-debate-inovacao-urbanismo-e-o-futuro-do-mercado\/\" \/>\n<meta property=\"og:site_name\" content=\"Jornal Im\u00f3velp\" \/>\n<meta property=\"article:published_time\" content=\"2025-11-18T19:55:36+00:00\" \/>\n<meta property=\"og:image\" content=\"https:\/\/secovi.com.br\/wp-content\/uploads\/2025\/11\/SLJ_0001-600x400.jpg\" \/>\n<meta name=\"author\" content=\"Marcos Monteiro\" \/>\n<meta name=\"twitter:card\" content=\"summary_large_image\" \/>\n<meta name=\"twitter:label1\" content=\"Written by\" \/>\n\t<meta name=\"twitter:data1\" content=\"Marcos Monteiro\" \/>\n\t<meta name=\"twitter:label2\" content=\"Est. reading time\" \/>\n\t<meta name=\"twitter:data2\" content=\"4 minutes\" \/>\n<script type=\"application\/ld+json\" class=\"yoast-schema-graph\">{\"@context\":\"https:\/\/schema.org\",\"@graph\":[{\"@type\":\"WebPage\",\"@id\":\"https:\/\/www.imovelp.com.br\/blog\/expo-self-storage-2025-debate-inovacao-urbanismo-e-o-futuro-do-mercado\/\",\"url\":\"https:\/\/www.imovelp.com.br\/blog\/expo-self-storage-2025-debate-inovacao-urbanismo-e-o-futuro-do-mercado\/\",\"name\":\"Expo Self Storage 2025 debate inova\u00e7\u00e3o, urbanismo e o futuro do mercado - Jornal Im\u00f3velp\",\"isPartOf\":{\"@id\":\"https:\/\/www.imovelp.com.br\/blog\/#website\"},\"datePublished\":\"2025-11-18T19:55:36+00:00\",\"dateModified\":\"2025-11-18T19:55:36+00:00\",\"author\":{\"@id\":\"https:\/\/www.imovelp.com.br\/blog\/#\/schema\/person\/8fb1cc29840aba4154ec6a52e70be40a\"},\"breadcrumb\":{\"@id\":\"https:\/\/www.imovelp.com.br\/blog\/expo-self-storage-2025-debate-inovacao-urbanismo-e-o-futuro-do-mercado\/#breadcrumb\"},\"inLanguage\":\"en-US\",\"potentialAction\":[{\"@type\":\"ReadAction\",\"target\":[\"https:\/\/www.imovelp.com.br\/blog\/expo-self-storage-2025-debate-inovacao-urbanismo-e-o-futuro-do-mercado\/\"]}]},{\"@type\":\"BreadcrumbList\",\"@id\":\"https:\/\/www.imovelp.com.br\/blog\/expo-self-storage-2025-debate-inovacao-urbanismo-e-o-futuro-do-mercado\/#breadcrumb\",\"itemListElement\":[{\"@type\":\"ListItem\",\"position\":1,\"name\":\"Home\",\"item\":\"https:\/\/www.imovelp.com.br\/blog\/\"},{\"@type\":\"ListItem\",\"position\":2,\"name\":\"Expo Self Storage 2025 debate inova\u00e7\u00e3o, urbanismo e o futuro do mercado\"}]},{\"@type\":\"WebSite\",\"@id\":\"https:\/\/www.imovelp.com.br\/blog\/#website\",\"url\":\"https:\/\/www.imovelp.com.br\/blog\/\",\"name\":\"Jornal Im\u00f3velp\",\"description\":\"Portal de Not\u00edcias do Corretor de Im\u00f3veis\",\"potentialAction\":[{\"@type\":\"SearchAction\",\"target\":{\"@type\":\"EntryPoint\",\"urlTemplate\":\"https:\/\/www.imovelp.com.br\/blog\/?s={search_term_string}\"},\"query-input\":\"required name=search_term_string\"}],\"inLanguage\":\"en-US\"},{\"@type\":\"Person\",\"@id\":\"https:\/\/www.imovelp.com.br\/blog\/#\/schema\/person\/8fb1cc29840aba4154ec6a52e70be40a\",\"name\":\"Marcos Monteiro\",\"image\":{\"@type\":\"ImageObject\",\"inLanguage\":\"en-US\",\"@id\":\"https:\/\/www.imovelp.com.br\/blog\/#\/schema\/person\/image\/\",\"url\":\"https:\/\/secure.gravatar.com\/avatar\/da25bf23c2e75965766176dcd3fc7564?s=96&d=mm&r=g\",\"contentUrl\":\"https:\/\/secure.gravatar.com\/avatar\/da25bf23c2e75965766176dcd3fc7564?s=96&d=mm&r=g\",\"caption\":\"Marcos Monteiro\"},\"url\":\"https:\/\/www.imovelp.com.br\/blog\/author\/redacao-imovelp\/\"}]}<\/script>\n<!-- \/ Yoast SEO plugin. -->","yoast_head_json":{"title":"Expo Self Storage 2025 debate inova\u00e7\u00e3o, urbanismo e o futuro do mercado - Jornal Im\u00f3velp","robots":{"index":"index","follow":"follow","max-snippet":"max-snippet:-1","max-image-preview":"max-image-preview:large","max-video-preview":"max-video-preview:-1"},"canonical":"https:\/\/www.imovelp.com.br\/blog\/expo-self-storage-2025-debate-inovacao-urbanismo-e-o-futuro-do-mercado\/","og_locale":"en_US","og_type":"article","og_title":"Expo Self Storage 2025 debate inova\u00e7\u00e3o, urbanismo e o futuro do mercado - Jornal Im\u00f3velp","og_description":"Realizado em 17\/11, o evento promovido pela ASBRASS e pelo Secovi-SP reuniu especialistas para discutir os rumos do setor, com pain\u00e9is sobre tecnologia, seguran\u00e7a jur\u00eddica, intelig\u00eancia artificial e gest\u00e3o O&hellip;","og_url":"https:\/\/www.imovelp.com.br\/blog\/expo-self-storage-2025-debate-inovacao-urbanismo-e-o-futuro-do-mercado\/","og_site_name":"Jornal Im\u00f3velp","article_published_time":"2025-11-18T19:55:36+00:00","og_image":[{"url":"https:\/\/secovi.com.br\/wp-content\/uploads\/2025\/11\/SLJ_0001-600x400.jpg"}],"author":"Marcos Monteiro","twitter_card":"summary_large_image","twitter_misc":{"Written by":"Marcos Monteiro","Est. reading time":"4 minutes"},"schema":{"@context":"https:\/\/schema.org","@graph":[{"@type":"WebPage","@id":"https:\/\/www.imovelp.com.br\/blog\/expo-self-storage-2025-debate-inovacao-urbanismo-e-o-futuro-do-mercado\/","url":"https:\/\/www.imovelp.com.br\/blog\/expo-self-storage-2025-debate-inovacao-urbanismo-e-o-futuro-do-mercado\/","name":"Expo Self Storage 2025 debate inova\u00e7\u00e3o, urbanismo e o futuro do mercado - Jornal Im\u00f3velp","isPartOf":{"@id":"https:\/\/www.imovelp.com.br\/blog\/#website"},"datePublished":"2025-11-18T19:55:36+00:00","dateModified":"2025-11-18T19:55:36+00:00","author":{"@id":"https:\/\/www.imovelp.com.br\/blog\/#\/schema\/person\/8fb1cc29840aba4154ec6a52e70be40a"},"breadcrumb":{"@id":"https:\/\/www.imovelp.com.br\/blog\/expo-self-storage-2025-debate-inovacao-urbanismo-e-o-futuro-do-mercado\/#breadcrumb"},"inLanguage":"en-US","potentialAction":[{"@type":"ReadAction","target":["https:\/\/www.imovelp.com.br\/blog\/expo-self-storage-2025-debate-inovacao-urbanismo-e-o-futuro-do-mercado\/"]}]},{"@type":"BreadcrumbList","@id":"https:\/\/www.imovelp.com.br\/blog\/expo-self-storage-2025-debate-inovacao-urbanismo-e-o-futuro-do-mercado\/#breadcrumb","itemListElement":[{"@type":"ListItem","position":1,"name":"Home","item":"https:\/\/www.imovelp.com.br\/blog\/"},{"@type":"ListItem","position":2,"name":"Expo Self Storage 2025 debate inova\u00e7\u00e3o, urbanismo e o futuro do mercado"}]},{"@type":"WebSite","@id":"https:\/\/www.imovelp.com.br\/blog\/#website","url":"https:\/\/www.imovelp.com.br\/blog\/","name":"Jornal Im\u00f3velp","description":"Portal de Not\u00edcias do Corretor de Im\u00f3veis","potentialAction":[{"@type":"SearchAction","target":{"@type":"EntryPoint","urlTemplate":"https:\/\/www.imovelp.com.br\/blog\/?s={search_term_string}"},"query-input":"required name=search_term_string"}],"inLanguage":"en-US"},{"@type":"Person","@id":"https:\/\/www.imovelp.com.br\/blog\/#\/schema\/person\/8fb1cc29840aba4154ec6a52e70be40a","name":"Marcos Monteiro","image":{"@type":"ImageObject","inLanguage":"en-US","@id":"https:\/\/www.imovelp.com.br\/blog\/#\/schema\/person\/image\/","url":"https:\/\/secure.gravatar.com\/avatar\/da25bf23c2e75965766176dcd3fc7564?s=96&d=mm&r=g","contentUrl":"https:\/\/secure.gravatar.com\/avatar\/da25bf23c2e75965766176dcd3fc7564?s=96&d=mm&r=g","caption":"Marcos Monteiro"},"url":"https:\/\/www.imovelp.com.br\/blog\/author\/redacao-imovelp\/"}]}},"_links":{"self":[{"href":"https:\/\/www.imovelp.com.br\/blog\/wp-json\/wp\/v2\/posts\/2590"}],"collection":[{"href":"https:\/\/www.imovelp.com.br\/blog\/wp-json\/wp\/v2\/posts"}],"about":[{"href":"https:\/\/www.imovelp.com.br\/blog\/wp-json\/wp\/v2\/types\/post"}],"author":[{"embeddable":true,"href":"https:\/\/www.imovelp.com.br\/blog\/wp-json\/wp\/v2\/users\/2"}],"replies":[{"embeddable":true,"href":"https:\/\/www.imovelp.com.br\/blog\/wp-json\/wp\/v2\/comments?post=2590"}],"version-history":[{"count":0,"href":"https:\/\/www.imovelp.com.br\/blog\/wp-json\/wp\/v2\/posts\/2590\/revisions"}],"wp:featuredmedia":[{"embeddable":true,"href":"https:\/\/www.imovelp.com.br\/blog\/wp-json\/wp\/v2\/media\/2591"}],"wp:attachment":[{"href":"https:\/\/www.imovelp.com.br\/blog\/wp-json\/wp\/v2\/media?parent=2590"}],"wp:term":[{"taxonomy":"category","embeddable":true,"href":"https:\/\/www.imovelp.com.br\/blog\/wp-json\/wp\/v2\/categories?post=2590"},{"taxonomy":"post_tag","embeddable":true,"href":"https:\/\/www.imovelp.com.br\/blog\/wp-json\/wp\/v2\/tags?post=2590"}],"curies":[{"name":"wp","href":"https:\/\/api.w.org\/{rel}","templated":true}]}}