{"id":2562,"date":"2025-09-07T16:02:08","date_gmt":"2025-09-07T19:02:08","guid":{"rendered":"https:\/\/www.imovelp.com.br\/blog\/mercado-imobiliario-na-baixada-santista-vive-momento-de-alta-demanda-afirma-diretor-do-secovi-sp\/"},"modified":"2025-09-07T16:02:08","modified_gmt":"2025-09-07T19:02:08","slug":"mercado-imobiliario-na-baixada-santista-vive-momento-de-alta-demanda-afirma-diretor-do-secovi-sp","status":"publish","type":"post","link":"https:\/\/www.imovelp.com.br\/blog\/mercado-imobiliario-na-baixada-santista-vive-momento-de-alta-demanda-afirma-diretor-do-secovi-sp\/","title":{"rendered":"Mercado imobili\u00e1rio na Baixada Santista vive momento de alta demanda, afirma diretor do Secovi-SP"},"content":{"rendered":"<p> <br \/>\n<\/p>\n<div data-slate-node=\"element\"><span data-slate-node=\"text\"><span data-slate-node=\"text\"><span class=\"\" data-slate-leaf=\"true\"><img loading=\"lazy\" decoding=\"async\" class=\"wp-image-75443 alignright\" src=\"https:\/\/secovi.com.br\/wp-content\/uploads\/2025\/09\/wfff.jpg\" alt=\"\" width=\"585\" height=\"306\"\/><\/span><\/span><\/span>A Baixada Santista est\u00e1 vivenciando um per\u00edodo de forte aquecimento em seu mercado imobili\u00e1rio, com uma valoriza\u00e7\u00e3o expressiva de im\u00f3veis em cidades como Santos, Praia Grande e Guaruj\u00e1. A an\u00e1lise foi feita pelo diretor regional do Secovi-SP na Baixada Santista, Carlos Meschini, durante participa\u00e7\u00e3o no Jornal da MIX FM Santos na \u00faltima quarta-feira, 27\/8.<\/p>\n<p>\u00a0<\/p>\n<p>Segundo Meschini, o principal motor desse crescimento \u00e9 a busca por mais qualidade de vida, que tem atra\u00eddo um n\u00famero crescente de moradores da capital paulista para o litoral. Este movimento migrat\u00f3rio, combinado com a demanda local, tem resultado em uma alta sustentada nos pre\u00e7os e na velocidade das transa\u00e7\u00f5es imobili\u00e1rias.<\/p>\n<p>\u00a0<\/p>\n<p>\u201cA regi\u00e3o vive um momento de alta demanda, impulsionada pela busca por qualidade de vida e por pessoas que se mudam de S\u00e3o Paulo\u201d, afirmou Carlos Meschini durante a entrevista.<\/p>\n<p>\u00a0<\/p>\n<p>O diretor do Secovi-SP destacou que o perfil dos compradores \u00e9 diversificado, abrangendo desde fam\u00edlias que procuram uma resid\u00eancia fixa para morar no litoral at\u00e9 investidores que adquirem im\u00f3veis com foco em loca\u00e7\u00e3o, aproveitando a alta procura na regi\u00e3o.<\/p>\n<p>\u00a0<\/p>\n<p>Participando do debate, o advogado especialista em direito imobili\u00e1rio, Rafael Emiliano de Almeida, complementou a an\u00e1lise, ressaltando a import\u00e2ncia da seguran\u00e7a jur\u00eddica em um mercado t\u00e3o aquecido. Ele alertou para os riscos de fraudes e a necessidade de uma an\u00e1lise criteriosa da documenta\u00e7\u00e3o antes de fechar qualquer neg\u00f3cio.<\/p>\n<p>\u00a0<\/p>\n<p>\u201c\u00c9 fundamental ressaltar a import\u00e2ncia da dilig\u00eancia jur\u00eddica nas transa\u00e7\u00f5es para evitar fraudes\u201d, pontuou o advogado, que recomenda a contrata\u00e7\u00e3o de um profissional especializado para garantir a lisura do processo.<\/p>\n<p>\u00a0<\/p>\n<p>Ambos os especialistas concordaram que os futuros projetos de infraestrutura, com destaque para o t\u00fanel que ligar\u00e1 Santos a Guaruj\u00e1, dever\u00e3o impulsionar ainda mais o mercado. A expectativa \u00e9 que a melhoria na mobilidade urbana n\u00e3o apenas facilite o dia a dia dos moradores, mas tamb\u00e9m atraia novos investimentos e solidifique a tend\u00eancia de desenvolvimento e verticaliza\u00e7\u00e3o em novas \u00e1reas residenciais da Baixada Santista. A perspectiva para o futuro, segundo eles, \u00e9 de cont\u00ednuo otimismo e crescimento para o setor.<\/p>\n<p>\u00a0<\/p>\n<\/div>\n<p><script>\n  !function(f,b,e,v,n,t,s)\n  {if(f.fbq)return;n=f.fbq=function(){n.callMethod?\n  n.callMethod.apply(n,arguments):n.queue.push(arguments)};\n  if(!f._fbq)f._fbq=n;n.push=n;n.loaded=!0;n.version='2.0';\n  n.queue=[];t=b.createElement(e);t.async=!0;\n  t.src=v;s=b.getElementsByTagName(e)[0];\n  s.parentNode.insertBefore(t,s)}(window, document,'script',\n  'https:\/\/connect.facebook.net\/en_US\/fbevents.js');\n  fbq('init', '780597760435075');\n  fbq('track', 'PageView');\n<\/script><br \/>\n<br \/><br \/>\n<br \/>Fonte:<a href=\"https:\/\/secovi.com.br\/mercado-imobiliario-na-baixada-santista-vive-momento-de-alta-demanda-afirma-diretor-do-secovi-sp\/\">Secovi <\/a><\/p>\n","protected":false},"excerpt":{"rendered":"<p>A Baixada Santista est\u00e1 vivenciando um per\u00edodo de forte aquecimento em seu mercado imobili\u00e1rio, com uma valoriza\u00e7\u00e3o expressiva de im\u00f3veis em cidades como Santos, Praia Grande e Guaruj\u00e1. A an\u00e1lise&hellip; <\/p>\n","protected":false},"author":2,"featured_media":2563,"comment_status":"open","ping_status":"open","sticky":false,"template":"","format":"standard","meta":{"footnotes":""},"categories":[5,7],"tags":[],"yoast_head":"<!-- This site is optimized with the Yoast SEO plugin v21.5 - https:\/\/yoast.com\/wordpress\/plugins\/seo\/ -->\n<title>Mercado imobili\u00e1rio na Baixada Santista vive momento de alta demanda, afirma diretor do Secovi-SP - Jornal Im\u00f3velp<\/title>\n<meta name=\"robots\" content=\"index, follow, max-snippet:-1, max-image-preview:large, max-video-preview:-1\" \/>\n<link rel=\"canonical\" href=\"https:\/\/www.imovelp.com.br\/blog\/mercado-imobiliario-na-baixada-santista-vive-momento-de-alta-demanda-afirma-diretor-do-secovi-sp\/\" \/>\n<meta property=\"og:locale\" content=\"en_US\" \/>\n<meta property=\"og:type\" content=\"article\" \/>\n<meta property=\"og:title\" content=\"Mercado imobili\u00e1rio na Baixada Santista vive momento de alta demanda, afirma diretor do Secovi-SP - Jornal Im\u00f3velp\" \/>\n<meta property=\"og:description\" content=\"A Baixada Santista est\u00e1 vivenciando um per\u00edodo de forte aquecimento em seu mercado imobili\u00e1rio, com uma valoriza\u00e7\u00e3o expressiva de im\u00f3veis em cidades como Santos, Praia Grande e Guaruj\u00e1. A an\u00e1lise&hellip;\" \/>\n<meta property=\"og:url\" content=\"https:\/\/www.imovelp.com.br\/blog\/mercado-imobiliario-na-baixada-santista-vive-momento-de-alta-demanda-afirma-diretor-do-secovi-sp\/\" \/>\n<meta property=\"og:site_name\" content=\"Jornal Im\u00f3velp\" \/>\n<meta property=\"article:published_time\" content=\"2025-09-07T19:02:08+00:00\" \/>\n<meta property=\"og:image\" content=\"https:\/\/secovi.com.br\/wp-content\/uploads\/2025\/09\/wfff.jpg\" \/>\n<meta name=\"author\" content=\"Marcos Monteiro\" \/>\n<meta name=\"twitter:card\" content=\"summary_large_image\" \/>\n<meta name=\"twitter:label1\" content=\"Written by\" \/>\n\t<meta name=\"twitter:data1\" content=\"Marcos Monteiro\" \/>\n\t<meta name=\"twitter:label2\" content=\"Est. reading time\" \/>\n\t<meta name=\"twitter:data2\" content=\"2 minutes\" \/>\n<script type=\"application\/ld+json\" class=\"yoast-schema-graph\">{\"@context\":\"https:\/\/schema.org\",\"@graph\":[{\"@type\":\"WebPage\",\"@id\":\"https:\/\/www.imovelp.com.br\/blog\/mercado-imobiliario-na-baixada-santista-vive-momento-de-alta-demanda-afirma-diretor-do-secovi-sp\/\",\"url\":\"https:\/\/www.imovelp.com.br\/blog\/mercado-imobiliario-na-baixada-santista-vive-momento-de-alta-demanda-afirma-diretor-do-secovi-sp\/\",\"name\":\"Mercado imobili\u00e1rio na Baixada Santista vive momento de alta demanda, afirma diretor do Secovi-SP - Jornal Im\u00f3velp\",\"isPartOf\":{\"@id\":\"https:\/\/www.imovelp.com.br\/blog\/#website\"},\"datePublished\":\"2025-09-07T19:02:08+00:00\",\"dateModified\":\"2025-09-07T19:02:08+00:00\",\"author\":{\"@id\":\"https:\/\/www.imovelp.com.br\/blog\/#\/schema\/person\/8fb1cc29840aba4154ec6a52e70be40a\"},\"breadcrumb\":{\"@id\":\"https:\/\/www.imovelp.com.br\/blog\/mercado-imobiliario-na-baixada-santista-vive-momento-de-alta-demanda-afirma-diretor-do-secovi-sp\/#breadcrumb\"},\"inLanguage\":\"en-US\",\"potentialAction\":[{\"@type\":\"ReadAction\",\"target\":[\"https:\/\/www.imovelp.com.br\/blog\/mercado-imobiliario-na-baixada-santista-vive-momento-de-alta-demanda-afirma-diretor-do-secovi-sp\/\"]}]},{\"@type\":\"BreadcrumbList\",\"@id\":\"https:\/\/www.imovelp.com.br\/blog\/mercado-imobiliario-na-baixada-santista-vive-momento-de-alta-demanda-afirma-diretor-do-secovi-sp\/#breadcrumb\",\"itemListElement\":[{\"@type\":\"ListItem\",\"position\":1,\"name\":\"Home\",\"item\":\"https:\/\/www.imovelp.com.br\/blog\/\"},{\"@type\":\"ListItem\",\"position\":2,\"name\":\"Mercado imobili\u00e1rio na Baixada Santista vive momento de alta demanda, afirma diretor do Secovi-SP\"}]},{\"@type\":\"WebSite\",\"@id\":\"https:\/\/www.imovelp.com.br\/blog\/#website\",\"url\":\"https:\/\/www.imovelp.com.br\/blog\/\",\"name\":\"Jornal Im\u00f3velp\",\"description\":\"Portal de Not\u00edcias do Corretor de Im\u00f3veis\",\"potentialAction\":[{\"@type\":\"SearchAction\",\"target\":{\"@type\":\"EntryPoint\",\"urlTemplate\":\"https:\/\/www.imovelp.com.br\/blog\/?s={search_term_string}\"},\"query-input\":\"required name=search_term_string\"}],\"inLanguage\":\"en-US\"},{\"@type\":\"Person\",\"@id\":\"https:\/\/www.imovelp.com.br\/blog\/#\/schema\/person\/8fb1cc29840aba4154ec6a52e70be40a\",\"name\":\"Marcos Monteiro\",\"image\":{\"@type\":\"ImageObject\",\"inLanguage\":\"en-US\",\"@id\":\"https:\/\/www.imovelp.com.br\/blog\/#\/schema\/person\/image\/\",\"url\":\"https:\/\/secure.gravatar.com\/avatar\/da25bf23c2e75965766176dcd3fc7564?s=96&d=mm&r=g\",\"contentUrl\":\"https:\/\/secure.gravatar.com\/avatar\/da25bf23c2e75965766176dcd3fc7564?s=96&d=mm&r=g\",\"caption\":\"Marcos Monteiro\"},\"url\":\"https:\/\/www.imovelp.com.br\/blog\/author\/redacao-imovelp\/\"}]}<\/script>\n<!-- \/ Yoast SEO plugin. -->","yoast_head_json":{"title":"Mercado imobili\u00e1rio na Baixada Santista vive momento de alta demanda, afirma diretor do Secovi-SP - Jornal Im\u00f3velp","robots":{"index":"index","follow":"follow","max-snippet":"max-snippet:-1","max-image-preview":"max-image-preview:large","max-video-preview":"max-video-preview:-1"},"canonical":"https:\/\/www.imovelp.com.br\/blog\/mercado-imobiliario-na-baixada-santista-vive-momento-de-alta-demanda-afirma-diretor-do-secovi-sp\/","og_locale":"en_US","og_type":"article","og_title":"Mercado imobili\u00e1rio na Baixada Santista vive momento de alta demanda, afirma diretor do Secovi-SP - Jornal Im\u00f3velp","og_description":"A Baixada Santista est\u00e1 vivenciando um per\u00edodo de forte aquecimento em seu mercado imobili\u00e1rio, com uma valoriza\u00e7\u00e3o expressiva de im\u00f3veis em cidades como Santos, Praia Grande e Guaruj\u00e1. A an\u00e1lise&hellip;","og_url":"https:\/\/www.imovelp.com.br\/blog\/mercado-imobiliario-na-baixada-santista-vive-momento-de-alta-demanda-afirma-diretor-do-secovi-sp\/","og_site_name":"Jornal Im\u00f3velp","article_published_time":"2025-09-07T19:02:08+00:00","og_image":[{"url":"https:\/\/secovi.com.br\/wp-content\/uploads\/2025\/09\/wfff.jpg"}],"author":"Marcos Monteiro","twitter_card":"summary_large_image","twitter_misc":{"Written by":"Marcos Monteiro","Est. reading time":"2 minutes"},"schema":{"@context":"https:\/\/schema.org","@graph":[{"@type":"WebPage","@id":"https:\/\/www.imovelp.com.br\/blog\/mercado-imobiliario-na-baixada-santista-vive-momento-de-alta-demanda-afirma-diretor-do-secovi-sp\/","url":"https:\/\/www.imovelp.com.br\/blog\/mercado-imobiliario-na-baixada-santista-vive-momento-de-alta-demanda-afirma-diretor-do-secovi-sp\/","name":"Mercado imobili\u00e1rio na Baixada Santista vive momento de alta demanda, afirma diretor do Secovi-SP - Jornal Im\u00f3velp","isPartOf":{"@id":"https:\/\/www.imovelp.com.br\/blog\/#website"},"datePublished":"2025-09-07T19:02:08+00:00","dateModified":"2025-09-07T19:02:08+00:00","author":{"@id":"https:\/\/www.imovelp.com.br\/blog\/#\/schema\/person\/8fb1cc29840aba4154ec6a52e70be40a"},"breadcrumb":{"@id":"https:\/\/www.imovelp.com.br\/blog\/mercado-imobiliario-na-baixada-santista-vive-momento-de-alta-demanda-afirma-diretor-do-secovi-sp\/#breadcrumb"},"inLanguage":"en-US","potentialAction":[{"@type":"ReadAction","target":["https:\/\/www.imovelp.com.br\/blog\/mercado-imobiliario-na-baixada-santista-vive-momento-de-alta-demanda-afirma-diretor-do-secovi-sp\/"]}]},{"@type":"BreadcrumbList","@id":"https:\/\/www.imovelp.com.br\/blog\/mercado-imobiliario-na-baixada-santista-vive-momento-de-alta-demanda-afirma-diretor-do-secovi-sp\/#breadcrumb","itemListElement":[{"@type":"ListItem","position":1,"name":"Home","item":"https:\/\/www.imovelp.com.br\/blog\/"},{"@type":"ListItem","position":2,"name":"Mercado imobili\u00e1rio na Baixada Santista vive momento de alta demanda, afirma diretor do Secovi-SP"}]},{"@type":"WebSite","@id":"https:\/\/www.imovelp.com.br\/blog\/#website","url":"https:\/\/www.imovelp.com.br\/blog\/","name":"Jornal Im\u00f3velp","description":"Portal de Not\u00edcias do Corretor de Im\u00f3veis","potentialAction":[{"@type":"SearchAction","target":{"@type":"EntryPoint","urlTemplate":"https:\/\/www.imovelp.com.br\/blog\/?s={search_term_string}"},"query-input":"required name=search_term_string"}],"inLanguage":"en-US"},{"@type":"Person","@id":"https:\/\/www.imovelp.com.br\/blog\/#\/schema\/person\/8fb1cc29840aba4154ec6a52e70be40a","name":"Marcos Monteiro","image":{"@type":"ImageObject","inLanguage":"en-US","@id":"https:\/\/www.imovelp.com.br\/blog\/#\/schema\/person\/image\/","url":"https:\/\/secure.gravatar.com\/avatar\/da25bf23c2e75965766176dcd3fc7564?s=96&d=mm&r=g","contentUrl":"https:\/\/secure.gravatar.com\/avatar\/da25bf23c2e75965766176dcd3fc7564?s=96&d=mm&r=g","caption":"Marcos Monteiro"},"url":"https:\/\/www.imovelp.com.br\/blog\/author\/redacao-imovelp\/"}]}},"_links":{"self":[{"href":"https:\/\/www.imovelp.com.br\/blog\/wp-json\/wp\/v2\/posts\/2562"}],"collection":[{"href":"https:\/\/www.imovelp.com.br\/blog\/wp-json\/wp\/v2\/posts"}],"about":[{"href":"https:\/\/www.imovelp.com.br\/blog\/wp-json\/wp\/v2\/types\/post"}],"author":[{"embeddable":true,"href":"https:\/\/www.imovelp.com.br\/blog\/wp-json\/wp\/v2\/users\/2"}],"replies":[{"embeddable":true,"href":"https:\/\/www.imovelp.com.br\/blog\/wp-json\/wp\/v2\/comments?post=2562"}],"version-history":[{"count":0,"href":"https:\/\/www.imovelp.com.br\/blog\/wp-json\/wp\/v2\/posts\/2562\/revisions"}],"wp:featuredmedia":[{"embeddable":true,"href":"https:\/\/www.imovelp.com.br\/blog\/wp-json\/wp\/v2\/media\/2563"}],"wp:attachment":[{"href":"https:\/\/www.imovelp.com.br\/blog\/wp-json\/wp\/v2\/media?parent=2562"}],"wp:term":[{"taxonomy":"category","embeddable":true,"href":"https:\/\/www.imovelp.com.br\/blog\/wp-json\/wp\/v2\/categories?post=2562"},{"taxonomy":"post_tag","embeddable":true,"href":"https:\/\/www.imovelp.com.br\/blog\/wp-json\/wp\/v2\/tags?post=2562"}],"curies":[{"name":"wp","href":"https:\/\/api.w.org\/{rel}","templated":true}]}}