{"id":2476,"date":"2025-07-18T20:42:46","date_gmt":"2025-07-18T23:42:46","guid":{"rendered":"https:\/\/www.imovelp.com.br\/blog\/?p=2476"},"modified":"2025-07-18T21:12:10","modified_gmt":"2025-07-19T00:12:10","slug":"cyrela-lopes-luxo-faixa-4-mcmv-mercado-imobiliario","status":"publish","type":"post","link":"https:\/\/www.imovelp.com.br\/blog\/cyrela-lopes-luxo-faixa-4-mcmv-mercado-imobiliario\/","title":{"rendered":"Cyrela e Lopes avan\u00e7am no alto padr\u00e3o e de olho na Faixa 4 do MCMV"},"content":{"rendered":"<h3 data-pm-slice=\"1 1 []\">O luxo como destaque, mas com olhar estrat\u00e9gico para a moradia acess\u00edvel<\/h3>\n<p>O mercado imobili\u00e1rio de alto padr\u00e3o em S\u00e3o Paulo vive um momento de protagonismo, impulsionado por projetos cada vez mais sofisticados e assinados por grandes nomes da arquitetura mundial. Ao mesmo tempo, as principais incorporadoras do setor tamb\u00e9m voltam seus olhos para um segmento que promete crescer: a nova Faixa 4 do programa Minha Casa, Minha Vida.<\/p>\n<p>Cyrela e Lopes, duas gigantes do mercado, se destacam por liderarem em vendas e por ampliarem seus portf\u00f3lios com foco tanto em alto luxo quanto em moradia popular \u2014 mostrando um panorama diversificado e estrat\u00e9gico para os pr\u00f3ximos anos.<\/p>\n<figure style=\"width: 380px\" class=\"wp-caption alignleft\"><img decoding=\"async\" loading=\"lazy\" src=\"https:\/\/www.estadao.com.br\/resizer\/v2\/Y6XKYBTXVVCXDG7ZOAC27FIH4E.jpg?quality=80&amp;auth=b2a5ae872c8a19c59f538c1e2f5145ca30696bf2c1d4a1b77c6b2f25f4bcb567&amp;width=380\" alt=\"Com 210 metros do ch\u00e3o ao pico, o Epic by Pininfarina, com VGV de R$ 2 bi, \u00e9 o residencial mais alto j\u00e1 lan\u00e7ado na cidade de S\u00e3o Paulo\" width=\"380\" height=\"543\" \/><figcaption class=\"wp-caption-text\">Foto: Cyrela\/Divulga\u00e7\u00e3o<\/figcaption><\/figure>\n<div>\n<hr \/>\n<\/div>\n<h3>Cyrela lidera e amplia seu dom\u00ednio no mercado de luxo<\/h3>\n<p>Em 2025, a Cyrela assumiu o topo do ranking do Top Imobili\u00e1rio, superando a tradicional campe\u00e3 Lopes. A incorporadora teve crescimento expressivo nos lan\u00e7amentos: R$ 6,6 bilh\u00f5es em VGL em S\u00e3o Paulo, divididos entre os segmentos alto padr\u00e3o (R$ 3,4 bilh\u00f5es), m\u00e9dio (R$ 1,5 bilh\u00e3o) e baixa renda (R$ 1,7 bilh\u00e3o), segundo dados da Embraesp.<\/p>\n<p>O destaque do portf\u00f3lio \u00e9 o Epic by Pininfarina, lan\u00e7ado em junho de 2025. Fruto da s\u00e9tima parceria com o est\u00fadio de design italiano famoso pelos carros da Ferrari, o Epic \u00e9 o edif\u00edcio residencial mais alto da cidade, com 210 metros de altura. Os apartamentos t\u00eam entre 339 m\u00b2 e 379 m\u00b2, e a cobertura impressiona com 570 m\u00b2. Os pre\u00e7os partem de R$ 11 milh\u00f5es e chegam a R$ 20 milh\u00f5es, com valor de lan\u00e7amento na casa dos R$ 40 mil\/m\u00b2.<\/p>\n<p>A obra eleva o conceito de luxo, com design marcante e localiza\u00e7\u00e3o estrat\u00e9gica na Avenida Rebou\u00e7as, em Pinheiros. O projeto ainda conta com piscina no 51.\u00ba andar, lazer completo no 8.\u00ba andar e arquitetura internacional de impacto, segundo Orlando Pereira, diretor comercial da Cyrela.<\/p>\n<p>O sucesso da linha Pininfarina come\u00e7ou com o Heritage, lan\u00e7ado em 2017, e consolidou uma f\u00f3rmula de sucesso entre design autoral, sofistica\u00e7\u00e3o e valoriza\u00e7\u00e3o.<\/p>\n<div>\n<hr \/>\n<\/div>\n<h3>Lopes investe em im\u00f3veis de alto padr\u00e3o com a plataforma LPS<\/h3>\n<p>A Lopes, vice no ranking de vendas, tem apostado na LPS \u2013 Luxury Properties Selection, plataforma lan\u00e7ada em 2024 para fortalecer sua atua\u00e7\u00e3o no segmento de alt\u00edssimo padr\u00e3o.<\/p>\n<p>Entre os destaques est\u00e3o dois empreendimentos em Pinheiros, Zona Oeste de S\u00e3o Paulo:<\/p>\n<ul data-spread=\"false\">\n<li><strong>Primo Pinheiros<\/strong>, com unidades de at\u00e9 535 m\u00b2 e pre\u00e7os de at\u00e9 R$ 13 milh\u00f5es. O projeto oferece spa, academia e \u00e1reas de bem-estar inspiradas em hot\u00e9is de luxo.<\/li>\n<li><strong>Visar Jardim Europa<\/strong>, com apartamentos de 245 m\u00b2 e uma vista privilegiada para o Jardim Europa. O projeto est\u00e1 avaliado em torno de R$ 7 milh\u00f5es.<\/li>\n<\/ul>\n<p>Cyro Naufel, diretor de RI da Lopes, afirma que a meta da empresa \u00e9 ter at\u00e9 10% do VGV da companhia no Brasil \u2014 que foi de R$ 13,7 bilh\u00f5es em 2024 \u2014 ligado ao selo LPS.<\/p>\n<div>\n<hr \/>\n<\/div>\n<h3>A for\u00e7a do MCMV e o surgimento da Faixa 4<\/h3>\n<p>Apesar do foco no alto padr\u00e3o, tanto Cyrela quanto Lopes veem oportunidades promissoras no programa Minha Casa, Minha Vida, especialmente ap\u00f3s a cria\u00e7\u00e3o da Faixa 4, voltada para fam\u00edlias com renda de at\u00e9 R$ 12 mil e im\u00f3veis com teto de R$ 500 mil.<\/p>\n<p>Essa faixa representa uma nova fronteira para construtoras que tradicionalmente atuam no m\u00e9dio e alto padr\u00e3o. Em 2024, 63% das unidades lan\u00e7adas em S\u00e3o Paulo estavam dentro do programa, o que evidencia seu peso no mercado.<\/p>\n<p>Cyro destaca o lan\u00e7amento do <strong>UP Move Vila S\u00f4nia<\/strong>, com 400 unidades de 24 m\u00b2 a 40 m\u00b2 e pre\u00e7os entre R$ 230 mil e R$ 400 mil, como uma clara resposta a esse novo perfil de consumidor.<\/p>\n<div>\n<hr \/>\n<\/div>\n<h3>Um mercado de extremos, com espa\u00e7o para todos os perfis<\/h3>\n<p>O que o cen\u00e1rio de 2025 mostra \u00e9 um mercado imobili\u00e1rio que se movimenta entre dois polos: o alto padr\u00e3o cada vez mais valorizado e o crescimento das faixas acess\u00edveis. Enquanto lan\u00e7amentos como o Epic by Pininfarina redefinem o skyline da cidade, novas faixas do MCMV democratizam o acesso \u00e0 moradia.<\/p>\n<p>As duas pontas se complementam e representam estrat\u00e9gias diferentes, mas igualmente relevantes. O foco em inova\u00e7\u00e3o, design, parcerias internacionais e inclus\u00e3o s\u00e3o marcas da nova fase do mercado.<\/p>\n<div>\n<hr \/>\n<\/div>\n<h3>Fonte: <a href=\"https:\/\/www.estadao.com.br\/economia\/negocios\/luxo-alto-padrao-se-destacam-portfolios-cyrela-lopes\/\">Estad\u00e3o<\/a><\/h3>\n","protected":false},"excerpt":{"rendered":"<p>O luxo como destaque, mas com olhar estrat\u00e9gico para a moradia acess\u00edvel O mercado imobili\u00e1rio de alto padr\u00e3o em S\u00e3o Paulo vive um momento de protagonismo, impulsionado por projetos cada&hellip; <\/p>\n","protected":false},"author":2,"featured_media":2478,"comment_status":"open","ping_status":"open","sticky":false,"template":"","format":"standard","meta":{"footnotes":""},"categories":[5,7],"tags":[316,312,317,315,128,131,320,313,318,314,13,30,112,319],"yoast_head":"<!-- This site is optimized with the Yoast SEO plugin v21.5 - https:\/\/yoast.com\/wordpress\/plugins\/seo\/ -->\n<title>Luxo em alta e foco na Faixa 4 do MCMV<\/title>\n<meta name=\"description\" content=\"Cyrela e Lopes refor\u00e7am sua atua\u00e7\u00e3o no mercado imobili\u00e1rio de luxo e miram o crescimento com a nova Faixa 4 do Minha Casa, Minha Vida.\" \/>\n<meta name=\"robots\" content=\"index, follow, max-snippet:-1, max-image-preview:large, max-video-preview:-1\" \/>\n<link rel=\"canonical\" href=\"https:\/\/www.imovelp.com.br\/blog\/cyrela-lopes-luxo-faixa-4-mcmv-mercado-imobiliario\/\" \/>\n<meta property=\"og:locale\" content=\"en_US\" \/>\n<meta property=\"og:type\" content=\"article\" \/>\n<meta property=\"og:title\" content=\"Luxo em alta e foco na Faixa 4 do MCMV\" \/>\n<meta property=\"og:description\" content=\"Cyrela e Lopes refor\u00e7am sua atua\u00e7\u00e3o no mercado imobili\u00e1rio de luxo e miram o crescimento com a nova Faixa 4 do Minha Casa, Minha Vida.\" \/>\n<meta property=\"og:url\" content=\"https:\/\/www.imovelp.com.br\/blog\/cyrela-lopes-luxo-faixa-4-mcmv-mercado-imobiliario\/\" \/>\n<meta property=\"og:site_name\" content=\"Jornal Im\u00f3velp\" \/>\n<meta property=\"article:published_time\" content=\"2025-07-18T23:42:46+00:00\" \/>\n<meta property=\"article:modified_time\" content=\"2025-07-19T00:12:10+00:00\" \/>\n<meta property=\"og:image\" content=\"https:\/\/www.imovelp.com.br\/blog\/wp-content\/uploads\/2025\/07\/Y6XKYBTXVVCXDG7ZOAC27FIH4E-717x1024.png\" \/>\n\t<meta property=\"og:image:width\" content=\"717\" \/>\n\t<meta property=\"og:image:height\" content=\"1024\" \/>\n\t<meta property=\"og:image:type\" content=\"image\/png\" \/>\n<meta name=\"author\" content=\"Marcos Monteiro\" \/>\n<meta name=\"twitter:card\" content=\"summary_large_image\" \/>\n<meta name=\"twitter:label1\" content=\"Written by\" \/>\n\t<meta name=\"twitter:data1\" content=\"Marcos Monteiro\" \/>\n\t<meta name=\"twitter:label2\" content=\"Est. reading time\" \/>\n\t<meta name=\"twitter:data2\" content=\"4 minutes\" \/>\n<script type=\"application\/ld+json\" class=\"yoast-schema-graph\">{\"@context\":\"https:\/\/schema.org\",\"@graph\":[{\"@type\":\"WebPage\",\"@id\":\"https:\/\/www.imovelp.com.br\/blog\/cyrela-lopes-luxo-faixa-4-mcmv-mercado-imobiliario\/\",\"url\":\"https:\/\/www.imovelp.com.br\/blog\/cyrela-lopes-luxo-faixa-4-mcmv-mercado-imobiliario\/\",\"name\":\"Luxo em alta e foco na Faixa 4 do MCMV\",\"isPartOf\":{\"@id\":\"https:\/\/www.imovelp.com.br\/blog\/#website\"},\"datePublished\":\"2025-07-18T23:42:46+00:00\",\"dateModified\":\"2025-07-19T00:12:10+00:00\",\"author\":{\"@id\":\"https:\/\/www.imovelp.com.br\/blog\/#\/schema\/person\/8fb1cc29840aba4154ec6a52e70be40a\"},\"description\":\"Cyrela e Lopes refor\u00e7am sua atua\u00e7\u00e3o no mercado imobili\u00e1rio de luxo e miram o crescimento com a nova Faixa 4 do Minha Casa, Minha Vida.\",\"breadcrumb\":{\"@id\":\"https:\/\/www.imovelp.com.br\/blog\/cyrela-lopes-luxo-faixa-4-mcmv-mercado-imobiliario\/#breadcrumb\"},\"inLanguage\":\"en-US\",\"potentialAction\":[{\"@type\":\"ReadAction\",\"target\":[\"https:\/\/www.imovelp.com.br\/blog\/cyrela-lopes-luxo-faixa-4-mcmv-mercado-imobiliario\/\"]}]},{\"@type\":\"BreadcrumbList\",\"@id\":\"https:\/\/www.imovelp.com.br\/blog\/cyrela-lopes-luxo-faixa-4-mcmv-mercado-imobiliario\/#breadcrumb\",\"itemListElement\":[{\"@type\":\"ListItem\",\"position\":1,\"name\":\"Home\",\"item\":\"https:\/\/www.imovelp.com.br\/blog\/\"},{\"@type\":\"ListItem\",\"position\":2,\"name\":\"Cyrela e Lopes avan\u00e7am no alto padr\u00e3o e de olho na Faixa 4 do MCMV\"}]},{\"@type\":\"WebSite\",\"@id\":\"https:\/\/www.imovelp.com.br\/blog\/#website\",\"url\":\"https:\/\/www.imovelp.com.br\/blog\/\",\"name\":\"Jornal Im\u00f3velp\",\"description\":\"Portal de Not\u00edcias do Corretor de Im\u00f3veis\",\"potentialAction\":[{\"@type\":\"SearchAction\",\"target\":{\"@type\":\"EntryPoint\",\"urlTemplate\":\"https:\/\/www.imovelp.com.br\/blog\/?s={search_term_string}\"},\"query-input\":\"required name=search_term_string\"}],\"inLanguage\":\"en-US\"},{\"@type\":\"Person\",\"@id\":\"https:\/\/www.imovelp.com.br\/blog\/#\/schema\/person\/8fb1cc29840aba4154ec6a52e70be40a\",\"name\":\"Marcos Monteiro\",\"image\":{\"@type\":\"ImageObject\",\"inLanguage\":\"en-US\",\"@id\":\"https:\/\/www.imovelp.com.br\/blog\/#\/schema\/person\/image\/\",\"url\":\"https:\/\/secure.gravatar.com\/avatar\/da25bf23c2e75965766176dcd3fc7564?s=96&d=mm&r=g\",\"contentUrl\":\"https:\/\/secure.gravatar.com\/avatar\/da25bf23c2e75965766176dcd3fc7564?s=96&d=mm&r=g\",\"caption\":\"Marcos Monteiro\"},\"url\":\"https:\/\/www.imovelp.com.br\/blog\/author\/redacao-imovelp\/\"}]}<\/script>\n<!-- \/ Yoast SEO plugin. -->","yoast_head_json":{"title":"Luxo em alta e foco na Faixa 4 do MCMV","description":"Cyrela e Lopes refor\u00e7am sua atua\u00e7\u00e3o no mercado imobili\u00e1rio de luxo e miram o crescimento com a nova Faixa 4 do Minha Casa, Minha Vida.","robots":{"index":"index","follow":"follow","max-snippet":"max-snippet:-1","max-image-preview":"max-image-preview:large","max-video-preview":"max-video-preview:-1"},"canonical":"https:\/\/www.imovelp.com.br\/blog\/cyrela-lopes-luxo-faixa-4-mcmv-mercado-imobiliario\/","og_locale":"en_US","og_type":"article","og_title":"Luxo em alta e foco na Faixa 4 do MCMV","og_description":"Cyrela e Lopes refor\u00e7am sua atua\u00e7\u00e3o no mercado imobili\u00e1rio de luxo e miram o crescimento com a nova Faixa 4 do Minha Casa, Minha Vida.","og_url":"https:\/\/www.imovelp.com.br\/blog\/cyrela-lopes-luxo-faixa-4-mcmv-mercado-imobiliario\/","og_site_name":"Jornal Im\u00f3velp","article_published_time":"2025-07-18T23:42:46+00:00","article_modified_time":"2025-07-19T00:12:10+00:00","og_image":[{"width":717,"height":1024,"url":"https:\/\/www.imovelp.com.br\/blog\/wp-content\/uploads\/2025\/07\/Y6XKYBTXVVCXDG7ZOAC27FIH4E-717x1024.png","type":"image\/png"}],"author":"Marcos Monteiro","twitter_card":"summary_large_image","twitter_misc":{"Written by":"Marcos Monteiro","Est. reading time":"4 minutes"},"schema":{"@context":"https:\/\/schema.org","@graph":[{"@type":"WebPage","@id":"https:\/\/www.imovelp.com.br\/blog\/cyrela-lopes-luxo-faixa-4-mcmv-mercado-imobiliario\/","url":"https:\/\/www.imovelp.com.br\/blog\/cyrela-lopes-luxo-faixa-4-mcmv-mercado-imobiliario\/","name":"Luxo em alta e foco na Faixa 4 do MCMV","isPartOf":{"@id":"https:\/\/www.imovelp.com.br\/blog\/#website"},"datePublished":"2025-07-18T23:42:46+00:00","dateModified":"2025-07-19T00:12:10+00:00","author":{"@id":"https:\/\/www.imovelp.com.br\/blog\/#\/schema\/person\/8fb1cc29840aba4154ec6a52e70be40a"},"description":"Cyrela e Lopes refor\u00e7am sua atua\u00e7\u00e3o no mercado imobili\u00e1rio de luxo e miram o crescimento com a nova Faixa 4 do Minha Casa, Minha Vida.","breadcrumb":{"@id":"https:\/\/www.imovelp.com.br\/blog\/cyrela-lopes-luxo-faixa-4-mcmv-mercado-imobiliario\/#breadcrumb"},"inLanguage":"en-US","potentialAction":[{"@type":"ReadAction","target":["https:\/\/www.imovelp.com.br\/blog\/cyrela-lopes-luxo-faixa-4-mcmv-mercado-imobiliario\/"]}]},{"@type":"BreadcrumbList","@id":"https:\/\/www.imovelp.com.br\/blog\/cyrela-lopes-luxo-faixa-4-mcmv-mercado-imobiliario\/#breadcrumb","itemListElement":[{"@type":"ListItem","position":1,"name":"Home","item":"https:\/\/www.imovelp.com.br\/blog\/"},{"@type":"ListItem","position":2,"name":"Cyrela e Lopes avan\u00e7am no alto padr\u00e3o e de olho na Faixa 4 do MCMV"}]},{"@type":"WebSite","@id":"https:\/\/www.imovelp.com.br\/blog\/#website","url":"https:\/\/www.imovelp.com.br\/blog\/","name":"Jornal Im\u00f3velp","description":"Portal de Not\u00edcias do Corretor de Im\u00f3veis","potentialAction":[{"@type":"SearchAction","target":{"@type":"EntryPoint","urlTemplate":"https:\/\/www.imovelp.com.br\/blog\/?s={search_term_string}"},"query-input":"required name=search_term_string"}],"inLanguage":"en-US"},{"@type":"Person","@id":"https:\/\/www.imovelp.com.br\/blog\/#\/schema\/person\/8fb1cc29840aba4154ec6a52e70be40a","name":"Marcos Monteiro","image":{"@type":"ImageObject","inLanguage":"en-US","@id":"https:\/\/www.imovelp.com.br\/blog\/#\/schema\/person\/image\/","url":"https:\/\/secure.gravatar.com\/avatar\/da25bf23c2e75965766176dcd3fc7564?s=96&d=mm&r=g","contentUrl":"https:\/\/secure.gravatar.com\/avatar\/da25bf23c2e75965766176dcd3fc7564?s=96&d=mm&r=g","caption":"Marcos Monteiro"},"url":"https:\/\/www.imovelp.com.br\/blog\/author\/redacao-imovelp\/"}]}},"_links":{"self":[{"href":"https:\/\/www.imovelp.com.br\/blog\/wp-json\/wp\/v2\/posts\/2476"}],"collection":[{"href":"https:\/\/www.imovelp.com.br\/blog\/wp-json\/wp\/v2\/posts"}],"about":[{"href":"https:\/\/www.imovelp.com.br\/blog\/wp-json\/wp\/v2\/types\/post"}],"author":[{"embeddable":true,"href":"https:\/\/www.imovelp.com.br\/blog\/wp-json\/wp\/v2\/users\/2"}],"replies":[{"embeddable":true,"href":"https:\/\/www.imovelp.com.br\/blog\/wp-json\/wp\/v2\/comments?post=2476"}],"version-history":[{"count":3,"href":"https:\/\/www.imovelp.com.br\/blog\/wp-json\/wp\/v2\/posts\/2476\/revisions"}],"predecessor-version":[{"id":2479,"href":"https:\/\/www.imovelp.com.br\/blog\/wp-json\/wp\/v2\/posts\/2476\/revisions\/2479"}],"wp:featuredmedia":[{"embeddable":true,"href":"https:\/\/www.imovelp.com.br\/blog\/wp-json\/wp\/v2\/media\/2478"}],"wp:attachment":[{"href":"https:\/\/www.imovelp.com.br\/blog\/wp-json\/wp\/v2\/media?parent=2476"}],"wp:term":[{"taxonomy":"category","embeddable":true,"href":"https:\/\/www.imovelp.com.br\/blog\/wp-json\/wp\/v2\/categories?post=2476"},{"taxonomy":"post_tag","embeddable":true,"href":"https:\/\/www.imovelp.com.br\/blog\/wp-json\/wp\/v2\/tags?post=2476"}],"curies":[{"name":"wp","href":"https:\/\/api.w.org\/{rel}","templated":true}]}}