{"id":2419,"date":"2025-06-05T20:01:15","date_gmt":"2025-06-05T23:01:15","guid":{"rendered":"https:\/\/www.imovelp.com.br\/blog\/?p=2419"},"modified":"2025-06-05T20:01:15","modified_gmt":"2025-06-05T23:01:15","slug":"mercado-imobiliario-sp-2025-vendas-e-lancamentos","status":"publish","type":"post","link":"https:\/\/www.imovelp.com.br\/blog\/mercado-imobiliario-sp-2025-vendas-e-lancamentos\/","title":{"rendered":"Panorama do Mercado Imobili\u00e1rio em S\u00e3o Paulo no 1\u00ba Trimestre de 2025: Alta nas Vendas e Queda nos Lan\u00e7amentos"},"content":{"rendered":"<p data-pm-slice=\"1 1 []\">O mercado imobili\u00e1rio paulista come\u00e7ou 2025 em ritmo acelerado. Segundo dados divulgados pelo Secovi-SP, as vendas de im\u00f3veis residenciais cresceram 32,9% no primeiro trimestre em rela\u00e7\u00e3o ao mesmo per\u00edodo de 2024. Em contrapartida, os lan\u00e7amentos ca\u00edram 18,6%, revelando um movimento importante de aquecimento da demanda frente a uma oferta que se retraiu.<\/p>\n<p>A an\u00e1lise abrange 41 cidades do interior, da Baixada Santista e da Regi\u00e3o Metropolitana de S\u00e3o Paulo \u2014 e traz importantes pistas sobre as oportunidades e desafios do setor para os pr\u00f3ximos meses. Neste artigo, voc\u00ea confere o que est\u00e1 por tr\u00e1s desses n\u00fameros, quais regi\u00f5es mais se destacaram e o que isso representa para corretores, investidores e compradores.<\/p>\n<div>\n<hr \/>\n<\/div>\n<h2>O que revelam os dados do Secovi-SP?<\/h2>\n<h3>Vendas disparam 32,9% no Estado de SP<\/h3>\n<p>A alta nas vendas reflete a reaquecida demanda por moradia em diversas regi\u00f5es do estado. Segundo Guilherme Werner, s\u00f3cio consultor da Brain Intelig\u00eancia Estrat\u00e9gica, a maioria das cidades acompanhadas teve desempenho positivo. Mar\u00edlia, Jundia\u00ed, Presidente Prudente, Franca e Barretos foram as exce\u00e7\u00f5es com queda.<\/p>\n<p>Os consumidores est\u00e3o mais atentos \u00e0 oportunidade de compra, seja por mudan\u00e7as no comportamento p\u00f3s-pandemia, seja pela percep\u00e7\u00e3o de que os pre\u00e7os tendem a subir. Corretores atentos a esse movimento podem surfar a onda de um mercado com maior liquidez e agilidade nos fechamentos.<\/p>\n<p><img decoding=\"async\" loading=\"lazy\" class=\"alignnone size-full wp-image-2420\" src=\"https:\/\/www.imovelp.com.br\/blog\/wp-content\/uploads\/2025\/06\/house-1407562_1920.webp\" alt=\"\" width=\"1200\" height=\"800\" srcset=\"https:\/\/www.imovelp.com.br\/blog\/wp-content\/uploads\/2025\/06\/house-1407562_1920.webp 1200w, https:\/\/www.imovelp.com.br\/blog\/wp-content\/uploads\/2025\/06\/house-1407562_1920-300x200.webp 300w, https:\/\/www.imovelp.com.br\/blog\/wp-content\/uploads\/2025\/06\/house-1407562_1920-1024x683.webp 1024w, https:\/\/www.imovelp.com.br\/blog\/wp-content\/uploads\/2025\/06\/house-1407562_1920-768x512.webp 768w\" sizes=\"(max-width: 1200px) 100vw, 1200px\" \/><\/p>\n<p>&nbsp;<\/p>\n<h3>Lan\u00e7amentos caem 18,6%: o que explica essa queda?<\/h3>\n<p>Apesar da alta nas vendas, os lan\u00e7amentos recuaram. Isso se deve a fatores como:<\/p>\n<ul data-spread=\"false\">\n<li>Dificuldades de acesso a financiamento por parte das construtoras;<\/li>\n<li>Custo elevado de insumos;<\/li>\n<li>Cautela do mercado em rela\u00e7\u00e3o \u00e0 reforma tribut\u00e1ria e seus impactos.<\/li>\n<\/ul>\n<p>Esse desequil\u00edbrio entre oferta e demanda pode impactar a disponibilidade de im\u00f3veis nos pr\u00f3ximos trimestres, tornando o trabalho de capta\u00e7\u00e3o e negocia\u00e7\u00e3o ainda mais estrat\u00e9gico.<\/p>\n<div>\n<hr \/>\n<\/div>\n<h2>A for\u00e7a do Minha Casa Minha Vida no 1\u00ba trimestre<\/h2>\n<h3>48% das vendas e 52% dos lan\u00e7amentos<\/h3>\n<p>Os empreendimentos voltados ao programa Minha Casa, Minha Vida (MCMV) representaram quase metade do mercado nesse per\u00edodo. Isso refor\u00e7a a relev\u00e2ncia do segmento econ\u00f4mico como motor do setor.<\/p>\n<p>Destaques por regi\u00e3o:<\/p>\n<ul data-spread=\"false\">\n<li>Piracicaba liderou as vendas pelo MCMV;<\/li>\n<li>Baixada Santista teve menor volume de vendas dentro do programa.<\/li>\n<\/ul>\n<h3>MCMV como motor da habita\u00e7\u00e3o popular<\/h3>\n<p>Corretores que atuam nesse nicho encontram oportunidades constantes, especialmente nas faixas mais acess\u00edveis do programa. Conhecer as condi\u00e7\u00f5es de financiamento, subs\u00eddios e exig\u00eancias \u00e9 diferencial competitivo.<\/p>\n<div>\n<hr \/>\n<\/div>\n<h2>Dificuldade no financiamento imobili\u00e1rio<\/h2>\n<h3>Escassez de cr\u00e9dito para construtoras<\/h3>\n<p>Durante a apresenta\u00e7\u00e3o dos dados, representantes do Secovi-SP refor\u00e7aram que muitas empresas est\u00e3o com dificuldade de acesso a cr\u00e9dito para obras. Isso limita a velocidade de lan\u00e7amento de novos projetos e pode agravar o desequil\u00edbrio entre oferta e demanda.<\/p>\n<h3>Alternativas em debate: pr\u00e9-sal e novas letras de cr\u00e9dito<\/h3>\n<p>Est\u00e3o em discuss\u00e3o junto ao governo e \u00f3rg\u00e3os reguladores:<\/p>\n<ul data-spread=\"false\">\n<li>Utiliza\u00e7\u00e3o de recursos do pr\u00e9-sal via Caixa;<\/li>\n<li>Cria\u00e7\u00e3o de novas letras de cr\u00e9dito imobili\u00e1rio.<\/li>\n<\/ul>\n<p>O FGTS segue sendo a principal fonte de fomento, mas j\u00e1 mostra sinais de esgotamento diante da demanda crescente.<\/p>\n<div>\n<hr \/>\n<\/div>\n<h2>Reflexos no dia a dia do corretor de im\u00f3veis<\/h2>\n<h3>A import\u00e2ncia da leitura de mercado<\/h3>\n<p>Com o aumento da demanda e a retra\u00e7\u00e3o da oferta, o corretor precisa ser mais estrat\u00e9gico na escolha dos produtos que divulga e representa. A compreens\u00e3o dos dados regionais \u00e9 essencial para:<\/p>\n<ul data-spread=\"false\">\n<li>Identificar mercados mais aquecidos;<\/li>\n<li>Direcionar esfor\u00e7os para empreendimentos com maior giro;<\/li>\n<li>Personalizar a abordagem conforme o perfil do cliente.<\/li>\n<\/ul>\n<h3>L\u00e7amentos em queda = mais foco em im\u00f3veis dispon\u00edveis<\/h3>\n<p>Corretores que expandem sua atua\u00e7\u00e3o para o mercado de usados ganham competitividade. Plataformas como a Im\u00f3velp oferecem ferramentas que facilitam essa transi\u00e7\u00e3o e aumentam o portf\u00f3lio dos profissionais.<\/p>\n<div>\n<hr \/>\n<\/div>\n<h2>Oportunidades para o segundo semestre de 2025<\/h2>\n<h3>O que esperar do mercado imobili\u00e1rio?<\/h3>\n<p>A expectativa \u00e9 de manuten\u00e7\u00e3o do ritmo nas vendas e de leve retomada dos lan\u00e7amentos, caso as solu\u00e7\u00f5es de cr\u00e9dito avancem. As taxas de juros seguem impactando o apetite de consumo, mas a demanda reprimida continua aquecida.<\/p>\n<h3>Corretores e incorporadoras: hora de se reinventar<\/h3>\n<p>Mais do que vender, \u00e9 hora de entender profundamente o cliente. Apostar em:<\/p>\n<ul data-spread=\"false\">\n<li>Marketing de conte\u00fado e presen\u00e7a digital<\/li>\n<li>Intelig\u00eancia de dados<\/li>\n<li>Parcerias estrat\u00e9gicas<\/li>\n<li>Tecnologia e IA na gest\u00e3o da base<\/li>\n<\/ul>\n<div>\n<hr \/>\n<\/div>\n<h2>Conclus\u00e3o<\/h2>\n<p>O primeiro trimestre de 2025 trouxe dados otimistas para o setor, com destaque para o aumento significativo nas vendas. Por outro lado, a retra\u00e7\u00e3o nos lan\u00e7amentos acende o alerta sobre a necessidade de ajustes no modelo de financiamento.<\/p>\n<p>Corretores e empresas que souberem ler esses movimentos, se adaptar e investir em tecnologia e rela\u00e7\u00f5es estrat\u00e9gicas sair\u00e3o na frente.<\/p>\n<p>O momento \u00e9 de acelerar, mas com intelige\u00eancia.<\/p>\n<div>\n<hr \/>\n<\/div>\n<h2>FAQ<\/h2>\n<ol start=\"1\" data-spread=\"true\">\n<li>Por que as vendas de im\u00f3veis cresceram tanto no in\u00edcio de 2025? R: Houve reaquecimento da demanda, principalmente por parte das classes que se beneficiam do MCMV e pela percep\u00e7\u00e3o de que os pre\u00e7os dos im\u00f3veis devem continuar subindo.<\/li>\n<li>Qual o papel do programa Minha Casa Minha Vida nesse crescimento? R: O programa respondeu por quase metade das vendas e lan\u00e7amentos, impulsionando principalmente cidades do interior.<\/li>\n<li>A queda nos lan\u00e7amentos afeta o trabalho dos corretores? R: Sim. Menor oferta exige mais estrat\u00e9gia na escolha de produtos e mais criatividade na prospec\u00e7\u00e3o.<\/li>\n<li>O cr\u00e9dito imobili\u00e1rio est\u00e1 mais dif\u00edcil em 2025? R: Para construtoras, sim. J\u00e1 para o comprador, as op\u00e7\u00f5es seguem est\u00e1veis, embora os juros ainda impactem.<\/li>\n<li>Como aproveitar essas movimenta\u00e7\u00f5es para vender mais? R: Estude o mercado, diversifique o portf\u00f3lio, use tecnologia e atue em diferentes frentes (lan\u00e7amentos, usados, MCMV e alto padr\u00e3o).<\/li>\n<\/ol>\n<p>Fonte: <a href=\"https:\/\/www.cnnbrasil.com.br\/economia\/macroeconomia\/mercado-imobiliario-de-sp-tem-alta-de-329-em-vendas-no-1o-tri-diz-secovi\/\">CNN Brasil<\/a><\/p>\n","protected":false},"excerpt":{"rendered":"<p>O mercado imobili\u00e1rio paulista come\u00e7ou 2025 em ritmo acelerado. Segundo dados divulgados pelo Secovi-SP, as vendas de im\u00f3veis residenciais cresceram 32,9% no primeiro trimestre em rela\u00e7\u00e3o ao mesmo per\u00edodo de&hellip; <\/p>\n","protected":false},"author":2,"featured_media":2420,"comment_status":"open","ping_status":"open","sticky":false,"template":"","format":"standard","meta":{"footnotes":""},"categories":[5,7],"tags":[160,41,306,74,150,13,127,307,305,130],"yoast_head":"<!-- This site is optimized with the Yoast SEO plugin v21.5 - https:\/\/yoast.com\/wordpress\/plugins\/seo\/ -->\n<title>Mercado Imobili\u00e1rio em SP: Vendas Crescem no 1\u00ba Trimestre<\/title>\n<meta name=\"description\" content=\"As vendas de im\u00f3veis em S\u00e3o Paulo cresceram 32,9% no 1\u00ba trimestre de 2025, enquanto os lan\u00e7amentos ca\u00edram 18,6%.\" \/>\n<meta name=\"robots\" content=\"index, follow, max-snippet:-1, max-image-preview:large, max-video-preview:-1\" \/>\n<link rel=\"canonical\" href=\"https:\/\/www.imovelp.com.br\/blog\/mercado-imobiliario-sp-2025-vendas-e-lancamentos\/\" \/>\n<meta property=\"og:locale\" content=\"en_US\" \/>\n<meta property=\"og:type\" content=\"article\" \/>\n<meta property=\"og:title\" content=\"Mercado Imobili\u00e1rio em SP: Vendas Crescem no 1\u00ba Trimestre\" \/>\n<meta property=\"og:description\" content=\"As vendas de im\u00f3veis em S\u00e3o Paulo cresceram 32,9% no 1\u00ba trimestre de 2025, enquanto os lan\u00e7amentos ca\u00edram 18,6%.\" \/>\n<meta property=\"og:url\" content=\"https:\/\/www.imovelp.com.br\/blog\/mercado-imobiliario-sp-2025-vendas-e-lancamentos\/\" \/>\n<meta property=\"og:site_name\" content=\"Jornal Im\u00f3velp\" \/>\n<meta property=\"article:published_time\" content=\"2025-06-05T23:01:15+00:00\" \/>\n<meta property=\"og:image\" content=\"https:\/\/www.imovelp.com.br\/blog\/wp-content\/uploads\/2025\/06\/house-1407562_1920.webp\" \/>\n\t<meta property=\"og:image:width\" content=\"1200\" \/>\n\t<meta property=\"og:image:height\" content=\"800\" \/>\n\t<meta property=\"og:image:type\" content=\"image\/webp\" \/>\n<meta name=\"author\" content=\"Marcos Monteiro\" \/>\n<meta name=\"twitter:card\" content=\"summary_large_image\" \/>\n<meta name=\"twitter:label1\" content=\"Written by\" \/>\n\t<meta name=\"twitter:data1\" content=\"Marcos Monteiro\" \/>\n\t<meta name=\"twitter:label2\" content=\"Est. reading time\" \/>\n\t<meta name=\"twitter:data2\" content=\"5 minutes\" \/>\n<script type=\"application\/ld+json\" class=\"yoast-schema-graph\">{\"@context\":\"https:\/\/schema.org\",\"@graph\":[{\"@type\":\"WebPage\",\"@id\":\"https:\/\/www.imovelp.com.br\/blog\/mercado-imobiliario-sp-2025-vendas-e-lancamentos\/\",\"url\":\"https:\/\/www.imovelp.com.br\/blog\/mercado-imobiliario-sp-2025-vendas-e-lancamentos\/\",\"name\":\"Mercado Imobili\u00e1rio em SP: Vendas Crescem no 1\u00ba Trimestre\",\"isPartOf\":{\"@id\":\"https:\/\/www.imovelp.com.br\/blog\/#website\"},\"datePublished\":\"2025-06-05T23:01:15+00:00\",\"dateModified\":\"2025-06-05T23:01:15+00:00\",\"author\":{\"@id\":\"https:\/\/www.imovelp.com.br\/blog\/#\/schema\/person\/8fb1cc29840aba4154ec6a52e70be40a\"},\"description\":\"As vendas de im\u00f3veis em S\u00e3o Paulo cresceram 32,9% no 1\u00ba trimestre de 2025, enquanto os lan\u00e7amentos ca\u00edram 18,6%.\",\"breadcrumb\":{\"@id\":\"https:\/\/www.imovelp.com.br\/blog\/mercado-imobiliario-sp-2025-vendas-e-lancamentos\/#breadcrumb\"},\"inLanguage\":\"en-US\",\"potentialAction\":[{\"@type\":\"ReadAction\",\"target\":[\"https:\/\/www.imovelp.com.br\/blog\/mercado-imobiliario-sp-2025-vendas-e-lancamentos\/\"]}]},{\"@type\":\"BreadcrumbList\",\"@id\":\"https:\/\/www.imovelp.com.br\/blog\/mercado-imobiliario-sp-2025-vendas-e-lancamentos\/#breadcrumb\",\"itemListElement\":[{\"@type\":\"ListItem\",\"position\":1,\"name\":\"Home\",\"item\":\"https:\/\/www.imovelp.com.br\/blog\/\"},{\"@type\":\"ListItem\",\"position\":2,\"name\":\"Panorama do Mercado Imobili\u00e1rio em S\u00e3o Paulo no 1\u00ba Trimestre de 2025: Alta nas Vendas e Queda nos Lan\u00e7amentos\"}]},{\"@type\":\"WebSite\",\"@id\":\"https:\/\/www.imovelp.com.br\/blog\/#website\",\"url\":\"https:\/\/www.imovelp.com.br\/blog\/\",\"name\":\"Jornal Im\u00f3velp\",\"description\":\"Portal de Not\u00edcias do Corretor de Im\u00f3veis\",\"potentialAction\":[{\"@type\":\"SearchAction\",\"target\":{\"@type\":\"EntryPoint\",\"urlTemplate\":\"https:\/\/www.imovelp.com.br\/blog\/?s={search_term_string}\"},\"query-input\":\"required name=search_term_string\"}],\"inLanguage\":\"en-US\"},{\"@type\":\"Person\",\"@id\":\"https:\/\/www.imovelp.com.br\/blog\/#\/schema\/person\/8fb1cc29840aba4154ec6a52e70be40a\",\"name\":\"Marcos Monteiro\",\"image\":{\"@type\":\"ImageObject\",\"inLanguage\":\"en-US\",\"@id\":\"https:\/\/www.imovelp.com.br\/blog\/#\/schema\/person\/image\/\",\"url\":\"https:\/\/secure.gravatar.com\/avatar\/da25bf23c2e75965766176dcd3fc7564?s=96&d=mm&r=g\",\"contentUrl\":\"https:\/\/secure.gravatar.com\/avatar\/da25bf23c2e75965766176dcd3fc7564?s=96&d=mm&r=g\",\"caption\":\"Marcos Monteiro\"},\"url\":\"https:\/\/www.imovelp.com.br\/blog\/author\/redacao-imovelp\/\"}]}<\/script>\n<!-- \/ Yoast SEO plugin. -->","yoast_head_json":{"title":"Mercado Imobili\u00e1rio em SP: Vendas Crescem no 1\u00ba Trimestre","description":"As vendas de im\u00f3veis em S\u00e3o Paulo cresceram 32,9% no 1\u00ba trimestre de 2025, enquanto os lan\u00e7amentos ca\u00edram 18,6%.","robots":{"index":"index","follow":"follow","max-snippet":"max-snippet:-1","max-image-preview":"max-image-preview:large","max-video-preview":"max-video-preview:-1"},"canonical":"https:\/\/www.imovelp.com.br\/blog\/mercado-imobiliario-sp-2025-vendas-e-lancamentos\/","og_locale":"en_US","og_type":"article","og_title":"Mercado Imobili\u00e1rio em SP: Vendas Crescem no 1\u00ba Trimestre","og_description":"As vendas de im\u00f3veis em S\u00e3o Paulo cresceram 32,9% no 1\u00ba trimestre de 2025, enquanto os lan\u00e7amentos ca\u00edram 18,6%.","og_url":"https:\/\/www.imovelp.com.br\/blog\/mercado-imobiliario-sp-2025-vendas-e-lancamentos\/","og_site_name":"Jornal Im\u00f3velp","article_published_time":"2025-06-05T23:01:15+00:00","og_image":[{"width":1200,"height":800,"url":"https:\/\/www.imovelp.com.br\/blog\/wp-content\/uploads\/2025\/06\/house-1407562_1920.webp","type":"image\/webp"}],"author":"Marcos Monteiro","twitter_card":"summary_large_image","twitter_misc":{"Written by":"Marcos Monteiro","Est. reading time":"5 minutes"},"schema":{"@context":"https:\/\/schema.org","@graph":[{"@type":"WebPage","@id":"https:\/\/www.imovelp.com.br\/blog\/mercado-imobiliario-sp-2025-vendas-e-lancamentos\/","url":"https:\/\/www.imovelp.com.br\/blog\/mercado-imobiliario-sp-2025-vendas-e-lancamentos\/","name":"Mercado Imobili\u00e1rio em SP: Vendas Crescem no 1\u00ba Trimestre","isPartOf":{"@id":"https:\/\/www.imovelp.com.br\/blog\/#website"},"datePublished":"2025-06-05T23:01:15+00:00","dateModified":"2025-06-05T23:01:15+00:00","author":{"@id":"https:\/\/www.imovelp.com.br\/blog\/#\/schema\/person\/8fb1cc29840aba4154ec6a52e70be40a"},"description":"As vendas de im\u00f3veis em S\u00e3o Paulo cresceram 32,9% no 1\u00ba trimestre de 2025, enquanto os lan\u00e7amentos ca\u00edram 18,6%.","breadcrumb":{"@id":"https:\/\/www.imovelp.com.br\/blog\/mercado-imobiliario-sp-2025-vendas-e-lancamentos\/#breadcrumb"},"inLanguage":"en-US","potentialAction":[{"@type":"ReadAction","target":["https:\/\/www.imovelp.com.br\/blog\/mercado-imobiliario-sp-2025-vendas-e-lancamentos\/"]}]},{"@type":"BreadcrumbList","@id":"https:\/\/www.imovelp.com.br\/blog\/mercado-imobiliario-sp-2025-vendas-e-lancamentos\/#breadcrumb","itemListElement":[{"@type":"ListItem","position":1,"name":"Home","item":"https:\/\/www.imovelp.com.br\/blog\/"},{"@type":"ListItem","position":2,"name":"Panorama do Mercado Imobili\u00e1rio em S\u00e3o Paulo no 1\u00ba Trimestre de 2025: Alta nas Vendas e Queda nos Lan\u00e7amentos"}]},{"@type":"WebSite","@id":"https:\/\/www.imovelp.com.br\/blog\/#website","url":"https:\/\/www.imovelp.com.br\/blog\/","name":"Jornal Im\u00f3velp","description":"Portal de Not\u00edcias do Corretor de Im\u00f3veis","potentialAction":[{"@type":"SearchAction","target":{"@type":"EntryPoint","urlTemplate":"https:\/\/www.imovelp.com.br\/blog\/?s={search_term_string}"},"query-input":"required name=search_term_string"}],"inLanguage":"en-US"},{"@type":"Person","@id":"https:\/\/www.imovelp.com.br\/blog\/#\/schema\/person\/8fb1cc29840aba4154ec6a52e70be40a","name":"Marcos Monteiro","image":{"@type":"ImageObject","inLanguage":"en-US","@id":"https:\/\/www.imovelp.com.br\/blog\/#\/schema\/person\/image\/","url":"https:\/\/secure.gravatar.com\/avatar\/da25bf23c2e75965766176dcd3fc7564?s=96&d=mm&r=g","contentUrl":"https:\/\/secure.gravatar.com\/avatar\/da25bf23c2e75965766176dcd3fc7564?s=96&d=mm&r=g","caption":"Marcos Monteiro"},"url":"https:\/\/www.imovelp.com.br\/blog\/author\/redacao-imovelp\/"}]}},"_links":{"self":[{"href":"https:\/\/www.imovelp.com.br\/blog\/wp-json\/wp\/v2\/posts\/2419"}],"collection":[{"href":"https:\/\/www.imovelp.com.br\/blog\/wp-json\/wp\/v2\/posts"}],"about":[{"href":"https:\/\/www.imovelp.com.br\/blog\/wp-json\/wp\/v2\/types\/post"}],"author":[{"embeddable":true,"href":"https:\/\/www.imovelp.com.br\/blog\/wp-json\/wp\/v2\/users\/2"}],"replies":[{"embeddable":true,"href":"https:\/\/www.imovelp.com.br\/blog\/wp-json\/wp\/v2\/comments?post=2419"}],"version-history":[{"count":2,"href":"https:\/\/www.imovelp.com.br\/blog\/wp-json\/wp\/v2\/posts\/2419\/revisions"}],"predecessor-version":[{"id":2422,"href":"https:\/\/www.imovelp.com.br\/blog\/wp-json\/wp\/v2\/posts\/2419\/revisions\/2422"}],"wp:featuredmedia":[{"embeddable":true,"href":"https:\/\/www.imovelp.com.br\/blog\/wp-json\/wp\/v2\/media\/2420"}],"wp:attachment":[{"href":"https:\/\/www.imovelp.com.br\/blog\/wp-json\/wp\/v2\/media?parent=2419"}],"wp:term":[{"taxonomy":"category","embeddable":true,"href":"https:\/\/www.imovelp.com.br\/blog\/wp-json\/wp\/v2\/categories?post=2419"},{"taxonomy":"post_tag","embeddable":true,"href":"https:\/\/www.imovelp.com.br\/blog\/wp-json\/wp\/v2\/tags?post=2419"}],"curies":[{"name":"wp","href":"https:\/\/api.w.org\/{rel}","templated":true}]}}