{"id":2415,"date":"2025-05-13T10:02:44","date_gmt":"2025-05-13T13:02:44","guid":{"rendered":"https:\/\/www.imovelp.com.br\/blog\/?p=2415"},"modified":"2025-05-13T10:06:36","modified_gmt":"2025-05-13T13:06:36","slug":"origem-freguesia-do-o-tarjab","status":"publish","type":"post","link":"https:\/\/www.imovelp.com.br\/blog\/origem-freguesia-do-o-tarjab\/","title":{"rendered":"Origem Freguesia do \u00d3 \u2013 Viva a Transforma\u00e7\u00e3o de um dos Bairros Mais Tradicionais de S\u00e3o Paulo"},"content":{"rendered":"<p class=\"\" data-start=\"331\" data-end=\"579\">O <a href=\"https:\/\/www.imovelp.com.br\/corretor\/imovel\/0b19-origem-freguesia-do-o-apartamento-sao-paulo-freguesia-do-o-avenida-elisio-teixeira-leite\"><strong data-start=\"333\" data-end=\"358\">Origem Freguesia do \u00d3<\/strong><\/a>, empreendimento da <strong data-start=\"378\" data-end=\"388\">Tarjab<\/strong>, \u00e9 mais do que um lan\u00e7amento imobili\u00e1rio: \u00e9 um convite para viver com qualidade, praticidade e prop\u00f3sito em uma das regi\u00f5es mais antigas \u2014 e ao mesmo tempo mais promissoras \u2014 de S\u00e3o Paulo.<\/p>\n<p class=\"\" data-start=\"581\" data-end=\"743\">Combinando <strong data-start=\"592\" data-end=\"642\">sustentabilidade, conforto e mobilidade urbana<\/strong>, o projeto foi pensado para fam\u00edlias e investidores que buscam o equil\u00edbrio entre tradi\u00e7\u00e3o e futuro.<\/p>\n<hr class=\"\" data-start=\"745\" data-end=\"748\" \/>\n<h3 class=\"\" data-start=\"750\" data-end=\"815\">Um projeto assinado pela Tarjab: excel\u00eancia com prop\u00f3sito<\/h3>\n<p class=\"\" data-start=\"817\" data-end=\"1100\">A <strong data-start=\"819\" data-end=\"829\">Tarjab<\/strong> \u00e9 refer\u00eancia em empreendimentos com <strong data-start=\"866\" data-end=\"931\">qualidade construtiva, sustentabilidade e arquitetura autoral<\/strong>. Com mais de 40 anos de atua\u00e7\u00e3o em S\u00e3o Paulo, entrega im\u00f3veis com capital pr\u00f3prio, sem financiamento banc\u00e1rio, o que garante solidez e compromisso com prazos e valores.<\/p>\n<blockquote data-start=\"1102\" data-end=\"1237\">\n<p class=\"\" data-start=\"1104\" data-end=\"1237\">Conhe\u00e7a mais sobre a construtora:<br data-start=\"1137\" data-end=\"1140\" \/>? <a class=\"cursor-pointer\" href=\"https:\/\/www.imovelp.com.br\/blog\/construtora-tarjab-sao-paulo\/\" target=\"_new\" rel=\"noopener\" data-start=\"1143\" data-end=\"1237\">Artigo completo sobre a Tarjab<\/a><\/p>\n<\/blockquote>\n<hr class=\"\" data-start=\"1239\" data-end=\"1242\" \/>\n<p><iframe loading=\"lazy\" title=\"Decorado virtual Origem Freguesia do \u00d3 360\u00ba - Tarjab\" width=\"1110\" height=\"624\" src=\"https:\/\/www.youtube.com\/embed\/mHUy2bnfUmk?feature=oembed\" frameborder=\"0\" allow=\"accelerometer; autoplay; clipboard-write; encrypted-media; gyroscope; picture-in-picture; web-share\" referrerpolicy=\"strict-origin-when-cross-origin\" allowfullscreen><\/iframe><\/p>\n<h3 class=\"\" data-start=\"1244\" data-end=\"1308\">Localiza\u00e7\u00e3o estrat\u00e9gica: Freguesia do \u00d3 em plena ascens\u00e3o<\/h3>\n<p class=\"\" data-start=\"1310\" data-end=\"1544\">Localizado na <strong data-start=\"1324\" data-end=\"1357\">Avenida El\u00edsio Teixeira Leite<\/strong>, o <strong data-start=\"1361\" data-end=\"1371\">Origem<\/strong> est\u00e1 no centro do novo eixo de crescimento da zona norte. Pr\u00f3ximo \u00e0 futura <strong data-start=\"1447\" data-end=\"1473\">Linha Laranja do Metr\u00f4<\/strong>, o bairro vem passando por uma forte valoriza\u00e7\u00e3o urbana e imobili\u00e1ria.<\/p>\n<p class=\"\" data-start=\"1546\" data-end=\"1570\"><strong data-start=\"1546\" data-end=\"1570\">Destaques da regi\u00e3o:<\/strong><\/p>\n<ul data-start=\"1571\" data-end=\"1768\">\n<li class=\"\" data-start=\"1571\" data-end=\"1620\">\n<p class=\"\" data-start=\"1573\" data-end=\"1620\">Esta\u00e7\u00f5es de metr\u00f4 (Linha Laranja em expans\u00e3o)<\/p>\n<\/li>\n<li class=\"\" data-start=\"1621\" data-end=\"1657\">\n<p class=\"\" data-start=\"1623\" data-end=\"1657\">Ciclovias e corredores de \u00f4nibus<\/p>\n<\/li>\n<li class=\"\" data-start=\"1658\" data-end=\"1715\">\n<p class=\"\" data-start=\"1660\" data-end=\"1715\">Padarias, escolas, supermercados e academias pr\u00f3ximas<\/p>\n<\/li>\n<li class=\"\" data-start=\"1716\" data-end=\"1768\">\n<p class=\"\" data-start=\"1718\" data-end=\"1768\">Acesso f\u00e1cil \u00e0 Marginal Tiet\u00ea e grandes avenidas<\/p>\n<\/li>\n<\/ul>\n<hr class=\"\" data-start=\"1770\" data-end=\"1773\" \/>\n<h3 class=\"\" data-start=\"1775\" data-end=\"1833\">Tipologias e diferenciais do Origem Freguesia do \u00d3<\/h3>\n<p class=\"\" data-start=\"1835\" data-end=\"1963\">O empreendimento conta com <strong data-start=\"1862\" data-end=\"1895\">unidades de 2 e 3 dormit\u00f3rios<\/strong> com su\u00edte, varanda, cozinha integrada e op\u00e7\u00f5es com vaga de garagem.<\/p>\n<p class=\"\" data-start=\"1965\" data-end=\"1993\"><strong data-start=\"1965\" data-end=\"1993\">Diferenciais do projeto:<\/strong><\/p>\n<ul data-start=\"1994\" data-end=\"2391\">\n<li class=\"\" data-start=\"1994\" data-end=\"2041\">\n<p class=\"\" data-start=\"1996\" data-end=\"2041\"><strong data-start=\"1996\" data-end=\"2020\">Plantas inteligentes<\/strong> e bem distribu\u00eddas<\/p>\n<\/li>\n<li class=\"\" data-start=\"2042\" data-end=\"2092\">\n<p class=\"\" data-start=\"2044\" data-end=\"2092\"><strong data-start=\"2044\" data-end=\"2063\">Varanda gourmet<\/strong> com ponto de churrasqueira<\/p>\n<\/li>\n<li class=\"\" data-start=\"2093\" data-end=\"2186\">\n<p class=\"\" data-start=\"2095\" data-end=\"2186\"><strong data-start=\"2095\" data-end=\"2113\">Lazer completo<\/strong>: sal\u00e3o de festas, espa\u00e7o fitness, playground, biciclet\u00e1rio e pet place<\/p>\n<\/li>\n<li class=\"\" data-start=\"2187\" data-end=\"2305\">\n<p class=\"\" data-start=\"2189\" data-end=\"2305\"><strong data-start=\"2189\" data-end=\"2222\">Tecnologia e sustentabilidade<\/strong>: reuso de \u00e1guas pluviais, medi\u00e7\u00e3o individualizada e gest\u00e3o eficiente de res\u00edduos<\/p>\n<\/li>\n<li class=\"\" data-start=\"2306\" data-end=\"2391\">\n<p class=\"\" data-start=\"2308\" data-end=\"2391\"><strong data-start=\"2308\" data-end=\"2321\">Seguran\u00e7a<\/strong> com portaria remota, controle de acesso e circuito interno de c\u00e2meras<\/p>\n<\/li>\n<\/ul>\n<p><img decoding=\"async\" loading=\"lazy\" class=\"size-full wp-image-2417\" src=\"https:\/\/www.imovelp.com.br\/blog\/wp-content\/uploads\/2025\/05\/imagem_2025-05-13_100130422.png\" alt=\"Piscina - Origem Freguesia do \u00d3\" width=\"821\" height=\"598\" srcset=\"https:\/\/www.imovelp.com.br\/blog\/wp-content\/uploads\/2025\/05\/imagem_2025-05-13_100130422.png 821w, https:\/\/www.imovelp.com.br\/blog\/wp-content\/uploads\/2025\/05\/imagem_2025-05-13_100130422-300x219.png 300w, https:\/\/www.imovelp.com.br\/blog\/wp-content\/uploads\/2025\/05\/imagem_2025-05-13_100130422-768x559.png 768w\" sizes=\"(max-width: 821px) 100vw, 821px\" \/><\/p>\n<p>Piscina &#8211; Origem Freguesia do \u00d3<\/p>\n<hr class=\"\" data-start=\"2393\" data-end=\"2396\" \/>\n<h3 class=\"\" data-start=\"2398\" data-end=\"2441\">Sustentabilidade que gera valor real<\/h3>\n<p class=\"\" data-start=\"2443\" data-end=\"2555\">Um dos grandes diferenciais da Tarjab \u00e9 seu <strong data-start=\"2487\" data-end=\"2522\">compromisso com o meio ambiente<\/strong>. O Origem \u00e9 mais um projeto com:<\/p>\n<ul data-start=\"2557\" data-end=\"2705\">\n<li class=\"\" data-start=\"2557\" data-end=\"2604\">\n<p class=\"\" data-start=\"2559\" data-end=\"2604\">Certifica\u00e7\u00e3o Aqua de Constru\u00e7\u00e3o Sustent\u00e1vel<\/p>\n<\/li>\n<li class=\"\" data-start=\"2605\" data-end=\"2653\">\n<p class=\"\" data-start=\"2607\" data-end=\"2653\">Sistemas inteligentes de economia de energia<\/p>\n<\/li>\n<li class=\"\" data-start=\"2654\" data-end=\"2705\">\n<p class=\"\" data-start=\"2656\" data-end=\"2705\">Infraestrutura para recarga de carros el\u00e9tricos<\/p>\n<\/li>\n<\/ul>\n<p class=\"\" data-start=\"2707\" data-end=\"2783\">Tudo isso agrega <strong data-start=\"2724\" data-end=\"2749\">valoriza\u00e7\u00e3o ao im\u00f3vel<\/strong> e redu\u00e7\u00e3o de custos no dia a dia.<\/p>\n<hr class=\"\" data-start=\"2785\" data-end=\"2788\" \/>\n<h3 class=\"\" data-start=\"2790\" data-end=\"2822\">Um excelente investimento<\/h3>\n<p class=\"\" data-start=\"2824\" data-end=\"3069\">Com previs\u00e3o de valoriza\u00e7\u00e3o da regi\u00e3o, infraestrutura moderna e um projeto bem posicionado, o <strong data-start=\"2918\" data-end=\"2943\">Origem Freguesia do \u00d3<\/strong> \u00e9 ideal tanto para quem deseja <strong data-start=\"2975\" data-end=\"2988\">morar bem<\/strong> quanto para <strong data-start=\"3001\" data-end=\"3023\">quem busca retorno<\/strong> a m\u00e9dio e longo prazo no mercado imobili\u00e1rio.<\/p>\n<hr class=\"\" data-start=\"3071\" data-end=\"3074\" \/>\n<h3 class=\"\" data-start=\"3076\" data-end=\"3128\">Encontre este e outros lan\u00e7amentos na Im\u00f3velp<\/h3>\n<p class=\"\" data-start=\"3130\" data-end=\"3377\">Na <a href=\"https:\/\/www.imovelp.com.br\/#lancamento\"><strong data-start=\"3133\" data-end=\"3144\">Im\u00f3velp<\/strong><\/a>, voc\u00ea encontra o <strong data-start=\"3162\" data-end=\"3187\">Origem Freguesia do \u00d3<\/strong> com todas as informa\u00e7\u00f5es atualizadas, <strong data-start=\"3226\" data-end=\"3249\">plantas interativas<\/strong>, <strong data-start=\"3251\" data-end=\"3283\">simuladores de financiamento<\/strong> e o apoio de um <strong data-start=\"3300\" data-end=\"3321\">corretor parceiro<\/strong> pronto para te acompanhar em todo o processo de compra.<\/p>\n<p class=\"\" data-start=\"3379\" data-end=\"3517\">\u2705 Atendimento r\u00e1pido via WhatsApp<br data-start=\"3412\" data-end=\"3415\" \/>\u2705 Visitas agendadas com conforto e seguran\u00e7a<br data-start=\"3459\" data-end=\"3462\" \/>\u2705 Apoio completo na documenta\u00e7\u00e3o e aprova\u00e7\u00e3o de cr\u00e9dito<\/p>\n<p class=\"\" data-start=\"3519\" data-end=\"3703\">? <a class=\"\" href=\"https:\/\/www.imovelp.com.br\/corretor\/imovel\/0b19-origem-freguesia-do-o-apartamento-sao-paulo-freguesia-do-o-avenida-elisio-teixeira-leite\" target=\"_new\" rel=\"noopener\" data-start=\"3522\" data-end=\"3703\">Acesse o Origem Freguesia do \u00d3 na Im\u00f3velp<\/a><\/p>\n","protected":false},"excerpt":{"rendered":"<p>O Origem Freguesia do \u00d3, empreendimento da Tarjab, \u00e9 mais do que um lan\u00e7amento imobili\u00e1rio: \u00e9 um convite para viver com qualidade, praticidade e prop\u00f3sito em uma das regi\u00f5es mais&hellip; <\/p>\n","protected":false},"author":2,"featured_media":2417,"comment_status":"open","ping_status":"open","sticky":false,"template":"","format":"standard","meta":{"footnotes":""},"categories":[6,5],"tags":[303,300,302,170,18,301,304,299,107,292],"yoast_head":"<!-- This site is optimized with the Yoast SEO plugin v21.5 - https:\/\/yoast.com\/wordpress\/plugins\/seo\/ -->\n<title>Origem Freguesia do \u00d3: Lan\u00e7amento da Tarjab em SP<\/title>\n<meta name=\"description\" content=\"Conhe\u00e7a o Origem Freguesia do \u00d3 da Tarjab: apartamentos de 2 e 3 dorms, lazer completo e localiza\u00e7\u00e3o valorizada. Dispon\u00edvel na Im\u00f3velp!\" \/>\n<meta name=\"robots\" content=\"index, follow, max-snippet:-1, max-image-preview:large, max-video-preview:-1\" \/>\n<link rel=\"canonical\" href=\"https:\/\/www.imovelp.com.br\/blog\/origem-freguesia-do-o-tarjab\/\" \/>\n<meta property=\"og:locale\" content=\"en_US\" \/>\n<meta property=\"og:type\" content=\"article\" \/>\n<meta property=\"og:title\" content=\"Origem Freguesia do \u00d3: Lan\u00e7amento da Tarjab em SP\" \/>\n<meta property=\"og:description\" content=\"Conhe\u00e7a o Origem Freguesia do \u00d3 da Tarjab: apartamentos de 2 e 3 dorms, lazer completo e localiza\u00e7\u00e3o valorizada. Dispon\u00edvel na Im\u00f3velp!\" \/>\n<meta property=\"og:url\" content=\"https:\/\/www.imovelp.com.br\/blog\/origem-freguesia-do-o-tarjab\/\" \/>\n<meta property=\"og:site_name\" content=\"Jornal Im\u00f3velp\" \/>\n<meta property=\"article:published_time\" content=\"2025-05-13T13:02:44+00:00\" \/>\n<meta property=\"article:modified_time\" content=\"2025-05-13T13:06:36+00:00\" \/>\n<meta property=\"og:image\" content=\"https:\/\/www.imovelp.com.br\/blog\/wp-content\/uploads\/2025\/05\/imagem_2025-05-13_100130422.png\" \/>\n\t<meta property=\"og:image:width\" content=\"821\" \/>\n\t<meta property=\"og:image:height\" content=\"598\" \/>\n\t<meta property=\"og:image:type\" content=\"image\/png\" \/>\n<meta name=\"author\" content=\"Marcos Monteiro\" \/>\n<meta name=\"twitter:card\" content=\"summary_large_image\" \/>\n<meta name=\"twitter:label1\" content=\"Written by\" \/>\n\t<meta name=\"twitter:data1\" content=\"Marcos Monteiro\" \/>\n\t<meta name=\"twitter:label2\" content=\"Est. reading time\" \/>\n\t<meta name=\"twitter:data2\" content=\"3 minutes\" \/>\n<script type=\"application\/ld+json\" class=\"yoast-schema-graph\">{\"@context\":\"https:\/\/schema.org\",\"@graph\":[{\"@type\":\"WebPage\",\"@id\":\"https:\/\/www.imovelp.com.br\/blog\/origem-freguesia-do-o-tarjab\/\",\"url\":\"https:\/\/www.imovelp.com.br\/blog\/origem-freguesia-do-o-tarjab\/\",\"name\":\"Origem Freguesia do \u00d3: Lan\u00e7amento da Tarjab em SP\",\"isPartOf\":{\"@id\":\"https:\/\/www.imovelp.com.br\/blog\/#website\"},\"datePublished\":\"2025-05-13T13:02:44+00:00\",\"dateModified\":\"2025-05-13T13:06:36+00:00\",\"author\":{\"@id\":\"https:\/\/www.imovelp.com.br\/blog\/#\/schema\/person\/8fb1cc29840aba4154ec6a52e70be40a\"},\"description\":\"Conhe\u00e7a o Origem Freguesia do \u00d3 da Tarjab: apartamentos de 2 e 3 dorms, lazer completo e localiza\u00e7\u00e3o valorizada. Dispon\u00edvel na Im\u00f3velp!\",\"breadcrumb\":{\"@id\":\"https:\/\/www.imovelp.com.br\/blog\/origem-freguesia-do-o-tarjab\/#breadcrumb\"},\"inLanguage\":\"en-US\",\"potentialAction\":[{\"@type\":\"ReadAction\",\"target\":[\"https:\/\/www.imovelp.com.br\/blog\/origem-freguesia-do-o-tarjab\/\"]}]},{\"@type\":\"BreadcrumbList\",\"@id\":\"https:\/\/www.imovelp.com.br\/blog\/origem-freguesia-do-o-tarjab\/#breadcrumb\",\"itemListElement\":[{\"@type\":\"ListItem\",\"position\":1,\"name\":\"Home\",\"item\":\"https:\/\/www.imovelp.com.br\/blog\/\"},{\"@type\":\"ListItem\",\"position\":2,\"name\":\"Origem Freguesia do \u00d3 \u2013 Viva a Transforma\u00e7\u00e3o de um dos Bairros Mais Tradicionais de S\u00e3o Paulo\"}]},{\"@type\":\"WebSite\",\"@id\":\"https:\/\/www.imovelp.com.br\/blog\/#website\",\"url\":\"https:\/\/www.imovelp.com.br\/blog\/\",\"name\":\"Jornal Im\u00f3velp\",\"description\":\"Portal de Not\u00edcias do Corretor de Im\u00f3veis\",\"potentialAction\":[{\"@type\":\"SearchAction\",\"target\":{\"@type\":\"EntryPoint\",\"urlTemplate\":\"https:\/\/www.imovelp.com.br\/blog\/?s={search_term_string}\"},\"query-input\":\"required name=search_term_string\"}],\"inLanguage\":\"en-US\"},{\"@type\":\"Person\",\"@id\":\"https:\/\/www.imovelp.com.br\/blog\/#\/schema\/person\/8fb1cc29840aba4154ec6a52e70be40a\",\"name\":\"Marcos Monteiro\",\"image\":{\"@type\":\"ImageObject\",\"inLanguage\":\"en-US\",\"@id\":\"https:\/\/www.imovelp.com.br\/blog\/#\/schema\/person\/image\/\",\"url\":\"https:\/\/secure.gravatar.com\/avatar\/da25bf23c2e75965766176dcd3fc7564?s=96&d=mm&r=g\",\"contentUrl\":\"https:\/\/secure.gravatar.com\/avatar\/da25bf23c2e75965766176dcd3fc7564?s=96&d=mm&r=g\",\"caption\":\"Marcos Monteiro\"},\"url\":\"https:\/\/www.imovelp.com.br\/blog\/author\/redacao-imovelp\/\"}]}<\/script>\n<!-- \/ Yoast SEO plugin. -->","yoast_head_json":{"title":"Origem Freguesia do \u00d3: Lan\u00e7amento da Tarjab em SP","description":"Conhe\u00e7a o Origem Freguesia do \u00d3 da Tarjab: apartamentos de 2 e 3 dorms, lazer completo e localiza\u00e7\u00e3o valorizada. Dispon\u00edvel na Im\u00f3velp!","robots":{"index":"index","follow":"follow","max-snippet":"max-snippet:-1","max-image-preview":"max-image-preview:large","max-video-preview":"max-video-preview:-1"},"canonical":"https:\/\/www.imovelp.com.br\/blog\/origem-freguesia-do-o-tarjab\/","og_locale":"en_US","og_type":"article","og_title":"Origem Freguesia do \u00d3: Lan\u00e7amento da Tarjab em SP","og_description":"Conhe\u00e7a o Origem Freguesia do \u00d3 da Tarjab: apartamentos de 2 e 3 dorms, lazer completo e localiza\u00e7\u00e3o valorizada. Dispon\u00edvel na Im\u00f3velp!","og_url":"https:\/\/www.imovelp.com.br\/blog\/origem-freguesia-do-o-tarjab\/","og_site_name":"Jornal Im\u00f3velp","article_published_time":"2025-05-13T13:02:44+00:00","article_modified_time":"2025-05-13T13:06:36+00:00","og_image":[{"width":821,"height":598,"url":"https:\/\/www.imovelp.com.br\/blog\/wp-content\/uploads\/2025\/05\/imagem_2025-05-13_100130422.png","type":"image\/png"}],"author":"Marcos Monteiro","twitter_card":"summary_large_image","twitter_misc":{"Written by":"Marcos Monteiro","Est. reading time":"3 minutes"},"schema":{"@context":"https:\/\/schema.org","@graph":[{"@type":"WebPage","@id":"https:\/\/www.imovelp.com.br\/blog\/origem-freguesia-do-o-tarjab\/","url":"https:\/\/www.imovelp.com.br\/blog\/origem-freguesia-do-o-tarjab\/","name":"Origem Freguesia do \u00d3: Lan\u00e7amento da Tarjab em SP","isPartOf":{"@id":"https:\/\/www.imovelp.com.br\/blog\/#website"},"datePublished":"2025-05-13T13:02:44+00:00","dateModified":"2025-05-13T13:06:36+00:00","author":{"@id":"https:\/\/www.imovelp.com.br\/blog\/#\/schema\/person\/8fb1cc29840aba4154ec6a52e70be40a"},"description":"Conhe\u00e7a o Origem Freguesia do \u00d3 da Tarjab: apartamentos de 2 e 3 dorms, lazer completo e localiza\u00e7\u00e3o valorizada. Dispon\u00edvel na Im\u00f3velp!","breadcrumb":{"@id":"https:\/\/www.imovelp.com.br\/blog\/origem-freguesia-do-o-tarjab\/#breadcrumb"},"inLanguage":"en-US","potentialAction":[{"@type":"ReadAction","target":["https:\/\/www.imovelp.com.br\/blog\/origem-freguesia-do-o-tarjab\/"]}]},{"@type":"BreadcrumbList","@id":"https:\/\/www.imovelp.com.br\/blog\/origem-freguesia-do-o-tarjab\/#breadcrumb","itemListElement":[{"@type":"ListItem","position":1,"name":"Home","item":"https:\/\/www.imovelp.com.br\/blog\/"},{"@type":"ListItem","position":2,"name":"Origem Freguesia do \u00d3 \u2013 Viva a Transforma\u00e7\u00e3o de um dos Bairros Mais Tradicionais de S\u00e3o Paulo"}]},{"@type":"WebSite","@id":"https:\/\/www.imovelp.com.br\/blog\/#website","url":"https:\/\/www.imovelp.com.br\/blog\/","name":"Jornal Im\u00f3velp","description":"Portal de Not\u00edcias do Corretor de Im\u00f3veis","potentialAction":[{"@type":"SearchAction","target":{"@type":"EntryPoint","urlTemplate":"https:\/\/www.imovelp.com.br\/blog\/?s={search_term_string}"},"query-input":"required name=search_term_string"}],"inLanguage":"en-US"},{"@type":"Person","@id":"https:\/\/www.imovelp.com.br\/blog\/#\/schema\/person\/8fb1cc29840aba4154ec6a52e70be40a","name":"Marcos Monteiro","image":{"@type":"ImageObject","inLanguage":"en-US","@id":"https:\/\/www.imovelp.com.br\/blog\/#\/schema\/person\/image\/","url":"https:\/\/secure.gravatar.com\/avatar\/da25bf23c2e75965766176dcd3fc7564?s=96&d=mm&r=g","contentUrl":"https:\/\/secure.gravatar.com\/avatar\/da25bf23c2e75965766176dcd3fc7564?s=96&d=mm&r=g","caption":"Marcos Monteiro"},"url":"https:\/\/www.imovelp.com.br\/blog\/author\/redacao-imovelp\/"}]}},"_links":{"self":[{"href":"https:\/\/www.imovelp.com.br\/blog\/wp-json\/wp\/v2\/posts\/2415"}],"collection":[{"href":"https:\/\/www.imovelp.com.br\/blog\/wp-json\/wp\/v2\/posts"}],"about":[{"href":"https:\/\/www.imovelp.com.br\/blog\/wp-json\/wp\/v2\/types\/post"}],"author":[{"embeddable":true,"href":"https:\/\/www.imovelp.com.br\/blog\/wp-json\/wp\/v2\/users\/2"}],"replies":[{"embeddable":true,"href":"https:\/\/www.imovelp.com.br\/blog\/wp-json\/wp\/v2\/comments?post=2415"}],"version-history":[{"count":1,"href":"https:\/\/www.imovelp.com.br\/blog\/wp-json\/wp\/v2\/posts\/2415\/revisions"}],"predecessor-version":[{"id":2418,"href":"https:\/\/www.imovelp.com.br\/blog\/wp-json\/wp\/v2\/posts\/2415\/revisions\/2418"}],"wp:featuredmedia":[{"embeddable":true,"href":"https:\/\/www.imovelp.com.br\/blog\/wp-json\/wp\/v2\/media\/2417"}],"wp:attachment":[{"href":"https:\/\/www.imovelp.com.br\/blog\/wp-json\/wp\/v2\/media?parent=2415"}],"wp:term":[{"taxonomy":"category","embeddable":true,"href":"https:\/\/www.imovelp.com.br\/blog\/wp-json\/wp\/v2\/categories?post=2415"},{"taxonomy":"post_tag","embeddable":true,"href":"https:\/\/www.imovelp.com.br\/blog\/wp-json\/wp\/v2\/tags?post=2415"}],"curies":[{"name":"wp","href":"https:\/\/api.w.org\/{rel}","templated":true}]}}