{"id":2352,"date":"2024-12-26T19:32:27","date_gmt":"2024-12-26T22:32:27","guid":{"rendered":"https:\/\/www.imovelp.com.br\/blog\/?p=2352"},"modified":"2024-12-26T19:32:27","modified_gmt":"2024-12-26T22:32:27","slug":"mercado-imobiliario-rio-de-janeiro-2024","status":"publish","type":"post","link":"https:\/\/www.imovelp.com.br\/blog\/mercado-imobiliario-rio-de-janeiro-2024\/","title":{"rendered":"Com Centro em Alta, Mercado Imobili\u00e1rio do Rio de Janeiro Registra Ano Aquecido em 2024"},"content":{"rendered":"<p>Lan\u00e7amentos e vendas batem recordes; Leblon lidera valoriza\u00e7\u00e3o, e o Centro desponta como nova oportunidade de investimento.<\/p>\n<hr \/>\n<figure id=\"attachment_2353\" aria-describedby=\"caption-attachment-2353\" style=\"width: 696px\" class=\"wp-caption aligncenter\"><img decoding=\"async\" loading=\"lazy\" class=\"wp-image-2353 size-full\" src=\"https:\/\/www.imovelp.com.br\/blog\/wp-content\/uploads\/2024\/12\/Centro_Rio_de_Janeiro_Mosaic__3_-696x464-1.webp\" alt=\"Imagem meramente ilustrativa de parte da regi\u00e3o central do Rio de Janeiro - Foto: Reprodu\u00e7\u00e3o\/Internet\" width=\"696\" height=\"464\" srcset=\"https:\/\/www.imovelp.com.br\/blog\/wp-content\/uploads\/2024\/12\/Centro_Rio_de_Janeiro_Mosaic__3_-696x464-1.webp 696w, https:\/\/www.imovelp.com.br\/blog\/wp-content\/uploads\/2024\/12\/Centro_Rio_de_Janeiro_Mosaic__3_-696x464-1-300x200.webp 300w\" sizes=\"(max-width: 696px) 100vw, 696px\" \/><figcaption id=\"caption-attachment-2353\" class=\"wp-caption-text\">Imagem meramente ilustrativa de parte da regi\u00e3o central do Rio de Janeiro &#8211; Foto: Reprodu\u00e7\u00e3o\/Internet<\/figcaption><\/figure>\n<h4><strong>Mercado Imobili\u00e1rio do Rio em Expans\u00e3o com Lan\u00e7amentos e Vendas Recordes<\/strong><\/h4>\n<p>O mercado imobili\u00e1rio do Rio de Janeiro alcan\u00e7ou n\u00fameros impressionantes em 2024, com quase 24 mil unidades lan\u00e7adas e mais de 12 mil vendidas, segundo dados do Secovi Rio. Al\u00e9m disso, bairros como Leblon, Ipanema e Lagoa continuam liderando a valoriza\u00e7\u00e3o, enquanto o Centro se consolida como uma op\u00e7\u00e3o estrat\u00e9gica para investimentos devido \u00e0 revitaliza\u00e7\u00e3o urbana.<\/p>\n<hr \/>\n<h3><strong>Desempenho do Mercado Imobili\u00e1rio em 2024<\/strong><\/h3>\n<h4><strong>Lan\u00e7amentos: Quase 24 Mil Novas Unidades<\/strong><\/h4>\n<p>Em 2024, a cidade do Rio de Janeiro registrou o lan\u00e7amento de 23.513 unidades imobili\u00e1rias, movimentando cerca de R$ 15 bilh\u00f5es. Os im\u00f3veis variaram entre 1 e 4 quartos, atendendo diferentes p\u00fablicos e demandas.<\/p>\n<h4><strong>Vendas Atingem Recorde de 12 Mil Unidades<\/strong><\/h4>\n<p>Com 12.430 im\u00f3veis vendidos, o mercado alcan\u00e7ou o melhor desempenho dos \u00faltimos 10 anos. A busca por im\u00f3veis de m\u00e9dio e alto padr\u00e3o foi o principal motor desse crescimento, refletindo o interesse em propriedades que oferecem conforto e exclusividade.<\/p>\n<hr \/>\n<h3><strong>Valoriza\u00e7\u00e3o do Metro Quadrado em Bairros Estrat\u00e9gicos<\/strong><\/h3>\n<h4><strong>Leblon, Ipanema e Lagoa Lideram a Valoriza\u00e7\u00e3o<\/strong><\/h4>\n<p>Os bairros mais tradicionais da Zona Sul continuam no topo da lista dos mais valorizados. O pre\u00e7o m\u00e9dio do metro quadrado no Leblon chegou a R$ 23.907, seguido por Ipanema (R$ 22.750) e Lagoa (R$ 16.397). Esses valores refor\u00e7am o prest\u00edgio e a atratividade da regi\u00e3o.<\/p>\n<h4><strong>Centro do Rio: Oportunidade de Ouro<\/strong><\/h4>\n<p>O Centro do Rio registrou um valor m\u00e9dio de R$ 7.086 por metro quadrado, ocupando a 4\u00aa posi\u00e7\u00e3o entre os bairros mais valorizados. Al\u00e9m disso, a regi\u00e3o tem uma das melhores rentabilidades para loca\u00e7\u00e3o, atraindo investidores interessados em retornos s\u00f3lidos.<\/p>\n<hr \/>\n<h3><strong>Fatores que Impulsionaram o Centro<\/strong><\/h3>\n<h4><strong>Revitaliza\u00e7\u00e3o Urbana e Cultural<\/strong><\/h4>\n<p>Projetos como Porto Maravilha e Reviver Centro transformaram a regi\u00e3o, trazendo novos empreendimentos residenciais e comerciais. Al\u00e9m disso, a reocupa\u00e7\u00e3o de lojas e sobrados hist\u00f3ricos, somada \u00e0 revitaliza\u00e7\u00e3o de polos culturais e gastron\u00f4micos, atraiu moradores e turistas.<\/p>\n<h4><strong>Eventos e Atra\u00e7\u00f5es<\/strong><\/h4>\n<p>O Polo Gastron\u00f4mico da Pra\u00e7a XV, a &#8220;Pequena Lisboa&#8221; e \u00e1reas como a Pra\u00e7a Mau\u00e1 e o Largo de S\u00e3o Francisco da Prainha se tornaram pontos de destaque, incrementando a vida cultural do Centro.<\/p>\n<hr \/>\n<h3><strong>Loca\u00e7\u00e3o Residencial em Alta<\/strong><\/h3>\n<p>A alta demanda por im\u00f3veis para alugar tamb\u00e9m se destacou em 2024. O pre\u00e7o m\u00e9dio do metro quadrado para loca\u00e7\u00e3o atingiu R$ 46,97, um aumento de 21,81% em rela\u00e7\u00e3o a 2023. A combina\u00e7\u00e3o de baixa oferta e grande procura foi determinante para esse crescimento.<\/p>\n<hr \/>\n<h3><strong>Impactos Econ\u00f4micos no Setor<\/strong><\/h3>\n<h4><strong>Efeitos da Alta da Selic<\/strong><\/h4>\n<p>O aumento da taxa b\u00e1sica de juros impactou o cr\u00e9dito imobili\u00e1rio, reduzindo as possibilidades de financiamento. No entanto, essa situa\u00e7\u00e3o abriu espa\u00e7o para negocia\u00e7\u00f5es mais vantajosas entre compradores e vendedores.<\/p>\n<h4><strong>Desafios para Construtores<\/strong><\/h4>\n<p>Com custos de financiamento mais altos, novos projetos enfrentam maior dificuldade para sair do papel. Isso pode limitar a oferta, mas tamb\u00e9m gera oportunidades para quem deseja investir em im\u00f3veis j\u00e1 existentes.<\/p>\n<hr \/>\n<h3><strong>Oportunidades para Compradores<\/strong><\/h3>\n<p>Mesmo com os desafios, o momento \u00e9 oportuno para adquirir im\u00f3veis. A possibilidade de portabilidade de financiamento no futuro permite que compradores aproveitem as condi\u00e7\u00f5es atuais e ajustem suas taxas de juros quando o mercado se estabilizar.<\/p>\n<hr \/>\n<h3><strong>Perspectivas para o Mercado Imobili\u00e1rio Carioca<\/strong><\/h3>\n<p>Com a expectativa de redu\u00e7\u00e3o da Selic em 2025, o mercado pode ganhar ainda mais f\u00f4lego. A valoriza\u00e7\u00e3o de regi\u00f5es como o Centro e a Zona Sul, aliada a novos projetos, promete atrair investidores e movimentar ainda mais o setor.<\/p>\n<p>&nbsp;<\/p>\n<p>Fonte: <a href=\"https:\/\/diariodorio.com\/rio-tem-2024-aquecido-em-relacao-a-vendas-de-imoveis-centro-em-alta\/\">Di\u00e1rio do Rio<\/a><\/p>\n","protected":false},"excerpt":{"rendered":"<p>Lan\u00e7amentos e vendas batem recordes; Leblon lidera valoriza\u00e7\u00e3o, e o Centro desponta como nova oportunidade de investimento. Mercado Imobili\u00e1rio do Rio em Expans\u00e3o com Lan\u00e7amentos e Vendas Recordes O mercado&hellip; <\/p>\n","protected":false},"author":2,"featured_media":2353,"comment_status":"open","ping_status":"open","sticky":false,"template":"","format":"standard","meta":{"footnotes":""},"categories":[5,7],"tags":[212,210,150,211,214,13,184,213,119,122],"yoast_head":"<!-- This site is optimized with the Yoast SEO plugin v21.5 - https:\/\/yoast.com\/wordpress\/plugins\/seo\/ -->\n<title>Mercado Imobili\u00e1rio do Rio de Janeiro em 2024<\/title>\n<meta name=\"description\" content=\"O Rio de Janeiro teve um ano recorde com quase 24 mil lan\u00e7amentos, valoriza\u00e7\u00e3o em bairros de luxo e novas oportunidades no Centro.\" \/>\n<meta name=\"robots\" content=\"index, follow, max-snippet:-1, max-image-preview:large, max-video-preview:-1\" \/>\n<link rel=\"canonical\" href=\"https:\/\/www.imovelp.com.br\/blog\/mercado-imobiliario-rio-de-janeiro-2024\/\" \/>\n<meta property=\"og:locale\" content=\"en_US\" \/>\n<meta property=\"og:type\" content=\"article\" \/>\n<meta property=\"og:title\" content=\"Mercado Imobili\u00e1rio do Rio de Janeiro em 2024\" \/>\n<meta property=\"og:description\" content=\"O Rio de Janeiro teve um ano recorde com quase 24 mil lan\u00e7amentos, valoriza\u00e7\u00e3o em bairros de luxo e novas oportunidades no Centro.\" \/>\n<meta property=\"og:url\" content=\"https:\/\/www.imovelp.com.br\/blog\/mercado-imobiliario-rio-de-janeiro-2024\/\" \/>\n<meta property=\"og:site_name\" content=\"Jornal Im\u00f3velp\" \/>\n<meta property=\"article:published_time\" content=\"2024-12-26T22:32:27+00:00\" \/>\n<meta property=\"og:image\" content=\"https:\/\/www.imovelp.com.br\/blog\/wp-content\/uploads\/2024\/12\/Centro_Rio_de_Janeiro_Mosaic__3_-696x464-1.webp\" \/>\n\t<meta property=\"og:image:width\" content=\"696\" \/>\n\t<meta property=\"og:image:height\" content=\"464\" \/>\n\t<meta property=\"og:image:type\" content=\"image\/webp\" \/>\n<meta name=\"author\" content=\"Marcos Monteiro\" \/>\n<meta name=\"twitter:card\" content=\"summary_large_image\" \/>\n<meta name=\"twitter:label1\" content=\"Written by\" \/>\n\t<meta name=\"twitter:data1\" content=\"Marcos Monteiro\" \/>\n\t<meta name=\"twitter:label2\" content=\"Est. reading time\" \/>\n\t<meta name=\"twitter:data2\" content=\"3 minutes\" \/>\n<script type=\"application\/ld+json\" class=\"yoast-schema-graph\">{\"@context\":\"https:\/\/schema.org\",\"@graph\":[{\"@type\":\"WebPage\",\"@id\":\"https:\/\/www.imovelp.com.br\/blog\/mercado-imobiliario-rio-de-janeiro-2024\/\",\"url\":\"https:\/\/www.imovelp.com.br\/blog\/mercado-imobiliario-rio-de-janeiro-2024\/\",\"name\":\"Mercado Imobili\u00e1rio do Rio de Janeiro em 2024\",\"isPartOf\":{\"@id\":\"https:\/\/www.imovelp.com.br\/blog\/#website\"},\"datePublished\":\"2024-12-26T22:32:27+00:00\",\"dateModified\":\"2024-12-26T22:32:27+00:00\",\"author\":{\"@id\":\"https:\/\/www.imovelp.com.br\/blog\/#\/schema\/person\/8fb1cc29840aba4154ec6a52e70be40a\"},\"description\":\"O Rio de Janeiro teve um ano recorde com quase 24 mil lan\u00e7amentos, valoriza\u00e7\u00e3o em bairros de luxo e novas oportunidades no Centro.\",\"breadcrumb\":{\"@id\":\"https:\/\/www.imovelp.com.br\/blog\/mercado-imobiliario-rio-de-janeiro-2024\/#breadcrumb\"},\"inLanguage\":\"en-US\",\"potentialAction\":[{\"@type\":\"ReadAction\",\"target\":[\"https:\/\/www.imovelp.com.br\/blog\/mercado-imobiliario-rio-de-janeiro-2024\/\"]}]},{\"@type\":\"BreadcrumbList\",\"@id\":\"https:\/\/www.imovelp.com.br\/blog\/mercado-imobiliario-rio-de-janeiro-2024\/#breadcrumb\",\"itemListElement\":[{\"@type\":\"ListItem\",\"position\":1,\"name\":\"Home\",\"item\":\"https:\/\/www.imovelp.com.br\/blog\/\"},{\"@type\":\"ListItem\",\"position\":2,\"name\":\"Com Centro em Alta, Mercado Imobili\u00e1rio do Rio de Janeiro Registra Ano Aquecido em 2024\"}]},{\"@type\":\"WebSite\",\"@id\":\"https:\/\/www.imovelp.com.br\/blog\/#website\",\"url\":\"https:\/\/www.imovelp.com.br\/blog\/\",\"name\":\"Jornal Im\u00f3velp\",\"description\":\"Portal de Not\u00edcias do Corretor de Im\u00f3veis\",\"potentialAction\":[{\"@type\":\"SearchAction\",\"target\":{\"@type\":\"EntryPoint\",\"urlTemplate\":\"https:\/\/www.imovelp.com.br\/blog\/?s={search_term_string}\"},\"query-input\":\"required name=search_term_string\"}],\"inLanguage\":\"en-US\"},{\"@type\":\"Person\",\"@id\":\"https:\/\/www.imovelp.com.br\/blog\/#\/schema\/person\/8fb1cc29840aba4154ec6a52e70be40a\",\"name\":\"Marcos Monteiro\",\"image\":{\"@type\":\"ImageObject\",\"inLanguage\":\"en-US\",\"@id\":\"https:\/\/www.imovelp.com.br\/blog\/#\/schema\/person\/image\/\",\"url\":\"https:\/\/secure.gravatar.com\/avatar\/da25bf23c2e75965766176dcd3fc7564?s=96&d=mm&r=g\",\"contentUrl\":\"https:\/\/secure.gravatar.com\/avatar\/da25bf23c2e75965766176dcd3fc7564?s=96&d=mm&r=g\",\"caption\":\"Marcos Monteiro\"},\"url\":\"https:\/\/www.imovelp.com.br\/blog\/author\/redacao-imovelp\/\"}]}<\/script>\n<!-- \/ Yoast SEO plugin. -->","yoast_head_json":{"title":"Mercado Imobili\u00e1rio do Rio de Janeiro em 2024","description":"O Rio de Janeiro teve um ano recorde com quase 24 mil lan\u00e7amentos, valoriza\u00e7\u00e3o em bairros de luxo e novas oportunidades no Centro.","robots":{"index":"index","follow":"follow","max-snippet":"max-snippet:-1","max-image-preview":"max-image-preview:large","max-video-preview":"max-video-preview:-1"},"canonical":"https:\/\/www.imovelp.com.br\/blog\/mercado-imobiliario-rio-de-janeiro-2024\/","og_locale":"en_US","og_type":"article","og_title":"Mercado Imobili\u00e1rio do Rio de Janeiro em 2024","og_description":"O Rio de Janeiro teve um ano recorde com quase 24 mil lan\u00e7amentos, valoriza\u00e7\u00e3o em bairros de luxo e novas oportunidades no Centro.","og_url":"https:\/\/www.imovelp.com.br\/blog\/mercado-imobiliario-rio-de-janeiro-2024\/","og_site_name":"Jornal Im\u00f3velp","article_published_time":"2024-12-26T22:32:27+00:00","og_image":[{"width":696,"height":464,"url":"https:\/\/www.imovelp.com.br\/blog\/wp-content\/uploads\/2024\/12\/Centro_Rio_de_Janeiro_Mosaic__3_-696x464-1.webp","type":"image\/webp"}],"author":"Marcos Monteiro","twitter_card":"summary_large_image","twitter_misc":{"Written by":"Marcos Monteiro","Est. reading time":"3 minutes"},"schema":{"@context":"https:\/\/schema.org","@graph":[{"@type":"WebPage","@id":"https:\/\/www.imovelp.com.br\/blog\/mercado-imobiliario-rio-de-janeiro-2024\/","url":"https:\/\/www.imovelp.com.br\/blog\/mercado-imobiliario-rio-de-janeiro-2024\/","name":"Mercado Imobili\u00e1rio do Rio de Janeiro em 2024","isPartOf":{"@id":"https:\/\/www.imovelp.com.br\/blog\/#website"},"datePublished":"2024-12-26T22:32:27+00:00","dateModified":"2024-12-26T22:32:27+00:00","author":{"@id":"https:\/\/www.imovelp.com.br\/blog\/#\/schema\/person\/8fb1cc29840aba4154ec6a52e70be40a"},"description":"O Rio de Janeiro teve um ano recorde com quase 24 mil lan\u00e7amentos, valoriza\u00e7\u00e3o em bairros de luxo e novas oportunidades no Centro.","breadcrumb":{"@id":"https:\/\/www.imovelp.com.br\/blog\/mercado-imobiliario-rio-de-janeiro-2024\/#breadcrumb"},"inLanguage":"en-US","potentialAction":[{"@type":"ReadAction","target":["https:\/\/www.imovelp.com.br\/blog\/mercado-imobiliario-rio-de-janeiro-2024\/"]}]},{"@type":"BreadcrumbList","@id":"https:\/\/www.imovelp.com.br\/blog\/mercado-imobiliario-rio-de-janeiro-2024\/#breadcrumb","itemListElement":[{"@type":"ListItem","position":1,"name":"Home","item":"https:\/\/www.imovelp.com.br\/blog\/"},{"@type":"ListItem","position":2,"name":"Com Centro em Alta, Mercado Imobili\u00e1rio do Rio de Janeiro Registra Ano Aquecido em 2024"}]},{"@type":"WebSite","@id":"https:\/\/www.imovelp.com.br\/blog\/#website","url":"https:\/\/www.imovelp.com.br\/blog\/","name":"Jornal Im\u00f3velp","description":"Portal de Not\u00edcias do Corretor de Im\u00f3veis","potentialAction":[{"@type":"SearchAction","target":{"@type":"EntryPoint","urlTemplate":"https:\/\/www.imovelp.com.br\/blog\/?s={search_term_string}"},"query-input":"required name=search_term_string"}],"inLanguage":"en-US"},{"@type":"Person","@id":"https:\/\/www.imovelp.com.br\/blog\/#\/schema\/person\/8fb1cc29840aba4154ec6a52e70be40a","name":"Marcos Monteiro","image":{"@type":"ImageObject","inLanguage":"en-US","@id":"https:\/\/www.imovelp.com.br\/blog\/#\/schema\/person\/image\/","url":"https:\/\/secure.gravatar.com\/avatar\/da25bf23c2e75965766176dcd3fc7564?s=96&d=mm&r=g","contentUrl":"https:\/\/secure.gravatar.com\/avatar\/da25bf23c2e75965766176dcd3fc7564?s=96&d=mm&r=g","caption":"Marcos Monteiro"},"url":"https:\/\/www.imovelp.com.br\/blog\/author\/redacao-imovelp\/"}]}},"_links":{"self":[{"href":"https:\/\/www.imovelp.com.br\/blog\/wp-json\/wp\/v2\/posts\/2352"}],"collection":[{"href":"https:\/\/www.imovelp.com.br\/blog\/wp-json\/wp\/v2\/posts"}],"about":[{"href":"https:\/\/www.imovelp.com.br\/blog\/wp-json\/wp\/v2\/types\/post"}],"author":[{"embeddable":true,"href":"https:\/\/www.imovelp.com.br\/blog\/wp-json\/wp\/v2\/users\/2"}],"replies":[{"embeddable":true,"href":"https:\/\/www.imovelp.com.br\/blog\/wp-json\/wp\/v2\/comments?post=2352"}],"version-history":[{"count":2,"href":"https:\/\/www.imovelp.com.br\/blog\/wp-json\/wp\/v2\/posts\/2352\/revisions"}],"predecessor-version":[{"id":2355,"href":"https:\/\/www.imovelp.com.br\/blog\/wp-json\/wp\/v2\/posts\/2352\/revisions\/2355"}],"wp:featuredmedia":[{"embeddable":true,"href":"https:\/\/www.imovelp.com.br\/blog\/wp-json\/wp\/v2\/media\/2353"}],"wp:attachment":[{"href":"https:\/\/www.imovelp.com.br\/blog\/wp-json\/wp\/v2\/media?parent=2352"}],"wp:term":[{"taxonomy":"category","embeddable":true,"href":"https:\/\/www.imovelp.com.br\/blog\/wp-json\/wp\/v2\/categories?post=2352"},{"taxonomy":"post_tag","embeddable":true,"href":"https:\/\/www.imovelp.com.br\/blog\/wp-json\/wp\/v2\/tags?post=2352"}],"curies":[{"name":"wp","href":"https:\/\/api.w.org\/{rel}","templated":true}]}}