{"id":2317,"date":"2024-11-18T21:07:35","date_gmt":"2024-11-19T00:07:35","guid":{"rendered":"https:\/\/www.imovelp.com.br\/blog\/?p=2317"},"modified":"2024-11-18T22:33:37","modified_gmt":"2024-11-19T01:33:37","slug":"minha-casa-minha-vida-crescimento-mercado-imobiliario-2024","status":"publish","type":"post","link":"https:\/\/www.imovelp.com.br\/blog\/minha-casa-minha-vida-crescimento-mercado-imobiliario-2024\/","title":{"rendered":"Minha Casa, Minha Vida impulsiona crescimento do mercado imobili\u00e1rio em 2024"},"content":{"rendered":"\t\t<div data-elementor-type=\"wp-post\" data-elementor-id=\"2317\" class=\"elementor elementor-2317\">\n\t\t\t\t\t\t\t<div class=\"elementor-element elementor-element-58b163c e-flex e-con-boxed e-con e-parent\" data-id=\"58b163c\" data-element_type=\"container\" data-settings=\"{&quot;content_width&quot;:&quot;boxed&quot;}\" data-core-v316-plus=\"true\">\n\t\t\t\t\t<div class=\"e-con-inner\">\n\t\t\t\t<div class=\"elementor-element elementor-element-73e68cd elementor-widget elementor-widget-text-editor\" data-id=\"73e68cd\" data-element_type=\"widget\" data-widget_type=\"text-editor.default\">\n\t\t\t\t<div class=\"elementor-widget-container\">\n\t\t\t<style>\/*! elementor - v3.17.0 - 25-10-2023 *\/\n.elementor-widget-text-editor.elementor-drop-cap-view-stacked .elementor-drop-cap{background-color:#69727d;color:#fff}.elementor-widget-text-editor.elementor-drop-cap-view-framed .elementor-drop-cap{color:#69727d;border:3px solid;background-color:transparent}.elementor-widget-text-editor:not(.elementor-drop-cap-view-default) .elementor-drop-cap{margin-top:8px}.elementor-widget-text-editor:not(.elementor-drop-cap-view-default) .elementor-drop-cap-letter{width:1em;height:1em}.elementor-widget-text-editor .elementor-drop-cap{float:left;text-align:center;line-height:1;font-size:50px}.elementor-widget-text-editor .elementor-drop-cap-letter{display:inline-block}<\/style>\t\t\t\t<p>Programa habitacional lidera crescimento do setor, com recordes de lan\u00e7amentos e vendas no terceiro trimestre. Especialistas alertam para desafios fiscais que podem impactar 2025.<\/p>\t\t\t\t\t\t<\/div>\n\t\t\t\t<\/div>\n\t\t\t\t\t<\/div>\n\t\t\t\t<\/div>\n\t\t<div class=\"elementor-element elementor-element-a9dc5ea e-flex e-con-boxed e-con e-parent\" data-id=\"a9dc5ea\" data-element_type=\"container\" data-settings=\"{&quot;content_width&quot;:&quot;boxed&quot;}\" data-core-v316-plus=\"true\">\n\t\t\t\t\t<div class=\"e-con-inner\">\n\t\t\t\t<div class=\"elementor-element elementor-element-15cf2a7 elementor-widget elementor-widget-heading\" data-id=\"15cf2a7\" data-element_type=\"widget\" data-widget_type=\"heading.default\">\n\t\t\t\t<div class=\"elementor-widget-container\">\n\t\t\t<style>\/*! elementor - v3.17.0 - 25-10-2023 *\/\n.elementor-heading-title{padding:0;margin:0;line-height:1}.elementor-widget-heading .elementor-heading-title[class*=elementor-size-]>a{color:inherit;font-size:inherit;line-height:inherit}.elementor-widget-heading .elementor-heading-title.elementor-size-small{font-size:15px}.elementor-widget-heading .elementor-heading-title.elementor-size-medium{font-size:19px}.elementor-widget-heading .elementor-heading-title.elementor-size-large{font-size:29px}.elementor-widget-heading .elementor-heading-title.elementor-size-xl{font-size:39px}.elementor-widget-heading .elementor-heading-title.elementor-size-xxl{font-size:59px}<\/style><h2 class=\"elementor-heading-title elementor-size-medium\">Crescimento impulsionado pelo Minha Casa, Minha Vida atinge recordes hist\u00f3ricos no setor imobili\u00e1rio<\/h2>\t\t<\/div>\n\t\t\t\t<\/div>\n\t\t\t\t\t<\/div>\n\t\t\t\t<\/div>\n\t\t<div class=\"elementor-element elementor-element-903bca2 e-flex e-con-boxed e-con e-parent\" data-id=\"903bca2\" data-element_type=\"container\" data-settings=\"{&quot;content_width&quot;:&quot;boxed&quot;}\" data-core-v316-plus=\"true\">\n\t\t\t\t\t<div class=\"e-con-inner\">\n\t\t\t\t<div class=\"elementor-element elementor-element-30fd56a elementor-widget elementor-widget-text-editor\" data-id=\"30fd56a\" data-element_type=\"widget\" data-widget_type=\"text-editor.default\">\n\t\t\t\t<div class=\"elementor-widget-container\">\n\t\t\t\t\t\t\t<p>O programa Minha Casa, Minha Vida (MCMV) \u00e9 o principal motor do crescimento no mercado imobili\u00e1rio em 2024. Segundo dados divulgados pela CBIC (C\u00e2mara Brasileira da Ind\u00fastria da Constru\u00e7\u00e3o), os lan\u00e7amentos aumentaram 31,8% no terceiro trimestre deste ano, enquanto as vendas de im\u00f3veis dispararam 46,9% em compara\u00e7\u00e3o ao mesmo per\u00edodo de 2023.<\/p>\t\t\t\t\t\t<\/div>\n\t\t\t\t<\/div>\n\t\t\t\t\t<\/div>\n\t\t\t\t<\/div>\n\t\t<div class=\"elementor-element elementor-element-db86ed6 e-flex e-con-boxed e-con e-parent\" data-id=\"db86ed6\" data-element_type=\"container\" data-settings=\"{&quot;content_width&quot;:&quot;boxed&quot;}\" data-core-v316-plus=\"true\">\n\t\t\t\t\t<div class=\"e-con-inner\">\n\t\t\t\t<div class=\"elementor-element elementor-element-77f01c5 elementor-widget elementor-widget-text-editor\" data-id=\"77f01c5\" data-element_type=\"widget\" data-widget_type=\"text-editor.default\">\n\t\t\t\t<div class=\"elementor-widget-container\">\n\t\t\t\t\t\t\t<p>Com quase metade das unidades lan\u00e7adas pertencentes ao programa, o setor vive um ano considerado \u201cexcepcional\u201d, mas enfrenta incertezas para 2025 devido \u00e0 press\u00e3o por ajustes fiscais e custos elevados.<\/p>\t\t\t\t\t\t<\/div>\n\t\t\t\t<\/div>\n\t\t\t\t\t<\/div>\n\t\t\t\t<\/div>\n\t\t<div class=\"elementor-element elementor-element-493042d e-flex e-con-boxed e-con e-parent\" data-id=\"493042d\" data-element_type=\"container\" data-settings=\"{&quot;content_width&quot;:&quot;boxed&quot;}\" data-core-v316-plus=\"true\">\n\t\t\t\t\t<div class=\"e-con-inner\">\n\t\t\t\t<div class=\"elementor-element elementor-element-70f3cd9 elementor-widget elementor-widget-heading\" data-id=\"70f3cd9\" data-element_type=\"widget\" data-widget_type=\"heading.default\">\n\t\t\t\t<div class=\"elementor-widget-container\">\n\t\t\t<h2 class=\"elementor-heading-title elementor-size-medium\">A for\u00e7a do Minha Casa, Minha Vida em 2024<\/h2>\t\t<\/div>\n\t\t\t\t<\/div>\n\t\t\t\t\t<\/div>\n\t\t\t\t<\/div>\n\t\t<div class=\"elementor-element elementor-element-58318ac e-flex e-con-boxed e-con e-parent\" data-id=\"58318ac\" data-element_type=\"container\" data-settings=\"{&quot;content_width&quot;:&quot;boxed&quot;}\" data-core-v316-plus=\"true\">\n\t\t\t\t\t<div class=\"e-con-inner\">\n\t\t\t\t<div class=\"elementor-element elementor-element-f81e9f5 elementor-widget elementor-widget-text-editor\" data-id=\"f81e9f5\" data-element_type=\"widget\" data-widget_type=\"text-editor.default\">\n\t\t\t\t<div class=\"elementor-widget-container\">\n\t\t\t\t\t\t\t<p>Criado para democratizar o acesso \u00e0 moradia, o Minha Casa, Minha Vida \u00e9 um programa habitacional que oferece subs\u00eddios governamentais para fam\u00edlias de baixa renda. Em 2023, passou por ajustes que ampliaram sua abrang\u00eancia e refor\u00e7aram seu impacto no setor.<\/p>\t\t\t\t\t\t<\/div>\n\t\t\t\t<\/div>\n\t\t\t\t\t<\/div>\n\t\t\t\t<\/div>\n\t\t<div class=\"elementor-element elementor-element-6752bac e-flex e-con-boxed e-con e-parent\" data-id=\"6752bac\" data-element_type=\"container\" data-settings=\"{&quot;content_width&quot;:&quot;boxed&quot;}\" data-core-v316-plus=\"true\">\n\t\t\t\t\t<div class=\"e-con-inner\">\n\t\t\t\t<div class=\"elementor-element elementor-element-f377073 elementor-widget elementor-widget-text-editor\" data-id=\"f377073\" data-element_type=\"widget\" data-widget_type=\"text-editor.default\">\n\t\t\t\t<div class=\"elementor-widget-container\">\n\t\t\t\t\t\t\t<p>No terceiro trimestre de 2024, o programa representou 50% dos lan\u00e7amentos imobili\u00e1rios, com 47.525 unidades lan\u00e7adas. Al\u00e9m disso, o n\u00famero de im\u00f3veis vendidos sob o MCMV atingiu 46.142, um crescimento significativo frente ao mesmo per\u00edodo de 2023.<\/p>\t\t\t\t\t\t<\/div>\n\t\t\t\t<\/div>\n\t\t\t\t\t<\/div>\n\t\t\t\t<\/div>\n\t\t<div class=\"elementor-element elementor-element-7e5774a e-flex e-con-boxed e-con e-parent\" data-id=\"7e5774a\" data-element_type=\"container\" data-settings=\"{&quot;content_width&quot;:&quot;boxed&quot;}\" data-core-v316-plus=\"true\">\n\t\t\t\t\t<div class=\"e-con-inner\">\n\t\t\t\t<div class=\"elementor-element elementor-element-452736c elementor-widget elementor-widget-image\" data-id=\"452736c\" data-element_type=\"widget\" data-widget_type=\"image.default\">\n\t\t\t\t<div class=\"elementor-widget-container\">\n\t\t\t<style>\/*! elementor - v3.17.0 - 25-10-2023 *\/\n.elementor-widget-image{text-align:center}.elementor-widget-image a{display:inline-block}.elementor-widget-image a img[src$=\".svg\"]{width:48px}.elementor-widget-image img{vertical-align:middle;display:inline-block}<\/style>\t\t\t\t\t\t\t\t\t\t\t\t<img decoding=\"async\" loading=\"lazy\" width=\"1024\" height=\"683\" src=\"https:\/\/www.imovelp.com.br\/blog\/wp-content\/uploads\/2024\/11\/170872448565d911050df24_1708724485_3x2_lg.jpg\" class=\"attachment-large size-large wp-image-2319\" alt=\". Minha Casa, Minha Vida aquece mercado imobili\u00e1rio com mais da metade dos lan\u00e7amentos do terceiro trimestre de 2024\" srcset=\"https:\/\/www.imovelp.com.br\/blog\/wp-content\/uploads\/2024\/11\/170872448565d911050df24_1708724485_3x2_lg.jpg 1024w, https:\/\/www.imovelp.com.br\/blog\/wp-content\/uploads\/2024\/11\/170872448565d911050df24_1708724485_3x2_lg-300x200.jpg 300w, https:\/\/www.imovelp.com.br\/blog\/wp-content\/uploads\/2024\/11\/170872448565d911050df24_1708724485_3x2_lg-768x512.jpg 768w\" sizes=\"(max-width: 1024px) 100vw, 1024px\" \/>\t\t\t\t\t\t\t\t\t\t\t\t\t\t\t<\/div>\n\t\t\t\t<\/div>\n\t\t\t\t\t<\/div>\n\t\t\t\t<\/div>\n\t\t<div class=\"elementor-element elementor-element-2dd9211 e-flex e-con-boxed e-con e-parent\" data-id=\"2dd9211\" data-element_type=\"container\" data-settings=\"{&quot;content_width&quot;:&quot;boxed&quot;}\" data-core-v316-plus=\"true\">\n\t\t\t\t\t<div class=\"e-con-inner\">\n\t\t\t\t<div class=\"elementor-element elementor-element-4d3306e elementor-widget elementor-widget-heading\" data-id=\"4d3306e\" data-element_type=\"widget\" data-widget_type=\"heading.default\">\n\t\t\t\t<div class=\"elementor-widget-container\">\n\t\t\t<h2 class=\"elementor-heading-title elementor-size-medium\">Destaque para o segmento de habita\u00e7\u00e3o econ\u00f4mica<\/h2>\t\t<\/div>\n\t\t\t\t<\/div>\n\t\t\t\t\t<\/div>\n\t\t\t\t<\/div>\n\t\t<div class=\"elementor-element elementor-element-bdb08f1 e-flex e-con-boxed e-con e-parent\" data-id=\"bdb08f1\" data-element_type=\"container\" data-settings=\"{&quot;content_width&quot;:&quot;boxed&quot;}\" data-core-v316-plus=\"true\">\n\t\t\t\t\t<div class=\"e-con-inner\">\n\t\t\t\t<div class=\"elementor-element elementor-element-ff6b81a elementor-widget elementor-widget-text-editor\" data-id=\"ff6b81a\" data-element_type=\"widget\" data-widget_type=\"text-editor.default\">\n\t\t\t\t<div class=\"elementor-widget-container\">\n\t\t\t\t\t\t\t<p>O segmento residencial econ\u00f4mico, puxado pelo Minha Casa, Minha Vida, mostrou crescimento expressivo. Segundo a pesquisa Abrainc-Deloitte, houve alta de 10,1% na procura e 9,2% nas vendas de im\u00f3veis dessa categoria em compara\u00e7\u00e3o ao trimestre anterior.<\/p>\t\t\t\t\t\t<\/div>\n\t\t\t\t<\/div>\n\t\t\t\t\t<\/div>\n\t\t\t\t<\/div>\n\t\t<div class=\"elementor-element elementor-element-bbf576b e-flex e-con-boxed e-con e-parent\" data-id=\"bbf576b\" data-element_type=\"container\" data-settings=\"{&quot;content_width&quot;:&quot;boxed&quot;}\" data-core-v316-plus=\"true\">\n\t\t\t\t\t<div class=\"e-con-inner\">\n\t\t\t\t<div class=\"elementor-element elementor-element-ce77b5b elementor-widget elementor-widget-text-editor\" data-id=\"ce77b5b\" data-element_type=\"widget\" data-widget_type=\"text-editor.default\">\n\t\t\t\t<div class=\"elementor-widget-container\">\n\t\t\t\t\t\t\t<p>Embora o MCMV lidere em volume, os im\u00f3veis de m\u00e9dio e alto padr\u00e3o tamb\u00e9m registraram crescimento. Os lan\u00e7amentos totais do mercado aumentaram 20,1%, enquanto as vendas gerais subiram 20,8%, alcan\u00e7ando 105.921 unidades no per\u00edodo.<\/p>\t\t\t\t\t\t<\/div>\n\t\t\t\t<\/div>\n\t\t\t\t\t<\/div>\n\t\t\t\t<\/div>\n\t\t<div class=\"elementor-element elementor-element-7f4d2f5 e-flex e-con-boxed e-con e-parent\" data-id=\"7f4d2f5\" data-element_type=\"container\" data-settings=\"{&quot;content_width&quot;:&quot;boxed&quot;}\" data-core-v316-plus=\"true\">\n\t\t\t\t\t<div class=\"e-con-inner\">\n\t\t\t\t<div class=\"elementor-element elementor-element-038f025 elementor-widget elementor-widget-heading\" data-id=\"038f025\" data-element_type=\"widget\" data-widget_type=\"heading.default\">\n\t\t\t\t<div class=\"elementor-widget-container\">\n\t\t\t<h2 class=\"elementor-heading-title elementor-size-medium\">Custos de constru\u00e7\u00e3o e valoriza\u00e7\u00e3o do metro quadrado<\/h2>\t\t<\/div>\n\t\t\t\t<\/div>\n\t\t\t\t\t<\/div>\n\t\t\t\t<\/div>\n\t\t<div class=\"elementor-element elementor-element-fdcadea e-flex e-con-boxed e-con e-parent\" data-id=\"fdcadea\" data-element_type=\"container\" data-settings=\"{&quot;content_width&quot;:&quot;boxed&quot;}\" data-core-v316-plus=\"true\">\n\t\t\t\t\t<div class=\"e-con-inner\">\n\t\t\t\t<div class=\"elementor-element elementor-element-deb087e elementor-widget elementor-widget-text-editor\" data-id=\"deb087e\" data-element_type=\"widget\" data-widget_type=\"text-editor.default\">\n\t\t\t\t<div class=\"elementor-widget-container\">\n\t\t\t\t\t\t\t<p>Uma pesquisa da Abrainc-Deloitte aponta que os pre\u00e7os dos im\u00f3veis residenciais subiram 5,5% no MCMV e 3,5% no segmento de m\u00e9dio e alto padr\u00e3o. Essa alta \u00e9 impulsionada pelos custos de constru\u00e7\u00e3o e pela valoriza\u00e7\u00e3o do metro quadrado em grandes centros urbanos.<\/p>\t\t\t\t\t\t<\/div>\n\t\t\t\t<\/div>\n\t\t\t\t\t<\/div>\n\t\t\t\t<\/div>\n\t\t<div class=\"elementor-element elementor-element-a64acac e-flex e-con-boxed e-con e-parent\" data-id=\"a64acac\" data-element_type=\"container\" data-settings=\"{&quot;content_width&quot;:&quot;boxed&quot;}\" data-core-v316-plus=\"true\">\n\t\t\t\t\t<div class=\"e-con-inner\">\n\t\t\t\t<div class=\"elementor-element elementor-element-bf5d5f9 elementor-widget elementor-widget-text-editor\" data-id=\"bf5d5f9\" data-element_type=\"widget\" data-widget_type=\"text-editor.default\">\n\t\t\t\t<div class=\"elementor-widget-container\">\n\t\t\t\t\t\t\t<p>A falta de trabalhadores qualificados \u00e9 um dos maiores desafios enfrentados pelo setor, elevando os custos e pressionando as margens de lucro das construtoras.<\/p>\t\t\t\t\t\t<\/div>\n\t\t\t\t<\/div>\n\t\t\t\t\t<\/div>\n\t\t\t\t<\/div>\n\t\t<div class=\"elementor-element elementor-element-7e12a1f e-flex e-con-boxed e-con e-parent\" data-id=\"7e12a1f\" data-element_type=\"container\" data-settings=\"{&quot;content_width&quot;:&quot;boxed&quot;}\" data-core-v316-plus=\"true\">\n\t\t\t\t\t<div class=\"e-con-inner\">\n\t\t\t\t<div class=\"elementor-element elementor-element-20d3eab elementor-widget elementor-widget-text-editor\" data-id=\"20d3eab\" data-element_type=\"widget\" data-widget_type=\"text-editor.default\">\n\t\t\t\t<div class=\"elementor-widget-container\">\n\t\t\t\t\t\t\t<p>Especialistas da CBIC alertam que cortes no or\u00e7amento do FGTS podem limitar o acesso ao financiamento habitacional. Al\u00e9m disso, a instabilidade fiscal pode elevar os juros futuros, encarecendo o cr\u00e9dito imobili\u00e1rio.<\/p>\t\t\t\t\t\t<\/div>\n\t\t\t\t<\/div>\n\t\t\t\t\t<\/div>\n\t\t\t\t<\/div>\n\t\t<div class=\"elementor-element elementor-element-a3fd770 e-flex e-con-boxed e-con e-parent\" data-id=\"a3fd770\" data-element_type=\"container\" data-settings=\"{&quot;content_width&quot;:&quot;boxed&quot;}\" data-core-v316-plus=\"true\">\n\t\t\t\t\t<div class=\"e-con-inner\">\n\t\t\t\t<div class=\"elementor-element elementor-element-eac4144 elementor-widget elementor-widget-heading\" data-id=\"eac4144\" data-element_type=\"widget\" data-widget_type=\"heading.default\">\n\t\t\t\t<div class=\"elementor-widget-container\">\n\t\t\t<h2 class=\"elementor-heading-title elementor-size-medium\">Perspectivas para 2025: otimismo cauteloso<\/h2>\t\t<\/div>\n\t\t\t\t<\/div>\n\t\t\t\t\t<\/div>\n\t\t\t\t<\/div>\n\t\t<div class=\"elementor-element elementor-element-0e6f44a e-flex e-con-boxed e-con e-parent\" data-id=\"0e6f44a\" data-element_type=\"container\" data-settings=\"{&quot;content_width&quot;:&quot;boxed&quot;}\" data-core-v316-plus=\"true\">\n\t\t\t\t\t<div class=\"e-con-inner\">\n\t\t\t\t<div class=\"elementor-element elementor-element-4ba97df elementor-widget elementor-widget-text-editor\" data-id=\"4ba97df\" data-element_type=\"widget\" data-widget_type=\"text-editor.default\">\n\t\t\t\t<div class=\"elementor-widget-container\">\n\t\t\t\t\t\t\t<p>Para sustentar o crescimento atual, \u00e9 crucial que o governo sinalize estabilidade fiscal e manuten\u00e7\u00e3o de taxas de juros acess\u00edveis. Essas medidas s\u00e3o essenciais para garantir o financiamento de programas como o MCMV.<\/p>\t\t\t\t\t\t<\/div>\n\t\t\t\t<\/div>\n\t\t\t\t\t<\/div>\n\t\t\t\t<\/div>\n\t\t<div class=\"elementor-element elementor-element-09497f2 e-flex e-con-boxed e-con e-parent\" data-id=\"09497f2\" data-element_type=\"container\" data-settings=\"{&quot;content_width&quot;:&quot;boxed&quot;}\" data-core-v316-plus=\"true\">\n\t\t\t\t\t<div class=\"e-con-inner\">\n\t\t\t\t<div class=\"elementor-element elementor-element-ae0f399 elementor-widget elementor-widget-text-editor\" data-id=\"ae0f399\" data-element_type=\"widget\" data-widget_type=\"text-editor.default\">\n\t\t\t\t<div class=\"elementor-widget-container\">\n\t\t\t\t\t\t\t<p>Al\u00e9m de gerar empregos, o mercado imobili\u00e1rio \u00e9 um indicador-chave do desempenho econ\u00f4mico. Programas como o Minha Casa, Minha Vida desempenham papel central na dinamiza\u00e7\u00e3o do setor e na melhoria das condi\u00e7\u00f5es de moradia no Brasil.<\/p>\t\t\t\t\t\t<\/div>\n\t\t\t\t<\/div>\n\t\t\t\t\t<\/div>\n\t\t\t\t<\/div>\n\t\t<div class=\"elementor-element elementor-element-e598156 e-flex e-con-boxed e-con e-parent\" data-id=\"e598156\" data-element_type=\"container\" data-settings=\"{&quot;content_width&quot;:&quot;boxed&quot;}\" data-core-v316-plus=\"true\">\n\t\t\t\t\t<div class=\"e-con-inner\">\n\t\t\t\t<div class=\"elementor-element elementor-element-e81ea8b elementor-widget elementor-widget-text-editor\" data-id=\"e81ea8b\" data-element_type=\"widget\" data-widget_type=\"text-editor.default\">\n\t\t\t\t<div class=\"elementor-widget-container\">\n\t\t\t\t\t\t\t<p>Fonte: <a href=\"https:\/\/www1.folha.uol.com.br\/mercado\/2024\/11\/minha-casa-minha-vida-impulsiona-crescimento-do-mercado-imobiliario-que-ve-ano-excepcional.shtml\">Folha de S\u00e3o Paulo<\/a><\/p>\t\t\t\t\t\t<\/div>\n\t\t\t\t<\/div>\n\t\t\t\t\t<\/div>\n\t\t\t\t<\/div>\n\t\t\t\t\t\t\t<\/div>\n\t\t","protected":false},"excerpt":{"rendered":"<p>Programa habitacional lidera crescimento do setor, com recordes de lan\u00e7amentos e vendas no terceiro trimestre. Especialistas alertam para desafios fiscais que podem impactar 2025. Crescimento impulsionado pelo Minha Casa, Minha&hellip; <\/p>\n","protected":false},"author":2,"featured_media":2319,"comment_status":"open","ping_status":"open","sticky":false,"template":"","format":"standard","meta":{"footnotes":""},"categories":[5,7],"tags":[192,190,106,186,193,194,188,185,191,189,150,184,127,187,130],"yoast_head":"<!-- This site is optimized with the Yoast SEO plugin v21.5 - https:\/\/yoast.com\/wordpress\/plugins\/seo\/ -->\n<title>Minha Casa Minha Vida impulsiona mercado imobili\u00e1rio em 2024<\/title>\n<meta name=\"description\" content=\"O programa Minha Casa Minha Vida impulsiona o mercado imobili\u00e1rio em 2024 com recordes de lan\u00e7amentos e vendas.\" \/>\n<meta name=\"robots\" content=\"index, follow, max-snippet:-1, max-image-preview:large, max-video-preview:-1\" \/>\n<link rel=\"canonical\" href=\"https:\/\/www.imovelp.com.br\/blog\/minha-casa-minha-vida-crescimento-mercado-imobiliario-2024\/\" \/>\n<meta property=\"og:locale\" content=\"en_US\" \/>\n<meta property=\"og:type\" content=\"article\" \/>\n<meta property=\"og:title\" content=\"Minha Casa Minha Vida impulsiona mercado imobili\u00e1rio em 2024\" \/>\n<meta property=\"og:description\" content=\"O programa Minha Casa Minha Vida impulsiona o mercado imobili\u00e1rio em 2024 com recordes de lan\u00e7amentos e vendas.\" \/>\n<meta property=\"og:url\" content=\"https:\/\/www.imovelp.com.br\/blog\/minha-casa-minha-vida-crescimento-mercado-imobiliario-2024\/\" \/>\n<meta property=\"og:site_name\" content=\"Jornal Im\u00f3velp\" \/>\n<meta property=\"article:published_time\" content=\"2024-11-19T00:07:35+00:00\" \/>\n<meta property=\"article:modified_time\" content=\"2024-11-19T01:33:37+00:00\" \/>\n<meta property=\"og:image\" content=\"https:\/\/www.imovelp.com.br\/blog\/wp-content\/uploads\/2024\/11\/170872448565d911050df24_1708724485_3x2_lg.jpg\" \/>\n\t<meta property=\"og:image:width\" content=\"1024\" \/>\n\t<meta property=\"og:image:height\" content=\"683\" \/>\n\t<meta property=\"og:image:type\" content=\"image\/jpeg\" \/>\n<meta name=\"author\" content=\"Marcos Monteiro\" \/>\n<meta name=\"twitter:card\" content=\"summary_large_image\" \/>\n<meta name=\"twitter:label1\" content=\"Written by\" \/>\n\t<meta name=\"twitter:data1\" content=\"Marcos Monteiro\" \/>\n\t<meta name=\"twitter:label2\" content=\"Est. reading time\" \/>\n\t<meta name=\"twitter:data2\" content=\"3 minutes\" \/>\n<script type=\"application\/ld+json\" class=\"yoast-schema-graph\">{\"@context\":\"https:\/\/schema.org\",\"@graph\":[{\"@type\":\"WebPage\",\"@id\":\"https:\/\/www.imovelp.com.br\/blog\/minha-casa-minha-vida-crescimento-mercado-imobiliario-2024\/\",\"url\":\"https:\/\/www.imovelp.com.br\/blog\/minha-casa-minha-vida-crescimento-mercado-imobiliario-2024\/\",\"name\":\"Minha Casa Minha Vida impulsiona mercado imobili\u00e1rio em 2024\",\"isPartOf\":{\"@id\":\"https:\/\/www.imovelp.com.br\/blog\/#website\"},\"datePublished\":\"2024-11-19T00:07:35+00:00\",\"dateModified\":\"2024-11-19T01:33:37+00:00\",\"author\":{\"@id\":\"https:\/\/www.imovelp.com.br\/blog\/#\/schema\/person\/8fb1cc29840aba4154ec6a52e70be40a\"},\"description\":\"O programa Minha Casa Minha Vida impulsiona o mercado imobili\u00e1rio em 2024 com recordes de lan\u00e7amentos e vendas.\",\"breadcrumb\":{\"@id\":\"https:\/\/www.imovelp.com.br\/blog\/minha-casa-minha-vida-crescimento-mercado-imobiliario-2024\/#breadcrumb\"},\"inLanguage\":\"en-US\",\"potentialAction\":[{\"@type\":\"ReadAction\",\"target\":[\"https:\/\/www.imovelp.com.br\/blog\/minha-casa-minha-vida-crescimento-mercado-imobiliario-2024\/\"]}]},{\"@type\":\"BreadcrumbList\",\"@id\":\"https:\/\/www.imovelp.com.br\/blog\/minha-casa-minha-vida-crescimento-mercado-imobiliario-2024\/#breadcrumb\",\"itemListElement\":[{\"@type\":\"ListItem\",\"position\":1,\"name\":\"Home\",\"item\":\"https:\/\/www.imovelp.com.br\/blog\/\"},{\"@type\":\"ListItem\",\"position\":2,\"name\":\"Minha Casa, Minha Vida impulsiona crescimento do mercado imobili\u00e1rio em 2024\"}]},{\"@type\":\"WebSite\",\"@id\":\"https:\/\/www.imovelp.com.br\/blog\/#website\",\"url\":\"https:\/\/www.imovelp.com.br\/blog\/\",\"name\":\"Jornal Im\u00f3velp\",\"description\":\"Portal de Not\u00edcias do Corretor de Im\u00f3veis\",\"potentialAction\":[{\"@type\":\"SearchAction\",\"target\":{\"@type\":\"EntryPoint\",\"urlTemplate\":\"https:\/\/www.imovelp.com.br\/blog\/?s={search_term_string}\"},\"query-input\":\"required name=search_term_string\"}],\"inLanguage\":\"en-US\"},{\"@type\":\"Person\",\"@id\":\"https:\/\/www.imovelp.com.br\/blog\/#\/schema\/person\/8fb1cc29840aba4154ec6a52e70be40a\",\"name\":\"Marcos Monteiro\",\"image\":{\"@type\":\"ImageObject\",\"inLanguage\":\"en-US\",\"@id\":\"https:\/\/www.imovelp.com.br\/blog\/#\/schema\/person\/image\/\",\"url\":\"https:\/\/secure.gravatar.com\/avatar\/da25bf23c2e75965766176dcd3fc7564?s=96&d=mm&r=g\",\"contentUrl\":\"https:\/\/secure.gravatar.com\/avatar\/da25bf23c2e75965766176dcd3fc7564?s=96&d=mm&r=g\",\"caption\":\"Marcos Monteiro\"},\"url\":\"https:\/\/www.imovelp.com.br\/blog\/author\/redacao-imovelp\/\"}]}<\/script>\n<!-- \/ Yoast SEO plugin. -->","yoast_head_json":{"title":"Minha Casa Minha Vida impulsiona mercado imobili\u00e1rio em 2024","description":"O programa Minha Casa Minha Vida impulsiona o mercado imobili\u00e1rio em 2024 com recordes de lan\u00e7amentos e vendas.","robots":{"index":"index","follow":"follow","max-snippet":"max-snippet:-1","max-image-preview":"max-image-preview:large","max-video-preview":"max-video-preview:-1"},"canonical":"https:\/\/www.imovelp.com.br\/blog\/minha-casa-minha-vida-crescimento-mercado-imobiliario-2024\/","og_locale":"en_US","og_type":"article","og_title":"Minha Casa Minha Vida impulsiona mercado imobili\u00e1rio em 2024","og_description":"O programa Minha Casa Minha Vida impulsiona o mercado imobili\u00e1rio em 2024 com recordes de lan\u00e7amentos e vendas.","og_url":"https:\/\/www.imovelp.com.br\/blog\/minha-casa-minha-vida-crescimento-mercado-imobiliario-2024\/","og_site_name":"Jornal Im\u00f3velp","article_published_time":"2024-11-19T00:07:35+00:00","article_modified_time":"2024-11-19T01:33:37+00:00","og_image":[{"width":1024,"height":683,"url":"https:\/\/www.imovelp.com.br\/blog\/wp-content\/uploads\/2024\/11\/170872448565d911050df24_1708724485_3x2_lg.jpg","type":"image\/jpeg"}],"author":"Marcos Monteiro","twitter_card":"summary_large_image","twitter_misc":{"Written by":"Marcos Monteiro","Est. reading time":"3 minutes"},"schema":{"@context":"https:\/\/schema.org","@graph":[{"@type":"WebPage","@id":"https:\/\/www.imovelp.com.br\/blog\/minha-casa-minha-vida-crescimento-mercado-imobiliario-2024\/","url":"https:\/\/www.imovelp.com.br\/blog\/minha-casa-minha-vida-crescimento-mercado-imobiliario-2024\/","name":"Minha Casa Minha Vida impulsiona mercado imobili\u00e1rio em 2024","isPartOf":{"@id":"https:\/\/www.imovelp.com.br\/blog\/#website"},"datePublished":"2024-11-19T00:07:35+00:00","dateModified":"2024-11-19T01:33:37+00:00","author":{"@id":"https:\/\/www.imovelp.com.br\/blog\/#\/schema\/person\/8fb1cc29840aba4154ec6a52e70be40a"},"description":"O programa Minha Casa Minha Vida impulsiona o mercado imobili\u00e1rio em 2024 com recordes de lan\u00e7amentos e vendas.","breadcrumb":{"@id":"https:\/\/www.imovelp.com.br\/blog\/minha-casa-minha-vida-crescimento-mercado-imobiliario-2024\/#breadcrumb"},"inLanguage":"en-US","potentialAction":[{"@type":"ReadAction","target":["https:\/\/www.imovelp.com.br\/blog\/minha-casa-minha-vida-crescimento-mercado-imobiliario-2024\/"]}]},{"@type":"BreadcrumbList","@id":"https:\/\/www.imovelp.com.br\/blog\/minha-casa-minha-vida-crescimento-mercado-imobiliario-2024\/#breadcrumb","itemListElement":[{"@type":"ListItem","position":1,"name":"Home","item":"https:\/\/www.imovelp.com.br\/blog\/"},{"@type":"ListItem","position":2,"name":"Minha Casa, Minha Vida impulsiona crescimento do mercado imobili\u00e1rio em 2024"}]},{"@type":"WebSite","@id":"https:\/\/www.imovelp.com.br\/blog\/#website","url":"https:\/\/www.imovelp.com.br\/blog\/","name":"Jornal Im\u00f3velp","description":"Portal de Not\u00edcias do Corretor de Im\u00f3veis","potentialAction":[{"@type":"SearchAction","target":{"@type":"EntryPoint","urlTemplate":"https:\/\/www.imovelp.com.br\/blog\/?s={search_term_string}"},"query-input":"required name=search_term_string"}],"inLanguage":"en-US"},{"@type":"Person","@id":"https:\/\/www.imovelp.com.br\/blog\/#\/schema\/person\/8fb1cc29840aba4154ec6a52e70be40a","name":"Marcos Monteiro","image":{"@type":"ImageObject","inLanguage":"en-US","@id":"https:\/\/www.imovelp.com.br\/blog\/#\/schema\/person\/image\/","url":"https:\/\/secure.gravatar.com\/avatar\/da25bf23c2e75965766176dcd3fc7564?s=96&d=mm&r=g","contentUrl":"https:\/\/secure.gravatar.com\/avatar\/da25bf23c2e75965766176dcd3fc7564?s=96&d=mm&r=g","caption":"Marcos Monteiro"},"url":"https:\/\/www.imovelp.com.br\/blog\/author\/redacao-imovelp\/"}]}},"_links":{"self":[{"href":"https:\/\/www.imovelp.com.br\/blog\/wp-json\/wp\/v2\/posts\/2317"}],"collection":[{"href":"https:\/\/www.imovelp.com.br\/blog\/wp-json\/wp\/v2\/posts"}],"about":[{"href":"https:\/\/www.imovelp.com.br\/blog\/wp-json\/wp\/v2\/types\/post"}],"author":[{"embeddable":true,"href":"https:\/\/www.imovelp.com.br\/blog\/wp-json\/wp\/v2\/users\/2"}],"replies":[{"embeddable":true,"href":"https:\/\/www.imovelp.com.br\/blog\/wp-json\/wp\/v2\/comments?post=2317"}],"version-history":[{"count":9,"href":"https:\/\/www.imovelp.com.br\/blog\/wp-json\/wp\/v2\/posts\/2317\/revisions"}],"predecessor-version":[{"id":2329,"href":"https:\/\/www.imovelp.com.br\/blog\/wp-json\/wp\/v2\/posts\/2317\/revisions\/2329"}],"wp:featuredmedia":[{"embeddable":true,"href":"https:\/\/www.imovelp.com.br\/blog\/wp-json\/wp\/v2\/media\/2319"}],"wp:attachment":[{"href":"https:\/\/www.imovelp.com.br\/blog\/wp-json\/wp\/v2\/media?parent=2317"}],"wp:term":[{"taxonomy":"category","embeddable":true,"href":"https:\/\/www.imovelp.com.br\/blog\/wp-json\/wp\/v2\/categories?post=2317"},{"taxonomy":"post_tag","embeddable":true,"href":"https:\/\/www.imovelp.com.br\/blog\/wp-json\/wp\/v2\/tags?post=2317"}],"curies":[{"name":"wp","href":"https:\/\/api.w.org\/{rel}","templated":true}]}}