{"id":2277,"date":"2024-09-25T19:58:42","date_gmt":"2024-09-25T22:58:42","guid":{"rendered":"https:\/\/www.imovelp.com.br\/blog\/?p=2277"},"modified":"2024-09-25T20:37:38","modified_gmt":"2024-09-25T23:37:38","slug":"sao-paulo-mercado-imobiliario-mais-justo-2024","status":"publish","type":"post","link":"https:\/\/www.imovelp.com.br\/blog\/sao-paulo-mercado-imobiliario-mais-justo-2024\/","title":{"rendered":"S\u00e3o Paulo tem o mercado imobili\u00e1rio com o pre\u00e7o mais justo entre 25 grandes cidades do mundo"},"content":{"rendered":"\t\t<div data-elementor-type=\"wp-post\" data-elementor-id=\"2277\" class=\"elementor elementor-2277\">\n\t\t\t\t\t\t\t<div class=\"elementor-element elementor-element-cf535d0 e-flex e-con-boxed e-con e-parent\" data-id=\"cf535d0\" data-element_type=\"container\" data-settings=\"{&quot;content_width&quot;:&quot;boxed&quot;}\" data-core-v316-plus=\"true\">\n\t\t\t\t\t<div class=\"e-con-inner\">\n\t\t\t\t<div class=\"elementor-element elementor-element-11943e1 elementor-widget elementor-widget-text-editor\" data-id=\"11943e1\" data-element_type=\"widget\" data-widget_type=\"text-editor.default\">\n\t\t\t\t<div class=\"elementor-widget-container\">\n\t\t\t<style>\/*! elementor - v3.17.0 - 25-10-2023 *\/\n.elementor-widget-text-editor.elementor-drop-cap-view-stacked .elementor-drop-cap{background-color:#69727d;color:#fff}.elementor-widget-text-editor.elementor-drop-cap-view-framed .elementor-drop-cap{color:#69727d;border:3px solid;background-color:transparent}.elementor-widget-text-editor:not(.elementor-drop-cap-view-default) .elementor-drop-cap{margin-top:8px}.elementor-widget-text-editor:not(.elementor-drop-cap-view-default) .elementor-drop-cap-letter{width:1em;height:1em}.elementor-widget-text-editor .elementor-drop-cap{float:left;text-align:center;line-height:1;font-size:50px}.elementor-widget-text-editor .elementor-drop-cap-letter{display:inline-block}<\/style>\t\t\t\t<p>O mercado imobili\u00e1rio \u00e9 um dos setores mais din\u00e2micos e desafiadores da economia global. Cidades ao redor do mundo enfrentam altos e baixos nos pre\u00e7os dos im\u00f3veis, e o risco de uma bolha imobili\u00e1ria \u00e9 sempre uma preocupa\u00e7\u00e3o. No entanto, S\u00e3o Paulo, a maior metr\u00f3pole do Brasil, se destacou recentemente no <strong>UBS Global Real Estate Bubble Index<\/strong> por ter os pre\u00e7os mais justos entre 25 grandes cidades analisadas.<\/p>\t\t\t\t\t\t<\/div>\n\t\t\t\t<\/div>\n\t\t\t\t<div class=\"elementor-element elementor-element-b7057d2 elementor-widget elementor-widget-image\" data-id=\"b7057d2\" data-element_type=\"widget\" data-widget_type=\"image.default\">\n\t\t\t\t<div class=\"elementor-widget-container\">\n\t\t\t<style>\/*! elementor - v3.17.0 - 25-10-2023 *\/\n.elementor-widget-image{text-align:center}.elementor-widget-image a{display:inline-block}.elementor-widget-image a img[src$=\".svg\"]{width:48px}.elementor-widget-image img{vertical-align:middle;display:inline-block}<\/style>\t\t\t\t\t\t\t\t\t<figure class=\"wp-caption\">\n\t\t\t\t\t\t\t\t\t\t<img decoding=\"async\" loading=\"lazy\" width=\"715\" height=\"402\" src=\"https:\/\/www.imovelp.com.br\/blog\/wp-content\/uploads\/2024\/09\/Pictures-Anna-10-715x402-1.webp\" class=\"attachment-large size-large wp-image-2283\" alt=\"Imagem: iStock.com\/fatido (Montagem: Anna Zeferino)\" srcset=\"https:\/\/www.imovelp.com.br\/blog\/wp-content\/uploads\/2024\/09\/Pictures-Anna-10-715x402-1.webp 715w, https:\/\/www.imovelp.com.br\/blog\/wp-content\/uploads\/2024\/09\/Pictures-Anna-10-715x402-1-300x169.webp 300w\" sizes=\"(max-width: 715px) 100vw, 715px\" \/>\t\t\t\t\t\t\t\t\t\t\t<figcaption class=\"widget-image-caption wp-caption-text\">Imagem: iStock.com\/fatido (Montagem: Anna Zeferino)<\/figcaption>\n\t\t\t\t\t\t\t\t\t\t<\/figure>\n\t\t\t\t\t\t\t\t\t<\/div>\n\t\t\t\t<\/div>\n\t\t\t\t\t<\/div>\n\t\t\t\t<\/div>\n\t\t<div class=\"elementor-element elementor-element-2b9aa12 e-flex e-con-boxed e-con e-parent\" data-id=\"2b9aa12\" data-element_type=\"container\" data-settings=\"{&quot;content_width&quot;:&quot;boxed&quot;}\" data-core-v316-plus=\"true\">\n\t\t\t\t\t<div class=\"e-con-inner\">\n\t\t\t\t<div class=\"elementor-element elementor-element-7731409 elementor-widget elementor-widget-heading\" data-id=\"7731409\" data-element_type=\"widget\" data-widget_type=\"heading.default\">\n\t\t\t\t<div class=\"elementor-widget-container\">\n\t\t\t<style>\/*! elementor - v3.17.0 - 25-10-2023 *\/\n.elementor-heading-title{padding:0;margin:0;line-height:1}.elementor-widget-heading .elementor-heading-title[class*=elementor-size-]>a{color:inherit;font-size:inherit;line-height:inherit}.elementor-widget-heading .elementor-heading-title.elementor-size-small{font-size:15px}.elementor-widget-heading .elementor-heading-title.elementor-size-medium{font-size:19px}.elementor-widget-heading .elementor-heading-title.elementor-size-large{font-size:29px}.elementor-widget-heading .elementor-heading-title.elementor-size-xl{font-size:39px}.elementor-widget-heading .elementor-heading-title.elementor-size-xxl{font-size:59px}<\/style><h4 class=\"elementor-heading-title elementor-size-default\">O Que \u00e9 o UBS Global Real Estate Bubble Index?<\/h4>\t\t<\/div>\n\t\t\t\t<\/div>\n\t\t\t\t\t<\/div>\n\t\t\t\t<\/div>\n\t\t<div class=\"elementor-element elementor-element-ff3da33 e-flex e-con-boxed e-con e-parent\" data-id=\"ff3da33\" data-element_type=\"container\" data-settings=\"{&quot;content_width&quot;:&quot;boxed&quot;}\" data-core-v316-plus=\"true\">\n\t\t\t\t\t<div class=\"e-con-inner\">\n\t\t\t\t<div class=\"elementor-element elementor-element-3a4d7ca elementor-widget elementor-widget-text-editor\" data-id=\"3a4d7ca\" data-element_type=\"widget\" data-widget_type=\"text-editor.default\">\n\t\t\t\t<div class=\"elementor-widget-container\">\n\t\t\t\t\t\t\t<p>O <strong>UBS Global Real Estate Bubble Index<\/strong> \u00e9 um relat\u00f3rio anual que avalia os mercados imobili\u00e1rios de 25 grandes cidades ao redor do mundo. Seu objetivo \u00e9 medir o risco de bolha imobili\u00e1ria em cada uma dessas regi\u00f5es, levando em considera\u00e7\u00e3o diversos fatores, como a rela\u00e7\u00e3o entre o pre\u00e7o dos im\u00f3veis e a renda da popula\u00e7\u00e3o.<\/p>\t\t\t\t\t\t<\/div>\n\t\t\t\t<\/div>\n\t\t\t\t\t<\/div>\n\t\t\t\t<\/div>\n\t\t<div class=\"elementor-element elementor-element-bb397bd e-flex e-con-boxed e-con e-parent\" data-id=\"bb397bd\" data-element_type=\"container\" data-settings=\"{&quot;content_width&quot;:&quot;boxed&quot;}\" data-core-v316-plus=\"true\">\n\t\t\t\t\t<div class=\"e-con-inner\">\n\t\t\t\t<div class=\"elementor-element elementor-element-dc47fb7 elementor-widget elementor-widget-text-editor\" data-id=\"dc47fb7\" data-element_type=\"widget\" data-widget_type=\"text-editor.default\">\n\t\t\t\t<div class=\"elementor-widget-container\">\n\t\t\t\t\t\t\t<p>O relat\u00f3rio classifica as cidades em quatro categorias de risco:<\/p><ol><li><strong>Alto risco de bolha<\/strong> (nota acima de 1,5);<\/li><li><strong>Risco elevado<\/strong> (nota entre 1,0 e 1,5);<\/li><li><strong>Risco moderado<\/strong> (nota entre 0,5 e 1,0); e<\/li><li><strong>Baixo risco<\/strong> (nota abaixo de 0,5).<\/li><\/ol>\t\t\t\t\t\t<\/div>\n\t\t\t\t<\/div>\n\t\t\t\t\t<\/div>\n\t\t\t\t<\/div>\n\t\t<div class=\"elementor-element elementor-element-3ac06d6 e-flex e-con-boxed e-con e-parent\" data-id=\"3ac06d6\" data-element_type=\"container\" data-settings=\"{&quot;content_width&quot;:&quot;boxed&quot;}\" data-core-v316-plus=\"true\">\n\t\t\t\t\t<div class=\"e-con-inner\">\n\t\t\t\t<div class=\"elementor-element elementor-element-78f580f elementor-widget elementor-widget-heading\" data-id=\"78f580f\" data-element_type=\"widget\" data-widget_type=\"heading.default\">\n\t\t\t\t<div class=\"elementor-widget-container\">\n\t\t\t<h4 class=\"elementor-heading-title elementor-size-default\">S\u00e3o Paulo no Ranking Global<\/h4>\t\t<\/div>\n\t\t\t\t<\/div>\n\t\t\t\t\t<\/div>\n\t\t\t\t<\/div>\n\t\t<div class=\"elementor-element elementor-element-8ff2d7e e-flex e-con-boxed e-con e-parent\" data-id=\"8ff2d7e\" data-element_type=\"container\" data-settings=\"{&quot;content_width&quot;:&quot;boxed&quot;}\" data-core-v316-plus=\"true\">\n\t\t\t\t\t<div class=\"e-con-inner\">\n\t\t\t\t<div class=\"elementor-element elementor-element-bc317a0 elementor-widget elementor-widget-text-editor\" data-id=\"bc317a0\" data-element_type=\"widget\" data-widget_type=\"text-editor.default\">\n\t\t\t\t<div class=\"elementor-widget-container\">\n\t\t\t\t\t\t\t<p>No relat\u00f3rio de 2024, <strong>S\u00e3o Paulo<\/strong> aparece com uma pontua\u00e7\u00e3o de 0,04, o que a coloca na categoria de <strong>baixo risco de bolha imobili\u00e1ria<\/strong>. Isso significa que, apesar de um ligeiro aumento nos pre\u00e7os dos im\u00f3veis nos \u00faltimos quatro trimestres, o mercado imobili\u00e1rio da cidade permanece est\u00e1vel e menos propenso a uma bolha.<\/p>\t\t\t\t\t\t<\/div>\n\t\t\t\t<\/div>\n\t\t\t\t\t<\/div>\n\t\t\t\t<\/div>\n\t\t<div class=\"elementor-element elementor-element-c6a951b e-flex e-con-boxed e-con e-parent\" data-id=\"c6a951b\" data-element_type=\"container\" data-settings=\"{&quot;content_width&quot;:&quot;boxed&quot;}\" data-core-v316-plus=\"true\">\n\t\t\t\t\t<div class=\"e-con-inner\">\n\t\t\t\t<div class=\"elementor-element elementor-element-e81d460 elementor-widget elementor-widget-heading\" data-id=\"e81d460\" data-element_type=\"widget\" data-widget_type=\"heading.default\">\n\t\t\t\t<div class=\"elementor-widget-container\">\n\t\t\t<h4 class=\"elementor-heading-title elementor-size-default\">Por Que S\u00e3o Paulo Tem o Pre\u00e7o Mais Justo?\n<\/h4>\t\t<\/div>\n\t\t\t\t<\/div>\n\t\t\t\t\t<\/div>\n\t\t\t\t<\/div>\n\t\t<div class=\"elementor-element elementor-element-ca23232 e-flex e-con-boxed e-con e-parent\" data-id=\"ca23232\" data-element_type=\"container\" data-settings=\"{&quot;content_width&quot;:&quot;boxed&quot;}\" data-core-v316-plus=\"true\">\n\t\t\t\t\t<div class=\"e-con-inner\">\n\t\t\t\t<div class=\"elementor-element elementor-element-4be28d2 elementor-widget elementor-widget-text-editor\" data-id=\"4be28d2\" data-element_type=\"widget\" data-widget_type=\"text-editor.default\">\n\t\t\t\t<div class=\"elementor-widget-container\">\n\t\t\t\t\t\t\t<p>O mercado imobili\u00e1rio de S\u00e3o Paulo passou por mudan\u00e7as significativas ao longo dos \u00faltimos anos. Uma das raz\u00f5es pelas quais a cidade se destaca \u00e9 o equil\u00edbrio entre os pre\u00e7os dos im\u00f3veis e a renda da popula\u00e7\u00e3o. Al\u00e9m disso, a alta nas taxas de juros tem limitado a valoriza\u00e7\u00e3o dos pre\u00e7os, tornando o aluguel mais atrativo do que a compra em muitos casos.<\/p>\t\t\t\t\t\t<\/div>\n\t\t\t\t<\/div>\n\t\t\t\t\t<\/div>\n\t\t\t\t<\/div>\n\t\t<div class=\"elementor-element elementor-element-f0bd1b6 e-flex e-con-boxed e-con e-parent\" data-id=\"f0bd1b6\" data-element_type=\"container\" data-settings=\"{&quot;content_width&quot;:&quot;boxed&quot;}\" data-core-v316-plus=\"true\">\n\t\t\t\t\t<div class=\"e-con-inner\">\n\t\t\t\t<div class=\"elementor-element elementor-element-56a7735 elementor-widget elementor-widget-heading\" data-id=\"56a7735\" data-element_type=\"widget\" data-widget_type=\"heading.default\">\n\t\t\t\t<div class=\"elementor-widget-container\">\n\t\t\t<h4 class=\"elementor-heading-title elementor-size-default\">Risco de Bolha Imobili\u00e1ria em S\u00e3o Paulo<\/h4>\t\t<\/div>\n\t\t\t\t<\/div>\n\t\t\t\t\t<\/div>\n\t\t\t\t<\/div>\n\t\t<div class=\"elementor-element elementor-element-0017123 e-flex e-con-boxed e-con e-parent\" data-id=\"0017123\" data-element_type=\"container\" data-settings=\"{&quot;content_width&quot;:&quot;boxed&quot;}\" data-core-v316-plus=\"true\">\n\t\t\t\t\t<div class=\"e-con-inner\">\n\t\t\t\t<div class=\"elementor-element elementor-element-3c22cb1 elementor-widget elementor-widget-text-editor\" data-id=\"3c22cb1\" data-element_type=\"widget\" data-widget_type=\"text-editor.default\">\n\t\t\t\t<div class=\"elementor-widget-container\">\n\t\t\t\t\t\t\t<p>Uma <strong>bolha imobili\u00e1ria<\/strong> ocorre quando os pre\u00e7os dos im\u00f3veis sobem rapidamente e de forma insustent\u00e1vel, muitas vezes resultando em uma queda abrupta. No caso de S\u00e3o Paulo, o UBS afirma que o risco de uma bolha \u00e9 baixo, o que \u00e9 um sinal positivo para investidores e compradores.<\/p>\t\t\t\t\t\t<\/div>\n\t\t\t\t<\/div>\n\t\t\t\t\t<\/div>\n\t\t\t\t<\/div>\n\t\t<div class=\"elementor-element elementor-element-7727e57 e-flex e-con-boxed e-con e-parent\" data-id=\"7727e57\" data-element_type=\"container\" data-settings=\"{&quot;content_width&quot;:&quot;boxed&quot;}\" data-core-v316-plus=\"true\">\n\t\t\t\t\t<div class=\"e-con-inner\">\n\t\t\t\t<div class=\"elementor-element elementor-element-e00bc26 elementor-widget elementor-widget-heading\" data-id=\"e00bc26\" data-element_type=\"widget\" data-widget_type=\"heading.default\">\n\t\t\t\t<div class=\"elementor-widget-container\">\n\t\t\t<h4 class=\"elementor-heading-title elementor-size-default\">Cidades com Maior Risco de Bolha Imobili\u00e1ria<\/h4>\t\t<\/div>\n\t\t\t\t<\/div>\n\t\t\t\t\t<\/div>\n\t\t\t\t<\/div>\n\t\t<div class=\"elementor-element elementor-element-f3b505c e-flex e-con-boxed e-con e-parent\" data-id=\"f3b505c\" data-element_type=\"container\" data-settings=\"{&quot;content_width&quot;:&quot;boxed&quot;}\" data-core-v316-plus=\"true\">\n\t\t\t\t\t<div class=\"e-con-inner\">\n\t\t\t\t<div class=\"elementor-element elementor-element-dee22a7 elementor-widget elementor-widget-text-editor\" data-id=\"dee22a7\" data-element_type=\"widget\" data-widget_type=\"text-editor.default\">\n\t\t\t\t<div class=\"elementor-widget-container\">\n\t\t\t\t\t\t\t<p>Em contraste com S\u00e3o Paulo, cidades como <strong>Miami<\/strong>, <strong>Zurique<\/strong> e <strong>T\u00f3quio<\/strong> enfrentam um risco elevado de bolha imobili\u00e1ria. Em <strong>Miami<\/strong>, por exemplo, os pre\u00e7os dos im\u00f3veis aumentaram quase 50% desde 2019, impulsionados pelo mercado de luxo. O \u00edndice atribui a Miami uma pontua\u00e7\u00e3o de 1,79, tornando-a a cidade com o maior risco de bolha no ranking de 2024.<\/p>\t\t\t\t\t\t<\/div>\n\t\t\t\t<\/div>\n\t\t\t\t\t<\/div>\n\t\t\t\t<\/div>\n\t\t<div class=\"elementor-element elementor-element-3e8d475 e-flex e-con-boxed e-con e-parent\" data-id=\"3e8d475\" data-element_type=\"container\" data-settings=\"{&quot;content_width&quot;:&quot;boxed&quot;}\" data-core-v316-plus=\"true\">\n\t\t\t\t\t<div class=\"e-con-inner\">\n\t\t\t\t<div class=\"elementor-element elementor-element-ebe8dd8 elementor-widget elementor-widget-image\" data-id=\"ebe8dd8\" data-element_type=\"widget\" data-widget_type=\"image.default\">\n\t\t\t\t<div class=\"elementor-widget-container\">\n\t\t\t\t\t\t\t\t\t\t\t\t<figure class=\"wp-caption\">\n\t\t\t\t\t\t\t\t\t\t<img decoding=\"async\" loading=\"lazy\" width=\"343\" height=\"536\" src=\"https:\/\/www.imovelp.com.br\/blog\/wp-content\/uploads\/2024\/09\/indice-bolha-imobiliaria-ubs-mercado-imobiliario-giof.webp\" class=\"attachment-large size-large wp-image-2279\" alt=\"Fonte: UBS\" srcset=\"https:\/\/www.imovelp.com.br\/blog\/wp-content\/uploads\/2024\/09\/indice-bolha-imobiliaria-ubs-mercado-imobiliario-giof.webp 343w, https:\/\/www.imovelp.com.br\/blog\/wp-content\/uploads\/2024\/09\/indice-bolha-imobiliaria-ubs-mercado-imobiliario-giof-192x300.webp 192w\" sizes=\"(max-width: 343px) 100vw, 343px\" \/>\t\t\t\t\t\t\t\t\t\t\t<figcaption class=\"widget-image-caption wp-caption-text\">Fonte: UBS<\/figcaption>\n\t\t\t\t\t\t\t\t\t\t<\/figure>\n\t\t\t\t\t\t\t\t\t<\/div>\n\t\t\t\t<\/div>\n\t\t\t\t\t<\/div>\n\t\t\t\t<\/div>\n\t\t<div class=\"elementor-element elementor-element-d35a2fe e-flex e-con-boxed e-con e-parent\" data-id=\"d35a2fe\" data-element_type=\"container\" data-settings=\"{&quot;content_width&quot;:&quot;boxed&quot;}\" data-core-v316-plus=\"true\">\n\t\t\t\t\t<div class=\"e-con-inner\">\n\t\t\t\t<div class=\"elementor-element elementor-element-636582e elementor-widget elementor-widget-heading\" data-id=\"636582e\" data-element_type=\"widget\" data-widget_type=\"heading.default\">\n\t\t\t\t<div class=\"elementor-widget-container\">\n\t\t\t<h4 class=\"elementor-heading-title elementor-size-default\">O Caso de Dubai: Crescimento R\u00e1pido no Mercado<\/h4>\t\t<\/div>\n\t\t\t\t<\/div>\n\t\t\t\t\t<\/div>\n\t\t\t\t<\/div>\n\t\t<div class=\"elementor-element elementor-element-1353997 e-flex e-con-boxed e-con e-parent\" data-id=\"1353997\" data-element_type=\"container\" data-settings=\"{&quot;content_width&quot;:&quot;boxed&quot;}\" data-core-v316-plus=\"true\">\n\t\t\t\t\t<div class=\"e-con-inner\">\n\t\t\t\t<div class=\"elementor-element elementor-element-dfcfcbe elementor-widget elementor-widget-text-editor\" data-id=\"dfcfcbe\" data-element_type=\"widget\" data-widget_type=\"text-editor.default\">\n\t\t\t\t<div class=\"elementor-widget-container\">\n\t\t\t\t\t\t\t<p>Embora esteja na categoria de <strong>risco moderado<\/strong>, <strong>Dubai<\/strong> merece destaque por ter experimentado o maior aumento de pre\u00e7os entre as cidades avaliadas. Nos \u00faltimos quatro trimestres, os pre\u00e7os dos im\u00f3veis em Dubai subiram quase 17%, levando sua pontua\u00e7\u00e3o de 0,14 em 2023 para 0,64 em 2024.<\/p>\t\t\t\t\t\t<\/div>\n\t\t\t\t<\/div>\n\t\t\t\t\t<\/div>\n\t\t\t\t<\/div>\n\t\t<div class=\"elementor-element elementor-element-c8846e7 e-flex e-con-boxed e-con e-parent\" data-id=\"c8846e7\" data-element_type=\"container\" data-settings=\"{&quot;content_width&quot;:&quot;boxed&quot;}\" data-core-v316-plus=\"true\">\n\t\t\t\t\t<div class=\"e-con-inner\">\n\t\t\t\t<div class=\"elementor-element elementor-element-f04654a elementor-widget elementor-widget-heading\" data-id=\"f04654a\" data-element_type=\"widget\" data-widget_type=\"heading.default\">\n\t\t\t\t<div class=\"elementor-widget-container\">\n\t\t\t<h4 class=\"elementor-heading-title elementor-size-default\">Macroeconomia e o Impacto no Mercado Imobili\u00e1rio Brasileiro<\/h4>\t\t<\/div>\n\t\t\t\t<\/div>\n\t\t\t\t\t<\/div>\n\t\t\t\t<\/div>\n\t\t<div class=\"elementor-element elementor-element-94298ad e-flex e-con-boxed e-con e-parent\" data-id=\"94298ad\" data-element_type=\"container\" data-settings=\"{&quot;content_width&quot;:&quot;boxed&quot;}\" data-core-v316-plus=\"true\">\n\t\t\t\t\t<div class=\"e-con-inner\">\n\t\t\t\t<div class=\"elementor-element elementor-element-026fd7f elementor-widget elementor-widget-text-editor\" data-id=\"026fd7f\" data-element_type=\"widget\" data-widget_type=\"text-editor.default\">\n\t\t\t\t<div class=\"elementor-widget-container\">\n\t\t\t\t\t\t\t<p>O cen\u00e1rio econ\u00f4mico brasileiro, marcado por alta infla\u00e7\u00e3o e taxas de juros elevadas, tem influenciado diretamente o mercado imobili\u00e1rio de S\u00e3o Paulo. Embora tenha havido um aumento de pouco mais de 2% nos pre\u00e7os dos im\u00f3veis no \u00faltimo ano, ainda h\u00e1 uma dist\u00e2ncia significativa em rela\u00e7\u00e3o ao pico de 2014, com os pre\u00e7os sendo 20% menores atualmente.<\/p>\t\t\t\t\t\t<\/div>\n\t\t\t\t<\/div>\n\t\t\t\t\t<\/div>\n\t\t\t\t<\/div>\n\t\t<div class=\"elementor-element elementor-element-eafa2ba e-flex e-con-boxed e-con e-parent\" data-id=\"eafa2ba\" data-element_type=\"container\" data-settings=\"{&quot;content_width&quot;:&quot;boxed&quot;}\" data-core-v316-plus=\"true\">\n\t\t\t\t\t<div class=\"e-con-inner\">\n\t\t\t\t<div class=\"elementor-element elementor-element-da5ea46 elementor-widget elementor-widget-heading\" data-id=\"da5ea46\" data-element_type=\"widget\" data-widget_type=\"heading.default\">\n\t\t\t\t<div class=\"elementor-widget-container\">\n\t\t\t<h4 class=\"elementor-heading-title elementor-size-default\">Impacto dos Juros no Mercado Imobili\u00e1rio Global<\/h4>\t\t<\/div>\n\t\t\t\t<\/div>\n\t\t\t\t\t<\/div>\n\t\t\t\t<\/div>\n\t\t<div class=\"elementor-element elementor-element-02d2aa9 e-flex e-con-boxed e-con e-parent\" data-id=\"02d2aa9\" data-element_type=\"container\" data-settings=\"{&quot;content_width&quot;:&quot;boxed&quot;}\" data-core-v316-plus=\"true\">\n\t\t\t\t\t<div class=\"e-con-inner\">\n\t\t\t\t<div class=\"elementor-element elementor-element-ea7bf17 elementor-widget elementor-widget-text-editor\" data-id=\"ea7bf17\" data-element_type=\"widget\" data-widget_type=\"text-editor.default\">\n\t\t\t\t<div class=\"elementor-widget-container\">\n\t\t\t\t\t\t\t<p>Enquanto o Brasil enfrenta um cen\u00e1rio de alta de juros, a expectativa em muitos pa\u00edses \u00e9 de redu\u00e7\u00e3o nas taxas de juros, o que deve impulsionar a compra de im\u00f3veis. Segundo o UBS, a queda dos juros tornar\u00e1 a compra de im\u00f3veis mais vantajosa em compara\u00e7\u00e3o ao aluguel, principalmente em cidades onde os pre\u00e7os j\u00e1 atingiram o fundo do po\u00e7o.<\/p>\t\t\t\t\t\t<\/div>\n\t\t\t\t<\/div>\n\t\t\t\t\t<\/div>\n\t\t\t\t<\/div>\n\t\t<div class=\"elementor-element elementor-element-07dba3c e-flex e-con-boxed e-con e-parent\" data-id=\"07dba3c\" data-element_type=\"container\" data-settings=\"{&quot;content_width&quot;:&quot;boxed&quot;}\" data-core-v316-plus=\"true\">\n\t\t\t\t\t<div class=\"e-con-inner\">\n\t\t\t\t<div class=\"elementor-element elementor-element-2c357f7 elementor-widget elementor-widget-heading\" data-id=\"2c357f7\" data-element_type=\"widget\" data-widget_type=\"heading.default\">\n\t\t\t\t<div class=\"elementor-widget-container\">\n\t\t\t<h4 class=\"elementor-heading-title elementor-size-default\">Por Que o Aluguel \u00e9 Mais Atraente em S\u00e3o Paulo?<\/h4>\t\t<\/div>\n\t\t\t\t<\/div>\n\t\t\t\t\t<\/div>\n\t\t\t\t<\/div>\n\t\t<div class=\"elementor-element elementor-element-151c294 e-flex e-con-boxed e-con e-parent\" data-id=\"151c294\" data-element_type=\"container\" data-settings=\"{&quot;content_width&quot;:&quot;boxed&quot;}\" data-core-v316-plus=\"true\">\n\t\t\t\t\t<div class=\"e-con-inner\">\n\t\t\t\t<div class=\"elementor-element elementor-element-00b5532 elementor-widget elementor-widget-text-editor\" data-id=\"00b5532\" data-element_type=\"widget\" data-widget_type=\"text-editor.default\">\n\t\t\t\t<div class=\"elementor-widget-container\">\n\t\t\t\t\t\t\t<p>Com os juros elevados no Brasil, muitos consumidores t\u00eam optado por alugar em vez de comprar. Esse movimento resultou em uma alta de quase 10% nos pre\u00e7os dos alugu\u00e9is em S\u00e3o Paulo nos \u00faltimos quatro trimestres, refor\u00e7ando a ideia de que, no atual cen\u00e1rio, o aluguel pode ser uma alternativa mais financeiramente vi\u00e1vel.<\/p>\t\t\t\t\t\t<\/div>\n\t\t\t\t<\/div>\n\t\t\t\t\t<\/div>\n\t\t\t\t<\/div>\n\t\t<div class=\"elementor-element elementor-element-a9891a5 e-flex e-con-boxed e-con e-parent\" data-id=\"a9891a5\" data-element_type=\"container\" data-settings=\"{&quot;content_width&quot;:&quot;boxed&quot;}\" data-core-v316-plus=\"true\">\n\t\t\t\t\t<div class=\"e-con-inner\">\n\t\t\t\t<div class=\"elementor-element elementor-element-54e31b4 elementor-widget elementor-widget-heading\" data-id=\"54e31b4\" data-element_type=\"widget\" data-widget_type=\"heading.default\">\n\t\t\t\t<div class=\"elementor-widget-container\">\n\t\t\t<h4 class=\"elementor-heading-title elementor-size-default\">A Evolu\u00e7\u00e3o do Mercado Imobili\u00e1rio em S\u00e3o Paulo<\/h4>\t\t<\/div>\n\t\t\t\t<\/div>\n\t\t\t\t\t<\/div>\n\t\t\t\t<\/div>\n\t\t<div class=\"elementor-element elementor-element-34b4d8f e-flex e-con-boxed e-con e-parent\" data-id=\"34b4d8f\" data-element_type=\"container\" data-settings=\"{&quot;content_width&quot;:&quot;boxed&quot;}\" data-core-v316-plus=\"true\">\n\t\t\t\t\t<div class=\"e-con-inner\">\n\t\t\t\t<div class=\"elementor-element elementor-element-236329e elementor-widget elementor-widget-text-editor\" data-id=\"236329e\" data-element_type=\"widget\" data-widget_type=\"text-editor.default\">\n\t\t\t\t<div class=\"elementor-widget-container\">\n\t\t\t\t\t\t\t<p>Desde 2014, o mercado imobili\u00e1rio paulistano passou por uma desacelera\u00e7\u00e3o, com os pre\u00e7os caindo cerca de 20%. Embora tenha havido uma recupera\u00e7\u00e3o modesta no \u00faltimo ano, a alta dos juros tem limitado a valoriza\u00e7\u00e3o dos im\u00f3veis.<\/p>\t\t\t\t\t\t<\/div>\n\t\t\t\t<\/div>\n\t\t\t\t\t<\/div>\n\t\t\t\t<\/div>\n\t\t<div class=\"elementor-element elementor-element-3e6b1ea e-flex e-con-boxed e-con e-parent\" data-id=\"3e6b1ea\" data-element_type=\"container\" data-settings=\"{&quot;content_width&quot;:&quot;boxed&quot;}\" data-core-v316-plus=\"true\">\n\t\t\t\t\t<div class=\"e-con-inner\">\n\t\t\t\t<div class=\"elementor-element elementor-element-4e67db3 elementor-widget elementor-widget-heading\" data-id=\"4e67db3\" data-element_type=\"widget\" data-widget_type=\"heading.default\">\n\t\t\t\t<div class=\"elementor-widget-container\">\n\t\t\t<h4 class=\"elementor-heading-title elementor-size-default\">An\u00e1lise dos Pre\u00e7os dos Im\u00f3veis no \u00daltimo Ano<\/h4>\t\t<\/div>\n\t\t\t\t<\/div>\n\t\t\t\t\t<\/div>\n\t\t\t\t<\/div>\n\t\t<div class=\"elementor-element elementor-element-7b1ec2a e-flex e-con-boxed e-con e-parent\" data-id=\"7b1ec2a\" data-element_type=\"container\" data-settings=\"{&quot;content_width&quot;:&quot;boxed&quot;}\" data-core-v316-plus=\"true\">\n\t\t\t\t\t<div class=\"e-con-inner\">\n\t\t\t\t<div class=\"elementor-element elementor-element-3c95b1f elementor-widget elementor-widget-text-editor\" data-id=\"3c95b1f\" data-element_type=\"widget\" data-widget_type=\"text-editor.default\">\n\t\t\t\t<div class=\"elementor-widget-container\">\n\t\t\t\t\t\t\t<p>Apesar de o mercado imobili\u00e1rio de S\u00e3o Paulo ter registrado um aumento de 2% nos pre\u00e7os em termos reais, ainda h\u00e1 incertezas sobre o futuro. Especialistas sugerem que, dependendo das pol\u00edticas econ\u00f4micas e das taxas de juros, o mercado pode continuar a se estabilizar nos pr\u00f3ximos anos.<\/p>\t\t\t\t\t\t<\/div>\n\t\t\t\t<\/div>\n\t\t\t\t\t<\/div>\n\t\t\t\t<\/div>\n\t\t<div class=\"elementor-element elementor-element-0894d9d e-flex e-con-boxed e-con e-parent\" data-id=\"0894d9d\" data-element_type=\"container\" data-settings=\"{&quot;content_width&quot;:&quot;boxed&quot;}\" data-core-v316-plus=\"true\">\n\t\t\t\t\t<div class=\"e-con-inner\">\n\t\t\t\t<div class=\"elementor-element elementor-element-a69b285 elementor-widget elementor-widget-heading\" data-id=\"a69b285\" data-element_type=\"widget\" data-widget_type=\"heading.default\">\n\t\t\t\t<div class=\"elementor-widget-container\">\n\t\t\t<h4 class=\"elementor-heading-title elementor-size-default\">Perspectivas do Mercado Imobili\u00e1rio no Brasil<\/h4>\t\t<\/div>\n\t\t\t\t<\/div>\n\t\t\t\t\t<\/div>\n\t\t\t\t<\/div>\n\t\t<div class=\"elementor-element elementor-element-70bc1f8 e-flex e-con-boxed e-con e-parent\" data-id=\"70bc1f8\" data-element_type=\"container\" data-settings=\"{&quot;content_width&quot;:&quot;boxed&quot;}\" data-core-v316-plus=\"true\">\n\t\t\t\t\t<div class=\"e-con-inner\">\n\t\t\t\t<div class=\"elementor-element elementor-element-2cdaec5 elementor-widget elementor-widget-text-editor\" data-id=\"2cdaec5\" data-element_type=\"widget\" data-widget_type=\"text-editor.default\">\n\t\t\t\t<div class=\"elementor-widget-container\">\n\t\t\t\t\t\t\t<p>As proje\u00e7\u00f5es para 2024 indicam uma recupera\u00e7\u00e3o moderada no mercado imobili\u00e1rio brasileiro, especialmente se houver uma redu\u00e7\u00e3o nas taxas de juros. No entanto, as perspectivas de crescimento econ\u00f4mico global tamb\u00e9m desempenhar\u00e3o um papel fundamental na valoriza\u00e7\u00e3o dos im\u00f3veis.<\/p>\t\t\t\t\t\t<\/div>\n\t\t\t\t<\/div>\n\t\t\t\t\t<\/div>\n\t\t\t\t<\/div>\n\t\t<div class=\"elementor-element elementor-element-aa03b57 e-flex e-con-boxed e-con e-parent\" data-id=\"aa03b57\" data-element_type=\"container\" data-settings=\"{&quot;content_width&quot;:&quot;boxed&quot;}\" data-core-v316-plus=\"true\">\n\t\t\t\t\t<div class=\"e-con-inner\">\n\t\t\t\t<div class=\"elementor-element elementor-element-1f63425 elementor-widget elementor-widget-heading\" data-id=\"1f63425\" data-element_type=\"widget\" data-widget_type=\"heading.default\">\n\t\t\t\t<div class=\"elementor-widget-container\">\n\t\t\t<h4 class=\"elementor-heading-title elementor-size-default\">Como S\u00e3o Paulo se Compara a Outras Capitais do Mundo?<\/h4>\t\t<\/div>\n\t\t\t\t<\/div>\n\t\t\t\t\t<\/div>\n\t\t\t\t<\/div>\n\t\t<div class=\"elementor-element elementor-element-668625a e-flex e-con-boxed e-con e-parent\" data-id=\"668625a\" data-element_type=\"container\" data-settings=\"{&quot;content_width&quot;:&quot;boxed&quot;}\" data-core-v316-plus=\"true\">\n\t\t\t\t\t<div class=\"e-con-inner\">\n\t\t\t\t<div class=\"elementor-element elementor-element-853b456 elementor-widget elementor-widget-text-editor\" data-id=\"853b456\" data-element_type=\"widget\" data-widget_type=\"text-editor.default\">\n\t\t\t\t<div class=\"elementor-widget-container\">\n\t\t\t\t\t\t\t<p>S\u00e3o Paulo, apesar de ser a cidade com os pre\u00e7os mais justos no \u00edndice, tem uma din\u00e2mica muito diferente de metr\u00f3poles como Nova York, Londres e Berlim. Enquanto o mercado imobili\u00e1rio dessas cidades \u00e9 impulsionado por fatores como a escassez de terrenos e o alto custo de vida, <strong>S\u00e3o Paulo<\/strong> se destaca pela rela\u00e7\u00e3o mais equilibrada entre o pre\u00e7o dos im\u00f3veis e a renda da popula\u00e7\u00e3o, o que oferece um cen\u00e1rio mais acess\u00edvel para novos compradores e investidores. Em cidades como <strong>Nova York<\/strong>, <strong>Londres<\/strong> e <strong>Berlim<\/strong>, o custo de vida elevado e a alta demanda por im\u00f3veis tornam o mercado mais restrito, enquanto S\u00e3o Paulo ainda oferece oportunidades para diferentes perfis de compradores, desde investidores a fam\u00edlias de classe m\u00e9dia.<\/p>\t\t\t\t\t\t<\/div>\n\t\t\t\t<\/div>\n\t\t\t\t\t<\/div>\n\t\t\t\t<\/div>\n\t\t<div class=\"elementor-element elementor-element-da08f6f e-flex e-con-boxed e-con e-parent\" data-id=\"da08f6f\" data-element_type=\"container\" data-settings=\"{&quot;content_width&quot;:&quot;boxed&quot;}\" data-core-v316-plus=\"true\">\n\t\t\t\t\t<div class=\"e-con-inner\">\n\t\t\t\t<div class=\"elementor-element elementor-element-22fba8d elementor-widget elementor-widget-text-editor\" data-id=\"22fba8d\" data-element_type=\"widget\" data-widget_type=\"text-editor.default\">\n\t\t\t\t<div class=\"elementor-widget-container\">\n\t\t\t\t\t\t\t<p>Fonte: <a href=\"https:\/\/www.seudinheiro.com\/2024\/economia\/sao-paulo-tem-o-mercado-imobiliario-com-o-preco-mais-justo-entre-25-grandes-cidades-do-mundo-diz-o-ubs-veja-qual-e-a-metropole-mais-cara-giof\/\">Seu Dinheiro<\/a><\/p>\t\t\t\t\t\t<\/div>\n\t\t\t\t<\/div>\n\t\t\t\t\t<\/div>\n\t\t\t\t<\/div>\n\t\t\t\t\t\t\t<\/div>\n\t\t","protected":false},"excerpt":{"rendered":"<p>O mercado imobili\u00e1rio \u00e9 um dos setores mais din\u00e2micos e desafiadores da economia global. Cidades ao redor do mundo enfrentam altos e baixos nos pre\u00e7os dos im\u00f3veis, e o risco&hellip; <\/p>\n","protected":false},"author":2,"featured_media":2283,"comment_status":"open","ping_status":"open","sticky":false,"template":"","format":"standard","meta":{"footnotes":""},"categories":[5,7],"tags":[156,153,158,52,159,13,154,157,30,155],"yoast_head":"<!-- This site is optimized with the Yoast SEO plugin v21.5 - https:\/\/yoast.com\/wordpress\/plugins\/seo\/ -->\n<title>S\u00e3o Paulo tem o Mercado Imobili\u00e1rio Mais Justo de 2024<\/title>\n<meta name=\"description\" content=\"S\u00e3o Paulo tem o mercado imobili\u00e1rio mais acess\u00edvel entre 25 grandes cidades globais, com pre\u00e7os justos e baixo risco de bolha em 2024.\" \/>\n<meta name=\"robots\" content=\"index, follow, max-snippet:-1, max-image-preview:large, max-video-preview:-1\" \/>\n<link rel=\"canonical\" href=\"https:\/\/www.imovelp.com.br\/blog\/sao-paulo-mercado-imobiliario-mais-justo-2024\/\" \/>\n<meta property=\"og:locale\" content=\"en_US\" \/>\n<meta property=\"og:type\" content=\"article\" \/>\n<meta property=\"og:title\" content=\"S\u00e3o Paulo tem o Mercado Imobili\u00e1rio Mais Justo de 2024\" \/>\n<meta property=\"og:description\" content=\"S\u00e3o Paulo tem o mercado imobili\u00e1rio mais acess\u00edvel entre 25 grandes cidades globais, com pre\u00e7os justos e baixo risco de bolha em 2024.\" \/>\n<meta property=\"og:url\" content=\"https:\/\/www.imovelp.com.br\/blog\/sao-paulo-mercado-imobiliario-mais-justo-2024\/\" \/>\n<meta property=\"og:site_name\" content=\"Jornal Im\u00f3velp\" \/>\n<meta property=\"article:published_time\" content=\"2024-09-25T22:58:42+00:00\" \/>\n<meta property=\"article:modified_time\" content=\"2024-09-25T23:37:38+00:00\" \/>\n<meta property=\"og:image\" content=\"https:\/\/www.imovelp.com.br\/blog\/wp-content\/uploads\/2024\/09\/Pictures-Anna-10-715x402-1.webp\" \/>\n\t<meta property=\"og:image:width\" content=\"715\" \/>\n\t<meta property=\"og:image:height\" content=\"402\" \/>\n\t<meta property=\"og:image:type\" content=\"image\/webp\" \/>\n<meta name=\"author\" content=\"Marcos Monteiro\" \/>\n<meta name=\"twitter:card\" content=\"summary_large_image\" \/>\n<meta name=\"twitter:label1\" content=\"Written by\" \/>\n\t<meta name=\"twitter:data1\" content=\"Marcos Monteiro\" \/>\n\t<meta name=\"twitter:label2\" content=\"Est. reading time\" \/>\n\t<meta name=\"twitter:data2\" content=\"5 minutes\" \/>\n<script type=\"application\/ld+json\" class=\"yoast-schema-graph\">{\"@context\":\"https:\/\/schema.org\",\"@graph\":[{\"@type\":\"WebPage\",\"@id\":\"https:\/\/www.imovelp.com.br\/blog\/sao-paulo-mercado-imobiliario-mais-justo-2024\/\",\"url\":\"https:\/\/www.imovelp.com.br\/blog\/sao-paulo-mercado-imobiliario-mais-justo-2024\/\",\"name\":\"S\u00e3o Paulo tem o Mercado Imobili\u00e1rio Mais Justo de 2024\",\"isPartOf\":{\"@id\":\"https:\/\/www.imovelp.com.br\/blog\/#website\"},\"datePublished\":\"2024-09-25T22:58:42+00:00\",\"dateModified\":\"2024-09-25T23:37:38+00:00\",\"author\":{\"@id\":\"https:\/\/www.imovelp.com.br\/blog\/#\/schema\/person\/8fb1cc29840aba4154ec6a52e70be40a\"},\"description\":\"S\u00e3o Paulo tem o mercado imobili\u00e1rio mais acess\u00edvel entre 25 grandes cidades globais, com pre\u00e7os justos e baixo risco de bolha em 2024.\",\"breadcrumb\":{\"@id\":\"https:\/\/www.imovelp.com.br\/blog\/sao-paulo-mercado-imobiliario-mais-justo-2024\/#breadcrumb\"},\"inLanguage\":\"en-US\",\"potentialAction\":[{\"@type\":\"ReadAction\",\"target\":[\"https:\/\/www.imovelp.com.br\/blog\/sao-paulo-mercado-imobiliario-mais-justo-2024\/\"]}]},{\"@type\":\"BreadcrumbList\",\"@id\":\"https:\/\/www.imovelp.com.br\/blog\/sao-paulo-mercado-imobiliario-mais-justo-2024\/#breadcrumb\",\"itemListElement\":[{\"@type\":\"ListItem\",\"position\":1,\"name\":\"Home\",\"item\":\"https:\/\/www.imovelp.com.br\/blog\/\"},{\"@type\":\"ListItem\",\"position\":2,\"name\":\"S\u00e3o Paulo tem o mercado imobili\u00e1rio com o pre\u00e7o mais justo entre 25 grandes cidades do mundo\"}]},{\"@type\":\"WebSite\",\"@id\":\"https:\/\/www.imovelp.com.br\/blog\/#website\",\"url\":\"https:\/\/www.imovelp.com.br\/blog\/\",\"name\":\"Jornal Im\u00f3velp\",\"description\":\"Portal de Not\u00edcias do Corretor de Im\u00f3veis\",\"potentialAction\":[{\"@type\":\"SearchAction\",\"target\":{\"@type\":\"EntryPoint\",\"urlTemplate\":\"https:\/\/www.imovelp.com.br\/blog\/?s={search_term_string}\"},\"query-input\":\"required name=search_term_string\"}],\"inLanguage\":\"en-US\"},{\"@type\":\"Person\",\"@id\":\"https:\/\/www.imovelp.com.br\/blog\/#\/schema\/person\/8fb1cc29840aba4154ec6a52e70be40a\",\"name\":\"Marcos Monteiro\",\"image\":{\"@type\":\"ImageObject\",\"inLanguage\":\"en-US\",\"@id\":\"https:\/\/www.imovelp.com.br\/blog\/#\/schema\/person\/image\/\",\"url\":\"https:\/\/secure.gravatar.com\/avatar\/da25bf23c2e75965766176dcd3fc7564?s=96&d=mm&r=g\",\"contentUrl\":\"https:\/\/secure.gravatar.com\/avatar\/da25bf23c2e75965766176dcd3fc7564?s=96&d=mm&r=g\",\"caption\":\"Marcos Monteiro\"},\"url\":\"https:\/\/www.imovelp.com.br\/blog\/author\/redacao-imovelp\/\"}]}<\/script>\n<!-- \/ Yoast SEO plugin. -->","yoast_head_json":{"title":"S\u00e3o Paulo tem o Mercado Imobili\u00e1rio Mais Justo de 2024","description":"S\u00e3o Paulo tem o mercado imobili\u00e1rio mais acess\u00edvel entre 25 grandes cidades globais, com pre\u00e7os justos e baixo risco de bolha em 2024.","robots":{"index":"index","follow":"follow","max-snippet":"max-snippet:-1","max-image-preview":"max-image-preview:large","max-video-preview":"max-video-preview:-1"},"canonical":"https:\/\/www.imovelp.com.br\/blog\/sao-paulo-mercado-imobiliario-mais-justo-2024\/","og_locale":"en_US","og_type":"article","og_title":"S\u00e3o Paulo tem o Mercado Imobili\u00e1rio Mais Justo de 2024","og_description":"S\u00e3o Paulo tem o mercado imobili\u00e1rio mais acess\u00edvel entre 25 grandes cidades globais, com pre\u00e7os justos e baixo risco de bolha em 2024.","og_url":"https:\/\/www.imovelp.com.br\/blog\/sao-paulo-mercado-imobiliario-mais-justo-2024\/","og_site_name":"Jornal Im\u00f3velp","article_published_time":"2024-09-25T22:58:42+00:00","article_modified_time":"2024-09-25T23:37:38+00:00","og_image":[{"width":715,"height":402,"url":"https:\/\/www.imovelp.com.br\/blog\/wp-content\/uploads\/2024\/09\/Pictures-Anna-10-715x402-1.webp","type":"image\/webp"}],"author":"Marcos Monteiro","twitter_card":"summary_large_image","twitter_misc":{"Written by":"Marcos Monteiro","Est. reading time":"5 minutes"},"schema":{"@context":"https:\/\/schema.org","@graph":[{"@type":"WebPage","@id":"https:\/\/www.imovelp.com.br\/blog\/sao-paulo-mercado-imobiliario-mais-justo-2024\/","url":"https:\/\/www.imovelp.com.br\/blog\/sao-paulo-mercado-imobiliario-mais-justo-2024\/","name":"S\u00e3o Paulo tem o Mercado Imobili\u00e1rio Mais Justo de 2024","isPartOf":{"@id":"https:\/\/www.imovelp.com.br\/blog\/#website"},"datePublished":"2024-09-25T22:58:42+00:00","dateModified":"2024-09-25T23:37:38+00:00","author":{"@id":"https:\/\/www.imovelp.com.br\/blog\/#\/schema\/person\/8fb1cc29840aba4154ec6a52e70be40a"},"description":"S\u00e3o Paulo tem o mercado imobili\u00e1rio mais acess\u00edvel entre 25 grandes cidades globais, com pre\u00e7os justos e baixo risco de bolha em 2024.","breadcrumb":{"@id":"https:\/\/www.imovelp.com.br\/blog\/sao-paulo-mercado-imobiliario-mais-justo-2024\/#breadcrumb"},"inLanguage":"en-US","potentialAction":[{"@type":"ReadAction","target":["https:\/\/www.imovelp.com.br\/blog\/sao-paulo-mercado-imobiliario-mais-justo-2024\/"]}]},{"@type":"BreadcrumbList","@id":"https:\/\/www.imovelp.com.br\/blog\/sao-paulo-mercado-imobiliario-mais-justo-2024\/#breadcrumb","itemListElement":[{"@type":"ListItem","position":1,"name":"Home","item":"https:\/\/www.imovelp.com.br\/blog\/"},{"@type":"ListItem","position":2,"name":"S\u00e3o Paulo tem o mercado imobili\u00e1rio com o pre\u00e7o mais justo entre 25 grandes cidades do mundo"}]},{"@type":"WebSite","@id":"https:\/\/www.imovelp.com.br\/blog\/#website","url":"https:\/\/www.imovelp.com.br\/blog\/","name":"Jornal Im\u00f3velp","description":"Portal de Not\u00edcias do Corretor de Im\u00f3veis","potentialAction":[{"@type":"SearchAction","target":{"@type":"EntryPoint","urlTemplate":"https:\/\/www.imovelp.com.br\/blog\/?s={search_term_string}"},"query-input":"required name=search_term_string"}],"inLanguage":"en-US"},{"@type":"Person","@id":"https:\/\/www.imovelp.com.br\/blog\/#\/schema\/person\/8fb1cc29840aba4154ec6a52e70be40a","name":"Marcos Monteiro","image":{"@type":"ImageObject","inLanguage":"en-US","@id":"https:\/\/www.imovelp.com.br\/blog\/#\/schema\/person\/image\/","url":"https:\/\/secure.gravatar.com\/avatar\/da25bf23c2e75965766176dcd3fc7564?s=96&d=mm&r=g","contentUrl":"https:\/\/secure.gravatar.com\/avatar\/da25bf23c2e75965766176dcd3fc7564?s=96&d=mm&r=g","caption":"Marcos Monteiro"},"url":"https:\/\/www.imovelp.com.br\/blog\/author\/redacao-imovelp\/"}]}},"_links":{"self":[{"href":"https:\/\/www.imovelp.com.br\/blog\/wp-json\/wp\/v2\/posts\/2277"}],"collection":[{"href":"https:\/\/www.imovelp.com.br\/blog\/wp-json\/wp\/v2\/posts"}],"about":[{"href":"https:\/\/www.imovelp.com.br\/blog\/wp-json\/wp\/v2\/types\/post"}],"author":[{"embeddable":true,"href":"https:\/\/www.imovelp.com.br\/blog\/wp-json\/wp\/v2\/users\/2"}],"replies":[{"embeddable":true,"href":"https:\/\/www.imovelp.com.br\/blog\/wp-json\/wp\/v2\/comments?post=2277"}],"version-history":[{"count":9,"href":"https:\/\/www.imovelp.com.br\/blog\/wp-json\/wp\/v2\/posts\/2277\/revisions"}],"predecessor-version":[{"id":2288,"href":"https:\/\/www.imovelp.com.br\/blog\/wp-json\/wp\/v2\/posts\/2277\/revisions\/2288"}],"wp:featuredmedia":[{"embeddable":true,"href":"https:\/\/www.imovelp.com.br\/blog\/wp-json\/wp\/v2\/media\/2283"}],"wp:attachment":[{"href":"https:\/\/www.imovelp.com.br\/blog\/wp-json\/wp\/v2\/media?parent=2277"}],"wp:term":[{"taxonomy":"category","embeddable":true,"href":"https:\/\/www.imovelp.com.br\/blog\/wp-json\/wp\/v2\/categories?post=2277"},{"taxonomy":"post_tag","embeddable":true,"href":"https:\/\/www.imovelp.com.br\/blog\/wp-json\/wp\/v2\/tags?post=2277"}],"curies":[{"name":"wp","href":"https:\/\/api.w.org\/{rel}","templated":true}]}}