{"id":2257,"date":"2024-07-01T12:03:56","date_gmt":"2024-07-01T15:03:56","guid":{"rendered":"https:\/\/www.imovelp.com.br\/blog\/?p=2257"},"modified":"2024-08-01T10:12:38","modified_gmt":"2024-08-01T13:12:38","slug":"imovelp-rio-innovation-week-2024","status":"publish","type":"post","link":"https:\/\/www.imovelp.com.br\/blog\/imovelp-rio-innovation-week-2024\/","title":{"rendered":"Voc\u00ea est\u00e1 pronto para ver o futuro do mercado imobili\u00e1rio?"},"content":{"rendered":"\t\t<div data-elementor-type=\"wp-post\" data-elementor-id=\"2257\" class=\"elementor elementor-2257\">\n\t\t\t\t\t\t\t<div class=\"elementor-element elementor-element-669122e e-flex e-con-boxed e-con e-parent\" data-id=\"669122e\" data-element_type=\"container\" data-settings=\"{&quot;content_width&quot;:&quot;boxed&quot;}\" data-core-v316-plus=\"true\">\n\t\t\t\t\t<div class=\"e-con-inner\">\n\t\t\t\t<div class=\"elementor-element elementor-element-e050c83 elementor-widget elementor-widget-text-editor\" data-id=\"e050c83\" data-element_type=\"widget\" data-widget_type=\"text-editor.default\">\n\t\t\t\t<div class=\"elementor-widget-container\">\n\t\t\t<style>\/*! elementor - v3.17.0 - 25-10-2023 *\/\n.elementor-widget-text-editor.elementor-drop-cap-view-stacked .elementor-drop-cap{background-color:#69727d;color:#fff}.elementor-widget-text-editor.elementor-drop-cap-view-framed .elementor-drop-cap{color:#69727d;border:3px solid;background-color:transparent}.elementor-widget-text-editor:not(.elementor-drop-cap-view-default) .elementor-drop-cap{margin-top:8px}.elementor-widget-text-editor:not(.elementor-drop-cap-view-default) .elementor-drop-cap-letter{width:1em;height:1em}.elementor-widget-text-editor .elementor-drop-cap{float:left;text-align:center;line-height:1;font-size:50px}.elementor-widget-text-editor .elementor-drop-cap-letter{display:inline-block}<\/style>\t\t\t\t<p>Nos dias 13 a 16 de agosto de 2024, o P\u00eder Mau\u00e1, no Rio de Janeiro, se transformar\u00e1 no epicentro da inova\u00e7\u00e3o e tecnologia com a <a href=\"https:\/\/rioinnovationweek.com.br\"><strong>Rio Innovation Week 2024<\/strong><\/a>. Este \u00e9 o maior evento global de tecnologia e inova\u00e7\u00e3o do ano, e a Im\u00f3velp vai estar presente!<\/p>\t\t\t\t\t\t<\/div>\n\t\t\t\t<\/div>\n\t\t\t\t<div class=\"elementor-element elementor-element-3a51433 elementor-widget elementor-widget-image\" data-id=\"3a51433\" data-element_type=\"widget\" data-widget_type=\"image.default\">\n\t\t\t\t<div class=\"elementor-widget-container\">\n\t\t\t<style>\/*! elementor - v3.17.0 - 25-10-2023 *\/\n.elementor-widget-image{text-align:center}.elementor-widget-image a{display:inline-block}.elementor-widget-image a img[src$=\".svg\"]{width:48px}.elementor-widget-image img{vertical-align:middle;display:inline-block}<\/style>\t\t\t\t\t\t\t\t\t\t\t\t<img decoding=\"async\" loading=\"lazy\" width=\"900\" height=\"500\" src=\"https:\/\/www.imovelp.com.br\/blog\/wp-content\/uploads\/2024\/08\/rio-innovation-week-1.png\" class=\"attachment-large size-large wp-image-2259\" alt=\"\" srcset=\"https:\/\/www.imovelp.com.br\/blog\/wp-content\/uploads\/2024\/08\/rio-innovation-week-1.png 900w, https:\/\/www.imovelp.com.br\/blog\/wp-content\/uploads\/2024\/08\/rio-innovation-week-1-300x167.png 300w, https:\/\/www.imovelp.com.br\/blog\/wp-content\/uploads\/2024\/08\/rio-innovation-week-1-768x427.png 768w\" sizes=\"(max-width: 900px) 100vw, 900px\" \/>\t\t\t\t\t\t\t\t\t\t\t\t\t\t\t<\/div>\n\t\t\t\t<\/div>\n\t\t\t\t\t<\/div>\n\t\t\t\t<\/div>\n\t\t<div class=\"elementor-element elementor-element-2c5bdfb e-flex e-con-boxed e-con e-parent\" data-id=\"2c5bdfb\" data-element_type=\"container\" data-settings=\"{&quot;content_width&quot;:&quot;boxed&quot;}\" data-core-v316-plus=\"true\">\n\t\t\t\t\t<div class=\"e-con-inner\">\n\t\t\t\t<div class=\"elementor-element elementor-element-bd1d0d9 elementor-widget elementor-widget-text-editor\" data-id=\"bd1d0d9\" data-element_type=\"widget\" data-widget_type=\"text-editor.default\">\n\t\t\t\t<div class=\"elementor-widget-container\">\n\t\t\t\t\t\t\t<p>O que esperar do evento?<\/p><p>\ud83d\udd39 70.000m\u00b2 de pura inova\u00e7\u00e3o e conhecimento.<\/p><p>\ud83d\udd39 34 confer\u00eancias com mais de 2.500 palestrantes.<\/p><p>\ud83d\udd39 2.200 startups e incubadoras fomentando o avan\u00e7o dos neg\u00f3cios.<\/p><p>\ud83d\udd39 350 expositores apresentando as mais recentes inova\u00e7\u00f5es e solu\u00e7\u00f5es para diversos setores.<\/p>\t\t\t\t\t\t<\/div>\n\t\t\t\t<\/div>\n\t\t\t\t\t<\/div>\n\t\t\t\t<\/div>\n\t\t<div class=\"elementor-element elementor-element-9b53218 e-flex e-con-boxed e-con e-parent\" data-id=\"9b53218\" data-element_type=\"container\" data-settings=\"{&quot;content_width&quot;:&quot;boxed&quot;}\" data-core-v316-plus=\"true\">\n\t\t\t\t\t<div class=\"e-con-inner\">\n\t\t\t\t<div class=\"elementor-element elementor-element-8826da3 elementor-widget elementor-widget-text-editor\" data-id=\"8826da3\" data-element_type=\"widget\" data-widget_type=\"text-editor.default\">\n\t\t\t\t<div class=\"elementor-widget-container\">\n\t\t\t\t\t\t\t<p>A <a href=\"https:\/\/www.imovelp.com.br\">Im\u00f3velp<\/a> estar\u00e1 l\u00e1 para mostrar como estamos transformando o mercado imobili\u00e1rio. Conectamos propriet\u00e1rios e construtoras a corretores, criando novas oportunidades e solu\u00e7\u00f5es que fazem a diferen\u00e7a.<\/p>\t\t\t\t\t\t<\/div>\n\t\t\t\t<\/div>\n\t\t\t\t\t<\/div>\n\t\t\t\t<\/div>\n\t\t<div class=\"elementor-element elementor-element-d95c896 e-flex e-con-boxed e-con e-parent\" data-id=\"d95c896\" data-element_type=\"container\" data-settings=\"{&quot;content_width&quot;:&quot;boxed&quot;}\" data-core-v316-plus=\"true\">\n\t\t\t\t\t<div class=\"e-con-inner\">\n\t\t\t\t<div class=\"elementor-element elementor-element-33f7df0 elementor-widget elementor-widget-text-editor\" data-id=\"33f7df0\" data-element_type=\"widget\" data-widget_type=\"text-editor.default\">\n\t\t\t\t<div class=\"elementor-widget-container\">\n\t\t\t\t\t\t\t<p>&#8220;\u00c9 uma grande honra participar do Rio Innovation Week 2024 junto \u00e0 100 Open Startups, mostrando como estamos revolucionando o mercado imobili\u00e1rio ao conectar propriet\u00e1rios e construtoras a corretores independentes.&#8221; &#8211; <strong>Renato Orfaly, CEO e Founder da Im\u00f3velp<\/strong><\/p>\t\t\t\t\t\t<\/div>\n\t\t\t\t<\/div>\n\t\t\t\t\t<\/div>\n\t\t\t\t<\/div>\n\t\t<div class=\"elementor-element elementor-element-6560126 e-flex e-con-boxed e-con e-parent\" data-id=\"6560126\" data-element_type=\"container\" data-settings=\"{&quot;content_width&quot;:&quot;boxed&quot;}\" data-core-v316-plus=\"true\">\n\t\t\t\t\t<div class=\"e-con-inner\">\n\t\t\t\t<div class=\"elementor-element elementor-element-2c9a786 elementor-widget elementor-widget-text-editor\" data-id=\"2c9a786\" data-element_type=\"widget\" data-widget_type=\"text-editor.default\">\n\t\t\t\t<div class=\"elementor-widget-container\">\n\t\t\t\t\t\t\t<p>Venha nos visitar e veja em primeira m\u00e3o como estamos criando novas oportunidades no mercado imobili\u00e1rio.<\/p>\t\t\t\t\t\t<\/div>\n\t\t\t\t<\/div>\n\t\t\t\t\t<\/div>\n\t\t\t\t<\/div>\n\t\t<div class=\"elementor-element elementor-element-e9eb30a e-flex e-con-boxed e-con e-parent\" data-id=\"e9eb30a\" data-element_type=\"container\" data-settings=\"{&quot;content_width&quot;:&quot;boxed&quot;}\" data-core-v316-plus=\"true\">\n\t\t\t\t\t<div class=\"e-con-inner\">\n\t\t\t\t<div class=\"elementor-element elementor-element-85fbcdd elementor-widget elementor-widget-text-editor\" data-id=\"85fbcdd\" data-element_type=\"widget\" data-widget_type=\"text-editor.default\">\n\t\t\t\t<div class=\"elementor-widget-container\">\n\t\t\t\t\t\t\t<p>\ud83d\udcc5 13 a 16 de agosto de 2024<br \/>\ud83d\udccd P\u00eder Mau\u00e1, Rio de Janeiro<\/p>\t\t\t\t\t\t<\/div>\n\t\t\t\t<\/div>\n\t\t\t\t\t<\/div>\n\t\t\t\t<\/div>\n\t\t\t\t\t\t\t<\/div>\n\t\t","protected":false},"excerpt":{"rendered":"<p>Nos dias 13 a 16 de agosto de 2024, o P\u00eder Mau\u00e1, no Rio de Janeiro, se transformar\u00e1 no epicentro da inova\u00e7\u00e3o e tecnologia com a Rio Innovation Week 2024.&hellip; <\/p>\n","protected":false},"author":2,"featured_media":2259,"comment_status":"open","ping_status":"open","sticky":false,"template":"","format":"standard","meta":{"footnotes":""},"categories":[9,5,7,10],"tags":[141,18,77,145,13,143,139,144,140,142],"yoast_head":"<!-- This site is optimized with the Yoast SEO plugin v21.5 - https:\/\/yoast.com\/wordpress\/plugins\/seo\/ -->\n<title>Im\u00f3velp no Rio Innovation Week 2024<\/title>\n<meta name=\"description\" content=\"Venha conhecer as inova\u00e7\u00f5es e oportunidades apresentadas por nossa equipe e conecte-se com o futuro do setor imobili\u00e1rio.\" \/>\n<meta name=\"robots\" content=\"index, follow, max-snippet:-1, max-image-preview:large, max-video-preview:-1\" \/>\n<link rel=\"canonical\" href=\"https:\/\/www.imovelp.com.br\/blog\/imovelp-rio-innovation-week-2024\/\" \/>\n<meta property=\"og:locale\" content=\"en_US\" \/>\n<meta property=\"og:type\" content=\"article\" \/>\n<meta property=\"og:title\" content=\"Im\u00f3velp no Rio Innovation Week 2024\" \/>\n<meta property=\"og:description\" content=\"Venha conhecer as inova\u00e7\u00f5es e oportunidades apresentadas por nossa equipe e conecte-se com o futuro do setor imobili\u00e1rio.\" \/>\n<meta property=\"og:url\" content=\"https:\/\/www.imovelp.com.br\/blog\/imovelp-rio-innovation-week-2024\/\" \/>\n<meta property=\"og:site_name\" content=\"Jornal Im\u00f3velp\" \/>\n<meta property=\"article:published_time\" content=\"2024-07-01T15:03:56+00:00\" \/>\n<meta property=\"article:modified_time\" content=\"2024-08-01T13:12:38+00:00\" \/>\n<meta property=\"og:image\" content=\"https:\/\/www.imovelp.com.br\/blog\/wp-content\/uploads\/2024\/08\/rio-innovation-week-1.png\" \/>\n\t<meta property=\"og:image:width\" content=\"900\" \/>\n\t<meta property=\"og:image:height\" content=\"500\" \/>\n\t<meta property=\"og:image:type\" content=\"image\/png\" \/>\n<meta name=\"author\" content=\"Marcos Monteiro\" \/>\n<meta name=\"twitter:card\" content=\"summary_large_image\" \/>\n<meta name=\"twitter:label1\" content=\"Written by\" \/>\n\t<meta name=\"twitter:data1\" content=\"Marcos Monteiro\" \/>\n\t<meta name=\"twitter:label2\" content=\"Est. reading time\" \/>\n\t<meta name=\"twitter:data2\" content=\"2 minutes\" \/>\n<script type=\"application\/ld+json\" class=\"yoast-schema-graph\">{\"@context\":\"https:\/\/schema.org\",\"@graph\":[{\"@type\":\"WebPage\",\"@id\":\"https:\/\/www.imovelp.com.br\/blog\/imovelp-rio-innovation-week-2024\/\",\"url\":\"https:\/\/www.imovelp.com.br\/blog\/imovelp-rio-innovation-week-2024\/\",\"name\":\"Im\u00f3velp no Rio Innovation Week 2024\",\"isPartOf\":{\"@id\":\"https:\/\/www.imovelp.com.br\/blog\/#website\"},\"datePublished\":\"2024-07-01T15:03:56+00:00\",\"dateModified\":\"2024-08-01T13:12:38+00:00\",\"author\":{\"@id\":\"https:\/\/www.imovelp.com.br\/blog\/#\/schema\/person\/8fb1cc29840aba4154ec6a52e70be40a\"},\"description\":\"Venha conhecer as inova\u00e7\u00f5es e oportunidades apresentadas por nossa equipe e conecte-se com o futuro do setor imobili\u00e1rio.\",\"breadcrumb\":{\"@id\":\"https:\/\/www.imovelp.com.br\/blog\/imovelp-rio-innovation-week-2024\/#breadcrumb\"},\"inLanguage\":\"en-US\",\"potentialAction\":[{\"@type\":\"ReadAction\",\"target\":[\"https:\/\/www.imovelp.com.br\/blog\/imovelp-rio-innovation-week-2024\/\"]}]},{\"@type\":\"BreadcrumbList\",\"@id\":\"https:\/\/www.imovelp.com.br\/blog\/imovelp-rio-innovation-week-2024\/#breadcrumb\",\"itemListElement\":[{\"@type\":\"ListItem\",\"position\":1,\"name\":\"Home\",\"item\":\"https:\/\/www.imovelp.com.br\/blog\/\"},{\"@type\":\"ListItem\",\"position\":2,\"name\":\"Voc\u00ea est\u00e1 pronto para ver o futuro do mercado imobili\u00e1rio?\"}]},{\"@type\":\"WebSite\",\"@id\":\"https:\/\/www.imovelp.com.br\/blog\/#website\",\"url\":\"https:\/\/www.imovelp.com.br\/blog\/\",\"name\":\"Jornal Im\u00f3velp\",\"description\":\"Portal de Not\u00edcias do Corretor de Im\u00f3veis\",\"potentialAction\":[{\"@type\":\"SearchAction\",\"target\":{\"@type\":\"EntryPoint\",\"urlTemplate\":\"https:\/\/www.imovelp.com.br\/blog\/?s={search_term_string}\"},\"query-input\":\"required name=search_term_string\"}],\"inLanguage\":\"en-US\"},{\"@type\":\"Person\",\"@id\":\"https:\/\/www.imovelp.com.br\/blog\/#\/schema\/person\/8fb1cc29840aba4154ec6a52e70be40a\",\"name\":\"Marcos Monteiro\",\"image\":{\"@type\":\"ImageObject\",\"inLanguage\":\"en-US\",\"@id\":\"https:\/\/www.imovelp.com.br\/blog\/#\/schema\/person\/image\/\",\"url\":\"https:\/\/secure.gravatar.com\/avatar\/da25bf23c2e75965766176dcd3fc7564?s=96&d=mm&r=g\",\"contentUrl\":\"https:\/\/secure.gravatar.com\/avatar\/da25bf23c2e75965766176dcd3fc7564?s=96&d=mm&r=g\",\"caption\":\"Marcos Monteiro\"},\"url\":\"https:\/\/www.imovelp.com.br\/blog\/author\/redacao-imovelp\/\"}]}<\/script>\n<!-- \/ Yoast SEO plugin. -->","yoast_head_json":{"title":"Im\u00f3velp no Rio Innovation Week 2024","description":"Venha conhecer as inova\u00e7\u00f5es e oportunidades apresentadas por nossa equipe e conecte-se com o futuro do setor imobili\u00e1rio.","robots":{"index":"index","follow":"follow","max-snippet":"max-snippet:-1","max-image-preview":"max-image-preview:large","max-video-preview":"max-video-preview:-1"},"canonical":"https:\/\/www.imovelp.com.br\/blog\/imovelp-rio-innovation-week-2024\/","og_locale":"en_US","og_type":"article","og_title":"Im\u00f3velp no Rio Innovation Week 2024","og_description":"Venha conhecer as inova\u00e7\u00f5es e oportunidades apresentadas por nossa equipe e conecte-se com o futuro do setor imobili\u00e1rio.","og_url":"https:\/\/www.imovelp.com.br\/blog\/imovelp-rio-innovation-week-2024\/","og_site_name":"Jornal Im\u00f3velp","article_published_time":"2024-07-01T15:03:56+00:00","article_modified_time":"2024-08-01T13:12:38+00:00","og_image":[{"width":900,"height":500,"url":"https:\/\/www.imovelp.com.br\/blog\/wp-content\/uploads\/2024\/08\/rio-innovation-week-1.png","type":"image\/png"}],"author":"Marcos Monteiro","twitter_card":"summary_large_image","twitter_misc":{"Written by":"Marcos Monteiro","Est. reading time":"2 minutes"},"schema":{"@context":"https:\/\/schema.org","@graph":[{"@type":"WebPage","@id":"https:\/\/www.imovelp.com.br\/blog\/imovelp-rio-innovation-week-2024\/","url":"https:\/\/www.imovelp.com.br\/blog\/imovelp-rio-innovation-week-2024\/","name":"Im\u00f3velp no Rio Innovation Week 2024","isPartOf":{"@id":"https:\/\/www.imovelp.com.br\/blog\/#website"},"datePublished":"2024-07-01T15:03:56+00:00","dateModified":"2024-08-01T13:12:38+00:00","author":{"@id":"https:\/\/www.imovelp.com.br\/blog\/#\/schema\/person\/8fb1cc29840aba4154ec6a52e70be40a"},"description":"Venha conhecer as inova\u00e7\u00f5es e oportunidades apresentadas por nossa equipe e conecte-se com o futuro do setor imobili\u00e1rio.","breadcrumb":{"@id":"https:\/\/www.imovelp.com.br\/blog\/imovelp-rio-innovation-week-2024\/#breadcrumb"},"inLanguage":"en-US","potentialAction":[{"@type":"ReadAction","target":["https:\/\/www.imovelp.com.br\/blog\/imovelp-rio-innovation-week-2024\/"]}]},{"@type":"BreadcrumbList","@id":"https:\/\/www.imovelp.com.br\/blog\/imovelp-rio-innovation-week-2024\/#breadcrumb","itemListElement":[{"@type":"ListItem","position":1,"name":"Home","item":"https:\/\/www.imovelp.com.br\/blog\/"},{"@type":"ListItem","position":2,"name":"Voc\u00ea est\u00e1 pronto para ver o futuro do mercado imobili\u00e1rio?"}]},{"@type":"WebSite","@id":"https:\/\/www.imovelp.com.br\/blog\/#website","url":"https:\/\/www.imovelp.com.br\/blog\/","name":"Jornal Im\u00f3velp","description":"Portal de Not\u00edcias do Corretor de Im\u00f3veis","potentialAction":[{"@type":"SearchAction","target":{"@type":"EntryPoint","urlTemplate":"https:\/\/www.imovelp.com.br\/blog\/?s={search_term_string}"},"query-input":"required name=search_term_string"}],"inLanguage":"en-US"},{"@type":"Person","@id":"https:\/\/www.imovelp.com.br\/blog\/#\/schema\/person\/8fb1cc29840aba4154ec6a52e70be40a","name":"Marcos Monteiro","image":{"@type":"ImageObject","inLanguage":"en-US","@id":"https:\/\/www.imovelp.com.br\/blog\/#\/schema\/person\/image\/","url":"https:\/\/secure.gravatar.com\/avatar\/da25bf23c2e75965766176dcd3fc7564?s=96&d=mm&r=g","contentUrl":"https:\/\/secure.gravatar.com\/avatar\/da25bf23c2e75965766176dcd3fc7564?s=96&d=mm&r=g","caption":"Marcos Monteiro"},"url":"https:\/\/www.imovelp.com.br\/blog\/author\/redacao-imovelp\/"}]}},"_links":{"self":[{"href":"https:\/\/www.imovelp.com.br\/blog\/wp-json\/wp\/v2\/posts\/2257"}],"collection":[{"href":"https:\/\/www.imovelp.com.br\/blog\/wp-json\/wp\/v2\/posts"}],"about":[{"href":"https:\/\/www.imovelp.com.br\/blog\/wp-json\/wp\/v2\/types\/post"}],"author":[{"embeddable":true,"href":"https:\/\/www.imovelp.com.br\/blog\/wp-json\/wp\/v2\/users\/2"}],"replies":[{"embeddable":true,"href":"https:\/\/www.imovelp.com.br\/blog\/wp-json\/wp\/v2\/comments?post=2257"}],"version-history":[{"count":6,"href":"https:\/\/www.imovelp.com.br\/blog\/wp-json\/wp\/v2\/posts\/2257\/revisions"}],"predecessor-version":[{"id":2264,"href":"https:\/\/www.imovelp.com.br\/blog\/wp-json\/wp\/v2\/posts\/2257\/revisions\/2264"}],"wp:featuredmedia":[{"embeddable":true,"href":"https:\/\/www.imovelp.com.br\/blog\/wp-json\/wp\/v2\/media\/2259"}],"wp:attachment":[{"href":"https:\/\/www.imovelp.com.br\/blog\/wp-json\/wp\/v2\/media?parent=2257"}],"wp:term":[{"taxonomy":"category","embeddable":true,"href":"https:\/\/www.imovelp.com.br\/blog\/wp-json\/wp\/v2\/categories?post=2257"},{"taxonomy":"post_tag","embeddable":true,"href":"https:\/\/www.imovelp.com.br\/blog\/wp-json\/wp\/v2\/tags?post=2257"}],"curies":[{"name":"wp","href":"https:\/\/api.w.org\/{rel}","templated":true}]}}