{"id":2217,"date":"2024-06-07T08:16:53","date_gmt":"2024-06-07T11:16:53","guid":{"rendered":"https:\/\/www.imovelp.com.br\/blog\/?p=2217"},"modified":"2024-06-07T08:22:52","modified_gmt":"2024-06-07T11:22:52","slug":"apartamentos-compactos-mais-caros-m2","status":"publish","type":"post","link":"https:\/\/www.imovelp.com.br\/blog\/apartamentos-compactos-mais-caros-m2\/","title":{"rendered":"Apartamentos Compactos T\u00eam o m\u00b2 Mais Caro"},"content":{"rendered":"\t\t<div data-elementor-type=\"wp-post\" data-elementor-id=\"2217\" class=\"elementor elementor-2217\">\n\t\t\t\t\t\t\t<div class=\"elementor-element elementor-element-06c7196 e-flex e-con-boxed e-con e-parent\" data-id=\"06c7196\" data-element_type=\"container\" data-settings=\"{&quot;content_width&quot;:&quot;boxed&quot;}\" data-core-v316-plus=\"true\">\n\t\t\t\t\t<div class=\"e-con-inner\">\n\t\t\t\t<div class=\"elementor-element elementor-element-aa6c15f elementor-widget elementor-widget-text-editor\" data-id=\"aa6c15f\" data-element_type=\"widget\" data-widget_type=\"text-editor.default\">\n\t\t\t\t<div class=\"elementor-widget-container\">\n\t\t\t<style>\/*! elementor - v3.17.0 - 25-10-2023 *\/\n.elementor-widget-text-editor.elementor-drop-cap-view-stacked .elementor-drop-cap{background-color:#69727d;color:#fff}.elementor-widget-text-editor.elementor-drop-cap-view-framed .elementor-drop-cap{color:#69727d;border:3px solid;background-color:transparent}.elementor-widget-text-editor:not(.elementor-drop-cap-view-default) .elementor-drop-cap{margin-top:8px}.elementor-widget-text-editor:not(.elementor-drop-cap-view-default) .elementor-drop-cap-letter{width:1em;height:1em}.elementor-widget-text-editor .elementor-drop-cap{float:left;text-align:center;line-height:1;font-size:50px}.elementor-widget-text-editor .elementor-drop-cap-letter{display:inline-block}<\/style>\t\t\t\t<p>O mercado imobili\u00e1rio brasileiro tem apresentado um aumento significativo nos pre\u00e7os dos im\u00f3veis residenciais, especialmente os apartamentos compactos. Segundo o \u00cdndice FipeZAP, que monitora mensalmente o comportamento dos pre\u00e7os em 50 cidades brasileiras, houve um aumento de 0,74% nos pre\u00e7os de venda em maio, impulsionado principalmente pelos apartamentos de um dormit\u00f3rio.<\/p>\t\t\t\t\t\t<\/div>\n\t\t\t\t<\/div>\n\t\t\t\t\t<\/div>\n\t\t\t\t<\/div>\n\t\t<div class=\"elementor-element elementor-element-3992342 e-flex e-con-boxed e-con e-parent\" data-id=\"3992342\" data-element_type=\"container\" data-settings=\"{&quot;content_width&quot;:&quot;boxed&quot;}\" data-core-v316-plus=\"true\">\n\t\t\t\t\t<div class=\"e-con-inner\">\n\t\t\t\t<div class=\"elementor-element elementor-element-2c31184 elementor-widget elementor-widget-text-editor\" data-id=\"2c31184\" data-element_type=\"widget\" data-widget_type=\"text-editor.default\">\n\t\t\t\t<div class=\"elementor-widget-container\">\n\t\t\t\t\t\t\t<p>Os apartamentos compactos, com at\u00e9 um dormit\u00f3rio, registraram um aumento de 0,89% no pre\u00e7o por metro quadrado, atingindo uma m\u00e9dia de R$ 10,6 mil\/m\u00b2. Este valor \u00e9 superior ao dos apartamentos de dois dormit\u00f3rios (R$ 8,05 mil\/m\u00b2), tr\u00eas dormit\u00f3rios (R$ 8,7 mil\/m\u00b2) e quatro ou mais dormit\u00f3rios (R$ 10,2 mil\/m\u00b2).<\/p>\t\t\t\t\t\t<\/div>\n\t\t\t\t<\/div>\n\t\t\t\t<div class=\"elementor-element elementor-element-d9df143 elementor-widget elementor-widget-image\" data-id=\"d9df143\" data-element_type=\"widget\" data-widget_type=\"image.default\">\n\t\t\t\t<div class=\"elementor-widget-container\">\n\t\t\t<style>\/*! elementor - v3.17.0 - 25-10-2023 *\/\n.elementor-widget-image{text-align:center}.elementor-widget-image a{display:inline-block}.elementor-widget-image a img[src$=\".svg\"]{width:48px}.elementor-widget-image img{vertical-align:middle;display:inline-block}<\/style>\t\t\t\t\t\t\t\t\t\t\t\t<img decoding=\"async\" loading=\"lazy\" width=\"750\" height=\"500\" src=\"https:\/\/www.imovelp.com.br\/blog\/wp-content\/uploads\/2024\/06\/GettyImages-1632062517.webp\" class=\"attachment-large size-large wp-image-2218\" alt=\"Apartamentos compactos s\u00e3o mais caros que unidades maiores (Diana Robinson\/Getty Images)\" srcset=\"https:\/\/www.imovelp.com.br\/blog\/wp-content\/uploads\/2024\/06\/GettyImages-1632062517.webp 750w, https:\/\/www.imovelp.com.br\/blog\/wp-content\/uploads\/2024\/06\/GettyImages-1632062517-300x200.webp 300w\" sizes=\"(max-width: 750px) 100vw, 750px\" \/>\t\t\t\t\t\t\t\t\t\t\t\t\t\t\t<\/div>\n\t\t\t\t<\/div>\n\t\t\t\t\t<\/div>\n\t\t\t\t<\/div>\n\t\t<div class=\"elementor-element elementor-element-b0eab02 e-flex e-con-boxed e-con e-parent\" data-id=\"b0eab02\" data-element_type=\"container\" data-settings=\"{&quot;content_width&quot;:&quot;boxed&quot;}\" data-core-v316-plus=\"true\">\n\t\t\t\t\t<div class=\"e-con-inner\">\n\t\t\t\t<div class=\"elementor-element elementor-element-ed71778 elementor-widget elementor-widget-heading\" data-id=\"ed71778\" data-element_type=\"widget\" data-widget_type=\"heading.default\">\n\t\t\t\t<div class=\"elementor-widget-container\">\n\t\t\t<style>\/*! elementor - v3.17.0 - 25-10-2023 *\/\n.elementor-heading-title{padding:0;margin:0;line-height:1}.elementor-widget-heading .elementor-heading-title[class*=elementor-size-]>a{color:inherit;font-size:inherit;line-height:inherit}.elementor-widget-heading .elementor-heading-title.elementor-size-small{font-size:15px}.elementor-widget-heading .elementor-heading-title.elementor-size-medium{font-size:19px}.elementor-widget-heading .elementor-heading-title.elementor-size-large{font-size:29px}.elementor-widget-heading .elementor-heading-title.elementor-size-xl{font-size:39px}.elementor-widget-heading .elementor-heading-title.elementor-size-xxl{font-size:59px}<\/style><h2 class=\"elementor-heading-title elementor-size-default\">A Influ\u00eancia da Urbaniza\u00e7\u00e3o<\/h2>\t\t<\/div>\n\t\t\t\t<\/div>\n\t\t\t\t\t<\/div>\n\t\t\t\t<\/div>\n\t\t<div class=\"elementor-element elementor-element-38887b7 e-flex e-con-boxed e-con e-parent\" data-id=\"38887b7\" data-element_type=\"container\" data-settings=\"{&quot;content_width&quot;:&quot;boxed&quot;}\" data-core-v316-plus=\"true\">\n\t\t\t\t\t<div class=\"e-con-inner\">\n\t\t\t\t<div class=\"elementor-element elementor-element-7746c70 elementor-widget elementor-widget-text-editor\" data-id=\"7746c70\" data-element_type=\"widget\" data-widget_type=\"text-editor.default\">\n\t\t\t\t<div class=\"elementor-widget-container\">\n\t\t\t\t\t\t\t<p>Desde a d\u00e9cada de 1980, a crescente urbaniza\u00e7\u00e3o resultou em \u00e1reas densamente povoadas, levando \u00e0 cria\u00e7\u00e3o de im\u00f3veis compactos, geralmente com at\u00e9 45 m\u00b2 e um dormit\u00f3rio, localizados em \u00e1reas valorizadas. Paula Reis, economista do DataZAP, explica que, apesar de terem um custo total mais acess\u00edvel, esses im\u00f3veis apresentam um pre\u00e7o por metro quadrado mais alto devido \u00e0 localiza\u00e7\u00e3o em bairros com infraestrutura de transportes, servi\u00e7os e com\u00e9rcio.<\/p>\t\t\t\t\t\t<\/div>\n\t\t\t\t<\/div>\n\t\t\t\t\t<\/div>\n\t\t\t\t<\/div>\n\t\t<div class=\"elementor-element elementor-element-d7e407b e-flex e-con-boxed e-con e-parent\" data-id=\"d7e407b\" data-element_type=\"container\" data-settings=\"{&quot;content_width&quot;:&quot;boxed&quot;}\" data-core-v316-plus=\"true\">\n\t\t\t\t\t<div class=\"e-con-inner\">\n\t\t\t\t<div class=\"elementor-element elementor-element-7982900 elementor-widget elementor-widget-heading\" data-id=\"7982900\" data-element_type=\"widget\" data-widget_type=\"heading.default\">\n\t\t\t\t<div class=\"elementor-widget-container\">\n\t\t\t<h2 class=\"elementor-heading-title elementor-size-default\">Vantagens para Investidores\n<\/h2>\t\t<\/div>\n\t\t\t\t<\/div>\n\t\t\t\t\t<\/div>\n\t\t\t\t<\/div>\n\t\t<div class=\"elementor-element elementor-element-2ccaad3 e-flex e-con-boxed e-con e-parent\" data-id=\"2ccaad3\" data-element_type=\"container\" data-settings=\"{&quot;content_width&quot;:&quot;boxed&quot;}\" data-core-v316-plus=\"true\">\n\t\t\t\t\t<div class=\"e-con-inner\">\n\t\t\t\t<div class=\"elementor-element elementor-element-2ea942f elementor-widget elementor-widget-text-editor\" data-id=\"2ea942f\" data-element_type=\"widget\" data-widget_type=\"text-editor.default\">\n\t\t\t\t<div class=\"elementor-widget-container\">\n\t\t\t\t\t\t\t<p>Para investidores, os apartamentos compactos s\u00e3o uma op\u00e7\u00e3o atraente. Dados de abril de 2024 mostram que o retorno m\u00e9dio do aluguel desses im\u00f3veis foi de 6,57% ao ano, acima da taxa de juros real, que ficou em 6,41%. Esse rendimento superior faz dos compactos uma excelente escolha para quem busca rentabilidade no mercado imobili\u00e1rio.<\/p>\t\t\t\t\t\t<\/div>\n\t\t\t\t<\/div>\n\t\t\t\t\t<\/div>\n\t\t\t\t<\/div>\n\t\t<div class=\"elementor-element elementor-element-5c9fe2e e-flex e-con-boxed e-con e-parent\" data-id=\"5c9fe2e\" data-element_type=\"container\" data-settings=\"{&quot;content_width&quot;:&quot;boxed&quot;}\" data-core-v316-plus=\"true\">\n\t\t\t\t\t<div class=\"e-con-inner\">\n\t\t\t\t<div class=\"elementor-element elementor-element-949cb2d elementor-widget elementor-widget-heading\" data-id=\"949cb2d\" data-element_type=\"widget\" data-widget_type=\"heading.default\">\n\t\t\t\t<div class=\"elementor-widget-container\">\n\t\t\t<h2 class=\"elementor-heading-title elementor-size-default\">Onde os Pre\u00e7os Mais Subiram?<\/h2>\t\t<\/div>\n\t\t\t\t<\/div>\n\t\t\t\t\t<\/div>\n\t\t\t\t<\/div>\n\t\t<div class=\"elementor-element elementor-element-00a14a5 e-flex e-con-boxed e-con e-parent\" data-id=\"00a14a5\" data-element_type=\"container\" data-settings=\"{&quot;content_width&quot;:&quot;boxed&quot;}\" data-core-v316-plus=\"true\">\n\t\t\t\t\t<div class=\"e-con-inner\">\n\t\t\t\t<div class=\"elementor-element elementor-element-a961d78 elementor-widget elementor-widget-text-editor\" data-id=\"a961d78\" data-element_type=\"widget\" data-widget_type=\"text-editor.default\">\n\t\t\t\t<div class=\"elementor-widget-container\">\n\t\t\t\t\t\t\t<p>O levantamento do \u00cdndice FipeZAP mostrou que os pre\u00e7os de venda subiram em 47 das 50 cidades monitoradas. Entre as capitais, Curitiba (PR) liderou com um aumento de 1,88%. Outras capitais que se destacaram incluem Goi\u00e2nia (1,47%), Macei\u00f3 (1,27%), e Salvador (1,18%).<\/p>\t\t\t\t\t\t<\/div>\n\t\t\t\t<\/div>\n\t\t\t\t\t<\/div>\n\t\t\t\t<\/div>\n\t\t<div class=\"elementor-element elementor-element-5101083 e-flex e-con-boxed e-con e-parent\" data-id=\"5101083\" data-element_type=\"container\" data-settings=\"{&quot;content_width&quot;:&quot;boxed&quot;}\" data-core-v316-plus=\"true\">\n\t\t\t\t\t<div class=\"e-con-inner\">\n\t\t\t\t<div class=\"elementor-element elementor-element-81f2491 elementor-widget elementor-widget-text-editor\" data-id=\"81f2491\" data-element_type=\"widget\" data-widget_type=\"text-editor.default\">\n\t\t\t\t<div class=\"elementor-widget-container\">\n\t\t\t\t\t\t\t<p>Apesar do aumento cont\u00ednuo em Curitiba, Paula Reis alerta que a tend\u00eancia pode mudar. A redu\u00e7\u00e3o do ritmo de cortes da Selic e o desaquecimento do mercado de trabalho na regi\u00e3o podem diminuir a demanda por im\u00f3veis verticais, impactando os pre\u00e7os de venda.<\/p>\t\t\t\t\t\t<\/div>\n\t\t\t\t<\/div>\n\t\t\t\t\t<\/div>\n\t\t\t\t<\/div>\n\t\t<div class=\"elementor-element elementor-element-633fa2d e-flex e-con-boxed e-con e-parent\" data-id=\"633fa2d\" data-element_type=\"container\" data-settings=\"{&quot;content_width&quot;:&quot;boxed&quot;}\" data-core-v316-plus=\"true\">\n\t\t\t\t\t<div class=\"e-con-inner\">\n\t\t\t\t<div class=\"elementor-element elementor-element-cd82acb elementor-widget elementor-widget-text-editor\" data-id=\"cd82acb\" data-element_type=\"widget\" data-widget_type=\"text-editor.default\">\n\t\t\t\t<div class=\"elementor-widget-container\">\n\t\t\t\t\t\t\t<p>Veja a lista das varia\u00e7\u00f5es entre as capitais:<\/p><ul><li>Curitiba\/PR (+1,88%)<\/li><li>Goi\u00e2nia\/GO (+1,47%)<\/li><li>Macei\u00f3\/AL (+1,27%)<\/li><li>Salvador\/BA (+1,18%)<\/li><li>Florian\u00f3polis\/SC (+1,05%)<\/li><li>Belo Horizonte\/MG (+0,98%)<\/li><li>Vit\u00f3ria\/ES (+0,94%)<\/li><li>Jo\u00e3o Pessoa\/PB (+0,92%)<\/li><li>S\u00e3o Paulo\/SP (+0,72%)<\/li><li>Porto Alegre\/RS (+0,65%)<\/li><li>Recife\/PE (+0,60%)<\/li><li>Fortaleza\/CE (+0,59%)<\/li><li>Bras\u00edlia\/DF (+0,52%)<\/li><li>Manaus\/AM (+0,38%)<\/li><li>Rio de Janeiro\/RJ (+0,29%)<\/li><\/ul><p>Cidades como Campo Grande, Canoas e Santa Maria registraram quedas nos pre\u00e7os de venda.<\/p>\t\t\t\t\t\t<\/div>\n\t\t\t\t<\/div>\n\t\t\t\t\t<\/div>\n\t\t\t\t<\/div>\n\t\t<div class=\"elementor-element elementor-element-c0efd8a e-flex e-con-boxed e-con e-parent\" data-id=\"c0efd8a\" data-element_type=\"container\" data-settings=\"{&quot;content_width&quot;:&quot;boxed&quot;}\" data-core-v316-plus=\"true\">\n\t\t\t\t\t<div class=\"e-con-inner\">\n\t\t\t\t<div class=\"elementor-element elementor-element-5ab22be elementor-widget elementor-widget-heading\" data-id=\"5ab22be\" data-element_type=\"widget\" data-widget_type=\"heading.default\">\n\t\t\t\t<div class=\"elementor-widget-container\">\n\t\t\t<h2 class=\"elementor-heading-title elementor-size-default\">Metodologia do \u00cdndice FipeZAP<\/h2>\t\t<\/div>\n\t\t\t\t<\/div>\n\t\t\t\t\t<\/div>\n\t\t\t\t<\/div>\n\t\t<div class=\"elementor-element elementor-element-bf16c1a e-flex e-con-boxed e-con e-parent\" data-id=\"bf16c1a\" data-element_type=\"container\" data-settings=\"{&quot;content_width&quot;:&quot;boxed&quot;}\" data-core-v316-plus=\"true\">\n\t\t\t\t\t<div class=\"e-con-inner\">\n\t\t\t\t<div class=\"elementor-element elementor-element-de15a79 elementor-widget elementor-widget-text-editor\" data-id=\"de15a79\" data-element_type=\"widget\" data-widget_type=\"text-editor.default\">\n\t\t\t\t<div class=\"elementor-widget-container\">\n\t\t\t\t\t\t\t<p>O \u00cdndice FipeZAP \u00e9 um indicador de pre\u00e7os de im\u00f3veis residenciais e comerciais, calculado pela Fipe com base em an\u00fancios de venda e loca\u00e7\u00e3o nos portais ZAP (VivaReal e Zap Im\u00f3veis). Para o segmento residencial, s\u00e3o analisados an\u00fancios de apartamentos prontos em at\u00e9 50 cidades. No segmento comercial, o \u00edndice considera salas e conjuntos comerciais de at\u00e9 200 m\u00b2 em 10 cidades.<\/p>\t\t\t\t\t\t<\/div>\n\t\t\t\t<\/div>\n\t\t\t\t\t<\/div>\n\t\t\t\t<\/div>\n\t\t<div class=\"elementor-element elementor-element-d8a46bc e-flex e-con-boxed e-con e-parent\" data-id=\"d8a46bc\" data-element_type=\"container\" data-settings=\"{&quot;content_width&quot;:&quot;boxed&quot;}\" data-core-v316-plus=\"true\">\n\t\t\t\t\t<div class=\"e-con-inner\">\n\t\t\t\t<div class=\"elementor-element elementor-element-c1d0ce3 elementor-widget elementor-widget-heading\" data-id=\"c1d0ce3\" data-element_type=\"widget\" data-widget_type=\"heading.default\">\n\t\t\t\t<div class=\"elementor-widget-container\">\n\t\t\t<h2 class=\"elementor-heading-title elementor-size-default\">Conclus\u00e3o<\/h2>\t\t<\/div>\n\t\t\t\t<\/div>\n\t\t\t\t\t<\/div>\n\t\t\t\t<\/div>\n\t\t<div class=\"elementor-element elementor-element-912fa09 e-flex e-con-boxed e-con e-parent\" data-id=\"912fa09\" data-element_type=\"container\" data-settings=\"{&quot;content_width&quot;:&quot;boxed&quot;}\" data-core-v316-plus=\"true\">\n\t\t\t\t\t<div class=\"e-con-inner\">\n\t\t\t\t<div class=\"elementor-element elementor-element-caed51e elementor-widget elementor-widget-text-editor\" data-id=\"caed51e\" data-element_type=\"widget\" data-widget_type=\"text-editor.default\">\n\t\t\t\t<div class=\"elementor-widget-container\">\n\t\t\t\t\t\t\t<p>Entender a din\u00e2mica dos pre\u00e7os no mercado imobili\u00e1rio \u00e9 importante para propriet\u00e1rios e investidores que desejam vender um im\u00f3vel mais r\u00e1pido e obter melhores retornos. A valoriza\u00e7\u00e3o dos apartamentos compactos, em particular, destaca a import\u00e2ncia de considerar a localiza\u00e7\u00e3o e o potencial de rendimento ao fazer um investimento. Com plataformas como a Im\u00f3velp, o processo de venda pode ser ainda mais eficiente e r\u00e1pido, ajudando propriet\u00e1rios a alcan\u00e7ar seus objetivos no mercado imobili\u00e1rio.<\/p>\t\t\t\t\t\t<\/div>\n\t\t\t\t<\/div>\n\t\t\t\t\t<\/div>\n\t\t\t\t<\/div>\n\t\t<div class=\"elementor-element elementor-element-f9ba87a e-flex e-con-boxed e-con e-parent\" data-id=\"f9ba87a\" data-element_type=\"container\" data-settings=\"{&quot;content_width&quot;:&quot;boxed&quot;}\" data-core-v316-plus=\"true\">\n\t\t\t\t\t<div class=\"e-con-inner\">\n\t\t\t\t<div class=\"elementor-element elementor-element-f3dc06f elementor-widget elementor-widget-text-editor\" data-id=\"f3dc06f\" data-element_type=\"widget\" data-widget_type=\"text-editor.default\">\n\t\t\t\t<div class=\"elementor-widget-container\">\n\t\t\t\t\t\t\t<p>Fonte: <a href=\"https:\/\/exame.com\/mercado-imobiliario\/apartamentos-compactos-tem-m\u00b2-mais-caro-saiba-o-por-que\/\">Exame<\/a><\/p>\t\t\t\t\t\t<\/div>\n\t\t\t\t<\/div>\n\t\t\t\t\t<\/div>\n\t\t\t\t<\/div>\n\t\t\t\t\t\t\t<\/div>\n\t\t","protected":false},"excerpt":{"rendered":"<p>O mercado imobili\u00e1rio brasileiro tem apresentado um aumento significativo nos pre\u00e7os dos im\u00f3veis residenciais, especialmente os apartamentos compactos. Segundo o \u00cdndice FipeZAP, que monitora mensalmente o comportamento dos pre\u00e7os em&hellip; <\/p>\n","protected":false},"author":2,"featured_media":2218,"comment_status":"open","ping_status":"open","sticky":false,"template":"","format":"standard","meta":{"footnotes":""},"categories":[5,7],"tags":[120,121,52,13,123,125,112,124,122,64],"yoast_head":"<!-- This site is optimized with the Yoast SEO plugin v21.5 - https:\/\/yoast.com\/wordpress\/plugins\/seo\/ -->\n<title>\u00cdndice FipeZAP Mostra Valoriza\u00e7\u00e3o de Apartamentos Compactos<\/title>\n<meta name=\"description\" content=\"Descubra por que os apartamentos compactos t\u00eam o metro quadrado mais caro no mercado imobili\u00e1rio brasileiro.\" \/>\n<meta name=\"robots\" content=\"index, follow, max-snippet:-1, max-image-preview:large, max-video-preview:-1\" \/>\n<link rel=\"canonical\" href=\"https:\/\/www.imovelp.com.br\/blog\/apartamentos-compactos-mais-caros-m2\/\" \/>\n<meta property=\"og:locale\" content=\"en_US\" \/>\n<meta property=\"og:type\" content=\"article\" \/>\n<meta property=\"og:title\" content=\"\u00cdndice FipeZAP Mostra Valoriza\u00e7\u00e3o de Apartamentos Compactos\" \/>\n<meta property=\"og:description\" content=\"Descubra por que os apartamentos compactos t\u00eam o metro quadrado mais caro no mercado imobili\u00e1rio brasileiro.\" \/>\n<meta property=\"og:url\" content=\"https:\/\/www.imovelp.com.br\/blog\/apartamentos-compactos-mais-caros-m2\/\" \/>\n<meta property=\"og:site_name\" content=\"Jornal Im\u00f3velp\" \/>\n<meta property=\"article:published_time\" content=\"2024-06-07T11:16:53+00:00\" \/>\n<meta property=\"article:modified_time\" content=\"2024-06-07T11:22:52+00:00\" \/>\n<meta property=\"og:image\" content=\"https:\/\/www.imovelp.com.br\/blog\/wp-content\/uploads\/2024\/06\/GettyImages-1632062517.webp\" \/>\n\t<meta property=\"og:image:width\" content=\"750\" \/>\n\t<meta property=\"og:image:height\" content=\"500\" \/>\n\t<meta property=\"og:image:type\" content=\"image\/webp\" \/>\n<meta name=\"author\" content=\"Marcos Monteiro\" \/>\n<meta name=\"twitter:card\" content=\"summary_large_image\" \/>\n<meta name=\"twitter:label1\" content=\"Written by\" \/>\n\t<meta name=\"twitter:data1\" content=\"Marcos Monteiro\" \/>\n\t<meta name=\"twitter:label2\" content=\"Est. reading time\" \/>\n\t<meta name=\"twitter:data2\" content=\"3 minutes\" \/>\n<script type=\"application\/ld+json\" class=\"yoast-schema-graph\">{\"@context\":\"https:\/\/schema.org\",\"@graph\":[{\"@type\":\"WebPage\",\"@id\":\"https:\/\/www.imovelp.com.br\/blog\/apartamentos-compactos-mais-caros-m2\/\",\"url\":\"https:\/\/www.imovelp.com.br\/blog\/apartamentos-compactos-mais-caros-m2\/\",\"name\":\"\u00cdndice FipeZAP Mostra Valoriza\u00e7\u00e3o de Apartamentos Compactos\",\"isPartOf\":{\"@id\":\"https:\/\/www.imovelp.com.br\/blog\/#website\"},\"datePublished\":\"2024-06-07T11:16:53+00:00\",\"dateModified\":\"2024-06-07T11:22:52+00:00\",\"author\":{\"@id\":\"https:\/\/www.imovelp.com.br\/blog\/#\/schema\/person\/8fb1cc29840aba4154ec6a52e70be40a\"},\"description\":\"Descubra por que os apartamentos compactos t\u00eam o metro quadrado mais caro no mercado imobili\u00e1rio brasileiro.\",\"breadcrumb\":{\"@id\":\"https:\/\/www.imovelp.com.br\/blog\/apartamentos-compactos-mais-caros-m2\/#breadcrumb\"},\"inLanguage\":\"en-US\",\"potentialAction\":[{\"@type\":\"ReadAction\",\"target\":[\"https:\/\/www.imovelp.com.br\/blog\/apartamentos-compactos-mais-caros-m2\/\"]}]},{\"@type\":\"BreadcrumbList\",\"@id\":\"https:\/\/www.imovelp.com.br\/blog\/apartamentos-compactos-mais-caros-m2\/#breadcrumb\",\"itemListElement\":[{\"@type\":\"ListItem\",\"position\":1,\"name\":\"Home\",\"item\":\"https:\/\/www.imovelp.com.br\/blog\/\"},{\"@type\":\"ListItem\",\"position\":2,\"name\":\"Apartamentos Compactos T\u00eam o m\u00b2 Mais Caro\"}]},{\"@type\":\"WebSite\",\"@id\":\"https:\/\/www.imovelp.com.br\/blog\/#website\",\"url\":\"https:\/\/www.imovelp.com.br\/blog\/\",\"name\":\"Jornal Im\u00f3velp\",\"description\":\"Portal de Not\u00edcias do Corretor de Im\u00f3veis\",\"potentialAction\":[{\"@type\":\"SearchAction\",\"target\":{\"@type\":\"EntryPoint\",\"urlTemplate\":\"https:\/\/www.imovelp.com.br\/blog\/?s={search_term_string}\"},\"query-input\":\"required name=search_term_string\"}],\"inLanguage\":\"en-US\"},{\"@type\":\"Person\",\"@id\":\"https:\/\/www.imovelp.com.br\/blog\/#\/schema\/person\/8fb1cc29840aba4154ec6a52e70be40a\",\"name\":\"Marcos Monteiro\",\"image\":{\"@type\":\"ImageObject\",\"inLanguage\":\"en-US\",\"@id\":\"https:\/\/www.imovelp.com.br\/blog\/#\/schema\/person\/image\/\",\"url\":\"https:\/\/secure.gravatar.com\/avatar\/da25bf23c2e75965766176dcd3fc7564?s=96&d=mm&r=g\",\"contentUrl\":\"https:\/\/secure.gravatar.com\/avatar\/da25bf23c2e75965766176dcd3fc7564?s=96&d=mm&r=g\",\"caption\":\"Marcos Monteiro\"},\"url\":\"https:\/\/www.imovelp.com.br\/blog\/author\/redacao-imovelp\/\"}]}<\/script>\n<!-- \/ Yoast SEO plugin. -->","yoast_head_json":{"title":"\u00cdndice FipeZAP Mostra Valoriza\u00e7\u00e3o de Apartamentos Compactos","description":"Descubra por que os apartamentos compactos t\u00eam o metro quadrado mais caro no mercado imobili\u00e1rio brasileiro.","robots":{"index":"index","follow":"follow","max-snippet":"max-snippet:-1","max-image-preview":"max-image-preview:large","max-video-preview":"max-video-preview:-1"},"canonical":"https:\/\/www.imovelp.com.br\/blog\/apartamentos-compactos-mais-caros-m2\/","og_locale":"en_US","og_type":"article","og_title":"\u00cdndice FipeZAP Mostra Valoriza\u00e7\u00e3o de Apartamentos Compactos","og_description":"Descubra por que os apartamentos compactos t\u00eam o metro quadrado mais caro no mercado imobili\u00e1rio brasileiro.","og_url":"https:\/\/www.imovelp.com.br\/blog\/apartamentos-compactos-mais-caros-m2\/","og_site_name":"Jornal Im\u00f3velp","article_published_time":"2024-06-07T11:16:53+00:00","article_modified_time":"2024-06-07T11:22:52+00:00","og_image":[{"width":750,"height":500,"url":"https:\/\/www.imovelp.com.br\/blog\/wp-content\/uploads\/2024\/06\/GettyImages-1632062517.webp","type":"image\/webp"}],"author":"Marcos Monteiro","twitter_card":"summary_large_image","twitter_misc":{"Written by":"Marcos Monteiro","Est. reading time":"3 minutes"},"schema":{"@context":"https:\/\/schema.org","@graph":[{"@type":"WebPage","@id":"https:\/\/www.imovelp.com.br\/blog\/apartamentos-compactos-mais-caros-m2\/","url":"https:\/\/www.imovelp.com.br\/blog\/apartamentos-compactos-mais-caros-m2\/","name":"\u00cdndice FipeZAP Mostra Valoriza\u00e7\u00e3o de Apartamentos Compactos","isPartOf":{"@id":"https:\/\/www.imovelp.com.br\/blog\/#website"},"datePublished":"2024-06-07T11:16:53+00:00","dateModified":"2024-06-07T11:22:52+00:00","author":{"@id":"https:\/\/www.imovelp.com.br\/blog\/#\/schema\/person\/8fb1cc29840aba4154ec6a52e70be40a"},"description":"Descubra por que os apartamentos compactos t\u00eam o metro quadrado mais caro no mercado imobili\u00e1rio brasileiro.","breadcrumb":{"@id":"https:\/\/www.imovelp.com.br\/blog\/apartamentos-compactos-mais-caros-m2\/#breadcrumb"},"inLanguage":"en-US","potentialAction":[{"@type":"ReadAction","target":["https:\/\/www.imovelp.com.br\/blog\/apartamentos-compactos-mais-caros-m2\/"]}]},{"@type":"BreadcrumbList","@id":"https:\/\/www.imovelp.com.br\/blog\/apartamentos-compactos-mais-caros-m2\/#breadcrumb","itemListElement":[{"@type":"ListItem","position":1,"name":"Home","item":"https:\/\/www.imovelp.com.br\/blog\/"},{"@type":"ListItem","position":2,"name":"Apartamentos Compactos T\u00eam o m\u00b2 Mais Caro"}]},{"@type":"WebSite","@id":"https:\/\/www.imovelp.com.br\/blog\/#website","url":"https:\/\/www.imovelp.com.br\/blog\/","name":"Jornal Im\u00f3velp","description":"Portal de Not\u00edcias do Corretor de Im\u00f3veis","potentialAction":[{"@type":"SearchAction","target":{"@type":"EntryPoint","urlTemplate":"https:\/\/www.imovelp.com.br\/blog\/?s={search_term_string}"},"query-input":"required name=search_term_string"}],"inLanguage":"en-US"},{"@type":"Person","@id":"https:\/\/www.imovelp.com.br\/blog\/#\/schema\/person\/8fb1cc29840aba4154ec6a52e70be40a","name":"Marcos Monteiro","image":{"@type":"ImageObject","inLanguage":"en-US","@id":"https:\/\/www.imovelp.com.br\/blog\/#\/schema\/person\/image\/","url":"https:\/\/secure.gravatar.com\/avatar\/da25bf23c2e75965766176dcd3fc7564?s=96&d=mm&r=g","contentUrl":"https:\/\/secure.gravatar.com\/avatar\/da25bf23c2e75965766176dcd3fc7564?s=96&d=mm&r=g","caption":"Marcos Monteiro"},"url":"https:\/\/www.imovelp.com.br\/blog\/author\/redacao-imovelp\/"}]}},"_links":{"self":[{"href":"https:\/\/www.imovelp.com.br\/blog\/wp-json\/wp\/v2\/posts\/2217"}],"collection":[{"href":"https:\/\/www.imovelp.com.br\/blog\/wp-json\/wp\/v2\/posts"}],"about":[{"href":"https:\/\/www.imovelp.com.br\/blog\/wp-json\/wp\/v2\/types\/post"}],"author":[{"embeddable":true,"href":"https:\/\/www.imovelp.com.br\/blog\/wp-json\/wp\/v2\/users\/2"}],"replies":[{"embeddable":true,"href":"https:\/\/www.imovelp.com.br\/blog\/wp-json\/wp\/v2\/comments?post=2217"}],"version-history":[{"count":6,"href":"https:\/\/www.imovelp.com.br\/blog\/wp-json\/wp\/v2\/posts\/2217\/revisions"}],"predecessor-version":[{"id":2223,"href":"https:\/\/www.imovelp.com.br\/blog\/wp-json\/wp\/v2\/posts\/2217\/revisions\/2223"}],"wp:featuredmedia":[{"embeddable":true,"href":"https:\/\/www.imovelp.com.br\/blog\/wp-json\/wp\/v2\/media\/2218"}],"wp:attachment":[{"href":"https:\/\/www.imovelp.com.br\/blog\/wp-json\/wp\/v2\/media?parent=2217"}],"wp:term":[{"taxonomy":"category","embeddable":true,"href":"https:\/\/www.imovelp.com.br\/blog\/wp-json\/wp\/v2\/categories?post=2217"},{"taxonomy":"post_tag","embeddable":true,"href":"https:\/\/www.imovelp.com.br\/blog\/wp-json\/wp\/v2\/tags?post=2217"}],"curies":[{"name":"wp","href":"https:\/\/api.w.org\/{rel}","templated":true}]}}