{"id":2199,"date":"2024-05-24T13:49:53","date_gmt":"2024-05-24T16:49:53","guid":{"rendered":"https:\/\/www.imovelp.com.br\/blog\/?p=2199"},"modified":"2024-05-24T14:22:37","modified_gmt":"2024-05-24T17:22:37","slug":"alta-demanda-apartamentos-medios-rio","status":"publish","type":"post","link":"https:\/\/www.imovelp.com.br\/blog\/alta-demanda-apartamentos-medios-rio\/","title":{"rendered":"Por que os Apartamentos M\u00e9dios Est\u00e3o em Alta no Rio de Janeiro?"},"content":{"rendered":"\t\t<div data-elementor-type=\"wp-post\" data-elementor-id=\"2199\" class=\"elementor elementor-2199\">\n\t\t\t\t\t\t\t<div class=\"elementor-element elementor-element-14a9daa e-flex e-con-boxed e-con e-parent\" data-id=\"14a9daa\" data-element_type=\"container\" data-settings=\"{&quot;content_width&quot;:&quot;boxed&quot;}\" data-core-v316-plus=\"true\">\n\t\t\t\t\t<div class=\"e-con-inner\">\n\t\t\t\t<div class=\"elementor-element elementor-element-b9f810b elementor-widget elementor-widget-text-editor\" data-id=\"b9f810b\" data-element_type=\"widget\" data-widget_type=\"text-editor.default\">\n\t\t\t\t<div class=\"elementor-widget-container\">\n\t\t\t<style>\/*! elementor - v3.17.0 - 25-10-2023 *\/\n.elementor-widget-text-editor.elementor-drop-cap-view-stacked .elementor-drop-cap{background-color:#69727d;color:#fff}.elementor-widget-text-editor.elementor-drop-cap-view-framed .elementor-drop-cap{color:#69727d;border:3px solid;background-color:transparent}.elementor-widget-text-editor:not(.elementor-drop-cap-view-default) .elementor-drop-cap{margin-top:8px}.elementor-widget-text-editor:not(.elementor-drop-cap-view-default) .elementor-drop-cap-letter{width:1em;height:1em}.elementor-widget-text-editor .elementor-drop-cap{float:left;text-align:center;line-height:1;font-size:50px}.elementor-widget-text-editor .elementor-drop-cap-letter{display:inline-block}<\/style>\t\t\t\t<p>Nos \u00faltimos meses, o mercado imobili\u00e1rio do Rio de Janeiro registrou um aumento significativo nos pre\u00e7os dos im\u00f3veis. Segundo um estudo da Loft, uma startup voltada para solu\u00e7\u00f5es imobili\u00e1rias, os pre\u00e7os dos im\u00f3veis cariocas subiram 2,2% nos primeiros quatro meses deste ano, a maior alta entre as capitais do sudeste.<\/p>\t\t\t\t\t\t<\/div>\n\t\t\t\t<\/div>\n\t\t\t\t<div class=\"elementor-element elementor-element-6a0ca82 elementor-widget elementor-widget-image\" data-id=\"6a0ca82\" data-element_type=\"widget\" data-widget_type=\"image.default\">\n\t\t\t\t<div class=\"elementor-widget-container\">\n\t\t\t<style>\/*! elementor - v3.17.0 - 25-10-2023 *\/\n.elementor-widget-image{text-align:center}.elementor-widget-image a{display:inline-block}.elementor-widget-image a img[src$=\".svg\"]{width:48px}.elementor-widget-image img{vertical-align:middle;display:inline-block}<\/style>\t\t\t\t\t\t\t\t\t<figure class=\"wp-caption\">\n\t\t\t\t\t\t\t\t\t\t<img decoding=\"async\" loading=\"lazy\" width=\"750\" height=\"500\" src=\"https:\/\/www.imovelp.com.br\/blog\/wp-content\/uploads\/2024\/05\/GettyImages-455181493.webp\" class=\"attachment-large size-large wp-image-2201\" alt=\"Praia do Leblon, no Rio de Janeiro: bairro \u00e9 o mais caro da capital fluminense (Gonzalo Azumendi\/Getty Images)\" srcset=\"https:\/\/www.imovelp.com.br\/blog\/wp-content\/uploads\/2024\/05\/GettyImages-455181493.webp 750w, https:\/\/www.imovelp.com.br\/blog\/wp-content\/uploads\/2024\/05\/GettyImages-455181493-300x200.webp 300w\" sizes=\"(max-width: 750px) 100vw, 750px\" \/>\t\t\t\t\t\t\t\t\t\t\t<figcaption class=\"widget-image-caption wp-caption-text\">Praia do Leblon, no Rio de Janeiro: bairro \u00e9 o mais caro da capital fluminense (Gonzalo Azumendi\/Getty Images)<\/figcaption>\n\t\t\t\t\t\t\t\t\t\t<\/figure>\n\t\t\t\t\t\t\t\t\t<\/div>\n\t\t\t\t<\/div>\n\t\t\t\t\t<\/div>\n\t\t\t\t<\/div>\n\t\t<div class=\"elementor-element elementor-element-87ac5db e-flex e-con-boxed e-con e-parent\" data-id=\"87ac5db\" data-element_type=\"container\" data-settings=\"{&quot;content_width&quot;:&quot;boxed&quot;}\" data-core-v316-plus=\"true\">\n\t\t\t\t\t<div class=\"e-con-inner\">\n\t\t\t\t<div class=\"elementor-element elementor-element-b20790e elementor-widget elementor-widget-heading\" data-id=\"b20790e\" data-element_type=\"widget\" data-widget_type=\"heading.default\">\n\t\t\t\t<div class=\"elementor-widget-container\">\n\t\t\t<style>\/*! elementor - v3.17.0 - 25-10-2023 *\/\n.elementor-heading-title{padding:0;margin:0;line-height:1}.elementor-widget-heading .elementor-heading-title[class*=elementor-size-]>a{color:inherit;font-size:inherit;line-height:inherit}.elementor-widget-heading .elementor-heading-title.elementor-size-small{font-size:15px}.elementor-widget-heading .elementor-heading-title.elementor-size-medium{font-size:19px}.elementor-widget-heading .elementor-heading-title.elementor-size-large{font-size:29px}.elementor-widget-heading .elementor-heading-title.elementor-size-xl{font-size:39px}.elementor-widget-heading .elementor-heading-title.elementor-size-xxl{font-size:59px}<\/style><h2 class=\"elementor-heading-title elementor-size-default\">Valoriza\u00e7\u00e3o dos Im\u00f3veis no Rio de Janeiro\n<\/h2>\t\t<\/div>\n\t\t\t\t<\/div>\n\t\t\t\t\t<\/div>\n\t\t\t\t<\/div>\n\t\t<div class=\"elementor-element elementor-element-f59dfcf e-flex e-con-boxed e-con e-parent\" data-id=\"f59dfcf\" data-element_type=\"container\" data-settings=\"{&quot;content_width&quot;:&quot;boxed&quot;}\" data-core-v316-plus=\"true\">\n\t\t\t\t\t<div class=\"e-con-inner\">\n\t\t\t\t<div class=\"elementor-element elementor-element-54ec259 elementor-widget elementor-widget-text-editor\" data-id=\"54ec259\" data-element_type=\"widget\" data-widget_type=\"text-editor.default\">\n\t\t\t\t<div class=\"elementor-widget-container\">\n\t\t\t\t\t\t\t<p>O aumento de 2,2% nos pre\u00e7os dos im\u00f3veis no Rio de Janeiro elevou o custo m\u00e9dio do metro quadrado na cidade para R$ 9.050. Esse crescimento \u00e9 impulsionado, em grande parte, pela alta demanda por apartamentos m\u00e9dios, que possuem metragem entre 30 e 65 metros quadrados. Segundo a Loft, esses apartamentos apresentaram uma valoriza\u00e7\u00e3o de 6,37% no pre\u00e7o por metro quadrado entre janeiro e abril, atingindo a mediana de R$ 6.800 no m\u00eas passado.<\/p>\t\t\t\t\t\t<\/div>\n\t\t\t\t<\/div>\n\t\t\t\t<div class=\"elementor-element elementor-element-62df822 elementor-widget elementor-widget-image\" data-id=\"62df822\" data-element_type=\"widget\" data-widget_type=\"image.default\">\n\t\t\t\t<div class=\"elementor-widget-container\">\n\t\t\t\t\t\t\t\t\t\t\t\t\t\t\t<img decoding=\"async\" src=\"https:\/\/www.imovelp.com.br\/blog\/wp-content\/uploads\/2024\/05\/imagem_2024-05-24_134552376-e1716569240910.png\" title=\"Fonte: Loft\" alt=\"Fonte: Loft\" loading=\"lazy\" \/>\t\t\t\t\t\t\t\t\t\t\t\t\t\t\t<\/div>\n\t\t\t\t<\/div>\n\t\t\t\t\t<\/div>\n\t\t\t\t<\/div>\n\t\t<div class=\"elementor-element elementor-element-0152008 e-flex e-con-boxed e-con e-parent\" data-id=\"0152008\" data-element_type=\"container\" data-settings=\"{&quot;content_width&quot;:&quot;boxed&quot;}\" data-core-v316-plus=\"true\">\n\t\t\t\t\t<div class=\"e-con-inner\">\n\t\t\t\t<div class=\"elementor-element elementor-element-4aef998 elementor-widget elementor-widget-heading\" data-id=\"4aef998\" data-element_type=\"widget\" data-widget_type=\"heading.default\">\n\t\t\t\t<div class=\"elementor-widget-container\">\n\t\t\t<h2 class=\"elementor-heading-title elementor-size-default\">A Import\u00e2ncia dos Apartamentos M\u00e9dios\n<\/h2>\t\t<\/div>\n\t\t\t\t<\/div>\n\t\t\t\t\t<\/div>\n\t\t\t\t<\/div>\n\t\t<div class=\"elementor-element elementor-element-032cd52 e-flex e-con-boxed e-con e-parent\" data-id=\"032cd52\" data-element_type=\"container\" data-settings=\"{&quot;content_width&quot;:&quot;boxed&quot;}\" data-core-v316-plus=\"true\">\n\t\t\t\t\t<div class=\"e-con-inner\">\n\t\t\t\t<div class=\"elementor-element elementor-element-bd70c92 elementor-widget elementor-widget-text-editor\" data-id=\"bd70c92\" data-element_type=\"widget\" data-widget_type=\"text-editor.default\">\n\t\t\t\t<div class=\"elementor-widget-container\">\n\t\t\t\t\t\t\t<p>A alta nos pre\u00e7os dos apartamentos m\u00e9dios deve-se a v\u00e1rios fatores, incluindo a acessibilidade econ\u00f4mica e a localiza\u00e7\u00e3o estrat\u00e9gica desses im\u00f3veis. Fabio Takahashi, gerente de Dados da Loft, explica que essa faixa de tamanho oferece um valor final atraente para os compradores, mesmo com a valoriza\u00e7\u00e3o acima da m\u00e9dia. \u201cEssa faixa de tamanho traz um valor final interessante para o comprador, at\u00e9 por ser o metro quadrado mais em conta, considerando todas as faixas, mesmo com a valoriza\u00e7\u00e3o acima da m\u00e9dia\u201d, afirma Takahashi.<\/p>\t\t\t\t\t\t<\/div>\n\t\t\t\t<\/div>\n\t\t\t\t<div class=\"elementor-element elementor-element-b66d53e elementor-widget elementor-widget-heading\" data-id=\"b66d53e\" data-element_type=\"widget\" data-widget_type=\"heading.default\">\n\t\t\t\t<div class=\"elementor-widget-container\">\n\t\t\t<h2 class=\"elementor-heading-title elementor-size-default\">Demanda e Oferta no Mercado Imobili\u00e1rio\n<\/h2>\t\t<\/div>\n\t\t\t\t<\/div>\n\t\t\t\t\t<\/div>\n\t\t\t\t<\/div>\n\t\t<div class=\"elementor-element elementor-element-b2fdc2e e-flex e-con-boxed e-con e-parent\" data-id=\"b2fdc2e\" data-element_type=\"container\" data-settings=\"{&quot;content_width&quot;:&quot;boxed&quot;}\" data-core-v316-plus=\"true\">\n\t\t\t\t\t<div class=\"e-con-inner\">\n\t\t\t\t<div class=\"elementor-element elementor-element-f4759c2 elementor-widget elementor-widget-text-editor\" data-id=\"f4759c2\" data-element_type=\"widget\" data-widget_type=\"text-editor.default\">\n\t\t\t\t<div class=\"elementor-widget-container\">\n\t\t\t\t\t\t\t<p>Os bairros com maior oferta de apartamentos m\u00e9dios no Rio de Janeiro s\u00e3o Cidade Universit\u00e1ria, Pra\u00e7a da Bandeira e Copacabana, nas Zonas Norte e Sul. Essas regi\u00f5es concentram 31% dos im\u00f3veis nessa faixa de tamanho \u00e0 venda na capital. A localiza\u00e7\u00e3o estrat\u00e9gica desses bairros, pr\u00f3xima a eixos de transporte, com\u00e9rcio, servi\u00e7os, cultura e lazer, torna-os particularmente atraentes para os compradores.<\/p>\t\t\t\t\t\t<\/div>\n\t\t\t\t<\/div>\n\t\t\t\t\t<\/div>\n\t\t\t\t<\/div>\n\t\t<div class=\"elementor-element elementor-element-61f9fd7 e-flex e-con-boxed e-con e-parent\" data-id=\"61f9fd7\" data-element_type=\"container\" data-settings=\"{&quot;content_width&quot;:&quot;boxed&quot;}\" data-core-v316-plus=\"true\">\n\t\t\t\t\t<div class=\"e-con-inner\">\n\t\t\t\t<div class=\"elementor-element elementor-element-40d1606 elementor-widget elementor-widget-heading\" data-id=\"40d1606\" data-element_type=\"widget\" data-widget_type=\"heading.default\">\n\t\t\t\t<div class=\"elementor-widget-container\">\n\t\t\t<h2 class=\"elementor-heading-title elementor-size-default\">Bairros Mais Caros do Rio de Janeiro<\/h2>\t\t<\/div>\n\t\t\t\t<\/div>\n\t\t\t\t\t<\/div>\n\t\t\t\t<\/div>\n\t\t<div class=\"elementor-element elementor-element-ae342f2 e-flex e-con-boxed e-con e-parent\" data-id=\"ae342f2\" data-element_type=\"container\" data-settings=\"{&quot;content_width&quot;:&quot;boxed&quot;}\" data-core-v316-plus=\"true\">\n\t\t\t\t\t<div class=\"e-con-inner\">\n\t\t\t\t<div class=\"elementor-element elementor-element-47e0536 elementor-widget elementor-widget-text-editor\" data-id=\"47e0536\" data-element_type=\"widget\" data-widget_type=\"text-editor.default\">\n\t\t\t\t<div class=\"elementor-widget-container\">\n\t\t\t\t\t\t\t<p>O levantamento da Loft tamb\u00e9m revelou a varia\u00e7\u00e3o de pre\u00e7os nos 15 bairros mais valorizados do Rio de Janeiro. S\u00e3o Conrado e G\u00e1vea, localizados na Zona Sul, lideram a lista com as maiores valoriza\u00e7\u00f5es, de 2,6% e 1,9%, respectivamente. Esses bairros s\u00e3o altamente buscados para compra e venda de im\u00f3veis devido \u00e0 alta demanda e \u00e0 oferta de transporte p\u00fablico eficiente.<\/p>\t\t\t\t\t\t<\/div>\n\t\t\t\t<\/div>\n\t\t\t\t<div class=\"elementor-element elementor-element-a2b0757 elementor-widget elementor-widget-image\" data-id=\"a2b0757\" data-element_type=\"widget\" data-widget_type=\"image.default\">\n\t\t\t\t<div class=\"elementor-widget-container\">\n\t\t\t\t\t\t\t\t\t\t\t\t\t\t\t<img decoding=\"async\" loading=\"lazy\" width=\"760\" height=\"504\" src=\"https:\/\/www.imovelp.com.br\/blog\/wp-content\/uploads\/2024\/05\/imagem_2024-05-24_135111422.png\" class=\"attachment-medium_large size-medium_large wp-image-2204\" alt=\"Fonte: Loft\" srcset=\"https:\/\/www.imovelp.com.br\/blog\/wp-content\/uploads\/2024\/05\/imagem_2024-05-24_135111422.png 760w, https:\/\/www.imovelp.com.br\/blog\/wp-content\/uploads\/2024\/05\/imagem_2024-05-24_135111422-300x199.png 300w\" sizes=\"(max-width: 760px) 100vw, 760px\" \/>\t\t\t\t\t\t\t\t\t\t\t\t\t\t\t<\/div>\n\t\t\t\t<\/div>\n\t\t\t\t<div class=\"elementor-element elementor-element-2cb9d03 elementor-widget elementor-widget-image\" data-id=\"2cb9d03\" data-element_type=\"widget\" data-widget_type=\"image.default\">\n\t\t\t\t<div class=\"elementor-widget-container\">\n\t\t\t\t\t\t\t\t\t\t\t\t<figure class=\"wp-caption\">\n\t\t\t\t\t\t\t\t\t\t<img decoding=\"async\" loading=\"lazy\" width=\"768\" height=\"505\" src=\"https:\/\/www.imovelp.com.br\/blog\/wp-content\/uploads\/2024\/05\/imagem_2024-05-24_135209663-768x505.png\" class=\"attachment-medium_large size-medium_large wp-image-2205\" alt=\"Fonte: Loft\" srcset=\"https:\/\/www.imovelp.com.br\/blog\/wp-content\/uploads\/2024\/05\/imagem_2024-05-24_135209663-768x505.png 768w, https:\/\/www.imovelp.com.br\/blog\/wp-content\/uploads\/2024\/05\/imagem_2024-05-24_135209663-300x197.png 300w, https:\/\/www.imovelp.com.br\/blog\/wp-content\/uploads\/2024\/05\/imagem_2024-05-24_135209663.png 772w\" sizes=\"(max-width: 768px) 100vw, 768px\" \/>\t\t\t\t\t\t\t\t\t\t\t<figcaption class=\"widget-image-caption wp-caption-text\">Fonte: Loft<\/figcaption>\n\t\t\t\t\t\t\t\t\t\t<\/figure>\n\t\t\t\t\t\t\t\t\t<\/div>\n\t\t\t\t<\/div>\n\t\t\t\t<div class=\"elementor-element elementor-element-2ec7522 elementor-widget elementor-widget-heading\" data-id=\"2ec7522\" data-element_type=\"widget\" data-widget_type=\"heading.default\">\n\t\t\t\t<div class=\"elementor-widget-container\">\n\t\t\t<h2 class=\"elementor-heading-title elementor-size-default\">O Impacto da Alta Demanda nas Vendas de Im\u00f3veis\n<\/h2>\t\t<\/div>\n\t\t\t\t<\/div>\n\t\t\t\t\t<\/div>\n\t\t\t\t<\/div>\n\t\t<div class=\"elementor-element elementor-element-68a463f e-flex e-con-boxed e-con e-parent\" data-id=\"68a463f\" data-element_type=\"container\" data-settings=\"{&quot;content_width&quot;:&quot;boxed&quot;}\" data-core-v316-plus=\"true\">\n\t\t\t\t\t<div class=\"e-con-inner\">\n\t\t\t\t<div class=\"elementor-element elementor-element-a7a28cc elementor-widget elementor-widget-text-editor\" data-id=\"a7a28cc\" data-element_type=\"widget\" data-widget_type=\"text-editor.default\">\n\t\t\t\t<div class=\"elementor-widget-container\">\n\t\t\t\t\t\t\t<p>A alta demanda por im\u00f3veis na Zona Sul do Rio de Janeiro est\u00e1 atraindo cada vez mais construtoras. Nos \u00faltimos anos, houve diversos lan\u00e7amentos imobili\u00e1rios em bairros j\u00e1 densamente ocupados, como a G\u00e1vea. \u201cTanto S\u00e3o Conrado quanto G\u00e1vea est\u00e3o localizados na Zona Sul do Rio, onde est\u00e3o os bairros mais buscados para compra e venda de im\u00f3veis. A alta demanda vem atraindo construtoras e, no \u00faltimo ano, vimos diferentes lan\u00e7amentos imobili\u00e1rios em bairros j\u00e1 bem ocupados\u201d, explica Takahashi.<\/p>\t\t\t\t\t\t<\/div>\n\t\t\t\t<\/div>\n\t\t\t\t\t<\/div>\n\t\t\t\t<\/div>\n\t\t<div class=\"elementor-element elementor-element-8268ede e-flex e-con-boxed e-con e-parent\" data-id=\"8268ede\" data-element_type=\"container\" data-settings=\"{&quot;content_width&quot;:&quot;boxed&quot;}\" data-core-v316-plus=\"true\">\n\t\t\t\t\t<div class=\"e-con-inner\">\n\t\t\t\t<div class=\"elementor-element elementor-element-63bbdbf elementor-widget elementor-widget-heading\" data-id=\"63bbdbf\" data-element_type=\"widget\" data-widget_type=\"heading.default\">\n\t\t\t\t<div class=\"elementor-widget-container\">\n\t\t\t<h2 class=\"elementor-heading-title elementor-size-default\">Oportunidades para Propriet\u00e1rios e Corretores\n<\/h2>\t\t<\/div>\n\t\t\t\t<\/div>\n\t\t\t\t\t<\/div>\n\t\t\t\t<\/div>\n\t\t<div class=\"elementor-element elementor-element-813fb4c e-flex e-con-boxed e-con e-parent\" data-id=\"813fb4c\" data-element_type=\"container\" data-settings=\"{&quot;content_width&quot;:&quot;boxed&quot;}\" data-core-v316-plus=\"true\">\n\t\t\t\t\t<div class=\"e-con-inner\">\n\t\t\t\t<div class=\"elementor-element elementor-element-e45bf12 elementor-widget elementor-widget-text-editor\" data-id=\"e45bf12\" data-element_type=\"widget\" data-widget_type=\"text-editor.default\">\n\t\t\t\t<div class=\"elementor-widget-container\">\n\t\t\t\t\t\t\t<p>Para propriet\u00e1rios de im\u00f3veis e corretores, esse cen\u00e1rio representa uma excelente oportunidade de venda de im\u00f3vel mais r\u00e1pido. A plataforma Im\u00f3velp oferece solu\u00e7\u00f5es inovadoras para capta\u00e7\u00e3o e divulga\u00e7\u00e3o de im\u00f3veis, facilitando o processo de venda e maximizando os resultados. Propriet\u00e1rios podem se beneficiar da alta demanda e valorizar seus im\u00f3veis, enquanto corretores t\u00eam a chance de aumentar suas vendas e comiss\u00f5es.<\/p>\t\t\t\t\t\t<\/div>\n\t\t\t\t<\/div>\n\t\t\t\t\t<\/div>\n\t\t\t\t<\/div>\n\t\t<div class=\"elementor-element elementor-element-332e405 e-flex e-con-boxed e-con e-parent\" data-id=\"332e405\" data-element_type=\"container\" data-settings=\"{&quot;content_width&quot;:&quot;boxed&quot;}\" data-core-v316-plus=\"true\">\n\t\t\t\t\t<div class=\"e-con-inner\">\n\t\t\t\t<div class=\"elementor-element elementor-element-b83372e elementor-widget elementor-widget-heading\" data-id=\"b83372e\" data-element_type=\"widget\" data-widget_type=\"heading.default\">\n\t\t\t\t<div class=\"elementor-widget-container\">\n\t\t\t<h2 class=\"elementor-heading-title elementor-size-default\">Como a Im\u00f3velp Pode Ajudar<\/h2>\t\t<\/div>\n\t\t\t\t<\/div>\n\t\t\t\t\t<\/div>\n\t\t\t\t<\/div>\n\t\t<div class=\"elementor-element elementor-element-1d47cdd e-flex e-con-boxed e-con e-parent\" data-id=\"1d47cdd\" data-element_type=\"container\" data-settings=\"{&quot;content_width&quot;:&quot;boxed&quot;}\" data-core-v316-plus=\"true\">\n\t\t\t\t\t<div class=\"e-con-inner\">\n\t\t\t\t<div class=\"elementor-element elementor-element-978083a elementor-widget elementor-widget-text-editor\" data-id=\"978083a\" data-element_type=\"widget\" data-widget_type=\"text-editor.default\">\n\t\t\t\t<div class=\"elementor-widget-container\">\n\t\t\t\t\t\t\t<p>A Im\u00f3velp se destaca no mercado imobili\u00e1rio ao conectar propriet\u00e1rios e corretores de forma eficiente. Com uma base de dados extensa e ferramentas de capta\u00e7\u00e3o avan\u00e7adas, a Im\u00f3velp permite que corretores captem e divulguem im\u00f3veis em minutos, alcan\u00e7ando um p\u00fablico maior e potencializando as chances de venda.<\/p>\t\t\t\t\t\t<\/div>\n\t\t\t\t<\/div>\n\t\t\t\t\t<\/div>\n\t\t\t\t<\/div>\n\t\t<div class=\"elementor-element elementor-element-d5e6420 e-flex e-con-boxed e-con e-parent\" data-id=\"d5e6420\" data-element_type=\"container\" data-settings=\"{&quot;content_width&quot;:&quot;boxed&quot;}\" data-core-v316-plus=\"true\">\n\t\t\t\t\t<div class=\"e-con-inner\">\n\t\t\t\t<div class=\"elementor-element elementor-element-efd90a5 elementor-widget elementor-widget-heading\" data-id=\"efd90a5\" data-element_type=\"widget\" data-widget_type=\"heading.default\">\n\t\t\t\t<div class=\"elementor-widget-container\">\n\t\t\t<h2 class=\"elementor-heading-title elementor-size-default\">Conclus\u00e3o<\/h2>\t\t<\/div>\n\t\t\t\t<\/div>\n\t\t\t\t\t<\/div>\n\t\t\t\t<\/div>\n\t\t<div class=\"elementor-element elementor-element-20c9b2b e-flex e-con-boxed e-con e-parent\" data-id=\"20c9b2b\" data-element_type=\"container\" data-settings=\"{&quot;content_width&quot;:&quot;boxed&quot;}\" data-core-v316-plus=\"true\">\n\t\t\t\t\t<div class=\"e-con-inner\">\n\t\t\t\t<div class=\"elementor-element elementor-element-249e77f elementor-widget elementor-widget-text-editor\" data-id=\"249e77f\" data-element_type=\"widget\" data-widget_type=\"text-editor.default\">\n\t\t\t\t<div class=\"elementor-widget-container\">\n\t\t\t\t\t\t\t<p>O mercado imobili\u00e1rio do Rio de Janeiro est\u00e1 em um momento de valoriza\u00e7\u00e3o significativa, especialmente para apartamentos m\u00e9dios. A alta demanda por esses im\u00f3veis, impulsionada por fatores econ\u00f4micos e geogr\u00e1ficos, oferece oportunidades \u00fanicas para propriet\u00e1rios e corretores. Utilizar plataformas como a Im\u00f3velp pode ser a chave para aproveitar ao m\u00e1ximo esse cen\u00e1rio positivo, garantindo uma venda de im\u00f3vel mais r\u00e1pido e eficiente.<\/p><p>Para mais informa\u00e7\u00f5es sobre como a Im\u00f3velp pode transformar sua experi\u00eancia no mercado imobili\u00e1rio, visite nosso blog e descubra as melhores estrat\u00e9gias para vender seu im\u00f3vel rapidamente.<\/p>\t\t\t\t\t\t<\/div>\n\t\t\t\t<\/div>\n\t\t\t\t\t<\/div>\n\t\t\t\t<\/div>\n\t\t<div class=\"elementor-element elementor-element-a55fdbd e-flex e-con-boxed e-con e-parent\" data-id=\"a55fdbd\" data-element_type=\"container\" data-settings=\"{&quot;content_width&quot;:&quot;boxed&quot;}\" data-core-v316-plus=\"true\">\n\t\t\t\t\t<div class=\"e-con-inner\">\n\t\t\t\t<div class=\"elementor-element elementor-element-296d0a6 elementor-widget elementor-widget-text-editor\" data-id=\"296d0a6\" data-element_type=\"widget\" data-widget_type=\"text-editor.default\">\n\t\t\t\t<div class=\"elementor-widget-container\">\n\t\t\t\t\t\t\t<p>Fonte: <a href=\"https:\/\/exame.com\/mercado-imobiliario\/studio-ficou-caro-apartamentos-medios-puxam-alta-de-precos-no-rio\/\">Exame<\/a><\/p>\t\t\t\t\t\t<\/div>\n\t\t\t\t<\/div>\n\t\t\t\t\t<\/div>\n\t\t\t\t<\/div>\n\t\t\t\t\t\t\t<\/div>\n\t\t","protected":false},"excerpt":{"rendered":"<p>Nos \u00faltimos meses, o mercado imobili\u00e1rio do Rio de Janeiro registrou um aumento significativo nos pre\u00e7os dos im\u00f3veis. Segundo um estudo da Loft, uma startup voltada para solu\u00e7\u00f5es imobili\u00e1rias, os&hellip; <\/p>\n","protected":false},"author":2,"featured_media":2201,"comment_status":"open","ping_status":"open","sticky":false,"template":"","format":"standard","meta":{"footnotes":""},"categories":[6,5,7],"tags":[118,18,13,63,119,110,64],"yoast_head":"<!-- This site is optimized with the Yoast SEO plugin v21.5 - https:\/\/yoast.com\/wordpress\/plugins\/seo\/ -->\n<title>Entenda a Alta Demanda por Apartamentos M\u00e9dios no Rio<\/title>\n<meta name=\"description\" content=\"Descubra como a valoriza\u00e7\u00e3o dos apartamentos m\u00e9dios est\u00e1 impulsionando o mercado imobili\u00e1rio no Rio de Janeiro.\" \/>\n<meta name=\"robots\" content=\"index, follow, max-snippet:-1, max-image-preview:large, max-video-preview:-1\" \/>\n<link rel=\"canonical\" href=\"https:\/\/www.imovelp.com.br\/blog\/alta-demanda-apartamentos-medios-rio\/\" \/>\n<meta property=\"og:locale\" content=\"en_US\" \/>\n<meta property=\"og:type\" content=\"article\" \/>\n<meta property=\"og:title\" content=\"Entenda a Alta Demanda por Apartamentos M\u00e9dios no Rio\" \/>\n<meta property=\"og:description\" content=\"Descubra como a valoriza\u00e7\u00e3o dos apartamentos m\u00e9dios est\u00e1 impulsionando o mercado imobili\u00e1rio no Rio de Janeiro.\" \/>\n<meta property=\"og:url\" content=\"https:\/\/www.imovelp.com.br\/blog\/alta-demanda-apartamentos-medios-rio\/\" \/>\n<meta property=\"og:site_name\" content=\"Jornal Im\u00f3velp\" \/>\n<meta property=\"article:published_time\" content=\"2024-05-24T16:49:53+00:00\" \/>\n<meta property=\"article:modified_time\" content=\"2024-05-24T17:22:37+00:00\" \/>\n<meta property=\"og:image\" content=\"https:\/\/www.imovelp.com.br\/blog\/wp-content\/uploads\/2024\/05\/GettyImages-455181493.webp\" \/>\n\t<meta property=\"og:image:width\" content=\"750\" \/>\n\t<meta property=\"og:image:height\" content=\"500\" \/>\n\t<meta property=\"og:image:type\" content=\"image\/webp\" \/>\n<meta name=\"author\" content=\"Marcos Monteiro\" \/>\n<meta name=\"twitter:card\" content=\"summary_large_image\" \/>\n<meta name=\"twitter:label1\" content=\"Written by\" \/>\n\t<meta name=\"twitter:data1\" content=\"Marcos Monteiro\" \/>\n\t<meta name=\"twitter:label2\" content=\"Est. reading time\" \/>\n\t<meta name=\"twitter:data2\" content=\"4 minutes\" \/>\n<script type=\"application\/ld+json\" class=\"yoast-schema-graph\">{\"@context\":\"https:\/\/schema.org\",\"@graph\":[{\"@type\":\"WebPage\",\"@id\":\"https:\/\/www.imovelp.com.br\/blog\/alta-demanda-apartamentos-medios-rio\/\",\"url\":\"https:\/\/www.imovelp.com.br\/blog\/alta-demanda-apartamentos-medios-rio\/\",\"name\":\"Entenda a Alta Demanda por Apartamentos M\u00e9dios no Rio\",\"isPartOf\":{\"@id\":\"https:\/\/www.imovelp.com.br\/blog\/#website\"},\"datePublished\":\"2024-05-24T16:49:53+00:00\",\"dateModified\":\"2024-05-24T17:22:37+00:00\",\"author\":{\"@id\":\"https:\/\/www.imovelp.com.br\/blog\/#\/schema\/person\/8fb1cc29840aba4154ec6a52e70be40a\"},\"description\":\"Descubra como a valoriza\u00e7\u00e3o dos apartamentos m\u00e9dios est\u00e1 impulsionando o mercado imobili\u00e1rio no Rio de Janeiro.\",\"breadcrumb\":{\"@id\":\"https:\/\/www.imovelp.com.br\/blog\/alta-demanda-apartamentos-medios-rio\/#breadcrumb\"},\"inLanguage\":\"en-US\",\"potentialAction\":[{\"@type\":\"ReadAction\",\"target\":[\"https:\/\/www.imovelp.com.br\/blog\/alta-demanda-apartamentos-medios-rio\/\"]}]},{\"@type\":\"BreadcrumbList\",\"@id\":\"https:\/\/www.imovelp.com.br\/blog\/alta-demanda-apartamentos-medios-rio\/#breadcrumb\",\"itemListElement\":[{\"@type\":\"ListItem\",\"position\":1,\"name\":\"Home\",\"item\":\"https:\/\/www.imovelp.com.br\/blog\/\"},{\"@type\":\"ListItem\",\"position\":2,\"name\":\"Por que os Apartamentos M\u00e9dios Est\u00e3o em Alta no Rio de Janeiro?\"}]},{\"@type\":\"WebSite\",\"@id\":\"https:\/\/www.imovelp.com.br\/blog\/#website\",\"url\":\"https:\/\/www.imovelp.com.br\/blog\/\",\"name\":\"Jornal Im\u00f3velp\",\"description\":\"Portal de Not\u00edcias do Corretor de Im\u00f3veis\",\"potentialAction\":[{\"@type\":\"SearchAction\",\"target\":{\"@type\":\"EntryPoint\",\"urlTemplate\":\"https:\/\/www.imovelp.com.br\/blog\/?s={search_term_string}\"},\"query-input\":\"required name=search_term_string\"}],\"inLanguage\":\"en-US\"},{\"@type\":\"Person\",\"@id\":\"https:\/\/www.imovelp.com.br\/blog\/#\/schema\/person\/8fb1cc29840aba4154ec6a52e70be40a\",\"name\":\"Marcos Monteiro\",\"image\":{\"@type\":\"ImageObject\",\"inLanguage\":\"en-US\",\"@id\":\"https:\/\/www.imovelp.com.br\/blog\/#\/schema\/person\/image\/\",\"url\":\"https:\/\/secure.gravatar.com\/avatar\/da25bf23c2e75965766176dcd3fc7564?s=96&d=mm&r=g\",\"contentUrl\":\"https:\/\/secure.gravatar.com\/avatar\/da25bf23c2e75965766176dcd3fc7564?s=96&d=mm&r=g\",\"caption\":\"Marcos Monteiro\"},\"url\":\"https:\/\/www.imovelp.com.br\/blog\/author\/redacao-imovelp\/\"}]}<\/script>\n<!-- \/ Yoast SEO plugin. -->","yoast_head_json":{"title":"Entenda a Alta Demanda por Apartamentos M\u00e9dios no Rio","description":"Descubra como a valoriza\u00e7\u00e3o dos apartamentos m\u00e9dios est\u00e1 impulsionando o mercado imobili\u00e1rio no Rio de Janeiro.","robots":{"index":"index","follow":"follow","max-snippet":"max-snippet:-1","max-image-preview":"max-image-preview:large","max-video-preview":"max-video-preview:-1"},"canonical":"https:\/\/www.imovelp.com.br\/blog\/alta-demanda-apartamentos-medios-rio\/","og_locale":"en_US","og_type":"article","og_title":"Entenda a Alta Demanda por Apartamentos M\u00e9dios no Rio","og_description":"Descubra como a valoriza\u00e7\u00e3o dos apartamentos m\u00e9dios est\u00e1 impulsionando o mercado imobili\u00e1rio no Rio de Janeiro.","og_url":"https:\/\/www.imovelp.com.br\/blog\/alta-demanda-apartamentos-medios-rio\/","og_site_name":"Jornal Im\u00f3velp","article_published_time":"2024-05-24T16:49:53+00:00","article_modified_time":"2024-05-24T17:22:37+00:00","og_image":[{"width":750,"height":500,"url":"https:\/\/www.imovelp.com.br\/blog\/wp-content\/uploads\/2024\/05\/GettyImages-455181493.webp","type":"image\/webp"}],"author":"Marcos Monteiro","twitter_card":"summary_large_image","twitter_misc":{"Written by":"Marcos Monteiro","Est. reading time":"4 minutes"},"schema":{"@context":"https:\/\/schema.org","@graph":[{"@type":"WebPage","@id":"https:\/\/www.imovelp.com.br\/blog\/alta-demanda-apartamentos-medios-rio\/","url":"https:\/\/www.imovelp.com.br\/blog\/alta-demanda-apartamentos-medios-rio\/","name":"Entenda a Alta Demanda por Apartamentos M\u00e9dios no Rio","isPartOf":{"@id":"https:\/\/www.imovelp.com.br\/blog\/#website"},"datePublished":"2024-05-24T16:49:53+00:00","dateModified":"2024-05-24T17:22:37+00:00","author":{"@id":"https:\/\/www.imovelp.com.br\/blog\/#\/schema\/person\/8fb1cc29840aba4154ec6a52e70be40a"},"description":"Descubra como a valoriza\u00e7\u00e3o dos apartamentos m\u00e9dios est\u00e1 impulsionando o mercado imobili\u00e1rio no Rio de Janeiro.","breadcrumb":{"@id":"https:\/\/www.imovelp.com.br\/blog\/alta-demanda-apartamentos-medios-rio\/#breadcrumb"},"inLanguage":"en-US","potentialAction":[{"@type":"ReadAction","target":["https:\/\/www.imovelp.com.br\/blog\/alta-demanda-apartamentos-medios-rio\/"]}]},{"@type":"BreadcrumbList","@id":"https:\/\/www.imovelp.com.br\/blog\/alta-demanda-apartamentos-medios-rio\/#breadcrumb","itemListElement":[{"@type":"ListItem","position":1,"name":"Home","item":"https:\/\/www.imovelp.com.br\/blog\/"},{"@type":"ListItem","position":2,"name":"Por que os Apartamentos M\u00e9dios Est\u00e3o em Alta no Rio de Janeiro?"}]},{"@type":"WebSite","@id":"https:\/\/www.imovelp.com.br\/blog\/#website","url":"https:\/\/www.imovelp.com.br\/blog\/","name":"Jornal Im\u00f3velp","description":"Portal de Not\u00edcias do Corretor de Im\u00f3veis","potentialAction":[{"@type":"SearchAction","target":{"@type":"EntryPoint","urlTemplate":"https:\/\/www.imovelp.com.br\/blog\/?s={search_term_string}"},"query-input":"required name=search_term_string"}],"inLanguage":"en-US"},{"@type":"Person","@id":"https:\/\/www.imovelp.com.br\/blog\/#\/schema\/person\/8fb1cc29840aba4154ec6a52e70be40a","name":"Marcos Monteiro","image":{"@type":"ImageObject","inLanguage":"en-US","@id":"https:\/\/www.imovelp.com.br\/blog\/#\/schema\/person\/image\/","url":"https:\/\/secure.gravatar.com\/avatar\/da25bf23c2e75965766176dcd3fc7564?s=96&d=mm&r=g","contentUrl":"https:\/\/secure.gravatar.com\/avatar\/da25bf23c2e75965766176dcd3fc7564?s=96&d=mm&r=g","caption":"Marcos Monteiro"},"url":"https:\/\/www.imovelp.com.br\/blog\/author\/redacao-imovelp\/"}]}},"_links":{"self":[{"href":"https:\/\/www.imovelp.com.br\/blog\/wp-json\/wp\/v2\/posts\/2199"}],"collection":[{"href":"https:\/\/www.imovelp.com.br\/blog\/wp-json\/wp\/v2\/posts"}],"about":[{"href":"https:\/\/www.imovelp.com.br\/blog\/wp-json\/wp\/v2\/types\/post"}],"author":[{"embeddable":true,"href":"https:\/\/www.imovelp.com.br\/blog\/wp-json\/wp\/v2\/users\/2"}],"replies":[{"embeddable":true,"href":"https:\/\/www.imovelp.com.br\/blog\/wp-json\/wp\/v2\/comments?post=2199"}],"version-history":[{"count":9,"href":"https:\/\/www.imovelp.com.br\/blog\/wp-json\/wp\/v2\/posts\/2199\/revisions"}],"predecessor-version":[{"id":2214,"href":"https:\/\/www.imovelp.com.br\/blog\/wp-json\/wp\/v2\/posts\/2199\/revisions\/2214"}],"wp:featuredmedia":[{"embeddable":true,"href":"https:\/\/www.imovelp.com.br\/blog\/wp-json\/wp\/v2\/media\/2201"}],"wp:attachment":[{"href":"https:\/\/www.imovelp.com.br\/blog\/wp-json\/wp\/v2\/media?parent=2199"}],"wp:term":[{"taxonomy":"category","embeddable":true,"href":"https:\/\/www.imovelp.com.br\/blog\/wp-json\/wp\/v2\/categories?post=2199"},{"taxonomy":"post_tag","embeddable":true,"href":"https:\/\/www.imovelp.com.br\/blog\/wp-json\/wp\/v2\/tags?post=2199"}],"curies":[{"name":"wp","href":"https:\/\/api.w.org\/{rel}","templated":true}]}}