{"id":2164,"date":"2024-04-17T09:38:37","date_gmt":"2024-04-17T12:38:37","guid":{"rendered":"https:\/\/www.imovelp.com.br\/blog\/?p=2164"},"modified":"2024-04-17T09:48:31","modified_gmt":"2024-04-17T12:48:31","slug":"mercadinho-condominio-valoriza-imovel","status":"publish","type":"post","link":"https:\/\/www.imovelp.com.br\/blog\/mercadinho-condominio-valoriza-imovel\/","title":{"rendered":"Mercadinho em Condom\u00ednio: A Nova Tend\u00eancia que Valoriza Seu Im\u00f3vel"},"content":{"rendered":"\t\t<div data-elementor-type=\"wp-post\" data-elementor-id=\"2164\" class=\"elementor elementor-2164\">\n\t\t\t\t\t\t\t<div class=\"elementor-element elementor-element-71f3e98 e-flex e-con-boxed e-con e-parent\" data-id=\"71f3e98\" data-element_type=\"container\" data-settings=\"{&quot;content_width&quot;:&quot;boxed&quot;}\" data-core-v316-plus=\"true\">\n\t\t\t\t\t<div class=\"e-con-inner\">\n\t\t\t\t<div class=\"elementor-element elementor-element-7897651 elementor-widget elementor-widget-text-editor\" data-id=\"7897651\" data-element_type=\"widget\" data-widget_type=\"text-editor.default\">\n\t\t\t\t<div class=\"elementor-widget-container\">\n\t\t\t<style>\/*! elementor - v3.17.0 - 25-10-2023 *\/\n.elementor-widget-text-editor.elementor-drop-cap-view-stacked .elementor-drop-cap{background-color:#69727d;color:#fff}.elementor-widget-text-editor.elementor-drop-cap-view-framed .elementor-drop-cap{color:#69727d;border:3px solid;background-color:transparent}.elementor-widget-text-editor:not(.elementor-drop-cap-view-default) .elementor-drop-cap{margin-top:8px}.elementor-widget-text-editor:not(.elementor-drop-cap-view-default) .elementor-drop-cap-letter{width:1em;height:1em}.elementor-widget-text-editor .elementor-drop-cap{float:left;text-align:center;line-height:1;font-size:50px}.elementor-widget-text-editor .elementor-drop-cap-letter{display:inline-block}<\/style>\t\t\t\t<p>No mundo acelerado de hoje, a comodidade \u00e9 um diferencial que ganha cada vez mais import\u00e2ncia na busca por um novo lar. E nesse cen\u00e1rio, os minimercados dentro de condom\u00ednios residenciais emergem como uma tend\u00eancia que n\u00e3o apenas facilita a vida dos moradores, mas tamb\u00e9m valoriza os im\u00f3veis em at\u00e9 R$ 50 mil.<\/p>\t\t\t\t\t\t<\/div>\n\t\t\t\t<\/div>\n\t\t\t\t\t<\/div>\n\t\t\t\t<\/div>\n\t\t<div class=\"elementor-element elementor-element-9529823 e-flex e-con-boxed e-con e-parent\" data-id=\"9529823\" data-element_type=\"container\" data-settings=\"{&quot;content_width&quot;:&quot;boxed&quot;}\" data-core-v316-plus=\"true\">\n\t\t\t\t\t<div class=\"e-con-inner\">\n\t\t\t\t<div class=\"elementor-element elementor-element-a1b0356 elementor-widget elementor-widget-image\" data-id=\"a1b0356\" data-element_type=\"widget\" data-widget_type=\"image.default\">\n\t\t\t\t<div class=\"elementor-widget-container\">\n\t\t\t<style>\/*! elementor - v3.17.0 - 25-10-2023 *\/\n.elementor-widget-image{text-align:center}.elementor-widget-image a{display:inline-block}.elementor-widget-image a img[src$=\".svg\"]{width:48px}.elementor-widget-image img{vertical-align:middle;display:inline-block}<\/style>\t\t\t\t\t\t\t\t\t<figure class=\"wp-caption\">\n\t\t\t\t\t\t\t\t\t\t<img decoding=\"async\" loading=\"lazy\" width=\"1024\" height=\"768\" src=\"https:\/\/www.imovelp.com.br\/blog\/wp-content\/uploads\/2024\/04\/PTGNQE4WEVDIPBCYL3VR7WIPDA-1024x768.png\" class=\"attachment-large size-large wp-image-2167\" alt=\"Loja aut\u00f4noma do Carrefour ter\u00e1 expans\u00e3o sob modelo de franquias Foto: Roberta Raso \/Carrefour\/ Divulga\u00e7\u00e3o\" srcset=\"https:\/\/www.imovelp.com.br\/blog\/wp-content\/uploads\/2024\/04\/PTGNQE4WEVDIPBCYL3VR7WIPDA-1024x768.png 1024w, https:\/\/www.imovelp.com.br\/blog\/wp-content\/uploads\/2024\/04\/PTGNQE4WEVDIPBCYL3VR7WIPDA-300x225.png 300w, https:\/\/www.imovelp.com.br\/blog\/wp-content\/uploads\/2024\/04\/PTGNQE4WEVDIPBCYL3VR7WIPDA-768x576.png 768w, https:\/\/www.imovelp.com.br\/blog\/wp-content\/uploads\/2024\/04\/PTGNQE4WEVDIPBCYL3VR7WIPDA.png 1200w\" sizes=\"(max-width: 1024px) 100vw, 1024px\" \/>\t\t\t\t\t\t\t\t\t\t\t<figcaption class=\"widget-image-caption wp-caption-text\">Loja aut\u00f4noma do Carrefour ter\u00e1 expans\u00e3o sob modelo de franquias Foto: Roberta Raso \/Carrefour\/ Divulga\u00e7\u00e3o<\/figcaption>\n\t\t\t\t\t\t\t\t\t\t<\/figure>\n\t\t\t\t\t\t\t\t\t<\/div>\n\t\t\t\t<\/div>\n\t\t\t\t<div class=\"elementor-element elementor-element-0ed154c elementor-widget elementor-widget-text-editor\" data-id=\"0ed154c\" data-element_type=\"widget\" data-widget_type=\"text-editor.default\">\n\t\t\t\t<div class=\"elementor-widget-container\">\n\t\t\t\t\t\t\t<p>Os mercadinhos, ocupando espa\u00e7os compactos de 5 a 30 metros quadrados, oferecem uma variedade surpreendente de at\u00e9 500 produtos essenciais, desde alimentos at\u00e9 produtos de limpeza, dispon\u00edveis 24 horas por dia, sete dias por semana. Com um sistema de autoatendimento simplificado, esses estabelecimentos proporcionam aos moradores a conveni\u00eancia de fazer compras sem sair de casa, impulsionando a busca por empreendimentos que ofere\u00e7am essa comodidade.<\/p>\t\t\t\t\t\t<\/div>\n\t\t\t\t<\/div>\n\t\t\t\t\t<\/div>\n\t\t\t\t<\/div>\n\t\t<div class=\"elementor-element elementor-element-cda8af1 e-flex e-con-boxed e-con e-parent\" data-id=\"cda8af1\" data-element_type=\"container\" data-settings=\"{&quot;content_width&quot;:&quot;boxed&quot;}\" data-core-v316-plus=\"true\">\n\t\t\t\t\t<div class=\"e-con-inner\">\n\t\t\t\t<div class=\"elementor-element elementor-element-8378580 elementor-widget elementor-widget-text-editor\" data-id=\"8378580\" data-element_type=\"widget\" data-widget_type=\"text-editor.default\">\n\t\t\t\t<div class=\"elementor-widget-container\">\n\t\t\t\t\t\t\t<p>O interesse dos compradores por condom\u00ednios com minimercados cresceu significativamente nos \u00faltimos anos, tornando-se um fator determinante na decis\u00e3o de compra ou loca\u00e7\u00e3o de im\u00f3veis para cerca de 3 em cada 10 pessoas, de acordo com dados da pesquisa de Tend\u00eancias de Moradia de 2023. Para muitos, a presen\u00e7a desses estabelecimentos nas \u00e1reas comuns do condom\u00ednio \u00e9 mais desejada do que itens como quadras esportivas ou \u00e1reas de lazer.<\/p>\t\t\t\t\t\t<\/div>\n\t\t\t\t<\/div>\n\t\t\t\t\t<\/div>\n\t\t\t\t<\/div>\n\t\t<div class=\"elementor-element elementor-element-f29a3f2 e-flex e-con-boxed e-con e-parent\" data-id=\"f29a3f2\" data-element_type=\"container\" data-settings=\"{&quot;content_width&quot;:&quot;boxed&quot;}\" data-core-v316-plus=\"true\">\n\t\t\t\t\t<div class=\"e-con-inner\">\n\t\t\t\t<div class=\"elementor-element elementor-element-218c717 elementor-widget elementor-widget-text-editor\" data-id=\"218c717\" data-element_type=\"widget\" data-widget_type=\"text-editor.default\">\n\t\t\t\t<div class=\"elementor-widget-container\">\n\t\t\t\t\t\t\t<p>Al\u00e9m de atender \u00e0s necessidades b\u00e1sicas dos moradores, os mercadinhos tamb\u00e9m agregam valor aos im\u00f3veis. Empresas como Cyrela, MRV, Cury, Plano&amp;Plano e Trisul t\u00eam apostado nessa tend\u00eancia, incluindo em seus empreendimentos espa\u00e7os destinados a minimercados. Especialistas estimam que os mercadinhos possam valorizar os im\u00f3veis em at\u00e9 10%, chegando a R$ 50 mil em algumas regi\u00f5es.<\/p>\t\t\t\t\t\t<\/div>\n\t\t\t\t<\/div>\n\t\t\t\t\t<\/div>\n\t\t\t\t<\/div>\n\t\t<div class=\"elementor-element elementor-element-2a24222 e-flex e-con-boxed e-con e-parent\" data-id=\"2a24222\" data-element_type=\"container\" data-settings=\"{&quot;content_width&quot;:&quot;boxed&quot;}\" data-core-v316-plus=\"true\">\n\t\t\t\t\t<div class=\"e-con-inner\">\n\t\t\t\t<div class=\"elementor-element elementor-element-073b306 elementor-widget elementor-widget-text-editor\" data-id=\"073b306\" data-element_type=\"widget\" data-widget_type=\"text-editor.default\">\n\t\t\t\t<div class=\"elementor-widget-container\">\n\t\t\t\t\t\t\t<p>No entanto, a presen\u00e7a desses estabelecimentos vai al\u00e9m de uma simples comodidade. Com a pandemia acelerando a busca por solu\u00e7\u00f5es que facilitem o dia a dia, os mercadinhos tornaram-se um diferencial na venda de empreendimentos, impulsionando o interesse de construtoras e incorporadoras em inclu\u00ed-los em novos projetos. Empresas como o Grupo Hirota e o Carrefour t\u00eam apostado na expans\u00e3o de lojas aut\u00f4nomas em condom\u00ednios, reconhecendo a crescente demanda por esse tipo de servi\u00e7o.<\/p>\t\t\t\t\t\t<\/div>\n\t\t\t\t<\/div>\n\t\t\t\t<div class=\"elementor-element elementor-element-c57c416 elementor-widget elementor-widget-image\" data-id=\"c57c416\" data-element_type=\"widget\" data-widget_type=\"image.default\">\n\t\t\t\t<div class=\"elementor-widget-container\">\n\t\t\t\t\t\t\t\t\t\t\t\t<figure class=\"wp-caption\">\n\t\t\t\t\t\t\t\t\t\t<img decoding=\"async\" loading=\"lazy\" width=\"1024\" height=\"683\" src=\"https:\/\/www.imovelp.com.br\/blog\/wp-content\/uploads\/2024\/04\/S5GITUBV6FCPPIJ4VZYORZVKJA-1024x683.png\" class=\"attachment-large size-large wp-image-2166\" alt=\"Loja do Hirota em condom\u00ednio residencial de S\u00e3o Paulo; rede tem hoje 122 unidades, a maioria ocupa salas dos pr\u00f3prios edif\u00edcios Foto: Daniel Teixeira \/Estad\u00e3o\" srcset=\"https:\/\/www.imovelp.com.br\/blog\/wp-content\/uploads\/2024\/04\/S5GITUBV6FCPPIJ4VZYORZVKJA-1024x683.png 1024w, https:\/\/www.imovelp.com.br\/blog\/wp-content\/uploads\/2024\/04\/S5GITUBV6FCPPIJ4VZYORZVKJA-300x200.png 300w, https:\/\/www.imovelp.com.br\/blog\/wp-content\/uploads\/2024\/04\/S5GITUBV6FCPPIJ4VZYORZVKJA-768x512.png 768w, https:\/\/www.imovelp.com.br\/blog\/wp-content\/uploads\/2024\/04\/S5GITUBV6FCPPIJ4VZYORZVKJA.png 1200w\" sizes=\"(max-width: 1024px) 100vw, 1024px\" \/>\t\t\t\t\t\t\t\t\t\t\t<figcaption class=\"widget-image-caption wp-caption-text\">Loja do Hirota em condom\u00ednio residencial de S\u00e3o Paulo; rede tem hoje 122 unidades, a maioria ocupa salas dos pr\u00f3prios edif\u00edcios Foto: Daniel Teixeira \/Estad\u00e3o<\/figcaption>\n\t\t\t\t\t\t\t\t\t\t<\/figure>\n\t\t\t\t\t\t\t\t\t<\/div>\n\t\t\t\t<\/div>\n\t\t\t\t\t<\/div>\n\t\t\t\t<\/div>\n\t\t<div class=\"elementor-element elementor-element-4a353c2 e-flex e-con-boxed e-con e-parent\" data-id=\"4a353c2\" data-element_type=\"container\" data-settings=\"{&quot;content_width&quot;:&quot;boxed&quot;}\" data-core-v316-plus=\"true\">\n\t\t\t\t\t<div class=\"e-con-inner\">\n\t\t\t\t<div class=\"elementor-element elementor-element-8f4f90c elementor-widget elementor-widget-text-editor\" data-id=\"8f4f90c\" data-element_type=\"widget\" data-widget_type=\"text-editor.default\">\n\t\t\t\t<div class=\"elementor-widget-container\">\n\t\t\t\t\t\t\t<p>O sucesso desse modelo de neg\u00f3cio \u00e9 reflexo de uma mudan\u00e7a no comportamento de consumo, onde a conveni\u00eancia e a praticidade se tornaram prioridades para os brasileiros. Com os minimercados dentro de condom\u00ednios, os moradores podem desfrutar de uma experi\u00eancia de compra mais r\u00e1pida e segura, sem abrir m\u00e3o da qualidade e variedade de produtos.<\/p>\t\t\t\t\t\t<\/div>\n\t\t\t\t<\/div>\n\t\t\t\t\t<\/div>\n\t\t\t\t<\/div>\n\t\t<div class=\"elementor-element elementor-element-397c2a0 e-flex e-con-boxed e-con e-parent\" data-id=\"397c2a0\" data-element_type=\"container\" data-settings=\"{&quot;content_width&quot;:&quot;boxed&quot;}\" data-core-v316-plus=\"true\">\n\t\t\t\t\t<div class=\"e-con-inner\">\n\t\t\t\t<div class=\"elementor-element elementor-element-1756b20 elementor-widget elementor-widget-text-editor\" data-id=\"1756b20\" data-element_type=\"widget\" data-widget_type=\"text-editor.default\">\n\t\t\t\t<div class=\"elementor-widget-container\">\n\t\t\t\t\t\t\t<p>Em um mercado imobili\u00e1rio cada vez mais competitivo, os mercadinhos em condom\u00ednios surgem como um diferencial que n\u00e3o apenas atrai compradores, mas tamb\u00e9m valoriza os im\u00f3veis, proporcionando uma experi\u00eancia de moradia \u00fanica e completa. Quer conhecer os empreendimentos que oferecem essa comodidade? Entre em contato conosco e descubra como os minimercados podem transformar a sua experi\u00eancia no mercado imobili\u00e1rio.\u00a0<\/p>\t\t\t\t\t\t<\/div>\n\t\t\t\t<\/div>\n\t\t\t\t\t<\/div>\n\t\t\t\t<\/div>\n\t\t<div class=\"elementor-element elementor-element-3a5cf8e e-flex e-con-boxed e-con e-parent\" data-id=\"3a5cf8e\" data-element_type=\"container\" data-settings=\"{&quot;content_width&quot;:&quot;boxed&quot;}\" data-core-v316-plus=\"true\">\n\t\t\t\t\t<div class=\"e-con-inner\">\n\t\t\t\t<div class=\"elementor-element elementor-element-001e570 elementor-widget elementor-widget-text-editor\" data-id=\"001e570\" data-element_type=\"widget\" data-widget_type=\"text-editor.default\">\n\t\t\t\t<div class=\"elementor-widget-container\">\n\t\t\t\t\t\t\t<p>Fonte: <a href=\"https:\/\/www.estadao.com.br\/economia\/mercadinho-de-condominio-valoriza-imovel\/?utm_source=estadao:app&amp;utm_medium=noticia:compartilhamento\">Estad\u00e3o<\/a><\/p>\t\t\t\t\t\t<\/div>\n\t\t\t\t<\/div>\n\t\t\t\t\t<\/div>\n\t\t\t\t<\/div>\n\t\t\t\t\t\t\t<\/div>\n\t\t","protected":false},"excerpt":{"rendered":"<p>No mundo acelerado de hoje, a comodidade \u00e9 um diferencial que ganha cada vez mais import\u00e2ncia na busca por um novo lar. E nesse cen\u00e1rio, os minimercados dentro de condom\u00ednios&hellip; <\/p>\n","protected":false},"author":2,"featured_media":2166,"comment_status":"open","ping_status":"open","sticky":false,"template":"","format":"standard","meta":{"footnotes":""},"categories":[5,7],"tags":[111,109,112,110],"yoast_head":"<!-- This site is optimized with the Yoast SEO plugin v21.5 - https:\/\/yoast.com\/wordpress\/plugins\/seo\/ -->\n<title>Mercadinhos em condom\u00ednio valorizam seu im\u00f3vel<\/title>\n<meta name=\"description\" content=\"Saiba como os mercadinhos dentro de condom\u00ednios podem valorizar seu im\u00f3vel e encontre empreendimentos com essa comodidade.\" \/>\n<meta name=\"robots\" content=\"index, follow, max-snippet:-1, max-image-preview:large, max-video-preview:-1\" \/>\n<link rel=\"canonical\" href=\"https:\/\/www.imovelp.com.br\/blog\/mercadinho-condominio-valoriza-imovel\/\" \/>\n<meta property=\"og:locale\" content=\"en_US\" \/>\n<meta property=\"og:type\" content=\"article\" \/>\n<meta property=\"og:title\" content=\"Mercadinhos em condom\u00ednio valorizam seu im\u00f3vel\" \/>\n<meta property=\"og:description\" content=\"Saiba como os mercadinhos dentro de condom\u00ednios podem valorizar seu im\u00f3vel e encontre empreendimentos com essa comodidade.\" \/>\n<meta property=\"og:url\" content=\"https:\/\/www.imovelp.com.br\/blog\/mercadinho-condominio-valoriza-imovel\/\" \/>\n<meta property=\"og:site_name\" content=\"Jornal Im\u00f3velp\" \/>\n<meta property=\"article:published_time\" content=\"2024-04-17T12:38:37+00:00\" \/>\n<meta property=\"article:modified_time\" content=\"2024-04-17T12:48:31+00:00\" \/>\n<meta property=\"og:image\" content=\"https:\/\/www.imovelp.com.br\/blog\/wp-content\/uploads\/2024\/04\/S5GITUBV6FCPPIJ4VZYORZVKJA.png\" \/>\n\t<meta property=\"og:image:width\" content=\"1200\" \/>\n\t<meta property=\"og:image:height\" content=\"800\" \/>\n\t<meta property=\"og:image:type\" content=\"image\/png\" \/>\n<meta name=\"author\" content=\"Marcos Monteiro\" \/>\n<meta name=\"twitter:card\" content=\"summary_large_image\" \/>\n<meta name=\"twitter:label1\" content=\"Written by\" \/>\n\t<meta name=\"twitter:data1\" content=\"Marcos Monteiro\" \/>\n\t<meta name=\"twitter:label2\" content=\"Est. reading time\" \/>\n\t<meta name=\"twitter:data2\" content=\"3 minutes\" \/>\n<script type=\"application\/ld+json\" class=\"yoast-schema-graph\">{\"@context\":\"https:\/\/schema.org\",\"@graph\":[{\"@type\":\"WebPage\",\"@id\":\"https:\/\/www.imovelp.com.br\/blog\/mercadinho-condominio-valoriza-imovel\/\",\"url\":\"https:\/\/www.imovelp.com.br\/blog\/mercadinho-condominio-valoriza-imovel\/\",\"name\":\"Mercadinhos em condom\u00ednio valorizam seu im\u00f3vel\",\"isPartOf\":{\"@id\":\"https:\/\/www.imovelp.com.br\/blog\/#website\"},\"datePublished\":\"2024-04-17T12:38:37+00:00\",\"dateModified\":\"2024-04-17T12:48:31+00:00\",\"author\":{\"@id\":\"https:\/\/www.imovelp.com.br\/blog\/#\/schema\/person\/8fb1cc29840aba4154ec6a52e70be40a\"},\"description\":\"Saiba como os mercadinhos dentro de condom\u00ednios podem valorizar seu im\u00f3vel e encontre empreendimentos com essa comodidade.\",\"breadcrumb\":{\"@id\":\"https:\/\/www.imovelp.com.br\/blog\/mercadinho-condominio-valoriza-imovel\/#breadcrumb\"},\"inLanguage\":\"en-US\",\"potentialAction\":[{\"@type\":\"ReadAction\",\"target\":[\"https:\/\/www.imovelp.com.br\/blog\/mercadinho-condominio-valoriza-imovel\/\"]}]},{\"@type\":\"BreadcrumbList\",\"@id\":\"https:\/\/www.imovelp.com.br\/blog\/mercadinho-condominio-valoriza-imovel\/#breadcrumb\",\"itemListElement\":[{\"@type\":\"ListItem\",\"position\":1,\"name\":\"Home\",\"item\":\"https:\/\/www.imovelp.com.br\/blog\/\"},{\"@type\":\"ListItem\",\"position\":2,\"name\":\"Mercadinho em Condom\u00ednio: A Nova Tend\u00eancia que Valoriza Seu Im\u00f3vel\"}]},{\"@type\":\"WebSite\",\"@id\":\"https:\/\/www.imovelp.com.br\/blog\/#website\",\"url\":\"https:\/\/www.imovelp.com.br\/blog\/\",\"name\":\"Jornal Im\u00f3velp\",\"description\":\"Portal de Not\u00edcias do Corretor de Im\u00f3veis\",\"potentialAction\":[{\"@type\":\"SearchAction\",\"target\":{\"@type\":\"EntryPoint\",\"urlTemplate\":\"https:\/\/www.imovelp.com.br\/blog\/?s={search_term_string}\"},\"query-input\":\"required name=search_term_string\"}],\"inLanguage\":\"en-US\"},{\"@type\":\"Person\",\"@id\":\"https:\/\/www.imovelp.com.br\/blog\/#\/schema\/person\/8fb1cc29840aba4154ec6a52e70be40a\",\"name\":\"Marcos Monteiro\",\"image\":{\"@type\":\"ImageObject\",\"inLanguage\":\"en-US\",\"@id\":\"https:\/\/www.imovelp.com.br\/blog\/#\/schema\/person\/image\/\",\"url\":\"https:\/\/secure.gravatar.com\/avatar\/da25bf23c2e75965766176dcd3fc7564?s=96&d=mm&r=g\",\"contentUrl\":\"https:\/\/secure.gravatar.com\/avatar\/da25bf23c2e75965766176dcd3fc7564?s=96&d=mm&r=g\",\"caption\":\"Marcos Monteiro\"},\"url\":\"https:\/\/www.imovelp.com.br\/blog\/author\/redacao-imovelp\/\"}]}<\/script>\n<!-- \/ Yoast SEO plugin. -->","yoast_head_json":{"title":"Mercadinhos em condom\u00ednio valorizam seu im\u00f3vel","description":"Saiba como os mercadinhos dentro de condom\u00ednios podem valorizar seu im\u00f3vel e encontre empreendimentos com essa comodidade.","robots":{"index":"index","follow":"follow","max-snippet":"max-snippet:-1","max-image-preview":"max-image-preview:large","max-video-preview":"max-video-preview:-1"},"canonical":"https:\/\/www.imovelp.com.br\/blog\/mercadinho-condominio-valoriza-imovel\/","og_locale":"en_US","og_type":"article","og_title":"Mercadinhos em condom\u00ednio valorizam seu im\u00f3vel","og_description":"Saiba como os mercadinhos dentro de condom\u00ednios podem valorizar seu im\u00f3vel e encontre empreendimentos com essa comodidade.","og_url":"https:\/\/www.imovelp.com.br\/blog\/mercadinho-condominio-valoriza-imovel\/","og_site_name":"Jornal Im\u00f3velp","article_published_time":"2024-04-17T12:38:37+00:00","article_modified_time":"2024-04-17T12:48:31+00:00","og_image":[{"width":1200,"height":800,"url":"https:\/\/www.imovelp.com.br\/blog\/wp-content\/uploads\/2024\/04\/S5GITUBV6FCPPIJ4VZYORZVKJA.png","type":"image\/png"}],"author":"Marcos Monteiro","twitter_card":"summary_large_image","twitter_misc":{"Written by":"Marcos Monteiro","Est. reading time":"3 minutes"},"schema":{"@context":"https:\/\/schema.org","@graph":[{"@type":"WebPage","@id":"https:\/\/www.imovelp.com.br\/blog\/mercadinho-condominio-valoriza-imovel\/","url":"https:\/\/www.imovelp.com.br\/blog\/mercadinho-condominio-valoriza-imovel\/","name":"Mercadinhos em condom\u00ednio valorizam seu im\u00f3vel","isPartOf":{"@id":"https:\/\/www.imovelp.com.br\/blog\/#website"},"datePublished":"2024-04-17T12:38:37+00:00","dateModified":"2024-04-17T12:48:31+00:00","author":{"@id":"https:\/\/www.imovelp.com.br\/blog\/#\/schema\/person\/8fb1cc29840aba4154ec6a52e70be40a"},"description":"Saiba como os mercadinhos dentro de condom\u00ednios podem valorizar seu im\u00f3vel e encontre empreendimentos com essa comodidade.","breadcrumb":{"@id":"https:\/\/www.imovelp.com.br\/blog\/mercadinho-condominio-valoriza-imovel\/#breadcrumb"},"inLanguage":"en-US","potentialAction":[{"@type":"ReadAction","target":["https:\/\/www.imovelp.com.br\/blog\/mercadinho-condominio-valoriza-imovel\/"]}]},{"@type":"BreadcrumbList","@id":"https:\/\/www.imovelp.com.br\/blog\/mercadinho-condominio-valoriza-imovel\/#breadcrumb","itemListElement":[{"@type":"ListItem","position":1,"name":"Home","item":"https:\/\/www.imovelp.com.br\/blog\/"},{"@type":"ListItem","position":2,"name":"Mercadinho em Condom\u00ednio: A Nova Tend\u00eancia que Valoriza Seu Im\u00f3vel"}]},{"@type":"WebSite","@id":"https:\/\/www.imovelp.com.br\/blog\/#website","url":"https:\/\/www.imovelp.com.br\/blog\/","name":"Jornal Im\u00f3velp","description":"Portal de Not\u00edcias do Corretor de Im\u00f3veis","potentialAction":[{"@type":"SearchAction","target":{"@type":"EntryPoint","urlTemplate":"https:\/\/www.imovelp.com.br\/blog\/?s={search_term_string}"},"query-input":"required name=search_term_string"}],"inLanguage":"en-US"},{"@type":"Person","@id":"https:\/\/www.imovelp.com.br\/blog\/#\/schema\/person\/8fb1cc29840aba4154ec6a52e70be40a","name":"Marcos Monteiro","image":{"@type":"ImageObject","inLanguage":"en-US","@id":"https:\/\/www.imovelp.com.br\/blog\/#\/schema\/person\/image\/","url":"https:\/\/secure.gravatar.com\/avatar\/da25bf23c2e75965766176dcd3fc7564?s=96&d=mm&r=g","contentUrl":"https:\/\/secure.gravatar.com\/avatar\/da25bf23c2e75965766176dcd3fc7564?s=96&d=mm&r=g","caption":"Marcos Monteiro"},"url":"https:\/\/www.imovelp.com.br\/blog\/author\/redacao-imovelp\/"}]}},"_links":{"self":[{"href":"https:\/\/www.imovelp.com.br\/blog\/wp-json\/wp\/v2\/posts\/2164"}],"collection":[{"href":"https:\/\/www.imovelp.com.br\/blog\/wp-json\/wp\/v2\/posts"}],"about":[{"href":"https:\/\/www.imovelp.com.br\/blog\/wp-json\/wp\/v2\/types\/post"}],"author":[{"embeddable":true,"href":"https:\/\/www.imovelp.com.br\/blog\/wp-json\/wp\/v2\/users\/2"}],"replies":[{"embeddable":true,"href":"https:\/\/www.imovelp.com.br\/blog\/wp-json\/wp\/v2\/comments?post=2164"}],"version-history":[{"count":9,"href":"https:\/\/www.imovelp.com.br\/blog\/wp-json\/wp\/v2\/posts\/2164\/revisions"}],"predecessor-version":[{"id":2175,"href":"https:\/\/www.imovelp.com.br\/blog\/wp-json\/wp\/v2\/posts\/2164\/revisions\/2175"}],"wp:featuredmedia":[{"embeddable":true,"href":"https:\/\/www.imovelp.com.br\/blog\/wp-json\/wp\/v2\/media\/2166"}],"wp:attachment":[{"href":"https:\/\/www.imovelp.com.br\/blog\/wp-json\/wp\/v2\/media?parent=2164"}],"wp:term":[{"taxonomy":"category","embeddable":true,"href":"https:\/\/www.imovelp.com.br\/blog\/wp-json\/wp\/v2\/categories?post=2164"},{"taxonomy":"post_tag","embeddable":true,"href":"https:\/\/www.imovelp.com.br\/blog\/wp-json\/wp\/v2\/tags?post=2164"}],"curies":[{"name":"wp","href":"https:\/\/api.w.org\/{rel}","templated":true}]}}