{"id":2107,"date":"2024-03-05T12:34:50","date_gmt":"2024-03-05T15:34:50","guid":{"rendered":"https:\/\/www.imovelp.com.br\/blog\/?p=2107"},"modified":"2024-03-06T09:46:41","modified_gmt":"2024-03-06T12:46:41","slug":"morar-em-piedade-jaboatao-guararapes","status":"publish","type":"post","link":"https:\/\/www.imovelp.com.br\/blog\/morar-em-piedade-jaboatao-guararapes\/","title":{"rendered":"Piedade: Seu Novo Lar no Cora\u00e7\u00e3o de Jaboat\u00e3o dos Guararapes"},"content":{"rendered":"\t\t<div data-elementor-type=\"wp-post\" data-elementor-id=\"2107\" class=\"elementor elementor-2107\">\n\t\t\t\t\t\t\t<div class=\"elementor-element elementor-element-757f6a5 e-flex e-con-boxed e-con e-parent\" data-id=\"757f6a5\" data-element_type=\"container\" data-settings=\"{&quot;content_width&quot;:&quot;boxed&quot;}\" data-core-v316-plus=\"true\">\n\t\t\t\t\t<div class=\"e-con-inner\">\n\t\t\t\t<div class=\"elementor-element elementor-element-5e32f33 elementor-widget elementor-widget-heading\" data-id=\"5e32f33\" data-element_type=\"widget\" data-widget_type=\"heading.default\">\n\t\t\t\t<div class=\"elementor-widget-container\">\n\t\t\t<style>\/*! elementor - v3.17.0 - 25-10-2023 *\/\n.elementor-heading-title{padding:0;margin:0;line-height:1}.elementor-widget-heading .elementor-heading-title[class*=elementor-size-]>a{color:inherit;font-size:inherit;line-height:inherit}.elementor-widget-heading .elementor-heading-title.elementor-size-small{font-size:15px}.elementor-widget-heading .elementor-heading-title.elementor-size-medium{font-size:19px}.elementor-widget-heading .elementor-heading-title.elementor-size-large{font-size:29px}.elementor-widget-heading .elementor-heading-title.elementor-size-xl{font-size:39px}.elementor-widget-heading .elementor-heading-title.elementor-size-xxl{font-size:59px}<\/style><h3 class=\"elementor-heading-title elementor-size-default\">Saiba mais sobre as Maravilhas de Viver em Piedade, um O\u00e1sis Entre Recife e Candeias<\/h3>\t\t<\/div>\n\t\t\t\t<\/div>\n\t\t\t\t\t<\/div>\n\t\t\t\t<\/div>\n\t\t<div class=\"elementor-element elementor-element-53d5f3b e-flex e-con-boxed e-con e-parent\" data-id=\"53d5f3b\" data-element_type=\"container\" data-settings=\"{&quot;content_width&quot;:&quot;boxed&quot;}\" data-core-v316-plus=\"true\">\n\t\t\t\t\t<div class=\"e-con-inner\">\n\t\t\t\t<div class=\"elementor-element elementor-element-39fba42 elementor-widget elementor-widget-text-editor\" data-id=\"39fba42\" data-element_type=\"widget\" data-widget_type=\"text-editor.default\">\n\t\t\t\t<div class=\"elementor-widget-container\">\n\t\t\t<style>\/*! elementor - v3.17.0 - 25-10-2023 *\/\n.elementor-widget-text-editor.elementor-drop-cap-view-stacked .elementor-drop-cap{background-color:#69727d;color:#fff}.elementor-widget-text-editor.elementor-drop-cap-view-framed .elementor-drop-cap{color:#69727d;border:3px solid;background-color:transparent}.elementor-widget-text-editor:not(.elementor-drop-cap-view-default) .elementor-drop-cap{margin-top:8px}.elementor-widget-text-editor:not(.elementor-drop-cap-view-default) .elementor-drop-cap-letter{width:1em;height:1em}.elementor-widget-text-editor .elementor-drop-cap{float:left;text-align:center;line-height:1;font-size:50px}.elementor-widget-text-editor .elementor-drop-cap-letter{display:inline-block}<\/style>\t\t\t\t<p>Piedade, um bairro encantador de Jaboat\u00e3o dos Guararapes, se destaca por sua hist\u00f3ria rica e pela bela Praia de Piedade, parte integrante das praias da Regional 06. Vamos explorar esse tesouro \u00e0 beira-mar que oferece n\u00e3o apenas uma paisagem deslumbrante, mas tamb\u00e9m uma qualidade de vida excepcional.<\/p>\t\t\t\t\t\t<\/div>\n\t\t\t\t<\/div>\n\t\t\t\t<div class=\"elementor-element elementor-element-e46a901 elementor-widget elementor-widget-image\" data-id=\"e46a901\" data-element_type=\"widget\" data-widget_type=\"image.default\">\n\t\t\t\t<div class=\"elementor-widget-container\">\n\t\t\t<style>\/*! elementor - v3.17.0 - 25-10-2023 *\/\n.elementor-widget-image{text-align:center}.elementor-widget-image a{display:inline-block}.elementor-widget-image a img[src$=\".svg\"]{width:48px}.elementor-widget-image img{vertical-align:middle;display:inline-block}<\/style>\t\t\t\t\t\t\t\t\t\t\t\t<img decoding=\"async\" loading=\"lazy\" width=\"674\" height=\"451\" src=\"https:\/\/www.imovelp.com.br\/blog\/wp-content\/uploads\/2024\/03\/37c0c04b2a2a6b4b893fe8c3fa27c190.jpg\" class=\"attachment-large size-large wp-image-2111\" alt=\"\" srcset=\"https:\/\/www.imovelp.com.br\/blog\/wp-content\/uploads\/2024\/03\/37c0c04b2a2a6b4b893fe8c3fa27c190.jpg 674w, https:\/\/www.imovelp.com.br\/blog\/wp-content\/uploads\/2024\/03\/37c0c04b2a2a6b4b893fe8c3fa27c190-300x201.jpg 300w\" sizes=\"(max-width: 674px) 100vw, 674px\" \/>\t\t\t\t\t\t\t\t\t\t\t\t\t\t\t<\/div>\n\t\t\t\t<\/div>\n\t\t\t\t<div class=\"elementor-element elementor-element-c8b4f36 elementor-widget elementor-widget-heading\" data-id=\"c8b4f36\" data-element_type=\"widget\" data-widget_type=\"heading.default\">\n\t\t\t\t<div class=\"elementor-widget-container\">\n\t\t\t<h4 class=\"elementor-heading-title elementor-size-default\">Piedade: O Ber\u00e7o da Tranquilidade Entre Recife e Candeias<\/h4>\t\t<\/div>\n\t\t\t\t<\/div>\n\t\t\t\t\t<\/div>\n\t\t\t\t<\/div>\n\t\t<div class=\"elementor-element elementor-element-6bc6a79 e-flex e-con-boxed e-con e-parent\" data-id=\"6bc6a79\" data-element_type=\"container\" data-settings=\"{&quot;content_width&quot;:&quot;boxed&quot;}\" data-core-v316-plus=\"true\">\n\t\t\t\t\t<div class=\"e-con-inner\">\n\t\t\t\t<div class=\"elementor-element elementor-element-fa478bd elementor-widget elementor-widget-text-editor\" data-id=\"fa478bd\" data-element_type=\"widget\" data-widget_type=\"text-editor.default\">\n\t\t\t\t<div class=\"elementor-widget-container\">\n\t\t\t\t\t\t\t<p>A hist\u00f3ria de Piedade remonta ao s\u00e9culo XVII, quando a Igreja de Nossa Senhora da Piedade foi fundada, dando origem ao bairro. Antes conhecida como Praia de Francisco Gomes, Piedade ganhou seu nome com a constru\u00e7\u00e3o da capela que originou a atual Igreja da Piedade em 1683. Hoje, a regi\u00e3o \u00e9 conhecida por suas praias, arrecifes e heran\u00e7a cultural.<\/p>\t\t\t\t\t\t<\/div>\n\t\t\t\t<\/div>\n\t\t\t\t\t<\/div>\n\t\t\t\t<\/div>\n\t\t<div class=\"elementor-element elementor-element-83d90e6 e-flex e-con-boxed e-con e-parent\" data-id=\"83d90e6\" data-element_type=\"container\" data-settings=\"{&quot;content_width&quot;:&quot;boxed&quot;}\" data-core-v316-plus=\"true\">\n\t\t\t\t\t<div class=\"e-con-inner\">\n\t\t\t\t<div class=\"elementor-element elementor-element-f1e2576 elementor-widget elementor-widget-heading\" data-id=\"f1e2576\" data-element_type=\"widget\" data-widget_type=\"heading.default\">\n\t\t\t\t<div class=\"elementor-widget-container\">\n\t\t\t<h4 class=\"elementor-heading-title elementor-size-default\">Vida Moderna em Piedade: Uma Fus\u00e3o de Hist\u00f3ria e Conveni\u00eancia<\/h4>\t\t<\/div>\n\t\t\t\t<\/div>\n\t\t\t\t\t<\/div>\n\t\t\t\t<\/div>\n\t\t<div class=\"elementor-element elementor-element-8753f88 e-flex e-con-boxed e-con e-parent\" data-id=\"8753f88\" data-element_type=\"container\" data-settings=\"{&quot;content_width&quot;:&quot;boxed&quot;}\" data-core-v316-plus=\"true\">\n\t\t\t\t\t<div class=\"e-con-inner\">\n\t\t\t\t<div class=\"elementor-element elementor-element-26ebaa9 elementor-widget elementor-widget-text-editor\" data-id=\"26ebaa9\" data-element_type=\"widget\" data-widget_type=\"text-editor.default\">\n\t\t\t\t<div class=\"elementor-widget-container\">\n\t\t\t\t\t\t\t<p>Parte da regi\u00e3o metropolitana de Recife, Jaboat\u00e3o dos Guararapes \u00e9 uma pot\u00eancia econ\u00f4mica do nordeste brasileiro. Com uma localiza\u00e7\u00e3o estrat\u00e9gica e ind\u00fastrias pr\u00f3speras, atrai aqueles que buscam empregos s\u00f3lidos, infraestrutura exemplar e as maravilhas do litoral. Em Piedade, a proximidade com Recife e a beleza natural tornam a regi\u00e3o uma escolha desej\u00e1vel para moradores e investidores.<\/p>\t\t\t\t\t\t<\/div>\n\t\t\t\t<\/div>\n\t\t\t\t\t<\/div>\n\t\t\t\t<\/div>\n\t\t<div class=\"elementor-element elementor-element-4d6086d e-flex e-con-boxed e-con e-parent\" data-id=\"4d6086d\" data-element_type=\"container\" data-settings=\"{&quot;content_width&quot;:&quot;boxed&quot;}\" data-core-v316-plus=\"true\">\n\t\t\t\t\t<div class=\"e-con-inner\">\n\t\t\t\t<div class=\"elementor-element elementor-element-28143af elementor-widget elementor-widget-heading\" data-id=\"28143af\" data-element_type=\"widget\" data-widget_type=\"heading.default\">\n\t\t\t\t<div class=\"elementor-widget-container\">\n\t\t\t<h4 class=\"elementor-heading-title elementor-size-default\">Jaboat\u00e3o dos Guararapes: Entre Engenhos e Desenvolvimento Moderno<\/h4>\t\t<\/div>\n\t\t\t\t<\/div>\n\t\t\t\t\t<\/div>\n\t\t\t\t<\/div>\n\t\t<div class=\"elementor-element elementor-element-3b1b2fc e-flex e-con-boxed e-con e-parent\" data-id=\"3b1b2fc\" data-element_type=\"container\" data-settings=\"{&quot;content_width&quot;:&quot;boxed&quot;}\" data-core-v316-plus=\"true\">\n\t\t\t\t\t<div class=\"e-con-inner\">\n\t\t\t\t<div class=\"elementor-element elementor-element-f41e132 elementor-widget elementor-widget-text-editor\" data-id=\"f41e132\" data-element_type=\"widget\" data-widget_type=\"text-editor.default\">\n\t\t\t\t<div class=\"elementor-widget-container\">\n\t\t\t\t\t\t\t<p>Fundada em 1593, Jaboat\u00e3o dos Guararapes teve sua origem nos engenhos de cana-de-a\u00e7\u00facar. Ao longo dos s\u00e9culos, transformou-se em um polo industrial e de desenvolvimento no nordeste. Com uma rica heran\u00e7a cultural, o centro da cidade preserva constru\u00e7\u00f5es coloniais que contam a hist\u00f3ria do munic\u00edpio.<\/p>\t\t\t\t\t\t<\/div>\n\t\t\t\t<\/div>\n\t\t\t\t\t<\/div>\n\t\t\t\t<\/div>\n\t\t<div class=\"elementor-element elementor-element-53cf38b e-flex e-con-boxed e-con e-parent\" data-id=\"53cf38b\" data-element_type=\"container\" data-settings=\"{&quot;content_width&quot;:&quot;boxed&quot;}\" data-core-v316-plus=\"true\">\n\t\t\t\t\t<div class=\"e-con-inner\">\n\t\t\t\t<div class=\"elementor-element elementor-element-5ae3266 elementor-widget elementor-widget-heading\" data-id=\"5ae3266\" data-element_type=\"widget\" data-widget_type=\"heading.default\">\n\t\t\t\t<div class=\"elementor-widget-container\">\n\t\t\t<h4 class=\"elementor-heading-title elementor-size-default\">Por que Morar na Regi\u00e3o Metropolitana de Recife?<\/h4>\t\t<\/div>\n\t\t\t\t<\/div>\n\t\t\t\t\t<\/div>\n\t\t\t\t<\/div>\n\t\t<div class=\"elementor-element elementor-element-34cd99d e-flex e-con-boxed e-con e-parent\" data-id=\"34cd99d\" data-element_type=\"container\" data-settings=\"{&quot;content_width&quot;:&quot;boxed&quot;}\" data-core-v316-plus=\"true\">\n\t\t\t\t\t<div class=\"e-con-inner\">\n\t\t\t\t<div class=\"elementor-element elementor-element-eccaf14 elementor-widget elementor-widget-text-editor\" data-id=\"eccaf14\" data-element_type=\"widget\" data-widget_type=\"text-editor.default\">\n\t\t\t\t<div class=\"elementor-widget-container\">\n\t\t\t\t\t\t\t<p>A regi\u00e3o metropolitana, respons\u00e1vel por cerca de 1\/3 do PIB do nordeste, oferece oportunidades abundantes. Com 15 cidades, incluindo Recife e Jaboat\u00e3o dos Guararapes, \u00e9 um hub de desenvolvimento econ\u00f4mico, atraindo profissionais de diversas \u00e1reas.<\/p>\t\t\t\t\t\t<\/div>\n\t\t\t\t<\/div>\n\t\t\t\t\t<\/div>\n\t\t\t\t<\/div>\n\t\t<div class=\"elementor-element elementor-element-80801af e-flex e-con-boxed e-con e-parent\" data-id=\"80801af\" data-element_type=\"container\" data-settings=\"{&quot;content_width&quot;:&quot;boxed&quot;}\" data-core-v316-plus=\"true\">\n\t\t\t\t\t<div class=\"e-con-inner\">\n\t\t\t\t<div class=\"elementor-element elementor-element-14f6cf5 elementor-widget elementor-widget-heading\" data-id=\"14f6cf5\" data-element_type=\"widget\" data-widget_type=\"heading.default\">\n\t\t\t\t<div class=\"elementor-widget-container\">\n\t\t\t<h4 class=\"elementor-heading-title elementor-size-default\">Jaboat\u00e3o dos Guararapes Hoje: Um Polo de Desenvolvimento<\/h4>\t\t<\/div>\n\t\t\t\t<\/div>\n\t\t\t\t\t<\/div>\n\t\t\t\t<\/div>\n\t\t<div class=\"elementor-element elementor-element-2ca38b4 e-flex e-con-boxed e-con e-parent\" data-id=\"2ca38b4\" data-element_type=\"container\" data-settings=\"{&quot;content_width&quot;:&quot;boxed&quot;}\" data-core-v316-plus=\"true\">\n\t\t\t\t\t<div class=\"e-con-inner\">\n\t\t\t\t<div class=\"elementor-element elementor-element-dc4c573 elementor-widget elementor-widget-text-editor\" data-id=\"dc4c573\" data-element_type=\"widget\" data-widget_type=\"text-editor.default\">\n\t\t\t\t<div class=\"elementor-widget-container\">\n\t\t\t\t\t\t\t<p>Com uma popula\u00e7\u00e3o de cerca de 700 mil habitantes, Jaboat\u00e3o dos Guararapes \u00e9 uma cidade em constante crescimento. Seus bairros, como Piedade, oferecem infraestrutura completa, excelentes op\u00e7\u00f5es de educa\u00e7\u00e3o e uma variedade de servi\u00e7os. A proximidade com Recife, as rodovias e o Aeroporto Internacional de Guararapes garantem uma conex\u00e3o f\u00e1cil.<\/p>\t\t\t\t\t\t<\/div>\n\t\t\t\t<\/div>\n\t\t\t\t\t<\/div>\n\t\t\t\t<\/div>\n\t\t<div class=\"elementor-element elementor-element-4e75792 e-flex e-con-boxed e-con e-parent\" data-id=\"4e75792\" data-element_type=\"container\" data-settings=\"{&quot;content_width&quot;:&quot;boxed&quot;}\" data-core-v316-plus=\"true\">\n\t\t\t\t\t<div class=\"e-con-inner\">\n\t\t\t\t<div class=\"elementor-element elementor-element-0f3bafa elementor-widget elementor-widget-heading\" data-id=\"0f3bafa\" data-element_type=\"widget\" data-widget_type=\"heading.default\">\n\t\t\t\t<div class=\"elementor-widget-container\">\n\t\t\t<h4 class=\"elementor-heading-title elementor-size-default\">Vantagens de Morar em Piedade: Praias, Cultura e Conveni\u00eancia\n\n<\/h4>\t\t<\/div>\n\t\t\t\t<\/div>\n\t\t\t\t\t<\/div>\n\t\t\t\t<\/div>\n\t\t<div class=\"elementor-element elementor-element-50e57a2 e-flex e-con-boxed e-con e-parent\" data-id=\"50e57a2\" data-element_type=\"container\" data-settings=\"{&quot;content_width&quot;:&quot;boxed&quot;}\" data-core-v316-plus=\"true\">\n\t\t\t\t\t<div class=\"e-con-inner\">\n\t\t\t\t<div class=\"elementor-element elementor-element-e5abd32 elementor-widget elementor-widget-text-editor\" data-id=\"e5abd32\" data-element_type=\"widget\" data-widget_type=\"text-editor.default\">\n\t\t\t\t<div class=\"elementor-widget-container\">\n\t\t\t\t\t\t\t<p>Piedade, com sua praia espetacular de 4,5 km, coqueiros imponentes e uma orla encantadora, oferece um estilo de vida \u00fanico. Com supermercados, bancos, escolas e mais, os moradores desfrutam de conveni\u00eancia sem abrir m\u00e3o do charme litor\u00e2neo. \u00c9 o equil\u00edbrio perfeito entre tranquilidade e infraestrutura.<\/p>\t\t\t\t\t\t<\/div>\n\t\t\t\t<\/div>\n\t\t\t\t\t<\/div>\n\t\t\t\t<\/div>\n\t\t<div class=\"elementor-element elementor-element-4a2a897 e-flex e-con-boxed e-con e-parent\" data-id=\"4a2a897\" data-element_type=\"container\" data-settings=\"{&quot;content_width&quot;:&quot;boxed&quot;}\" data-core-v316-plus=\"true\">\n\t\t\t\t\t<div class=\"e-con-inner\">\n\t\t\t\t<div class=\"elementor-element elementor-element-c738734 elementor-widget elementor-widget-heading\" data-id=\"c738734\" data-element_type=\"widget\" data-widget_type=\"heading.default\">\n\t\t\t\t<div class=\"elementor-widget-container\">\n\t\t\t<h4 class=\"elementor-heading-title elementor-size-default\">Seu Novo Cap\u00edtulo em Piedade: Explore Nossas Op\u00e7\u00f5es Imobili\u00e1rias\n\n<\/h4>\t\t<\/div>\n\t\t\t\t<\/div>\n\t\t\t\t\t<\/div>\n\t\t\t\t<\/div>\n\t\t<div class=\"elementor-element elementor-element-d1c54be e-flex e-con-boxed e-con e-parent\" data-id=\"d1c54be\" data-element_type=\"container\" data-settings=\"{&quot;content_width&quot;:&quot;boxed&quot;}\" data-core-v316-plus=\"true\">\n\t\t\t\t\t<div class=\"e-con-inner\">\n\t\t\t\t<div class=\"elementor-element elementor-element-29d03a9 elementor-widget elementor-widget-text-editor\" data-id=\"29d03a9\" data-element_type=\"widget\" data-widget_type=\"text-editor.default\">\n\t\t\t\t<div class=\"elementor-widget-container\">\n\t\t\t\t\t\t\t<p>Se voc\u00ea busca uma vida de qualidade entre a hist\u00f3ria e a modernidade, Piedade \u00e9 a escolha certa. Descubra nossas op\u00e7\u00f5es imobili\u00e1rias e comece seu novo cap\u00edtulo em um dos bairros mais encantadores de Jaboat\u00e3o dos Guararapes.<\/p>\t\t\t\t\t\t<\/div>\n\t\t\t\t<\/div>\n\t\t\t\t\t<\/div>\n\t\t\t\t<\/div>\n\t\t\t\t\t\t\t<\/div>\n\t\t","protected":false},"excerpt":{"rendered":"<p>Saiba mais sobre as Maravilhas de Viver em Piedade, um O\u00e1sis Entre Recife e Candeias Piedade, um bairro encantador de Jaboat\u00e3o dos Guararapes, se destaca por sua hist\u00f3ria rica e&hellip; <\/p>\n","protected":false},"author":2,"featured_media":2111,"comment_status":"open","ping_status":"open","sticky":false,"template":"","format":"standard","meta":{"footnotes":""},"categories":[8],"tags":[85,84,81,82,86,79,78,80,67,83],"yoast_head":"<!-- This site is optimized with the Yoast SEO plugin v21.5 - https:\/\/yoast.com\/wordpress\/plugins\/seo\/ -->\n<title>Morar em Piedade, Jaboat\u00e3o dos Guararapes<\/title>\n<meta name=\"description\" content=\"Saiba mais sobre Piedade e descubra praias deslumbrantes, rica heran\u00e7a hist\u00f3rica e uma vida equilibrada entre o passado e o presente.\" \/>\n<meta name=\"robots\" content=\"index, follow, max-snippet:-1, max-image-preview:large, max-video-preview:-1\" \/>\n<link rel=\"canonical\" href=\"https:\/\/www.imovelp.com.br\/blog\/morar-em-piedade-jaboatao-guararapes\/\" \/>\n<meta property=\"og:locale\" content=\"en_US\" \/>\n<meta property=\"og:type\" content=\"article\" \/>\n<meta property=\"og:title\" content=\"Morar em Piedade, Jaboat\u00e3o dos Guararapes\" \/>\n<meta property=\"og:description\" content=\"Saiba mais sobre Piedade e descubra praias deslumbrantes, rica heran\u00e7a hist\u00f3rica e uma vida equilibrada entre o passado e o presente.\" \/>\n<meta property=\"og:url\" content=\"https:\/\/www.imovelp.com.br\/blog\/morar-em-piedade-jaboatao-guararapes\/\" \/>\n<meta property=\"og:site_name\" content=\"Jornal Im\u00f3velp\" \/>\n<meta property=\"article:published_time\" content=\"2024-03-05T15:34:50+00:00\" \/>\n<meta property=\"article:modified_time\" content=\"2024-03-06T12:46:41+00:00\" \/>\n<meta property=\"og:image\" content=\"https:\/\/www.imovelp.com.br\/blog\/wp-content\/uploads\/2024\/03\/37c0c04b2a2a6b4b893fe8c3fa27c190.jpg\" \/>\n\t<meta property=\"og:image:width\" content=\"674\" \/>\n\t<meta property=\"og:image:height\" content=\"451\" \/>\n\t<meta property=\"og:image:type\" content=\"image\/jpeg\" \/>\n<meta name=\"author\" content=\"Marcos Monteiro\" \/>\n<meta name=\"twitter:card\" content=\"summary_large_image\" \/>\n<meta name=\"twitter:label1\" content=\"Written by\" \/>\n\t<meta name=\"twitter:data1\" content=\"Marcos Monteiro\" \/>\n\t<meta name=\"twitter:label2\" content=\"Est. reading time\" \/>\n\t<meta name=\"twitter:data2\" content=\"3 minutes\" \/>\n<script type=\"application\/ld+json\" class=\"yoast-schema-graph\">{\"@context\":\"https:\/\/schema.org\",\"@graph\":[{\"@type\":\"WebPage\",\"@id\":\"https:\/\/www.imovelp.com.br\/blog\/morar-em-piedade-jaboatao-guararapes\/\",\"url\":\"https:\/\/www.imovelp.com.br\/blog\/morar-em-piedade-jaboatao-guararapes\/\",\"name\":\"Morar em Piedade, Jaboat\u00e3o dos Guararapes\",\"isPartOf\":{\"@id\":\"https:\/\/www.imovelp.com.br\/blog\/#website\"},\"datePublished\":\"2024-03-05T15:34:50+00:00\",\"dateModified\":\"2024-03-06T12:46:41+00:00\",\"author\":{\"@id\":\"https:\/\/www.imovelp.com.br\/blog\/#\/schema\/person\/8fb1cc29840aba4154ec6a52e70be40a\"},\"description\":\"Saiba mais sobre Piedade e descubra praias deslumbrantes, rica heran\u00e7a hist\u00f3rica e uma vida equilibrada entre o passado e o presente.\",\"breadcrumb\":{\"@id\":\"https:\/\/www.imovelp.com.br\/blog\/morar-em-piedade-jaboatao-guararapes\/#breadcrumb\"},\"inLanguage\":\"en-US\",\"potentialAction\":[{\"@type\":\"ReadAction\",\"target\":[\"https:\/\/www.imovelp.com.br\/blog\/morar-em-piedade-jaboatao-guararapes\/\"]}]},{\"@type\":\"BreadcrumbList\",\"@id\":\"https:\/\/www.imovelp.com.br\/blog\/morar-em-piedade-jaboatao-guararapes\/#breadcrumb\",\"itemListElement\":[{\"@type\":\"ListItem\",\"position\":1,\"name\":\"Home\",\"item\":\"https:\/\/www.imovelp.com.br\/blog\/\"},{\"@type\":\"ListItem\",\"position\":2,\"name\":\"Piedade: Seu Novo Lar no Cora\u00e7\u00e3o de Jaboat\u00e3o dos Guararapes\"}]},{\"@type\":\"WebSite\",\"@id\":\"https:\/\/www.imovelp.com.br\/blog\/#website\",\"url\":\"https:\/\/www.imovelp.com.br\/blog\/\",\"name\":\"Jornal Im\u00f3velp\",\"description\":\"Portal de Not\u00edcias do Corretor de Im\u00f3veis\",\"potentialAction\":[{\"@type\":\"SearchAction\",\"target\":{\"@type\":\"EntryPoint\",\"urlTemplate\":\"https:\/\/www.imovelp.com.br\/blog\/?s={search_term_string}\"},\"query-input\":\"required name=search_term_string\"}],\"inLanguage\":\"en-US\"},{\"@type\":\"Person\",\"@id\":\"https:\/\/www.imovelp.com.br\/blog\/#\/schema\/person\/8fb1cc29840aba4154ec6a52e70be40a\",\"name\":\"Marcos Monteiro\",\"image\":{\"@type\":\"ImageObject\",\"inLanguage\":\"en-US\",\"@id\":\"https:\/\/www.imovelp.com.br\/blog\/#\/schema\/person\/image\/\",\"url\":\"https:\/\/secure.gravatar.com\/avatar\/da25bf23c2e75965766176dcd3fc7564?s=96&d=mm&r=g\",\"contentUrl\":\"https:\/\/secure.gravatar.com\/avatar\/da25bf23c2e75965766176dcd3fc7564?s=96&d=mm&r=g\",\"caption\":\"Marcos Monteiro\"},\"url\":\"https:\/\/www.imovelp.com.br\/blog\/author\/redacao-imovelp\/\"}]}<\/script>\n<!-- \/ Yoast SEO plugin. -->","yoast_head_json":{"title":"Morar em Piedade, Jaboat\u00e3o dos Guararapes","description":"Saiba mais sobre Piedade e descubra praias deslumbrantes, rica heran\u00e7a hist\u00f3rica e uma vida equilibrada entre o passado e o presente.","robots":{"index":"index","follow":"follow","max-snippet":"max-snippet:-1","max-image-preview":"max-image-preview:large","max-video-preview":"max-video-preview:-1"},"canonical":"https:\/\/www.imovelp.com.br\/blog\/morar-em-piedade-jaboatao-guararapes\/","og_locale":"en_US","og_type":"article","og_title":"Morar em Piedade, Jaboat\u00e3o dos Guararapes","og_description":"Saiba mais sobre Piedade e descubra praias deslumbrantes, rica heran\u00e7a hist\u00f3rica e uma vida equilibrada entre o passado e o presente.","og_url":"https:\/\/www.imovelp.com.br\/blog\/morar-em-piedade-jaboatao-guararapes\/","og_site_name":"Jornal Im\u00f3velp","article_published_time":"2024-03-05T15:34:50+00:00","article_modified_time":"2024-03-06T12:46:41+00:00","og_image":[{"width":674,"height":451,"url":"https:\/\/www.imovelp.com.br\/blog\/wp-content\/uploads\/2024\/03\/37c0c04b2a2a6b4b893fe8c3fa27c190.jpg","type":"image\/jpeg"}],"author":"Marcos Monteiro","twitter_card":"summary_large_image","twitter_misc":{"Written by":"Marcos Monteiro","Est. reading time":"3 minutes"},"schema":{"@context":"https:\/\/schema.org","@graph":[{"@type":"WebPage","@id":"https:\/\/www.imovelp.com.br\/blog\/morar-em-piedade-jaboatao-guararapes\/","url":"https:\/\/www.imovelp.com.br\/blog\/morar-em-piedade-jaboatao-guararapes\/","name":"Morar em Piedade, Jaboat\u00e3o dos Guararapes","isPartOf":{"@id":"https:\/\/www.imovelp.com.br\/blog\/#website"},"datePublished":"2024-03-05T15:34:50+00:00","dateModified":"2024-03-06T12:46:41+00:00","author":{"@id":"https:\/\/www.imovelp.com.br\/blog\/#\/schema\/person\/8fb1cc29840aba4154ec6a52e70be40a"},"description":"Saiba mais sobre Piedade e descubra praias deslumbrantes, rica heran\u00e7a hist\u00f3rica e uma vida equilibrada entre o passado e o presente.","breadcrumb":{"@id":"https:\/\/www.imovelp.com.br\/blog\/morar-em-piedade-jaboatao-guararapes\/#breadcrumb"},"inLanguage":"en-US","potentialAction":[{"@type":"ReadAction","target":["https:\/\/www.imovelp.com.br\/blog\/morar-em-piedade-jaboatao-guararapes\/"]}]},{"@type":"BreadcrumbList","@id":"https:\/\/www.imovelp.com.br\/blog\/morar-em-piedade-jaboatao-guararapes\/#breadcrumb","itemListElement":[{"@type":"ListItem","position":1,"name":"Home","item":"https:\/\/www.imovelp.com.br\/blog\/"},{"@type":"ListItem","position":2,"name":"Piedade: Seu Novo Lar no Cora\u00e7\u00e3o de Jaboat\u00e3o dos Guararapes"}]},{"@type":"WebSite","@id":"https:\/\/www.imovelp.com.br\/blog\/#website","url":"https:\/\/www.imovelp.com.br\/blog\/","name":"Jornal Im\u00f3velp","description":"Portal de Not\u00edcias do Corretor de Im\u00f3veis","potentialAction":[{"@type":"SearchAction","target":{"@type":"EntryPoint","urlTemplate":"https:\/\/www.imovelp.com.br\/blog\/?s={search_term_string}"},"query-input":"required name=search_term_string"}],"inLanguage":"en-US"},{"@type":"Person","@id":"https:\/\/www.imovelp.com.br\/blog\/#\/schema\/person\/8fb1cc29840aba4154ec6a52e70be40a","name":"Marcos Monteiro","image":{"@type":"ImageObject","inLanguage":"en-US","@id":"https:\/\/www.imovelp.com.br\/blog\/#\/schema\/person\/image\/","url":"https:\/\/secure.gravatar.com\/avatar\/da25bf23c2e75965766176dcd3fc7564?s=96&d=mm&r=g","contentUrl":"https:\/\/secure.gravatar.com\/avatar\/da25bf23c2e75965766176dcd3fc7564?s=96&d=mm&r=g","caption":"Marcos Monteiro"},"url":"https:\/\/www.imovelp.com.br\/blog\/author\/redacao-imovelp\/"}]}},"_links":{"self":[{"href":"https:\/\/www.imovelp.com.br\/blog\/wp-json\/wp\/v2\/posts\/2107"}],"collection":[{"href":"https:\/\/www.imovelp.com.br\/blog\/wp-json\/wp\/v2\/posts"}],"about":[{"href":"https:\/\/www.imovelp.com.br\/blog\/wp-json\/wp\/v2\/types\/post"}],"author":[{"embeddable":true,"href":"https:\/\/www.imovelp.com.br\/blog\/wp-json\/wp\/v2\/users\/2"}],"replies":[{"embeddable":true,"href":"https:\/\/www.imovelp.com.br\/blog\/wp-json\/wp\/v2\/comments?post=2107"}],"version-history":[{"count":8,"href":"https:\/\/www.imovelp.com.br\/blog\/wp-json\/wp\/v2\/posts\/2107\/revisions"}],"predecessor-version":[{"id":2116,"href":"https:\/\/www.imovelp.com.br\/blog\/wp-json\/wp\/v2\/posts\/2107\/revisions\/2116"}],"wp:featuredmedia":[{"embeddable":true,"href":"https:\/\/www.imovelp.com.br\/blog\/wp-json\/wp\/v2\/media\/2111"}],"wp:attachment":[{"href":"https:\/\/www.imovelp.com.br\/blog\/wp-json\/wp\/v2\/media?parent=2107"}],"wp:term":[{"taxonomy":"category","embeddable":true,"href":"https:\/\/www.imovelp.com.br\/blog\/wp-json\/wp\/v2\/categories?post=2107"},{"taxonomy":"post_tag","embeddable":true,"href":"https:\/\/www.imovelp.com.br\/blog\/wp-json\/wp\/v2\/tags?post=2107"}],"curies":[{"name":"wp","href":"https:\/\/api.w.org\/{rel}","templated":true}]}}