{"id":2041,"date":"2023-12-22T11:17:33","date_gmt":"2023-12-22T14:17:33","guid":{"rendered":"https:\/\/www.imovelp.com.br\/blog\/?p=2041"},"modified":"2023-12-22T11:43:48","modified_gmt":"2023-12-22T14:43:48","slug":"sao-paulo-lei-zoneamento","status":"publish","type":"post","link":"https:\/\/www.imovelp.com.br\/blog\/sao-paulo-lei-zoneamento\/","title":{"rendered":"Nova Lei de Zoneamento Aprovada em S\u00e3o Paulo"},"content":{"rendered":"\t\t<div data-elementor-type=\"wp-post\" data-elementor-id=\"2041\" class=\"elementor elementor-2041\">\n\t\t\t\t\t\t\t<div class=\"elementor-element elementor-element-22c38dc e-flex e-con-boxed e-con e-parent\" data-id=\"22c38dc\" data-element_type=\"container\" data-settings=\"{&quot;content_width&quot;:&quot;boxed&quot;}\" data-core-v316-plus=\"true\">\n\t\t\t\t\t<div class=\"e-con-inner\">\n\t\t\t\t<div class=\"elementor-element elementor-element-34b62ee elementor-widget elementor-widget-heading\" data-id=\"34b62ee\" data-element_type=\"widget\" data-widget_type=\"heading.default\">\n\t\t\t\t<div class=\"elementor-widget-container\">\n\t\t\t<style>\/*! elementor - v3.17.0 - 25-10-2023 *\/\n.elementor-heading-title{padding:0;margin:0;line-height:1}.elementor-widget-heading .elementor-heading-title[class*=elementor-size-]>a{color:inherit;font-size:inherit;line-height:inherit}.elementor-widget-heading .elementor-heading-title.elementor-size-small{font-size:15px}.elementor-widget-heading .elementor-heading-title.elementor-size-medium{font-size:19px}.elementor-widget-heading .elementor-heading-title.elementor-size-large{font-size:29px}.elementor-widget-heading .elementor-heading-title.elementor-size-xl{font-size:39px}.elementor-widget-heading .elementor-heading-title.elementor-size-xxl{font-size:59px}<\/style><h2 class=\"elementor-heading-title elementor-size-small\">Essa decis\u00e3o tem significativas implica\u00e7\u00f5es para o cen\u00e1rio urbano da cidade e aguarda agora a san\u00e7\u00e3o do prefeito Ricardo Nunes (MDB) para entrar em vigor.<\/h2>\t\t<\/div>\n\t\t\t\t<\/div>\n\t\t\t\t\t<\/div>\n\t\t\t\t<\/div>\n\t\t<div class=\"elementor-element elementor-element-de9d6ac e-flex e-con-boxed e-con e-parent\" data-id=\"de9d6ac\" data-element_type=\"container\" data-settings=\"{&quot;content_width&quot;:&quot;boxed&quot;}\" data-core-v316-plus=\"true\">\n\t\t\t\t\t<div class=\"e-con-inner\">\n\t\t\t\t<div class=\"elementor-element elementor-element-21d13a5 elementor-widget elementor-widget-image\" data-id=\"21d13a5\" data-element_type=\"widget\" data-widget_type=\"image.default\">\n\t\t\t\t<div class=\"elementor-widget-container\">\n\t\t\t<style>\/*! elementor - v3.17.0 - 25-10-2023 *\/\n.elementor-widget-image{text-align:center}.elementor-widget-image a{display:inline-block}.elementor-widget-image a img[src$=\".svg\"]{width:48px}.elementor-widget-image img{vertical-align:middle;display:inline-block}<\/style>\t\t\t\t\t\t\t\t\t<figure class=\"wp-caption\">\n\t\t\t\t\t\t\t\t\t\t<img decoding=\"async\" loading=\"lazy\" width=\"900\" height=\"506\" src=\"https:\/\/www.imovelp.com.br\/blog\/wp-content\/uploads\/2023\/12\/vereadores-votam-revisao-da-lei-de-zoneamento-na-camara-nesta-quinta-21-1703193374793_v2_900x506.png\" class=\"attachment-large size-large wp-image-2043\" alt=\"Vereadores votam revis\u00e3o da Lei de Zoneamento na C\u00e2mara nesta quinta (21) Imagem: Saulo Pereira Guimar\u00e3es\" srcset=\"https:\/\/www.imovelp.com.br\/blog\/wp-content\/uploads\/2023\/12\/vereadores-votam-revisao-da-lei-de-zoneamento-na-camara-nesta-quinta-21-1703193374793_v2_900x506.png 900w, https:\/\/www.imovelp.com.br\/blog\/wp-content\/uploads\/2023\/12\/vereadores-votam-revisao-da-lei-de-zoneamento-na-camara-nesta-quinta-21-1703193374793_v2_900x506-300x169.png 300w, https:\/\/www.imovelp.com.br\/blog\/wp-content\/uploads\/2023\/12\/vereadores-votam-revisao-da-lei-de-zoneamento-na-camara-nesta-quinta-21-1703193374793_v2_900x506-768x432.png 768w\" sizes=\"(max-width: 900px) 100vw, 900px\" \/>\t\t\t\t\t\t\t\t\t\t\t<figcaption class=\"widget-image-caption wp-caption-text\">Vereadores votam revis\u00e3o da Lei de Zoneamento na C\u00e2mara nesta quinta (21)\nImagem: Saulo Pereira Guimar\u00e3es<\/figcaption>\n\t\t\t\t\t\t\t\t\t\t<\/figure>\n\t\t\t\t\t\t\t\t\t<\/div>\n\t\t\t\t<\/div>\n\t\t\t\t\t<\/div>\n\t\t\t\t<\/div>\n\t\t<div class=\"elementor-element elementor-element-c0bbff8 e-flex e-con-boxed e-con e-parent\" data-id=\"c0bbff8\" data-element_type=\"container\" data-settings=\"{&quot;content_width&quot;:&quot;boxed&quot;}\" data-core-v316-plus=\"true\">\n\t\t\t\t\t<div class=\"e-con-inner\">\n\t\t\t\t<div class=\"elementor-element elementor-element-63ea22b elementor-widget elementor-widget-text-editor\" data-id=\"63ea22b\" data-element_type=\"widget\" data-widget_type=\"text-editor.default\">\n\t\t\t\t<div class=\"elementor-widget-container\">\n\t\t\t<style>\/*! elementor - v3.17.0 - 25-10-2023 *\/\n.elementor-widget-text-editor.elementor-drop-cap-view-stacked .elementor-drop-cap{background-color:#69727d;color:#fff}.elementor-widget-text-editor.elementor-drop-cap-view-framed .elementor-drop-cap{color:#69727d;border:3px solid;background-color:transparent}.elementor-widget-text-editor:not(.elementor-drop-cap-view-default) .elementor-drop-cap{margin-top:8px}.elementor-widget-text-editor:not(.elementor-drop-cap-view-default) .elementor-drop-cap-letter{width:1em;height:1em}.elementor-widget-text-editor .elementor-drop-cap{float:left;text-align:center;line-height:1;font-size:50px}.elementor-widget-text-editor .elementor-drop-cap-letter{display:inline-block}<\/style>\t\t\t\t<p>A C\u00e2mara Municipal de S\u00e3o Paulo anunciou, ap\u00f3s vota\u00e7\u00e3o final realizada em 21 de dezembro, a aprova\u00e7\u00e3o da revis\u00e3o da Lei de Zoneamento. Com 46 votos a favor e nove contra, a decis\u00e3o aguarda a san\u00e7\u00e3o do prefeito Ricardo Nunes (MDB) para entrar em vigor.<\/p>\t\t\t\t\t\t<\/div>\n\t\t\t\t<\/div>\n\t\t\t\t\t<\/div>\n\t\t\t\t<\/div>\n\t\t<div class=\"elementor-element elementor-element-8712df9 e-flex e-con-boxed e-con e-parent\" data-id=\"8712df9\" data-element_type=\"container\" data-settings=\"{&quot;content_width&quot;:&quot;boxed&quot;}\" data-core-v316-plus=\"true\">\n\t\t\t\t\t<div class=\"e-con-inner\">\n\t\t\t\t<div class=\"elementor-element elementor-element-b03e5bc elementor-widget elementor-widget-text-editor\" data-id=\"b03e5bc\" data-element_type=\"widget\" data-widget_type=\"text-editor.default\">\n\t\t\t\t<div class=\"elementor-widget-container\">\n\t\t\t\t\t\t\t<p>Essa revis\u00e3o traz implica\u00e7\u00f5es significativas para o cen\u00e1rio urbano da cidade, com destaque para a inclus\u00e3o da licen\u00e7a para constru\u00e7\u00f5es em \u00e1reas de prote\u00e7\u00e3o ambiental. Especificamente, a permiss\u00e3o para Habita\u00e7\u00f5es de Interesse Social (HIS) em zonas de preserva\u00e7\u00e3o ambiental, conhecidas como Zepams, traz uma nova din\u00e2mica ao desenvolvimento urbano.<\/p>\t\t\t\t\t\t<\/div>\n\t\t\t\t<\/div>\n\t\t\t\t\t<\/div>\n\t\t\t\t<\/div>\n\t\t<div class=\"elementor-element elementor-element-9dc99ba e-flex e-con-boxed e-con e-parent\" data-id=\"9dc99ba\" data-element_type=\"container\" data-settings=\"{&quot;content_width&quot;:&quot;boxed&quot;}\" data-core-v316-plus=\"true\">\n\t\t\t\t\t<div class=\"e-con-inner\">\n\t\t\t\t<div class=\"elementor-element elementor-element-034e2ac elementor-widget elementor-widget-text-editor\" data-id=\"034e2ac\" data-element_type=\"widget\" data-widget_type=\"text-editor.default\">\n\t\t\t\t<div class=\"elementor-widget-container\">\n\t\t\t\t\t\t\t<p>Outra mudan\u00e7a relevante \u00e9 a submiss\u00e3o do tombamento de im\u00f3veis \u00e0 C\u00e2mara Municipal, indicando uma maior participa\u00e7\u00e3o dos vereadores nesse processo. Essa altera\u00e7\u00e3o tem gerado debates, com alguns apontando que tal medida pode tornar o processo de tombamento mais lento.<\/p>\t\t\t\t\t\t<\/div>\n\t\t\t\t<\/div>\n\t\t\t\t\t<\/div>\n\t\t\t\t<\/div>\n\t\t<div class=\"elementor-element elementor-element-8a50799 e-flex e-con-boxed e-con e-parent\" data-id=\"8a50799\" data-element_type=\"container\" data-settings=\"{&quot;content_width&quot;:&quot;boxed&quot;}\" data-core-v316-plus=\"true\">\n\t\t\t\t\t<div class=\"e-con-inner\">\n\t\t\t\t<div class=\"elementor-element elementor-element-1d8780f elementor-widget elementor-widget-text-editor\" data-id=\"1d8780f\" data-element_type=\"widget\" data-widget_type=\"text-editor.default\">\n\t\t\t\t<div class=\"elementor-widget-container\">\n\t\t\t\t\t\t\t<p>O incentivo \u00e0 constru\u00e7\u00e3o em \u00e1reas verdes, sob a justificativa de promover a regulariza\u00e7\u00e3o fundi\u00e1ria e aumentar o n\u00famero de moradias em regi\u00f5es estruturadas da cidade, \u00e9 outro ponto de destaque. No entanto, cr\u00edticos argumentam que o aumento da densidade populacional nessas \u00e1reas pode impactar negativamente o tr\u00e2nsito e a infraestrutura local.<\/p>\t\t\t\t\t\t<\/div>\n\t\t\t\t<\/div>\n\t\t\t\t\t<\/div>\n\t\t\t\t<\/div>\n\t\t<div class=\"elementor-element elementor-element-4d8d20d e-flex e-con-boxed e-con e-parent\" data-id=\"4d8d20d\" data-element_type=\"container\" data-settings=\"{&quot;content_width&quot;:&quot;boxed&quot;}\" data-core-v316-plus=\"true\">\n\t\t\t\t\t<div class=\"e-con-inner\">\n\t\t\t\t<div class=\"elementor-element elementor-element-c984978 elementor-widget elementor-widget-text-editor\" data-id=\"c984978\" data-element_type=\"widget\" data-widget_type=\"text-editor.default\">\n\t\t\t\t<div class=\"elementor-widget-container\">\n\t\t\t\t\t\t\t<p>A revis\u00e3o da Lei de Zoneamento, segundo estudo do Instituto ZeroCem, pode impactar cerca de 40 mil im\u00f3veis. Mudan\u00e7as incluem o aumento da altura m\u00e1xima de pr\u00e9dios residenciais em Zonas de Centralidade, passando de 16 para 20 andares. Nas Zonas Mistas, essa altura m\u00e1xima subiu de nove para 14 andares.<\/p>\t\t\t\t\t\t<\/div>\n\t\t\t\t<\/div>\n\t\t\t\t\t<\/div>\n\t\t\t\t<\/div>\n\t\t<div class=\"elementor-element elementor-element-657d295 e-flex e-con-boxed e-con e-parent\" data-id=\"657d295\" data-element_type=\"container\" data-settings=\"{&quot;content_width&quot;:&quot;boxed&quot;}\" data-core-v316-plus=\"true\">\n\t\t\t\t\t<div class=\"e-con-inner\">\n\t\t\t\t<div class=\"elementor-element elementor-element-9f4499f elementor-widget elementor-widget-text-editor\" data-id=\"9f4499f\" data-element_type=\"widget\" data-widget_type=\"text-editor.default\">\n\t\t\t\t<div class=\"elementor-widget-container\">\n\t\t\t\t\t\t\t<p>Rea\u00e7\u00f5es \u00e0 aprova\u00e7\u00e3o t\u00eam sido diversas. A oposi\u00e7\u00e3o e urbanistas expressam preocupa\u00e7\u00f5es, destacando que o processo de tombamento de im\u00f3veis pode tornar-se mais burocr\u00e1tico, enquanto a possibilidade de constru\u00e7\u00f5es em Zepams \u00e9 vista como uma fragiliza\u00e7\u00e3o da prote\u00e7\u00e3o ambiental nessas \u00e1reas.<\/p>\t\t\t\t\t\t<\/div>\n\t\t\t\t<\/div>\n\t\t\t\t\t<\/div>\n\t\t\t\t<\/div>\n\t\t<div class=\"elementor-element elementor-element-08585a7 e-flex e-con-boxed e-con e-parent\" data-id=\"08585a7\" data-element_type=\"container\" data-settings=\"{&quot;content_width&quot;:&quot;boxed&quot;}\" data-core-v316-plus=\"true\">\n\t\t\t\t\t<div class=\"e-con-inner\">\n\t\t\t\t<div class=\"elementor-element elementor-element-cb5da47 elementor-widget elementor-widget-text-editor\" data-id=\"cb5da47\" data-element_type=\"widget\" data-widget_type=\"text-editor.default\">\n\t\t\t\t<div class=\"elementor-widget-container\">\n\t\t\t\t\t\t\t<p>O pr\u00f3ximo passo \u00e9 aguardar a san\u00e7\u00e3o do prefeito Ricardo Nunes para que as mudan\u00e7as entrem em vigor. A revis\u00e3o da Lei de Zoneamento encerra um amplo processo de revis\u00e3o das regras urban\u00edsticas da cidade, iniciado no meio do ano com a revis\u00e3o do Plano Diretor Estrat\u00e9gico.<\/p>\t\t\t\t\t\t<\/div>\n\t\t\t\t<\/div>\n\t\t\t\t\t<\/div>\n\t\t\t\t<\/div>\n\t\t<div class=\"elementor-element elementor-element-1de1169 e-flex e-con-boxed e-con e-parent\" data-id=\"1de1169\" data-element_type=\"container\" data-settings=\"{&quot;content_width&quot;:&quot;boxed&quot;}\" data-core-v316-plus=\"true\">\n\t\t\t\t\t<div class=\"e-con-inner\">\n\t\t\t\t<div class=\"elementor-element elementor-element-8c4046c elementor-widget elementor-widget-text-editor\" data-id=\"8c4046c\" data-element_type=\"widget\" data-widget_type=\"text-editor.default\">\n\t\t\t\t<div class=\"elementor-widget-container\">\n\t\t\t\t\t\t\t<p>Entre os envolvidos, h\u00e1 vis\u00f5es divergentes sobre os impactos e benef\u00edcios dessas mudan\u00e7as. Para alguns, representa uma oportunidade de moderniza\u00e7\u00e3o e crescimento controlado; para outros, h\u00e1 receios quanto \u00e0 preserva\u00e7\u00e3o do patrim\u00f4nio e os poss\u00edveis impactos na qualidade de vida dos cidad\u00e3os. A din\u00e2mica entre o desenvolvimento urbano e a preserva\u00e7\u00e3o ambiental continua a ser um tema central nas discuss\u00f5es sobre o futuro de S\u00e3o Paulo.<\/p>\t\t\t\t\t\t<\/div>\n\t\t\t\t<\/div>\n\t\t\t\t\t<\/div>\n\t\t\t\t<\/div>\n\t\t<div class=\"elementor-element elementor-element-b60dd5e e-flex e-con-boxed e-con e-parent\" data-id=\"b60dd5e\" data-element_type=\"container\" data-settings=\"{&quot;content_width&quot;:&quot;boxed&quot;}\" data-core-v316-plus=\"true\">\n\t\t\t\t\t<div class=\"e-con-inner\">\n\t\t\t\t<div class=\"elementor-element elementor-element-fb1b692 elementor-widget elementor-widget-image\" data-id=\"fb1b692\" data-element_type=\"widget\" data-widget_type=\"image.default\">\n\t\t\t\t<div class=\"elementor-widget-container\">\n\t\t\t\t\t\t\t\t\t\t\t\t<figure class=\"wp-caption\">\n\t\t\t\t\t\t\t\t\t\t<img decoding=\"async\" loading=\"lazy\" width=\"592\" height=\"1024\" src=\"https:\/\/www.imovelp.com.br\/blog\/wp-content\/uploads\/2023\/12\/mais-predios-aqui-nao-1702332298610_v2_750x1.png-592x1024.webp\" class=\"attachment-large size-large wp-image-2044\" alt=\"Imagem: Arte\/UOL\" srcset=\"https:\/\/www.imovelp.com.br\/blog\/wp-content\/uploads\/2023\/12\/mais-predios-aqui-nao-1702332298610_v2_750x1.png-592x1024.webp 592w, https:\/\/www.imovelp.com.br\/blog\/wp-content\/uploads\/2023\/12\/mais-predios-aqui-nao-1702332298610_v2_750x1.png-173x300.webp 173w, https:\/\/www.imovelp.com.br\/blog\/wp-content\/uploads\/2023\/12\/mais-predios-aqui-nao-1702332298610_v2_750x1.png.webp 750w\" sizes=\"(max-width: 592px) 100vw, 592px\" \/>\t\t\t\t\t\t\t\t\t\t\t<figcaption class=\"widget-image-caption wp-caption-text\">Imagem: Arte\/UOL<\/figcaption>\n\t\t\t\t\t\t\t\t\t\t<\/figure>\n\t\t\t\t\t\t\t\t\t<\/div>\n\t\t\t\t<\/div>\n\t\t\t\t\t<\/div>\n\t\t\t\t<\/div>\n\t\t<div class=\"elementor-element elementor-element-4e561a7 e-flex e-con-boxed e-con e-parent\" data-id=\"4e561a7\" data-element_type=\"container\" data-settings=\"{&quot;content_width&quot;:&quot;boxed&quot;}\" data-core-v316-plus=\"true\">\n\t\t\t\t\t<div class=\"e-con-inner\">\n\t\t\t\t<div class=\"elementor-element elementor-element-7e482b2 elementor-widget elementor-widget-heading\" data-id=\"7e482b2\" data-element_type=\"widget\" data-widget_type=\"heading.default\">\n\t\t\t\t<div class=\"elementor-widget-container\">\n\t\t\t<h2 class=\"elementor-heading-title elementor-size-default\">Resumo da Aprova\u00e7\u00e3o<\/h2>\t\t<\/div>\n\t\t\t\t<\/div>\n\t\t\t\t\t<\/div>\n\t\t\t\t<\/div>\n\t\t<div class=\"elementor-element elementor-element-c8fa9b2 e-flex e-con-boxed e-con e-parent\" data-id=\"c8fa9b2\" data-element_type=\"container\" data-settings=\"{&quot;content_width&quot;:&quot;boxed&quot;}\" data-core-v316-plus=\"true\">\n\t\t\t\t\t<div class=\"e-con-inner\">\n\t\t\t\t<div class=\"elementor-element elementor-element-2d9b5fe elementor-widget elementor-widget-text-editor\" data-id=\"2d9b5fe\" data-element_type=\"widget\" data-widget_type=\"text-editor.default\">\n\t\t\t\t<div class=\"elementor-widget-container\">\n\t\t\t\t\t\t\t<ul><li>A proposta foi aprovada com 46 votos a favor e nove contra, sendo necess\u00e1rios 37 votos favor\u00e1veis para a aprova\u00e7\u00e3o.<\/li><li>A medida aguarda a san\u00e7\u00e3o do prefeito Ricardo Nunes (MDB).<\/li><\/ul>\t\t\t\t\t\t<\/div>\n\t\t\t\t<\/div>\n\t\t\t\t\t<\/div>\n\t\t\t\t<\/div>\n\t\t<div class=\"elementor-element elementor-element-f9ec1c0 e-flex e-con-boxed e-con e-parent\" data-id=\"f9ec1c0\" data-element_type=\"container\" data-settings=\"{&quot;content_width&quot;:&quot;boxed&quot;}\" data-core-v316-plus=\"true\">\n\t\t\t\t\t<div class=\"e-con-inner\">\n\t\t\t\t<div class=\"elementor-element elementor-element-79751b4 elementor-widget elementor-widget-heading\" data-id=\"79751b4\" data-element_type=\"widget\" data-widget_type=\"heading.default\">\n\t\t\t\t<div class=\"elementor-widget-container\">\n\t\t\t<h2 class=\"elementor-heading-title elementor-size-default\">Licen\u00e7a para Pr\u00e9dios em Zonas de Prote\u00e7\u00e3o Ambiental<\/h2>\t\t<\/div>\n\t\t\t\t<\/div>\n\t\t\t\t\t<\/div>\n\t\t\t\t<\/div>\n\t\t<div class=\"elementor-element elementor-element-d08fdba e-flex e-con-boxed e-con e-parent\" data-id=\"d08fdba\" data-element_type=\"container\" data-settings=\"{&quot;content_width&quot;:&quot;boxed&quot;}\" data-core-v316-plus=\"true\">\n\t\t\t\t\t<div class=\"e-con-inner\">\n\t\t\t\t<div class=\"elementor-element elementor-element-3c5afc1 elementor-widget elementor-widget-text-editor\" data-id=\"3c5afc1\" data-element_type=\"widget\" data-widget_type=\"text-editor.default\">\n\t\t\t\t<div class=\"elementor-widget-container\">\n\t\t\t\t\t\t\t<ul><li>A aprova\u00e7\u00e3o incluiu a permiss\u00e3o para constru\u00e7\u00e3o de Habita\u00e7\u00f5es de Interesse Social (HIS) em \u00e1reas de preserva\u00e7\u00e3o ambiental, conhecidas como Zepams.<\/li><li>A altura m\u00e1xima de pr\u00e9dios residenciais nas Zonas de Centralidade foi aumentada de 16 para 20 andares.<\/li><\/ul>\t\t\t\t\t\t<\/div>\n\t\t\t\t<\/div>\n\t\t\t\t\t<\/div>\n\t\t\t\t<\/div>\n\t\t<div class=\"elementor-element elementor-element-67a069a e-flex e-con-boxed e-con e-parent\" data-id=\"67a069a\" data-element_type=\"container\" data-settings=\"{&quot;content_width&quot;:&quot;boxed&quot;}\" data-core-v316-plus=\"true\">\n\t\t\t\t\t<div class=\"e-con-inner\">\n\t\t\t\t<div class=\"elementor-element elementor-element-691b782 elementor-widget elementor-widget-heading\" data-id=\"691b782\" data-element_type=\"widget\" data-widget_type=\"heading.default\">\n\t\t\t\t<div class=\"elementor-widget-container\">\n\t\t\t<h2 class=\"elementor-heading-title elementor-size-default\">Mudan\u00e7as Adicionais Inclu\u00eddas<\/h2>\t\t<\/div>\n\t\t\t\t<\/div>\n\t\t\t\t\t<\/div>\n\t\t\t\t<\/div>\n\t\t<div class=\"elementor-element elementor-element-7f4da96 e-flex e-con-boxed e-con e-parent\" data-id=\"7f4da96\" data-element_type=\"container\" data-settings=\"{&quot;content_width&quot;:&quot;boxed&quot;}\" data-core-v316-plus=\"true\">\n\t\t\t\t\t<div class=\"e-con-inner\">\n\t\t\t\t<div class=\"elementor-element elementor-element-1d3845c elementor-widget elementor-widget-text-editor\" data-id=\"1d3845c\" data-element_type=\"widget\" data-widget_type=\"text-editor.default\">\n\t\t\t\t<div class=\"elementor-widget-container\">\n\t\t\t\t\t\t\t<ul><li>A revis\u00e3o da Lei de Zoneamento abrangeu a submiss\u00e3o do tombamento de im\u00f3veis \u00e0 C\u00e2mara Municipal.<\/li><li>O Conpresp (Conselho Municipal de Preserva\u00e7\u00e3o do Patrim\u00f4nio Hist\u00f3rico, Cultural e Ambiental) deve encaminhar os pedidos de tombamento \u00e0 prefeitura para avalia\u00e7\u00e3o pelos vereadores.<\/li><\/ul>\t\t\t\t\t\t<\/div>\n\t\t\t\t<\/div>\n\t\t\t\t\t<\/div>\n\t\t\t\t<\/div>\n\t\t<div class=\"elementor-element elementor-element-5e32738 e-flex e-con-boxed e-con e-parent\" data-id=\"5e32738\" data-element_type=\"container\" data-settings=\"{&quot;content_width&quot;:&quot;boxed&quot;}\" data-core-v316-plus=\"true\">\n\t\t\t\t\t<div class=\"e-con-inner\">\n\t\t\t\t<div class=\"elementor-element elementor-element-04b9925 elementor-widget elementor-widget-heading\" data-id=\"04b9925\" data-element_type=\"widget\" data-widget_type=\"heading.default\">\n\t\t\t\t<div class=\"elementor-widget-container\">\n\t\t\t<h2 class=\"elementor-heading-title elementor-size-default\">Impacto da Lei de Zoneamento:<\/h2>\t\t<\/div>\n\t\t\t\t<\/div>\n\t\t\t\t\t<\/div>\n\t\t\t\t<\/div>\n\t\t<div class=\"elementor-element elementor-element-fc512ee e-flex e-con-boxed e-con e-parent\" data-id=\"fc512ee\" data-element_type=\"container\" data-settings=\"{&quot;content_width&quot;:&quot;boxed&quot;}\" data-core-v316-plus=\"true\">\n\t\t\t\t\t<div class=\"e-con-inner\">\n\t\t\t\t<div class=\"elementor-element elementor-element-2634f95 elementor-widget elementor-widget-text-editor\" data-id=\"2634f95\" data-element_type=\"widget\" data-widget_type=\"text-editor.default\">\n\t\t\t\t<div class=\"elementor-widget-container\">\n\t\t\t\t\t\t\t<ul><li>A revis\u00e3o pode afetar aproximadamente 40 mil im\u00f3veis, segundo o Instituto ZeroCem.<\/li><li>A altura m\u00e1xima de pr\u00e9dios residenciais em Zonas de Centralidade foi aumentada de 16 para 20 andares.<\/li><li>Nas Zonas Mistas, a altura m\u00e1xima subiu de nove para 14 andares.<\/li><\/ul>\t\t\t\t\t\t<\/div>\n\t\t\t\t<\/div>\n\t\t\t\t\t<\/div>\n\t\t\t\t<\/div>\n\t\t<div class=\"elementor-element elementor-element-09fe843 e-flex e-con-boxed e-con e-parent\" data-id=\"09fe843\" data-element_type=\"container\" data-settings=\"{&quot;content_width&quot;:&quot;boxed&quot;}\" data-core-v316-plus=\"true\">\n\t\t\t\t\t<div class=\"e-con-inner\">\n\t\t\t\t<div class=\"elementor-element elementor-element-a695c02 elementor-widget elementor-widget-heading\" data-id=\"a695c02\" data-element_type=\"widget\" data-widget_type=\"heading.default\">\n\t\t\t\t<div class=\"elementor-widget-container\">\n\t\t\t<h2 class=\"elementor-heading-title elementor-size-default\">Incentivos para Constru\u00e7\u00f5es em \u00c1reas Verdes<\/h2>\t\t<\/div>\n\t\t\t\t<\/div>\n\t\t\t\t\t<\/div>\n\t\t\t\t<\/div>\n\t\t<div class=\"elementor-element elementor-element-514ebe8 e-flex e-con-boxed e-con e-parent\" data-id=\"514ebe8\" data-element_type=\"container\" data-settings=\"{&quot;content_width&quot;:&quot;boxed&quot;}\" data-core-v316-plus=\"true\">\n\t\t\t\t\t<div class=\"e-con-inner\">\n\t\t\t\t<div class=\"elementor-element elementor-element-47ef723 elementor-widget elementor-widget-text-editor\" data-id=\"47ef723\" data-element_type=\"widget\" data-widget_type=\"text-editor.default\">\n\t\t\t\t<div class=\"elementor-widget-container\">\n\t\t\t\t\t\t\t<ul><li>Nova legisla\u00e7\u00e3o visa \u00e0 regulariza\u00e7\u00e3o fundi\u00e1ria e define par\u00e2metros para constru\u00e7\u00f5es pr\u00f3ximas a corredores de \u00f4nibus e esta\u00e7\u00f5es de trem e metr\u00f4.<\/li><li>A permiss\u00e3o para novas constru\u00e7\u00f5es em \u00e1reas verdes pode impactar positivamente a oferta de moradias nas \u00e1reas mais estruturadas da cidade.<\/li><\/ul>\t\t\t\t\t\t<\/div>\n\t\t\t\t<\/div>\n\t\t\t\t\t<\/div>\n\t\t\t\t<\/div>\n\t\t<div class=\"elementor-element elementor-element-00d1c2d e-flex e-con-boxed e-con e-parent\" data-id=\"00d1c2d\" data-element_type=\"container\" data-settings=\"{&quot;content_width&quot;:&quot;boxed&quot;}\" data-core-v316-plus=\"true\">\n\t\t\t\t\t<div class=\"e-con-inner\">\n\t\t\t\t<div class=\"elementor-element elementor-element-72ba9fc elementor-widget elementor-widget-heading\" data-id=\"72ba9fc\" data-element_type=\"widget\" data-widget_type=\"heading.default\">\n\t\t\t\t<div class=\"elementor-widget-container\">\n\t\t\t<h2 class=\"elementor-heading-title elementor-size-default\">Rea\u00e7\u00f5es e Cr\u00edticas<\/h2>\t\t<\/div>\n\t\t\t\t<\/div>\n\t\t\t\t\t<\/div>\n\t\t\t\t<\/div>\n\t\t<div class=\"elementor-element elementor-element-3fab3a6 e-flex e-con-boxed e-con e-parent\" data-id=\"3fab3a6\" data-element_type=\"container\" data-settings=\"{&quot;content_width&quot;:&quot;boxed&quot;}\" data-core-v316-plus=\"true\">\n\t\t\t\t\t<div class=\"e-con-inner\">\n\t\t\t\t<div class=\"elementor-element elementor-element-576ea0e elementor-widget elementor-widget-text-editor\" data-id=\"576ea0e\" data-element_type=\"widget\" data-widget_type=\"text-editor.default\">\n\t\t\t\t<div class=\"elementor-widget-container\">\n\t\t\t\t\t\t\t<ul><li>A oposi\u00e7\u00e3o e urbanistas criticam as mudan\u00e7as, alegando que o processo de tombamento de im\u00f3veis pode se tornar mais lento.<\/li><li>A possibilidade de constru\u00e7\u00f5es em Zepams \u00e9 vista como um ponto de fragiliza\u00e7\u00e3o da prote\u00e7\u00e3o ambiental nessas \u00e1reas.<\/li><\/ul>\t\t\t\t\t\t<\/div>\n\t\t\t\t<\/div>\n\t\t\t\t\t<\/div>\n\t\t\t\t<\/div>\n\t\t<div class=\"elementor-element elementor-element-e19e141 e-flex e-con-boxed e-con e-parent\" data-id=\"e19e141\" data-element_type=\"container\" data-settings=\"{&quot;content_width&quot;:&quot;boxed&quot;}\" data-core-v316-plus=\"true\">\n\t\t\t\t\t<div class=\"e-con-inner\">\n\t\t\t\t<div class=\"elementor-element elementor-element-67dfef2 elementor-widget elementor-widget-heading\" data-id=\"67dfef2\" data-element_type=\"widget\" data-widget_type=\"heading.default\">\n\t\t\t\t<div class=\"elementor-widget-container\">\n\t\t\t<h2 class=\"elementor-heading-title elementor-size-default\">Pr\u00f3ximos Passos<\/h2>\t\t<\/div>\n\t\t\t\t<\/div>\n\t\t\t\t\t<\/div>\n\t\t\t\t<\/div>\n\t\t<div class=\"elementor-element elementor-element-fc28b96 e-flex e-con-boxed e-con e-parent\" data-id=\"fc28b96\" data-element_type=\"container\" data-settings=\"{&quot;content_width&quot;:&quot;boxed&quot;}\" data-core-v316-plus=\"true\">\n\t\t\t\t\t<div class=\"e-con-inner\">\n\t\t\t\t<div class=\"elementor-element elementor-element-5272b0c elementor-widget elementor-widget-text-editor\" data-id=\"5272b0c\" data-element_type=\"widget\" data-widget_type=\"text-editor.default\">\n\t\t\t\t<div class=\"elementor-widget-container\">\n\t\t\t\t\t\t\t<ul><li>A proposta agora aguarda a san\u00e7\u00e3o do prefeito antes de entrar em vigor.<\/li><li>A revis\u00e3o da Lei de Zoneamento encerra o processo de revis\u00e3o das regras urban\u00edsticas da cidade, iniciado no meio do ano com a revis\u00e3o do Plano Diretor Estrat\u00e9gico.<\/li><\/ul>\t\t\t\t\t\t<\/div>\n\t\t\t\t<\/div>\n\t\t\t\t\t<\/div>\n\t\t\t\t<\/div>\n\t\t<div class=\"elementor-element elementor-element-5473fc5 e-flex e-con-boxed e-con e-parent\" data-id=\"5473fc5\" data-element_type=\"container\" data-settings=\"{&quot;content_width&quot;:&quot;boxed&quot;}\" data-core-v316-plus=\"true\">\n\t\t\t\t\t<div class=\"e-con-inner\">\n\t\t\t\t<div class=\"elementor-element elementor-element-54c7beb elementor-widget elementor-widget-heading\" data-id=\"54c7beb\" data-element_type=\"widget\" data-widget_type=\"heading.default\">\n\t\t\t\t<div class=\"elementor-widget-container\">\n\t\t\t<h2 class=\"elementor-heading-title elementor-size-default\">O que Dizem os Envolvidos<\/h2>\t\t<\/div>\n\t\t\t\t<\/div>\n\t\t\t\t\t<\/div>\n\t\t\t\t<\/div>\n\t\t<div class=\"elementor-element elementor-element-c4519a5 e-flex e-con-boxed e-con e-parent\" data-id=\"c4519a5\" data-element_type=\"container\" data-settings=\"{&quot;content_width&quot;:&quot;boxed&quot;}\" data-core-v316-plus=\"true\">\n\t\t\t\t\t<div class=\"e-con-inner\">\n\t\t\t\t<div class=\"elementor-element elementor-element-39314c1 elementor-widget elementor-widget-text-editor\" data-id=\"39314c1\" data-element_type=\"widget\" data-widget_type=\"text-editor.default\">\n\t\t\t\t<div class=\"elementor-widget-container\">\n\t\t\t\t\t\t\t<ul><li>Toninho Vespoli (Psol): &#8220;O processo de revis\u00e3o deu o que as construtoras queriam e muito mais, mas quase n\u00e3o ouviu as demandas da sociedade civil.&#8221;<\/li><li>Rodrigo Goulart (PSD): &#8220;Precisamos dar todo o incentivo \u00e0 habita\u00e7\u00e3o de interesse social em todas as regi\u00f5es da cidade.&#8221;<\/li><li>Silvia da Bancada Feminista (PSOL): &#8220;O adensamento da cidade longe dos eixos de transporte p\u00fablico \u00e9 ruim, porque vai significar mais pessoas usando carro.&#8221;<\/li><li>Rubinho Nunes (Uni\u00e3o Brasil): &#8220;H\u00e1 uma oportunidade de preservar o patrim\u00f4nio sem deixar de modernizar S\u00e3o Paulo com as mudan\u00e7as em rela\u00e7\u00e3o ao Conpresp.&#8221;<\/li><\/ul>\t\t\t\t\t\t<\/div>\n\t\t\t\t<\/div>\n\t\t\t\t\t<\/div>\n\t\t\t\t<\/div>\n\t\t\t\t\t\t\t<\/div>\n\t\t","protected":false},"excerpt":{"rendered":"<p>Essa decis\u00e3o tem significativas implica\u00e7\u00f5es para o cen\u00e1rio urbano da cidade e aguarda agora a san\u00e7\u00e3o do prefeito Ricardo Nunes (MDB) para entrar em vigor. Vereadores votam revis\u00e3o da Lei&hellip; <\/p>\n","protected":false},"author":2,"featured_media":2043,"comment_status":"open","ping_status":"open","sticky":false,"template":"","format":"standard","meta":{"footnotes":""},"categories":[7],"tags":[33,31,35,34,32,37,30,36],"yoast_head":"<!-- This site is optimized with the Yoast SEO plugin v21.5 - https:\/\/yoast.com\/wordpress\/plugins\/seo\/ -->\n<title>Entenda as Implica\u00e7\u00f5es da Nova Lei de Zoneamento em SP<\/title>\n<meta name=\"description\" content=\"Saiba como a revis\u00e3o da Lei de Zoneamento em S\u00e3o Paulo, aprovada pela C\u00e2mara Municipal, impactar\u00e1 o cen\u00e1rio urbano.\" \/>\n<meta name=\"robots\" content=\"index, follow, max-snippet:-1, max-image-preview:large, max-video-preview:-1\" \/>\n<link rel=\"canonical\" href=\"https:\/\/www.imovelp.com.br\/blog\/sao-paulo-lei-zoneamento\/\" \/>\n<meta property=\"og:locale\" content=\"en_US\" \/>\n<meta property=\"og:type\" content=\"article\" \/>\n<meta property=\"og:title\" content=\"Entenda as Implica\u00e7\u00f5es da Nova Lei de Zoneamento em SP\" \/>\n<meta property=\"og:description\" content=\"Saiba como a revis\u00e3o da Lei de Zoneamento em S\u00e3o Paulo, aprovada pela C\u00e2mara Municipal, impactar\u00e1 o cen\u00e1rio urbano.\" \/>\n<meta property=\"og:url\" content=\"https:\/\/www.imovelp.com.br\/blog\/sao-paulo-lei-zoneamento\/\" \/>\n<meta property=\"og:site_name\" content=\"Jornal Im\u00f3velp\" \/>\n<meta property=\"article:published_time\" content=\"2023-12-22T14:17:33+00:00\" \/>\n<meta property=\"article:modified_time\" content=\"2023-12-22T14:43:48+00:00\" \/>\n<meta property=\"og:image\" content=\"https:\/\/www.imovelp.com.br\/blog\/wp-content\/uploads\/2023\/12\/vereadores-votam-revisao-da-lei-de-zoneamento-na-camara-nesta-quinta-21-1703193374793_v2_900x506.png\" \/>\n\t<meta property=\"og:image:width\" content=\"900\" \/>\n\t<meta property=\"og:image:height\" content=\"506\" \/>\n\t<meta property=\"og:image:type\" content=\"image\/png\" \/>\n<meta name=\"author\" content=\"Marcos Monteiro\" \/>\n<meta name=\"twitter:card\" content=\"summary_large_image\" \/>\n<meta name=\"twitter:label1\" content=\"Written by\" \/>\n\t<meta name=\"twitter:data1\" content=\"Marcos Monteiro\" \/>\n\t<meta name=\"twitter:label2\" content=\"Est. reading time\" \/>\n\t<meta name=\"twitter:data2\" content=\"5 minutes\" \/>\n<script type=\"application\/ld+json\" class=\"yoast-schema-graph\">{\"@context\":\"https:\/\/schema.org\",\"@graph\":[{\"@type\":\"WebPage\",\"@id\":\"https:\/\/www.imovelp.com.br\/blog\/sao-paulo-lei-zoneamento\/\",\"url\":\"https:\/\/www.imovelp.com.br\/blog\/sao-paulo-lei-zoneamento\/\",\"name\":\"Entenda as Implica\u00e7\u00f5es da Nova Lei de Zoneamento em SP\",\"isPartOf\":{\"@id\":\"https:\/\/www.imovelp.com.br\/blog\/#website\"},\"datePublished\":\"2023-12-22T14:17:33+00:00\",\"dateModified\":\"2023-12-22T14:43:48+00:00\",\"author\":{\"@id\":\"https:\/\/www.imovelp.com.br\/blog\/#\/schema\/person\/8fb1cc29840aba4154ec6a52e70be40a\"},\"description\":\"Saiba como a revis\u00e3o da Lei de Zoneamento em S\u00e3o Paulo, aprovada pela C\u00e2mara Municipal, impactar\u00e1 o cen\u00e1rio urbano.\",\"breadcrumb\":{\"@id\":\"https:\/\/www.imovelp.com.br\/blog\/sao-paulo-lei-zoneamento\/#breadcrumb\"},\"inLanguage\":\"en-US\",\"potentialAction\":[{\"@type\":\"ReadAction\",\"target\":[\"https:\/\/www.imovelp.com.br\/blog\/sao-paulo-lei-zoneamento\/\"]}]},{\"@type\":\"BreadcrumbList\",\"@id\":\"https:\/\/www.imovelp.com.br\/blog\/sao-paulo-lei-zoneamento\/#breadcrumb\",\"itemListElement\":[{\"@type\":\"ListItem\",\"position\":1,\"name\":\"Home\",\"item\":\"https:\/\/www.imovelp.com.br\/blog\/\"},{\"@type\":\"ListItem\",\"position\":2,\"name\":\"Nova Lei de Zoneamento Aprovada em S\u00e3o Paulo\"}]},{\"@type\":\"WebSite\",\"@id\":\"https:\/\/www.imovelp.com.br\/blog\/#website\",\"url\":\"https:\/\/www.imovelp.com.br\/blog\/\",\"name\":\"Jornal Im\u00f3velp\",\"description\":\"Portal de Not\u00edcias do Corretor de Im\u00f3veis\",\"potentialAction\":[{\"@type\":\"SearchAction\",\"target\":{\"@type\":\"EntryPoint\",\"urlTemplate\":\"https:\/\/www.imovelp.com.br\/blog\/?s={search_term_string}\"},\"query-input\":\"required name=search_term_string\"}],\"inLanguage\":\"en-US\"},{\"@type\":\"Person\",\"@id\":\"https:\/\/www.imovelp.com.br\/blog\/#\/schema\/person\/8fb1cc29840aba4154ec6a52e70be40a\",\"name\":\"Marcos Monteiro\",\"image\":{\"@type\":\"ImageObject\",\"inLanguage\":\"en-US\",\"@id\":\"https:\/\/www.imovelp.com.br\/blog\/#\/schema\/person\/image\/\",\"url\":\"https:\/\/secure.gravatar.com\/avatar\/da25bf23c2e75965766176dcd3fc7564?s=96&d=mm&r=g\",\"contentUrl\":\"https:\/\/secure.gravatar.com\/avatar\/da25bf23c2e75965766176dcd3fc7564?s=96&d=mm&r=g\",\"caption\":\"Marcos Monteiro\"},\"url\":\"https:\/\/www.imovelp.com.br\/blog\/author\/redacao-imovelp\/\"}]}<\/script>\n<!-- \/ Yoast SEO plugin. -->","yoast_head_json":{"title":"Entenda as Implica\u00e7\u00f5es da Nova Lei de Zoneamento em SP","description":"Saiba como a revis\u00e3o da Lei de Zoneamento em S\u00e3o Paulo, aprovada pela C\u00e2mara Municipal, impactar\u00e1 o cen\u00e1rio urbano.","robots":{"index":"index","follow":"follow","max-snippet":"max-snippet:-1","max-image-preview":"max-image-preview:large","max-video-preview":"max-video-preview:-1"},"canonical":"https:\/\/www.imovelp.com.br\/blog\/sao-paulo-lei-zoneamento\/","og_locale":"en_US","og_type":"article","og_title":"Entenda as Implica\u00e7\u00f5es da Nova Lei de Zoneamento em SP","og_description":"Saiba como a revis\u00e3o da Lei de Zoneamento em S\u00e3o Paulo, aprovada pela C\u00e2mara Municipal, impactar\u00e1 o cen\u00e1rio urbano.","og_url":"https:\/\/www.imovelp.com.br\/blog\/sao-paulo-lei-zoneamento\/","og_site_name":"Jornal Im\u00f3velp","article_published_time":"2023-12-22T14:17:33+00:00","article_modified_time":"2023-12-22T14:43:48+00:00","og_image":[{"width":900,"height":506,"url":"https:\/\/www.imovelp.com.br\/blog\/wp-content\/uploads\/2023\/12\/vereadores-votam-revisao-da-lei-de-zoneamento-na-camara-nesta-quinta-21-1703193374793_v2_900x506.png","type":"image\/png"}],"author":"Marcos Monteiro","twitter_card":"summary_large_image","twitter_misc":{"Written by":"Marcos Monteiro","Est. reading time":"5 minutes"},"schema":{"@context":"https:\/\/schema.org","@graph":[{"@type":"WebPage","@id":"https:\/\/www.imovelp.com.br\/blog\/sao-paulo-lei-zoneamento\/","url":"https:\/\/www.imovelp.com.br\/blog\/sao-paulo-lei-zoneamento\/","name":"Entenda as Implica\u00e7\u00f5es da Nova Lei de Zoneamento em SP","isPartOf":{"@id":"https:\/\/www.imovelp.com.br\/blog\/#website"},"datePublished":"2023-12-22T14:17:33+00:00","dateModified":"2023-12-22T14:43:48+00:00","author":{"@id":"https:\/\/www.imovelp.com.br\/blog\/#\/schema\/person\/8fb1cc29840aba4154ec6a52e70be40a"},"description":"Saiba como a revis\u00e3o da Lei de Zoneamento em S\u00e3o Paulo, aprovada pela C\u00e2mara Municipal, impactar\u00e1 o cen\u00e1rio urbano.","breadcrumb":{"@id":"https:\/\/www.imovelp.com.br\/blog\/sao-paulo-lei-zoneamento\/#breadcrumb"},"inLanguage":"en-US","potentialAction":[{"@type":"ReadAction","target":["https:\/\/www.imovelp.com.br\/blog\/sao-paulo-lei-zoneamento\/"]}]},{"@type":"BreadcrumbList","@id":"https:\/\/www.imovelp.com.br\/blog\/sao-paulo-lei-zoneamento\/#breadcrumb","itemListElement":[{"@type":"ListItem","position":1,"name":"Home","item":"https:\/\/www.imovelp.com.br\/blog\/"},{"@type":"ListItem","position":2,"name":"Nova Lei de Zoneamento Aprovada em S\u00e3o Paulo"}]},{"@type":"WebSite","@id":"https:\/\/www.imovelp.com.br\/blog\/#website","url":"https:\/\/www.imovelp.com.br\/blog\/","name":"Jornal Im\u00f3velp","description":"Portal de Not\u00edcias do Corretor de Im\u00f3veis","potentialAction":[{"@type":"SearchAction","target":{"@type":"EntryPoint","urlTemplate":"https:\/\/www.imovelp.com.br\/blog\/?s={search_term_string}"},"query-input":"required name=search_term_string"}],"inLanguage":"en-US"},{"@type":"Person","@id":"https:\/\/www.imovelp.com.br\/blog\/#\/schema\/person\/8fb1cc29840aba4154ec6a52e70be40a","name":"Marcos Monteiro","image":{"@type":"ImageObject","inLanguage":"en-US","@id":"https:\/\/www.imovelp.com.br\/blog\/#\/schema\/person\/image\/","url":"https:\/\/secure.gravatar.com\/avatar\/da25bf23c2e75965766176dcd3fc7564?s=96&d=mm&r=g","contentUrl":"https:\/\/secure.gravatar.com\/avatar\/da25bf23c2e75965766176dcd3fc7564?s=96&d=mm&r=g","caption":"Marcos Monteiro"},"url":"https:\/\/www.imovelp.com.br\/blog\/author\/redacao-imovelp\/"}]}},"_links":{"self":[{"href":"https:\/\/www.imovelp.com.br\/blog\/wp-json\/wp\/v2\/posts\/2041"}],"collection":[{"href":"https:\/\/www.imovelp.com.br\/blog\/wp-json\/wp\/v2\/posts"}],"about":[{"href":"https:\/\/www.imovelp.com.br\/blog\/wp-json\/wp\/v2\/types\/post"}],"author":[{"embeddable":true,"href":"https:\/\/www.imovelp.com.br\/blog\/wp-json\/wp\/v2\/users\/2"}],"replies":[{"embeddable":true,"href":"https:\/\/www.imovelp.com.br\/blog\/wp-json\/wp\/v2\/comments?post=2041"}],"version-history":[{"count":13,"href":"https:\/\/www.imovelp.com.br\/blog\/wp-json\/wp\/v2\/posts\/2041\/revisions"}],"predecessor-version":[{"id":2057,"href":"https:\/\/www.imovelp.com.br\/blog\/wp-json\/wp\/v2\/posts\/2041\/revisions\/2057"}],"wp:featuredmedia":[{"embeddable":true,"href":"https:\/\/www.imovelp.com.br\/blog\/wp-json\/wp\/v2\/media\/2043"}],"wp:attachment":[{"href":"https:\/\/www.imovelp.com.br\/blog\/wp-json\/wp\/v2\/media?parent=2041"}],"wp:term":[{"taxonomy":"category","embeddable":true,"href":"https:\/\/www.imovelp.com.br\/blog\/wp-json\/wp\/v2\/categories?post=2041"},{"taxonomy":"post_tag","embeddable":true,"href":"https:\/\/www.imovelp.com.br\/blog\/wp-json\/wp\/v2\/tags?post=2041"}],"curies":[{"name":"wp","href":"https:\/\/api.w.org\/{rel}","templated":true}]}}