{"id":2017,"date":"2023-12-14T10:07:43","date_gmt":"2023-12-14T13:07:43","guid":{"rendered":"https:\/\/www.imovelp.com.br\/blog\/?p=2017"},"modified":"2023-12-14T10:16:17","modified_gmt":"2023-12-14T13:16:17","slug":"venda-imovel-rapido-imovelp","status":"publish","type":"post","link":"https:\/\/www.imovelp.com.br\/blog\/venda-imovel-rapido-imovelp\/","title":{"rendered":"Como Vender seu Im\u00f3vel Rapidamente no Mercado Imobili\u00e1rio"},"content":{"rendered":"\t\t<div data-elementor-type=\"wp-post\" data-elementor-id=\"2017\" class=\"elementor elementor-2017\">\n\t\t\t\t\t\t\t<div class=\"elementor-element elementor-element-04165fa e-flex e-con-boxed e-con e-parent\" data-id=\"04165fa\" data-element_type=\"container\" data-settings=\"{&quot;content_width&quot;:&quot;boxed&quot;}\" data-core-v316-plus=\"true\">\n\t\t\t\t\t<div class=\"e-con-inner\">\n\t\t\t\t<div class=\"elementor-element elementor-element-cb3ddf7 elementor-widget elementor-widget-heading\" data-id=\"cb3ddf7\" data-element_type=\"widget\" data-widget_type=\"heading.default\">\n\t\t\t\t<div class=\"elementor-widget-container\">\n\t\t\t<style>\/*! elementor - v3.17.0 - 25-10-2023 *\/\n.elementor-heading-title{padding:0;margin:0;line-height:1}.elementor-widget-heading .elementor-heading-title[class*=elementor-size-]>a{color:inherit;font-size:inherit;line-height:inherit}.elementor-widget-heading .elementor-heading-title.elementor-size-small{font-size:15px}.elementor-widget-heading .elementor-heading-title.elementor-size-medium{font-size:19px}.elementor-widget-heading .elementor-heading-title.elementor-size-large{font-size:29px}.elementor-widget-heading .elementor-heading-title.elementor-size-xl{font-size:39px}.elementor-widget-heading .elementor-heading-title.elementor-size-xxl{font-size:59px}<\/style><h2 class=\"elementor-heading-title elementor-size-medium\">Conhe\u00e7a as Estrat\u00e9gias Infal\u00edveis para Acelerar a Venda do Seu Im\u00f3vel com a Im\u00f3velp<\/h2>\t\t<\/div>\n\t\t\t\t<\/div>\n\t\t\t\t\t<\/div>\n\t\t\t\t<\/div>\n\t\t<div class=\"elementor-element elementor-element-424858a e-flex e-con-boxed e-con e-parent\" data-id=\"424858a\" data-element_type=\"container\" data-settings=\"{&quot;content_width&quot;:&quot;boxed&quot;}\" data-core-v316-plus=\"true\">\n\t\t\t\t\t<div class=\"e-con-inner\">\n\t\t\t\t<div class=\"elementor-element elementor-element-8f34b2a elementor-widget elementor-widget-text-editor\" data-id=\"8f34b2a\" data-element_type=\"widget\" data-widget_type=\"text-editor.default\">\n\t\t\t\t<div class=\"elementor-widget-container\">\n\t\t\t<style>\/*! elementor - v3.17.0 - 25-10-2023 *\/\n.elementor-widget-text-editor.elementor-drop-cap-view-stacked .elementor-drop-cap{background-color:#69727d;color:#fff}.elementor-widget-text-editor.elementor-drop-cap-view-framed .elementor-drop-cap{color:#69727d;border:3px solid;background-color:transparent}.elementor-widget-text-editor:not(.elementor-drop-cap-view-default) .elementor-drop-cap{margin-top:8px}.elementor-widget-text-editor:not(.elementor-drop-cap-view-default) .elementor-drop-cap-letter{width:1em;height:1em}.elementor-widget-text-editor .elementor-drop-cap{float:left;text-align:center;line-height:1;font-size:50px}.elementor-widget-text-editor .elementor-drop-cap-letter{display:inline-block}<\/style>\t\t\t\t<p>Voc\u00ea decidiu vender seu im\u00f3vel, e agora? A ansiedade toma conta, mas fique tranquilo. Neste artigo, desvendaremos os segredos para acelerar a venda do seu patrim\u00f4nio de forma eficiente e descomplicada.<\/p>\t\t\t\t\t\t<\/div>\n\t\t\t\t<\/div>\n\t\t\t\t\t<\/div>\n\t\t\t\t<\/div>\n\t\t<div class=\"elementor-element elementor-element-11a1316 e-flex e-con-boxed e-con e-parent\" data-id=\"11a1316\" data-element_type=\"container\" data-settings=\"{&quot;content_width&quot;:&quot;boxed&quot;}\" data-core-v316-plus=\"true\">\n\t\t\t\t\t<div class=\"e-con-inner\">\n\t\t\t\t<div class=\"elementor-element elementor-element-f51738f elementor-widget elementor-widget-text-editor\" data-id=\"f51738f\" data-element_type=\"widget\" data-widget_type=\"text-editor.default\">\n\t\t\t\t<div class=\"elementor-widget-container\">\n\t\t\t\t\t\t\t<p>\u00c0s vezes, a urg\u00eancia \u00e9 nossa melhor aliada. Ao decidir vender, n\u00e3o hesite em anunciar imediatamente. O mercado imobili\u00e1rio \u00e9 din\u00e2mico, e um an\u00fancio r\u00e1pido j\u00e1 coloca o seu im\u00f3vel na mira de potenciais compradores. A Im\u00f3velp oferece uma\u00a0<a href=\"https:\/\/www.imovelp.com.br\/proprietario\" target=\"_blank\" rel=\"noopener\">plataforma intuitiva e \u00e1gil<\/a>\u00a0para que seu an\u00fancio esteja dispon\u00edvel para mais de 20 mil corretores em quest\u00e3o de minutos.<\/p>\t\t\t\t\t\t<\/div>\n\t\t\t\t<\/div>\n\t\t\t\t<div class=\"elementor-element elementor-element-9142bca elementor-widget elementor-widget-image\" data-id=\"9142bca\" data-element_type=\"widget\" data-widget_type=\"image.default\">\n\t\t\t\t<div class=\"elementor-widget-container\">\n\t\t\t<style>\/*! elementor - v3.17.0 - 25-10-2023 *\/\n.elementor-widget-image{text-align:center}.elementor-widget-image a{display:inline-block}.elementor-widget-image a img[src$=\".svg\"]{width:48px}.elementor-widget-image img{vertical-align:middle;display:inline-block}<\/style>\t\t\t\t\t\t\t\t\t\t\t\t<img decoding=\"async\" loading=\"lazy\" width=\"1024\" height=\"650\" src=\"https:\/\/www.imovelp.com.br\/blog\/wp-content\/uploads\/2023\/12\/Design-sem-nome-24-1024x650.png\" class=\"attachment-large size-large wp-image-2020\" alt=\"\" srcset=\"https:\/\/www.imovelp.com.br\/blog\/wp-content\/uploads\/2023\/12\/Design-sem-nome-24-1024x650.png 1024w, https:\/\/www.imovelp.com.br\/blog\/wp-content\/uploads\/2023\/12\/Design-sem-nome-24-300x190.png 300w, https:\/\/www.imovelp.com.br\/blog\/wp-content\/uploads\/2023\/12\/Design-sem-nome-24-768x488.png 768w, https:\/\/www.imovelp.com.br\/blog\/wp-content\/uploads\/2023\/12\/Design-sem-nome-24-1536x975.png 1536w, https:\/\/www.imovelp.com.br\/blog\/wp-content\/uploads\/2023\/12\/Design-sem-nome-24.png 2048w\" sizes=\"(max-width: 1024px) 100vw, 1024px\" \/>\t\t\t\t\t\t\t\t\t\t\t\t\t\t\t<\/div>\n\t\t\t\t<\/div>\n\t\t\t\t\t<\/div>\n\t\t\t\t<\/div>\n\t\t<div class=\"elementor-element elementor-element-598d464 e-flex e-con-boxed e-con e-parent\" data-id=\"598d464\" data-element_type=\"container\" data-settings=\"{&quot;content_width&quot;:&quot;boxed&quot;}\" data-core-v316-plus=\"true\">\n\t\t\t\t\t<div class=\"e-con-inner\">\n\t\t\t\t<div class=\"elementor-element elementor-element-d01a1e1 elementor-widget elementor-widget-heading\" data-id=\"d01a1e1\" data-element_type=\"widget\" data-widget_type=\"heading.default\">\n\t\t\t\t<div class=\"elementor-widget-container\">\n\t\t\t<h2 class=\"elementor-heading-title elementor-size-default\">Uma Boa Imagem Vale Mais que Mil Palavras<\/h2>\t\t<\/div>\n\t\t\t\t<\/div>\n\t\t\t\t\t<\/div>\n\t\t\t\t<\/div>\n\t\t<div class=\"elementor-element elementor-element-4d6c589 e-flex e-con-boxed e-con e-parent\" data-id=\"4d6c589\" data-element_type=\"container\" data-settings=\"{&quot;content_width&quot;:&quot;boxed&quot;}\" data-core-v316-plus=\"true\">\n\t\t\t\t\t<div class=\"e-con-inner\">\n\t\t\t\t<div class=\"elementor-element elementor-element-4187467 elementor-widget elementor-widget-text-editor\" data-id=\"4187467\" data-element_type=\"widget\" data-widget_type=\"text-editor.default\">\n\t\t\t\t<div class=\"elementor-widget-container\">\n\t\t\t\t\t\t\t<p>Fotos s\u00e3o o cart\u00e3o de visita do seu im\u00f3vel. Se voc\u00ea n\u00e3o se sente confort\u00e1vel tirando fotos, pe\u00e7a ajuda ou considere contratar um servi\u00e7o profissional. Ambientes iluminados, \u00e2ngulos estrat\u00e9gicos e detalhes que fazem a diferen\u00e7a devem ser evidenciados. A Im\u00f3velp oferece o\u00a0<a href=\"https:\/\/www.imovelp.com.br\/fotos-profissionais\" target=\"_blank\" rel=\"noopener\">servi\u00e7o de fotos profissionais<\/a>, onde valorizamos a apresenta\u00e7\u00e3o visual, permitindo que voc\u00ea destaque os melhores aspectos do seu im\u00f3vel.<\/p>\t\t\t\t\t\t<\/div>\n\t\t\t\t<\/div>\n\t\t\t\t\t<\/div>\n\t\t\t\t<\/div>\n\t\t<div class=\"elementor-element elementor-element-d46c6c0 e-flex e-con-boxed e-con e-parent\" data-id=\"d46c6c0\" data-element_type=\"container\" data-settings=\"{&quot;content_width&quot;:&quot;boxed&quot;}\" data-core-v316-plus=\"true\">\n\t\t\t\t\t<div class=\"e-con-inner\">\n\t\t\t\t<div class=\"elementor-element elementor-element-a3f4d95 elementor-widget elementor-widget-heading\" data-id=\"a3f4d95\" data-element_type=\"widget\" data-widget_type=\"heading.default\">\n\t\t\t\t<div class=\"elementor-widget-container\">\n\t\t\t<h2 class=\"elementor-heading-title elementor-size-default\">Tenha uma Boa Descri\u00e7\u00e3o do seu Im\u00f3vel<\/h2>\t\t<\/div>\n\t\t\t\t<\/div>\n\t\t\t\t\t<\/div>\n\t\t\t\t<\/div>\n\t\t<div class=\"elementor-element elementor-element-48577b8 e-flex e-con-boxed e-con e-parent\" data-id=\"48577b8\" data-element_type=\"container\" data-settings=\"{&quot;content_width&quot;:&quot;boxed&quot;}\" data-core-v316-plus=\"true\">\n\t\t\t\t\t<div class=\"e-con-inner\">\n\t\t\t\t<div class=\"elementor-element elementor-element-6d711e4 elementor-widget elementor-widget-text-editor\" data-id=\"6d711e4\" data-element_type=\"widget\" data-widget_type=\"text-editor.default\">\n\t\t\t\t<div class=\"elementor-widget-container\">\n\t\t\t\t\t\t\t<p>Na hora de descrever o seu im\u00f3vel, pense nos detalhes que o tornam \u00fanico. P\u00e9 direito alto, vagas de garagem espa\u00e7osas, aera\u00e7\u00e3o privilegiada, dep\u00f3sito privativo no subsolo &#8211; esses detalhes podem ser o diferencial na escolha do comprador. A Im\u00f3velp oferece um espa\u00e7o dedicado para uma descri\u00e7\u00e3o completa e atrativa, aumentando a visibilidade do seu an\u00fancio.<\/p>\t\t\t\t\t\t<\/div>\n\t\t\t\t<\/div>\n\t\t\t\t\t<\/div>\n\t\t\t\t<\/div>\n\t\t<div class=\"elementor-element elementor-element-05a4b6c e-flex e-con-boxed e-con e-parent\" data-id=\"05a4b6c\" data-element_type=\"container\" data-settings=\"{&quot;content_width&quot;:&quot;boxed&quot;}\" data-core-v316-plus=\"true\">\n\t\t\t\t\t<div class=\"e-con-inner\">\n\t\t\t\t<div class=\"elementor-element elementor-element-18265df elementor-widget elementor-widget-heading\" data-id=\"18265df\" data-element_type=\"widget\" data-widget_type=\"heading.default\">\n\t\t\t\t<div class=\"elementor-widget-container\">\n\t\t\t<h2 class=\"elementor-heading-title elementor-size-default\">Certifique-se de que os Corretores Achem seu Im\u00f3vel<\/h2>\t\t<\/div>\n\t\t\t\t<\/div>\n\t\t\t\t\t<\/div>\n\t\t\t\t<\/div>\n\t\t<div class=\"elementor-element elementor-element-c86f6bf e-flex e-con-boxed e-con e-parent\" data-id=\"c86f6bf\" data-element_type=\"container\" data-settings=\"{&quot;content_width&quot;:&quot;boxed&quot;}\" data-core-v316-plus=\"true\">\n\t\t\t\t\t<div class=\"e-con-inner\">\n\t\t\t\t<div class=\"elementor-element elementor-element-54de814 elementor-widget elementor-widget-text-editor\" data-id=\"54de814\" data-element_type=\"widget\" data-widget_type=\"text-editor.default\">\n\t\t\t\t<div class=\"elementor-widget-container\">\n\t\t\t\t\t\t\t<p>A Im\u00f3velp vai al\u00e9m de um simples portal de an\u00fancios. Disponibilizando seu im\u00f3vel para milhares de corretores, na busca e em alertas personalizados, ela garante que sua propriedade esteja vis\u00edvel para os profissionais certos no momento certo. Todas as informa\u00e7\u00f5es que voc\u00ea atualizar s\u00e3o enviadas instantaneamente para eles, mantendo seu an\u00fancio sempre atualizado.<\/p><p>Em resumo, a Im\u00f3velp \u00e9 a sua parceira ideal na jornada de vender seu im\u00f3vel de forma r\u00e1pida e eficaz. N\u00e3o espere, comece agora e coloque seu im\u00f3vel na frente da corrida imobili\u00e1ria. Acelere suas chances de venda com a Im\u00f3velp, sua aliada no mercado imobili\u00e1rio.<\/p>\t\t\t\t\t\t<\/div>\n\t\t\t\t<\/div>\n\t\t\t\t\t<\/div>\n\t\t\t\t<\/div>\n\t\t\t\t\t\t\t<\/div>\n\t\t","protected":false},"excerpt":{"rendered":"<p>Conhe\u00e7a as Estrat\u00e9gias Infal\u00edveis para Acelerar a Venda do Seu Im\u00f3vel com a Im\u00f3velp Voc\u00ea decidiu vender seu im\u00f3vel, e agora? A ansiedade toma conta, mas fique tranquilo. Neste artigo,&hellip; <\/p>\n","protected":false},"author":2,"featured_media":2020,"comment_status":"open","ping_status":"open","sticky":false,"template":"","format":"standard","meta":{"footnotes":""},"categories":[9,5],"tags":[22,18,13,20,21],"yoast_head":"<!-- This site is optimized with the Yoast SEO plugin v21.5 - https:\/\/yoast.com\/wordpress\/plugins\/seo\/ -->\n<title>Como Vender seu Im\u00f3vel Rapidamente com a Im\u00f3velp<\/title>\n<meta name=\"description\" content=\"Descubra as estrat\u00e9gias infal\u00edveis para acelerar a venda do seu im\u00f3vel. Na Im\u00f3velp otimizamos sua visibilidade para milhares de corretores.\" \/>\n<meta name=\"robots\" content=\"index, follow, max-snippet:-1, max-image-preview:large, max-video-preview:-1\" \/>\n<link rel=\"canonical\" href=\"https:\/\/www.imovelp.com.br\/blog\/venda-imovel-rapido-imovelp\/\" \/>\n<meta property=\"og:locale\" content=\"en_US\" \/>\n<meta property=\"og:type\" content=\"article\" \/>\n<meta property=\"og:title\" content=\"Como Vender seu Im\u00f3vel Rapidamente com a Im\u00f3velp\" \/>\n<meta property=\"og:description\" content=\"Descubra as estrat\u00e9gias infal\u00edveis para acelerar a venda do seu im\u00f3vel. Na Im\u00f3velp otimizamos sua visibilidade para milhares de corretores.\" \/>\n<meta property=\"og:url\" content=\"https:\/\/www.imovelp.com.br\/blog\/venda-imovel-rapido-imovelp\/\" \/>\n<meta property=\"og:site_name\" content=\"Jornal Im\u00f3velp\" \/>\n<meta property=\"article:published_time\" content=\"2023-12-14T13:07:43+00:00\" \/>\n<meta property=\"article:modified_time\" content=\"2023-12-14T13:16:17+00:00\" \/>\n<meta property=\"og:image\" content=\"https:\/\/www.imovelp.com.br\/blog\/wp-content\/uploads\/2023\/12\/Design-sem-nome-24-1024x650.png\" \/>\n\t<meta property=\"og:image:width\" content=\"1024\" \/>\n\t<meta property=\"og:image:height\" content=\"650\" \/>\n\t<meta property=\"og:image:type\" content=\"image\/png\" \/>\n<meta name=\"author\" content=\"Marcos Monteiro\" \/>\n<meta name=\"twitter:card\" content=\"summary_large_image\" \/>\n<meta name=\"twitter:label1\" content=\"Written by\" \/>\n\t<meta name=\"twitter:data1\" content=\"Marcos Monteiro\" \/>\n\t<meta name=\"twitter:label2\" content=\"Est. reading time\" \/>\n\t<meta name=\"twitter:data2\" content=\"2 minutes\" \/>\n<script type=\"application\/ld+json\" class=\"yoast-schema-graph\">{\"@context\":\"https:\/\/schema.org\",\"@graph\":[{\"@type\":\"WebPage\",\"@id\":\"https:\/\/www.imovelp.com.br\/blog\/venda-imovel-rapido-imovelp\/\",\"url\":\"https:\/\/www.imovelp.com.br\/blog\/venda-imovel-rapido-imovelp\/\",\"name\":\"Como Vender seu Im\u00f3vel Rapidamente com a Im\u00f3velp\",\"isPartOf\":{\"@id\":\"https:\/\/www.imovelp.com.br\/blog\/#website\"},\"datePublished\":\"2023-12-14T13:07:43+00:00\",\"dateModified\":\"2023-12-14T13:16:17+00:00\",\"author\":{\"@id\":\"https:\/\/www.imovelp.com.br\/blog\/#\/schema\/person\/8fb1cc29840aba4154ec6a52e70be40a\"},\"description\":\"Descubra as estrat\u00e9gias infal\u00edveis para acelerar a venda do seu im\u00f3vel. Na Im\u00f3velp otimizamos sua visibilidade para milhares de corretores.\",\"breadcrumb\":{\"@id\":\"https:\/\/www.imovelp.com.br\/blog\/venda-imovel-rapido-imovelp\/#breadcrumb\"},\"inLanguage\":\"en-US\",\"potentialAction\":[{\"@type\":\"ReadAction\",\"target\":[\"https:\/\/www.imovelp.com.br\/blog\/venda-imovel-rapido-imovelp\/\"]}]},{\"@type\":\"BreadcrumbList\",\"@id\":\"https:\/\/www.imovelp.com.br\/blog\/venda-imovel-rapido-imovelp\/#breadcrumb\",\"itemListElement\":[{\"@type\":\"ListItem\",\"position\":1,\"name\":\"Home\",\"item\":\"https:\/\/www.imovelp.com.br\/blog\/\"},{\"@type\":\"ListItem\",\"position\":2,\"name\":\"Como Vender seu Im\u00f3vel Rapidamente no Mercado Imobili\u00e1rio\"}]},{\"@type\":\"WebSite\",\"@id\":\"https:\/\/www.imovelp.com.br\/blog\/#website\",\"url\":\"https:\/\/www.imovelp.com.br\/blog\/\",\"name\":\"Jornal Im\u00f3velp\",\"description\":\"Portal de Not\u00edcias do Corretor de Im\u00f3veis\",\"potentialAction\":[{\"@type\":\"SearchAction\",\"target\":{\"@type\":\"EntryPoint\",\"urlTemplate\":\"https:\/\/www.imovelp.com.br\/blog\/?s={search_term_string}\"},\"query-input\":\"required name=search_term_string\"}],\"inLanguage\":\"en-US\"},{\"@type\":\"Person\",\"@id\":\"https:\/\/www.imovelp.com.br\/blog\/#\/schema\/person\/8fb1cc29840aba4154ec6a52e70be40a\",\"name\":\"Marcos Monteiro\",\"image\":{\"@type\":\"ImageObject\",\"inLanguage\":\"en-US\",\"@id\":\"https:\/\/www.imovelp.com.br\/blog\/#\/schema\/person\/image\/\",\"url\":\"https:\/\/secure.gravatar.com\/avatar\/da25bf23c2e75965766176dcd3fc7564?s=96&d=mm&r=g\",\"contentUrl\":\"https:\/\/secure.gravatar.com\/avatar\/da25bf23c2e75965766176dcd3fc7564?s=96&d=mm&r=g\",\"caption\":\"Marcos Monteiro\"},\"url\":\"https:\/\/www.imovelp.com.br\/blog\/author\/redacao-imovelp\/\"}]}<\/script>\n<!-- \/ Yoast SEO plugin. -->","yoast_head_json":{"title":"Como Vender seu Im\u00f3vel Rapidamente com a Im\u00f3velp","description":"Descubra as estrat\u00e9gias infal\u00edveis para acelerar a venda do seu im\u00f3vel. Na Im\u00f3velp otimizamos sua visibilidade para milhares de corretores.","robots":{"index":"index","follow":"follow","max-snippet":"max-snippet:-1","max-image-preview":"max-image-preview:large","max-video-preview":"max-video-preview:-1"},"canonical":"https:\/\/www.imovelp.com.br\/blog\/venda-imovel-rapido-imovelp\/","og_locale":"en_US","og_type":"article","og_title":"Como Vender seu Im\u00f3vel Rapidamente com a Im\u00f3velp","og_description":"Descubra as estrat\u00e9gias infal\u00edveis para acelerar a venda do seu im\u00f3vel. Na Im\u00f3velp otimizamos sua visibilidade para milhares de corretores.","og_url":"https:\/\/www.imovelp.com.br\/blog\/venda-imovel-rapido-imovelp\/","og_site_name":"Jornal Im\u00f3velp","article_published_time":"2023-12-14T13:07:43+00:00","article_modified_time":"2023-12-14T13:16:17+00:00","og_image":[{"width":1024,"height":650,"url":"https:\/\/www.imovelp.com.br\/blog\/wp-content\/uploads\/2023\/12\/Design-sem-nome-24-1024x650.png","type":"image\/png"}],"author":"Marcos Monteiro","twitter_card":"summary_large_image","twitter_misc":{"Written by":"Marcos Monteiro","Est. reading time":"2 minutes"},"schema":{"@context":"https:\/\/schema.org","@graph":[{"@type":"WebPage","@id":"https:\/\/www.imovelp.com.br\/blog\/venda-imovel-rapido-imovelp\/","url":"https:\/\/www.imovelp.com.br\/blog\/venda-imovel-rapido-imovelp\/","name":"Como Vender seu Im\u00f3vel Rapidamente com a Im\u00f3velp","isPartOf":{"@id":"https:\/\/www.imovelp.com.br\/blog\/#website"},"datePublished":"2023-12-14T13:07:43+00:00","dateModified":"2023-12-14T13:16:17+00:00","author":{"@id":"https:\/\/www.imovelp.com.br\/blog\/#\/schema\/person\/8fb1cc29840aba4154ec6a52e70be40a"},"description":"Descubra as estrat\u00e9gias infal\u00edveis para acelerar a venda do seu im\u00f3vel. Na Im\u00f3velp otimizamos sua visibilidade para milhares de corretores.","breadcrumb":{"@id":"https:\/\/www.imovelp.com.br\/blog\/venda-imovel-rapido-imovelp\/#breadcrumb"},"inLanguage":"en-US","potentialAction":[{"@type":"ReadAction","target":["https:\/\/www.imovelp.com.br\/blog\/venda-imovel-rapido-imovelp\/"]}]},{"@type":"BreadcrumbList","@id":"https:\/\/www.imovelp.com.br\/blog\/venda-imovel-rapido-imovelp\/#breadcrumb","itemListElement":[{"@type":"ListItem","position":1,"name":"Home","item":"https:\/\/www.imovelp.com.br\/blog\/"},{"@type":"ListItem","position":2,"name":"Como Vender seu Im\u00f3vel Rapidamente no Mercado Imobili\u00e1rio"}]},{"@type":"WebSite","@id":"https:\/\/www.imovelp.com.br\/blog\/#website","url":"https:\/\/www.imovelp.com.br\/blog\/","name":"Jornal Im\u00f3velp","description":"Portal de Not\u00edcias do Corretor de Im\u00f3veis","potentialAction":[{"@type":"SearchAction","target":{"@type":"EntryPoint","urlTemplate":"https:\/\/www.imovelp.com.br\/blog\/?s={search_term_string}"},"query-input":"required name=search_term_string"}],"inLanguage":"en-US"},{"@type":"Person","@id":"https:\/\/www.imovelp.com.br\/blog\/#\/schema\/person\/8fb1cc29840aba4154ec6a52e70be40a","name":"Marcos Monteiro","image":{"@type":"ImageObject","inLanguage":"en-US","@id":"https:\/\/www.imovelp.com.br\/blog\/#\/schema\/person\/image\/","url":"https:\/\/secure.gravatar.com\/avatar\/da25bf23c2e75965766176dcd3fc7564?s=96&d=mm&r=g","contentUrl":"https:\/\/secure.gravatar.com\/avatar\/da25bf23c2e75965766176dcd3fc7564?s=96&d=mm&r=g","caption":"Marcos Monteiro"},"url":"https:\/\/www.imovelp.com.br\/blog\/author\/redacao-imovelp\/"}]}},"_links":{"self":[{"href":"https:\/\/www.imovelp.com.br\/blog\/wp-json\/wp\/v2\/posts\/2017"}],"collection":[{"href":"https:\/\/www.imovelp.com.br\/blog\/wp-json\/wp\/v2\/posts"}],"about":[{"href":"https:\/\/www.imovelp.com.br\/blog\/wp-json\/wp\/v2\/types\/post"}],"author":[{"embeddable":true,"href":"https:\/\/www.imovelp.com.br\/blog\/wp-json\/wp\/v2\/users\/2"}],"replies":[{"embeddable":true,"href":"https:\/\/www.imovelp.com.br\/blog\/wp-json\/wp\/v2\/comments?post=2017"}],"version-history":[{"count":5,"href":"https:\/\/www.imovelp.com.br\/blog\/wp-json\/wp\/v2\/posts\/2017\/revisions"}],"predecessor-version":[{"id":2024,"href":"https:\/\/www.imovelp.com.br\/blog\/wp-json\/wp\/v2\/posts\/2017\/revisions\/2024"}],"wp:featuredmedia":[{"embeddable":true,"href":"https:\/\/www.imovelp.com.br\/blog\/wp-json\/wp\/v2\/media\/2020"}],"wp:attachment":[{"href":"https:\/\/www.imovelp.com.br\/blog\/wp-json\/wp\/v2\/media?parent=2017"}],"wp:term":[{"taxonomy":"category","embeddable":true,"href":"https:\/\/www.imovelp.com.br\/blog\/wp-json\/wp\/v2\/categories?post=2017"},{"taxonomy":"post_tag","embeddable":true,"href":"https:\/\/www.imovelp.com.br\/blog\/wp-json\/wp\/v2\/tags?post=2017"}],"curies":[{"name":"wp","href":"https:\/\/api.w.org\/{rel}","templated":true}]}}